{"id":14310,"date":"2014-06-24T09:52:25","date_gmt":"2014-06-24T07:52:25","guid":{"rendered":"http:\/\/visionarymarketing.fr\/blog\/?p=14310"},"modified":"2022-05-07T20:07:12","modified_gmt":"2022-05-07T18:07:12","slug":"globalisation-medias-sociaux-en-direct-400-pm-smday","status":"publish","type":"post","link":"https:\/\/visionarymarketing.com\/fr\/2014\/06\/24\/globalisation-medias-sociaux-en-direct-400-pm-smday\/","title":{"rendered":"Globalisation et m\u00e9dias sociaux : un d\u00e9bat d&rsquo;experts"},"content":{"rendered":"<p><em>Aujourd\u2019hui, 24 juin, Visionary Marketing prendra part \u00e0 un \u00e9v\u00e9nement Social media Day avec <a title=\"Mashable\" href=\"http:\/\/www.mashable.com\/\" target=\"_blank\" rel=\"homepage noopener noreferrer\">Mashable<\/a> et Mycommunitymanager (<a title=\"United States\" href=\"http:\/\/maps.google.com\/maps?ll=38.8833333333,-77.0166666667&amp;spn=10.0,10.0&amp;q=38.8833333333,-77.0166666667 (United%20States)&amp;t=h\" target=\"_blank\" rel=\"geolocation noopener noreferrer\">USA<\/a>). Le sujet en sera <a title=\"Globalization\" href=\"https:\/\/en.wikipedia.org\/wiki\/Globalization\" target=\"_blank\" rel=\"wikipedia noopener noreferrer\">Globalisation<\/a> et m\u00e9dias sociaux. Il y a beaucoup \u00e0 dire sur la globalisation du Web social. R\u00e9fl\u00e9chissez-y : dans <a title=\"Twitter\" href=\"http:\/\/twitter.com\" target=\"_blank\" rel=\"homepage noopener noreferrer\">Twitter<\/a>, on n&rsquo;a pas le droit, huit ans apr\u00e8s sa cr\u00e9ation, de poss\u00e9der un compte multilingue dans lequel on pourrait publier du contenu en diff\u00e9rentes langues et partager ce contenu sur la base de la g\u00e9olocalisation ou des pr\u00e9f\u00e9rences culturelles ! Alors que <a href=\"https:\/\/visionarymarketing.com\/fr\/2020\/09\/strategie-video\/\">Facebook<\/a> a fait beaucoup de progr\u00e8s dans cette voie, beaucoup de plates-formes m\u00e9dias sociaux (et m\u00eame des blogs d&rsquo;une certaine mani\u00e8re) sont \u00e0 la tra\u00eene.<\/em><\/p>\n<h1>Globalisation et m\u00e9dias sociaux<\/h1>\n<figure id=\"attachment_60547\" aria-describedby=\"caption-attachment-60547\" style=\"width: 640px\" class=\"wp-caption aligncenter\"><img decoding=\"async\" class=\"wp-image-60547 size-full\" src=\"https:\/\/visionarymarketing.com\/wp-content\/uploads\/2020\/12\/jumpstory-download20201206-200436-e1617456304957.jpg\" alt=\"globalisation et m\u00e9dias sociaux\" width=\"640\" height=\"427\" \/><figcaption id=\"caption-attachment-60547\" class=\"wp-caption-text\">Globalisation et m\u00e9dias sociaux : Globalisation arrime-t-elle avec uniformisation ? Telle est la question.<\/figcaption><\/figure>\n<p>Globalisation arrime-t-elle avec uniformisation ? Telle est la question.<\/p>\n<p>La r\u00e9alit\u00e9 du sujet c&rsquo;est qu&rsquo;en Europe, nous avons une situation bien particuli\u00e8re. Avec au moins 15 langues officielles dans l&rsquo;union europ\u00e9enne, manager des plates-formes de m\u00e9dias sociaux ici est un peu un cauchemar \u00e0 moins que vous soyez tranquillement install\u00e9s derri\u00e8re votre fronti\u00e8re et que vous ne parliez jamais \u00e0 un \u00e9tranger de votre vie; ou que vous posiez l&rsquo;hypoth\u00e8se que les diff\u00e9rences en Europe sont un vieux souvenir d&rsquo;avant-guerre.<\/p>\n<p>Entendons-nous, je ne veux pas dire que cela est bon ou mauvais, c&rsquo;est juste un fait. Ceci \u00e9tant, en regardant les plates-formes comme Twitter et <a class=\"zem_slink\" title=\"LinkedIn\" href=\"http:\/\/www.linkedin.com\/\" target=\"_blank\" rel=\"homepage noopener noreferrer\">LinkedIn<\/a>, on croit vraiment r\u00eaver, tant leurs concepteurs donnent l&rsquo;impression que le monde entier parle Anglais. Dans le cas de LinkedIn, le CTO qui a construit la plate-forme \u00e9tait fran\u00e7ais, de Marseille, et vivait \u00e0 <a class=\"zem_slink\" title=\"San Francisco\" href=\"http:\/\/maps.google.com\/maps?ll=37.7833333333,-122.416666667&amp;spn=0.1,0.1&amp;q=37.7833333333,-122.416666667 (San%20Francisco)&amp;t=h\" target=\"_blank\" rel=\"geolocation noopener noreferrer\">San Francisco<\/a>. Je me demande encore, \u00e0 ce jour, pourquoi cela lui a pris trois ou quatre ans pour adapter l&rsquo;outil \u00e0 son pays d&rsquo;origine, et encore\u2026 Il est toujours impossible de construire des profils bilingues. Quant \u00e0 Twitter c\u2019est la m\u00eame chanson : c&rsquo;est soit fran\u00e7ais, ou allemand ou anglais, mais les utilisateurs (et les entreprises) bi ou trilingues peuvent toujours aller voir ailleurs.<\/p>\n<p>Le r\u00e9sultat est clair : tous les utilisateurs germanophones utilisent Xing, la plupart les professionnels fran\u00e7ais, jusqu&rsquo;\u00e0 r\u00e9cemment, utilisaient Viadeo, et en <a class=\"zem_slink\" title=\"Russia\" href=\"http:\/\/maps.google.com\/maps?ll=55.75,37.6166666667&amp;spn=10.0,10.0&amp;q=55.75,37.6166666667 (Russia)&amp;t=h\" target=\"_blank\" rel=\"geolocation noopener noreferrer\">Russie<\/a>, tout le monde utilise Vkontakte. Je pense que beaucoup reste \u00e0 faire pour changer cette vue \u00e9gocentrique des m\u00e9dias sociaux et d&rsquo;am\u00e9liorer ce processus.<\/p>\n<blockquote class=\"quote-light\">\n<div>Le 30 juin marque la cinqui\u00e8me \u00e9dition annuelle de la Journ\u00e9e des m\u00e9dias sociaux et, pour la pr\u00e9parer, Mashable et Hootsuite m\u00e8nent une discussion mondiale sur la r\u00e9volution num\u00e9rique et la croissance des m\u00e9dias sociaux. Des utilisateurs de r\u00e9seaux sociaux mondiaux tels que WeChat, Sina Weibo, VK, <a class=\"zem_slink\" title=\"XING\" href=\"http:\/\/www.xing.com\" target=\"_blank\" rel=\"homepage noopener noreferrer\">XING<\/a>, ask.fm et Viadeo participeront au Hangout on Air. Posez vos questions dans les commentaires ou tweetez en utilisant #SMDay. ask.fm and Viadeo. Share your questions in the comments or tweet using #SMDay.<\/div>\n<\/blockquote>\n<div><iframe src=\"\/\/www.youtube.com\/embed\/JQyqh7BphuY\" width=\"560\" height=\"315\" frameborder=\"0\"><\/iframe><\/div>\n<div>Les intervenant sont : Crystal Jiang de Singapore, Vitaly de Russie, Markus Besch d&rsquo;Allemagne et \u00a0Yann Gourvennec pour la France.<\/div>\n<p>&nbsp;<\/p>\n","protected":false},"excerpt":{"rendered":"<p>Aujourd\u2019hui, 24 juin, Visionary Marketing prendra part \u00e0 un \u00e9v\u00e9nement Social media Day avec Mashable et Mycommunitymanager (USA). Le sujet en sera Globalisation et m\u00e9dias sociaux. Il y a beaucoup \u00e0 dire sur la globalisation du Web social. R\u00e9fl\u00e9chissez-y : dans Twitter, on n&rsquo;a pas le droit, huit ans apr\u00e8s sa cr\u00e9ation, de poss\u00e9der un &hellip;<\/p>\n","protected":false},"author":2,"featured_media":60547,"comment_status":"open","ping_status":"open","sticky":false,"template":"","format":"standard","meta":{"footnotes":""},"categories":[1613],"tags":[],"class_list":["post-14310","post","type-post","status-publish","format-standard","has-post-thumbnail","hentry","category-marketing-digital-marketing"],"yoast_head":"<!-- This site is optimized with the Yoast SEO plugin v27.5 - https:\/\/yoast.com\/product\/yoast-seo-wordpress\/ -->\n<title>Globalisation et m\u00e9dias sociaux : d\u00e9bat d&#039;experts<\/title>\n<meta name=\"description\" content=\"Le sujet en sera Globalisation et m\u00e9dias sociaux. Il y a beaucoup \u00e0 dire sur la globalisation du Web social.\" \/>\n<meta name=\"robots\" content=\"index, follow, max-snippet:-1, max-image-preview:large, max-video-preview:-1\" \/>\n<link rel=\"canonical\" href=\"https:\/\/visionarymarketing.com\/fr\/2014\/06\/24\/globalisation-medias-sociaux-en-direct-400-pm-smday\/\" \/>\n<meta property=\"og:locale\" content=\"fr_FR\" \/>\n<meta property=\"og:type\" content=\"article\" \/>\n<meta property=\"og:title\" content=\"Globalisation et m\u00e9dias sociaux : d\u00e9bat d&#039;experts\" \/>\n<meta property=\"og:description\" content=\"Le sujet en sera Globalisation et m\u00e9dias sociaux. Il y a beaucoup \u00e0 dire sur la globalisation du Web social.\" \/>\n<meta property=\"og:url\" content=\"https:\/\/visionarymarketing.com\/fr\/2014\/06\/24\/globalisation-medias-sociaux-en-direct-400-pm-smday\/\" \/>\n<meta property=\"og:site_name\" content=\"Marketing and Innovation\" \/>\n<meta property=\"article:publisher\" content=\"https:\/\/www.facebook.com\/vismktg\" \/>\n<meta property=\"article:author\" content=\"http:\/\/facebook.com\/ygourven\" \/>\n<meta property=\"article:published_time\" content=\"2014-06-24T07:52:25+00:00\" \/>\n<meta property=\"article:modified_time\" content=\"2022-05-07T18:07:12+00:00\" \/>\n<meta property=\"og:image\" content=\"https:\/\/visionarymarketing.com\/wp-content\/uploads\/2020\/12\/jumpstory-download20201206-200436-e1617456304957.jpg\" \/>\n\t<meta property=\"og:image:width\" content=\"640\" \/>\n\t<meta property=\"og:image:height\" content=\"427\" \/>\n\t<meta property=\"og:image:type\" content=\"image\/jpeg\" \/>\n<meta name=\"author\" content=\"Yann Gourvennec\" \/>\n<meta name=\"twitter:card\" content=\"summary_large_image\" \/>\n<meta name=\"twitter:creator\" content=\"@ygourven\" \/>\n<meta name=\"twitter:site\" content=\"@ygourven\" \/>\n<meta name=\"twitter:label1\" content=\"\u00c9crit par\" \/>\n\t<meta name=\"twitter:data1\" content=\"Yann Gourvennec\" \/>\n\t<meta name=\"twitter:label2\" content=\"Dur\u00e9e de lecture estim\u00e9e\" \/>\n\t<meta name=\"twitter:data2\" content=\"3 minutes\" \/>\n<script type=\"application\/ld+json\" class=\"yoast-schema-graph\">{\"@context\":\"https:\\\/\\\/schema.org\",\"@graph\":[{\"@type\":\"NewsArticle\",\"@id\":\"https:\\\/\\\/visionarymarketing.com\\\/fr\\\/2014\\\/06\\\/24\\\/globalisation-medias-sociaux-en-direct-400-pm-smday\\\/#article\",\"isPartOf\":{\"@id\":\"https:\\\/\\\/visionarymarketing.com\\\/fr\\\/2014\\\/06\\\/24\\\/globalisation-medias-sociaux-en-direct-400-pm-smday\\\/\"},\"author\":{\"name\":\"Yann Gourvennec\",\"@id\":\"https:\\\/\\\/visionarymarketing.com\\\/fr\\\/#\\\/schema\\\/person\\\/3754fee1e558f47b8deb46f53c37423e\"},\"headline\":\"Globalisation et m\u00e9dias sociaux : un d\u00e9bat d&rsquo;experts\",\"datePublished\":\"2014-06-24T07:52:25+00:00\",\"dateModified\":\"2022-05-07T18:07:12+00:00\",\"mainEntityOfPage\":{\"@id\":\"https:\\\/\\\/visionarymarketing.com\\\/fr\\\/2014\\\/06\\\/24\\\/globalisation-medias-sociaux-en-direct-400-pm-smday\\\/\"},\"wordCount\":539,\"commentCount\":5,\"image\":{\"@id\":\"https:\\\/\\\/visionarymarketing.com\\\/fr\\\/2014\\\/06\\\/24\\\/globalisation-medias-sociaux-en-direct-400-pm-smday\\\/#primaryimage\"},\"thumbnailUrl\":\"https:\\\/\\\/visionarymarketing.com\\\/wp-content\\\/uploads\\\/2020\\\/12\\\/jumpstory-download20201206-200436-e1617456304957.jpg\",\"articleSection\":[\"marketing digital\"],\"inLanguage\":\"fr-FR\",\"potentialAction\":[{\"@type\":\"CommentAction\",\"name\":\"Comment\",\"target\":[\"https:\\\/\\\/visionarymarketing.com\\\/fr\\\/2014\\\/06\\\/24\\\/globalisation-medias-sociaux-en-direct-400-pm-smday\\\/#respond\"]}]},{\"@type\":\"WebPage\",\"@id\":\"https:\\\/\\\/visionarymarketing.com\\\/fr\\\/2014\\\/06\\\/24\\\/globalisation-medias-sociaux-en-direct-400-pm-smday\\\/\",\"url\":\"https:\\\/\\\/visionarymarketing.com\\\/fr\\\/2014\\\/06\\\/24\\\/globalisation-medias-sociaux-en-direct-400-pm-smday\\\/\",\"name\":\"Globalisation et m\u00e9dias sociaux : d\u00e9bat d'experts\",\"isPartOf\":{\"@id\":\"https:\\\/\\\/visionarymarketing.com\\\/fr\\\/#website\"},\"primaryImageOfPage\":{\"@id\":\"https:\\\/\\\/visionarymarketing.com\\\/fr\\\/2014\\\/06\\\/24\\\/globalisation-medias-sociaux-en-direct-400-pm-smday\\\/#primaryimage\"},\"image\":{\"@id\":\"https:\\\/\\\/visionarymarketing.com\\\/fr\\\/2014\\\/06\\\/24\\\/globalisation-medias-sociaux-en-direct-400-pm-smday\\\/#primaryimage\"},\"thumbnailUrl\":\"https:\\\/\\\/visionarymarketing.com\\\/wp-content\\\/uploads\\\/2020\\\/12\\\/jumpstory-download20201206-200436-e1617456304957.jpg\",\"datePublished\":\"2014-06-24T07:52:25+00:00\",\"dateModified\":\"2022-05-07T18:07:12+00:00\",\"author\":{\"@id\":\"https:\\\/\\\/visionarymarketing.com\\\/fr\\\/#\\\/schema\\\/person\\\/3754fee1e558f47b8deb46f53c37423e\"},\"description\":\"Le sujet en sera Globalisation et m\u00e9dias sociaux. Il y a beaucoup \u00e0 dire sur la globalisation du Web social.\",\"breadcrumb\":{\"@id\":\"https:\\\/\\\/visionarymarketing.com\\\/fr\\\/2014\\\/06\\\/24\\\/globalisation-medias-sociaux-en-direct-400-pm-smday\\\/#breadcrumb\"},\"inLanguage\":\"fr-FR\",\"potentialAction\":[{\"@type\":\"ReadAction\",\"target\":[\"https:\\\/\\\/visionarymarketing.com\\\/fr\\\/2014\\\/06\\\/24\\\/globalisation-medias-sociaux-en-direct-400-pm-smday\\\/\"]}]},{\"@type\":\"ImageObject\",\"inLanguage\":\"fr-FR\",\"@id\":\"https:\\\/\\\/visionarymarketing.com\\\/fr\\\/2014\\\/06\\\/24\\\/globalisation-medias-sociaux-en-direct-400-pm-smday\\\/#primaryimage\",\"url\":\"https:\\\/\\\/visionarymarketing.com\\\/wp-content\\\/uploads\\\/2020\\\/12\\\/jumpstory-download20201206-200436-e1617456304957.jpg\",\"contentUrl\":\"https:\\\/\\\/visionarymarketing.com\\\/wp-content\\\/uploads\\\/2020\\\/12\\\/jumpstory-download20201206-200436-e1617456304957.jpg\",\"width\":519,\"height\":340},{\"@type\":\"BreadcrumbList\",\"@id\":\"https:\\\/\\\/visionarymarketing.com\\\/fr\\\/2014\\\/06\\\/24\\\/globalisation-medias-sociaux-en-direct-400-pm-smday\\\/#breadcrumb\",\"itemListElement\":[{\"@type\":\"ListItem\",\"position\":1,\"name\":\"Home\",\"item\":\"https:\\\/\\\/visionarymarketing.com\\\/fr\\\/\"},{\"@type\":\"ListItem\",\"position\":2,\"name\":\"Globalisation et m\u00e9dias sociaux : un d\u00e9bat d&rsquo;experts\"}]},{\"@type\":\"WebSite\",\"@id\":\"https:\\\/\\\/visionarymarketing.com\\\/fr\\\/#website\",\"url\":\"https:\\\/\\\/visionarymarketing.com\\\/fr\\\/\",\"name\":\"Marketing and Innovation\",\"description\":\"Site d&#039;infos ind\u00e9pendant, depuis 1996\",\"potentialAction\":[{\"@type\":\"SearchAction\",\"target\":{\"@type\":\"EntryPoint\",\"urlTemplate\":\"https:\\\/\\\/visionarymarketing.com\\\/fr\\\/?s={search_term_string}\"},\"query-input\":{\"@type\":\"PropertyValueSpecification\",\"valueRequired\":true,\"valueName\":\"search_term_string\"}}],\"inLanguage\":\"fr-FR\"},{\"@type\":\"Person\",\"@id\":\"https:\\\/\\\/visionarymarketing.com\\\/fr\\\/#\\\/schema\\\/person\\\/3754fee1e558f47b8deb46f53c37423e\",\"name\":\"Yann Gourvennec\",\"image\":{\"@type\":\"ImageObject\",\"inLanguage\":\"fr-FR\",\"@id\":\"https:\\\/\\\/secure.gravatar.com\\\/avatar\\\/5972001801e8de5692a3e31224e85769f50a55fb8b679749f9c8d1868cceff14?s=96&d=initials&r=g&initials=yg\",\"url\":\"https:\\\/\\\/secure.gravatar.com\\\/avatar\\\/5972001801e8de5692a3e31224e85769f50a55fb8b679749f9c8d1868cceff14?s=96&d=initials&r=g&initials=yg\",\"contentUrl\":\"https:\\\/\\\/secure.gravatar.com\\\/avatar\\\/5972001801e8de5692a3e31224e85769f50a55fb8b679749f9c8d1868cceff14?s=96&d=initials&r=g&initials=yg\",\"caption\":\"Yann Gourvennec\"},\"description\":\"Yann Gourvennec created visionarymarketing.com in 1996. He is a speaker and author of many books. In 2014 he went from intrapreneur to entrepreneur, when he created his digital marketing agency. Yann Gourvennec a cr\u00e9\u00e9 visionarymarketing.com en 1996. Il est conf\u00e9rencier et auteur de plusieurs livres. En 2014, il est pass\u00e9 d'intrapreneur \u00e0 entrepreneur en cr\u00e9ant son agence de marketing num\u00e9rique.\",\"sameAs\":[\"https:\\\/\\\/visionarymarketing.com\",\"http:\\\/\\\/facebook.com\\\/ygourven\",\"http:\\\/\\\/linkedin.com\\\/in\\\/ygourven\",\"https:\\\/\\\/x.com\\\/ygourven\",\"https:\\\/\\\/www.youtube.com\\\/c\\\/visionarymarketingagency\"],\"url\":\"https:\\\/\\\/visionarymarketing.com\\\/fr\\\/author\\\/yann-gourvennec\\\/\"}]}<\/script>\n<!-- \/ Yoast SEO plugin. -->","yoast_head_json":{"title":"Globalisation et m\u00e9dias sociaux : d\u00e9bat d'experts","description":"Le sujet en sera Globalisation et m\u00e9dias sociaux. Il y a beaucoup \u00e0 dire sur la globalisation du Web social.","robots":{"index":"index","follow":"follow","max-snippet":"max-snippet:-1","max-image-preview":"max-image-preview:large","max-video-preview":"max-video-preview:-1"},"canonical":"https:\/\/visionarymarketing.com\/fr\/2014\/06\/24\/globalisation-medias-sociaux-en-direct-400-pm-smday\/","og_locale":"fr_FR","og_type":"article","og_title":"Globalisation et m\u00e9dias sociaux : d\u00e9bat d'experts","og_description":"Le sujet en sera Globalisation et m\u00e9dias sociaux. Il y a beaucoup \u00e0 dire sur la globalisation du Web social.","og_url":"https:\/\/visionarymarketing.com\/fr\/2014\/06\/24\/globalisation-medias-sociaux-en-direct-400-pm-smday\/","og_site_name":"Marketing and Innovation","article_publisher":"https:\/\/www.facebook.com\/vismktg","article_author":"http:\/\/facebook.com\/ygourven","article_published_time":"2014-06-24T07:52:25+00:00","article_modified_time":"2022-05-07T18:07:12+00:00","og_image":[{"width":640,"height":427,"url":"https:\/\/visionarymarketing.com\/wp-content\/uploads\/2020\/12\/jumpstory-download20201206-200436-e1617456304957.jpg","type":"image\/jpeg"}],"author":"Yann Gourvennec","twitter_card":"summary_large_image","twitter_creator":"@ygourven","twitter_site":"@ygourven","twitter_misc":{"\u00c9crit par":"Yann Gourvennec","Dur\u00e9e de lecture estim\u00e9e":"3 minutes"},"schema":{"@context":"https:\/\/schema.org","@graph":[{"@type":"NewsArticle","@id":"https:\/\/visionarymarketing.com\/fr\/2014\/06\/24\/globalisation-medias-sociaux-en-direct-400-pm-smday\/#article","isPartOf":{"@id":"https:\/\/visionarymarketing.com\/fr\/2014\/06\/24\/globalisation-medias-sociaux-en-direct-400-pm-smday\/"},"author":{"name":"Yann Gourvennec","@id":"https:\/\/visionarymarketing.com\/fr\/#\/schema\/person\/3754fee1e558f47b8deb46f53c37423e"},"headline":"Globalisation et m\u00e9dias sociaux : un d\u00e9bat d&rsquo;experts","datePublished":"2014-06-24T07:52:25+00:00","dateModified":"2022-05-07T18:07:12+00:00","mainEntityOfPage":{"@id":"https:\/\/visionarymarketing.com\/fr\/2014\/06\/24\/globalisation-medias-sociaux-en-direct-400-pm-smday\/"},"wordCount":539,"commentCount":5,"image":{"@id":"https:\/\/visionarymarketing.com\/fr\/2014\/06\/24\/globalisation-medias-sociaux-en-direct-400-pm-smday\/#primaryimage"},"thumbnailUrl":"https:\/\/visionarymarketing.com\/wp-content\/uploads\/2020\/12\/jumpstory-download20201206-200436-e1617456304957.jpg","articleSection":["marketing digital"],"inLanguage":"fr-FR","potentialAction":[{"@type":"CommentAction","name":"Comment","target":["https:\/\/visionarymarketing.com\/fr\/2014\/06\/24\/globalisation-medias-sociaux-en-direct-400-pm-smday\/#respond"]}]},{"@type":"WebPage","@id":"https:\/\/visionarymarketing.com\/fr\/2014\/06\/24\/globalisation-medias-sociaux-en-direct-400-pm-smday\/","url":"https:\/\/visionarymarketing.com\/fr\/2014\/06\/24\/globalisation-medias-sociaux-en-direct-400-pm-smday\/","name":"Globalisation et m\u00e9dias sociaux : d\u00e9bat d'experts","isPartOf":{"@id":"https:\/\/visionarymarketing.com\/fr\/#website"},"primaryImageOfPage":{"@id":"https:\/\/visionarymarketing.com\/fr\/2014\/06\/24\/globalisation-medias-sociaux-en-direct-400-pm-smday\/#primaryimage"},"image":{"@id":"https:\/\/visionarymarketing.com\/fr\/2014\/06\/24\/globalisation-medias-sociaux-en-direct-400-pm-smday\/#primaryimage"},"thumbnailUrl":"https:\/\/visionarymarketing.com\/wp-content\/uploads\/2020\/12\/jumpstory-download20201206-200436-e1617456304957.jpg","datePublished":"2014-06-24T07:52:25+00:00","dateModified":"2022-05-07T18:07:12+00:00","author":{"@id":"https:\/\/visionarymarketing.com\/fr\/#\/schema\/person\/3754fee1e558f47b8deb46f53c37423e"},"description":"Le sujet en sera Globalisation et m\u00e9dias sociaux. Il y a beaucoup \u00e0 dire sur la globalisation du Web social.","breadcrumb":{"@id":"https:\/\/visionarymarketing.com\/fr\/2014\/06\/24\/globalisation-medias-sociaux-en-direct-400-pm-smday\/#breadcrumb"},"inLanguage":"fr-FR","potentialAction":[{"@type":"ReadAction","target":["https:\/\/visionarymarketing.com\/fr\/2014\/06\/24\/globalisation-medias-sociaux-en-direct-400-pm-smday\/"]}]},{"@type":"ImageObject","inLanguage":"fr-FR","@id":"https:\/\/visionarymarketing.com\/fr\/2014\/06\/24\/globalisation-medias-sociaux-en-direct-400-pm-smday\/#primaryimage","url":"https:\/\/visionarymarketing.com\/wp-content\/uploads\/2020\/12\/jumpstory-download20201206-200436-e1617456304957.jpg","contentUrl":"https:\/\/visionarymarketing.com\/wp-content\/uploads\/2020\/12\/jumpstory-download20201206-200436-e1617456304957.jpg","width":519,"height":340},{"@type":"BreadcrumbList","@id":"https:\/\/visionarymarketing.com\/fr\/2014\/06\/24\/globalisation-medias-sociaux-en-direct-400-pm-smday\/#breadcrumb","itemListElement":[{"@type":"ListItem","position":1,"name":"Home","item":"https:\/\/visionarymarketing.com\/fr\/"},{"@type":"ListItem","position":2,"name":"Globalisation et m\u00e9dias sociaux : un d\u00e9bat d&rsquo;experts"}]},{"@type":"WebSite","@id":"https:\/\/visionarymarketing.com\/fr\/#website","url":"https:\/\/visionarymarketing.com\/fr\/","name":"Marketing and Innovation","description":"Site d&#039;infos ind\u00e9pendant, depuis 1996","potentialAction":[{"@type":"SearchAction","target":{"@type":"EntryPoint","urlTemplate":"https:\/\/visionarymarketing.com\/fr\/?s={search_term_string}"},"query-input":{"@type":"PropertyValueSpecification","valueRequired":true,"valueName":"search_term_string"}}],"inLanguage":"fr-FR"},{"@type":"Person","@id":"https:\/\/visionarymarketing.com\/fr\/#\/schema\/person\/3754fee1e558f47b8deb46f53c37423e","name":"Yann Gourvennec","image":{"@type":"ImageObject","inLanguage":"fr-FR","@id":"https:\/\/secure.gravatar.com\/avatar\/5972001801e8de5692a3e31224e85769f50a55fb8b679749f9c8d1868cceff14?s=96&d=initials&r=g&initials=yg","url":"https:\/\/secure.gravatar.com\/avatar\/5972001801e8de5692a3e31224e85769f50a55fb8b679749f9c8d1868cceff14?s=96&d=initials&r=g&initials=yg","contentUrl":"https:\/\/secure.gravatar.com\/avatar\/5972001801e8de5692a3e31224e85769f50a55fb8b679749f9c8d1868cceff14?s=96&d=initials&r=g&initials=yg","caption":"Yann Gourvennec"},"description":"Yann Gourvennec created visionarymarketing.com in 1996. He is a speaker and author of many books. In 2014 he went from intrapreneur to entrepreneur, when he created his digital marketing agency. Yann Gourvennec a cr\u00e9\u00e9 visionarymarketing.com en 1996. Il est conf\u00e9rencier et auteur de plusieurs livres. En 2014, il est pass\u00e9 d'intrapreneur \u00e0 entrepreneur en cr\u00e9ant son agence de marketing num\u00e9rique.","sameAs":["https:\/\/visionarymarketing.com","http:\/\/facebook.com\/ygourven","http:\/\/linkedin.com\/in\/ygourven","https:\/\/x.com\/ygourven","https:\/\/www.youtube.com\/c\/visionarymarketingagency"],"url":"https:\/\/visionarymarketing.com\/fr\/author\/yann-gourvennec\/"}]}},"_links":{"self":[{"href":"https:\/\/visionarymarketing.com\/fr\/wp-json\/wp\/v2\/posts\/14310","targetHints":{"allow":["GET"]}}],"collection":[{"href":"https:\/\/visionarymarketing.com\/fr\/wp-json\/wp\/v2\/posts"}],"about":[{"href":"https:\/\/visionarymarketing.com\/fr\/wp-json\/wp\/v2\/types\/post"}],"author":[{"embeddable":true,"href":"https:\/\/visionarymarketing.com\/fr\/wp-json\/wp\/v2\/users\/2"}],"replies":[{"embeddable":true,"href":"https:\/\/visionarymarketing.com\/fr\/wp-json\/wp\/v2\/comments?post=14310"}],"version-history":[{"count":0,"href":"https:\/\/visionarymarketing.com\/fr\/wp-json\/wp\/v2\/posts\/14310\/revisions"}],"wp:featuredmedia":[{"embeddable":true,"href":"https:\/\/visionarymarketing.com\/fr\/wp-json\/wp\/v2\/media\/60547"}],"wp:attachment":[{"href":"https:\/\/visionarymarketing.com\/fr\/wp-json\/wp\/v2\/media?parent=14310"}],"wp:term":[{"taxonomy":"category","embeddable":true,"href":"https:\/\/visionarymarketing.com\/fr\/wp-json\/wp\/v2\/categories?post=14310"},{"taxonomy":"post_tag","embeddable":true,"href":"https:\/\/visionarymarketing.com\/fr\/wp-json\/wp\/v2\/tags?post=14310"}],"curies":[{"name":"wp","href":"https:\/\/api.w.org\/{rel}","templated":true}]}}