{"id":14096,"date":"2014-06-12T17:24:25","date_gmt":"2014-06-12T15:24:25","guid":{"rendered":"http:\/\/visionarymarketing.fr\/blog\/?p=14096"},"modified":"2023-12-11T08:23:29","modified_gmt":"2023-12-11T07:23:29","slug":"big-data-et-innovation","status":"publish","type":"post","link":"https:\/\/visionarymarketing.com\/fr\/2014\/06\/12\/big-data-et-innovation\/","title":{"rendered":"Big Data et innovation au G9+ (26 juin  2014)"},"content":{"rendered":"<p><img decoding=\"async\" class=\"alignleft\" style=\"display: block; margin-left: auto; margin-right: auto;\" title=\"G9 plus Big Data.png\" src=\"https:\/\/visionarymarketing.com\/wp-content\/uploads\/2014\/06\/G9-plus-Big-Data.png\" alt=\"Big Data et innovation\" width=\"132\" height=\"112\" border=\"0\" \/><\/p>\n<p class=\"p1\"><span style=\"color: #000080;\"><em>Je relaie ici l&rsquo;annonce de la toute proche conf\u00e9rence du G9+ sur le sujet des Big Data avec les t\u00e9moignages de <a class=\"zem_slink\" title=\"Criteo\" href=\"http:\/\/www.criteo.com\" target=\"_blank\" rel=\"homepage noopener\">Criteo<\/a>, <a class=\"zem_slink\" title=\"NYSE: CRM\" href=\"http:\/\/www.google.com\/finance?q=NYSE:CRM\" target=\"_blank\" rel=\"googlefinance noopener\">Salesforce<\/a>, Cityzen, Kwaga et m\u00eame le gouvernement. Ma place est d\u00e9j\u00e0 r\u00e9serv\u00e9e, \u00e0 bient\u00f4t pour le compte-rendu.<\/em><\/span><\/p>\n<blockquote class=\"quote-light\">\n<h2 class=\"p1\">Big Data et innovation au G9+ du 26\/06\/14<\/h2>\n<p class=\"p1\"><strong>Ils font parler les data pour acc\u00e9l\u00e9rer l\u2019innovation !<\/strong><span class=\"s1\">\u00a0<\/span><\/p>\n<p class=\"p2\">Le <a href=\"http:\/\/linkedin.us7.list-manage.com\/track\/click?u=97c9cca2818e7698c8988db33&amp;id=f16b491a77&amp;e=03f3f7e087\"><span class=\"s2\"><strong>G9+, think tank\u00a0du num\u00e9rique<\/strong><\/span><\/a>, organise une conf\u00e9rence exceptionnelle\u00a0le 26 Juin\u00a0 avec les meilleurs sp\u00e9cialistes du <strong>Big Data Pr\u00e9dictif<\/strong>, cette discipline transverse \u00e0 tous les secteurs de l&rsquo;\u00e9conomie qui parvient \u00e0 r\u00e9v\u00e9ler les tr\u00e9sors d&rsquo;information cach\u00e9s au c\u0153ur de nos nouveaux gisements de donn\u00e9es. <strong>Intervenants :<\/strong><\/p>\n<ul class=\"ul1\">\n<li class=\"li3\"><strong>Jean-Louis Constanza, <a class=\"zem_slink\" title=\"Chief innovation officer\" href=\"https:\/\/en.wikipedia.org\/wiki\/Chief_innovation_officer\" target=\"_blank\" rel=\"wikipedia noopener\">Chief Innovation Officer<\/a> <\/strong>\u2013<a href=\"http:\/\/linkedin.us7.list-manage.com\/track\/click?u=97c9cca2818e7698c8988db33&amp;id=2d871960a0&amp;e=03f3f7e087\"><span class=\"s4\"><strong>Crit\u00e9o<\/strong><\/span><\/a><\/li>\n<li class=\"li3\"><strong>Alex Dayon, Pr\u00e9sident Applications &amp; Plateforme &#8211; <\/strong><a href=\"http:\/\/linkedin.us7.list-manage.com\/track\/click?u=97c9cca2818e7698c8988db33&amp;id=ab2a1a3c2c&amp;e=03f3f7e087\"><span class=\"s4\"><strong>Salesforce.com<\/strong><\/span><\/a><\/li>\n<li class=\"li3\"><strong>Florian Douetteau, CEO <\/strong>&#8211;<a href=\"http:\/\/linkedin.us7.list-manage.com\/track\/click?u=97c9cca2818e7698c8988db33&amp;id=7453c2a922&amp;e=03f3f7e087\"><span class=\"s4\"><strong>Dataiku<\/strong><\/span><\/a><\/li>\n<li class=\"li3\"><strong>Jean-Luc Errant,\u00a0CEO &#8211; <\/strong><a href=\"https:\/\/web.archive.org\/web\/20230118020841\/http:\/\/cityzensciences.fr\/\"><span class=\"s4\"><strong>Cityzen Sciences<\/strong><\/span><\/a><\/li>\n<li class=\"li3\"><strong>Romain Lacombe \u2013 Directeur de l\u2019Innovation aupr\u00e8s du Premier Ministre \u2013 <\/strong><a href=\"http:\/\/linkedin.us7.list-manage1.com\/track\/click?u=97c9cca2818e7698c8988db33&amp;id=5923e67cd6&amp;e=03f3f7e087\"><span class=\"s4\"><strong>programme Etalab d\u2019Open data gouvernemental<\/strong><\/span><\/a><span class=\"s4\">.<\/span><\/li>\n<li class=\"li3\"><strong>Ga\u00eblle Recourc\u00e9,\u00a0CSO <\/strong>&#8211; <a href=\"http:\/\/linkedin.us7.list-manage.com\/track\/click?u=97c9cca2818e7698c8988db33&amp;id=5ffcaa05d3&amp;e=03f3f7e087\"><span class=\"s4\"><strong>Kwaga &#8211; Ever Contact<\/strong><\/span><\/a><\/li>\n<\/ul>\n<p class=\"p3\">Animateur :<strong> <a class=\"zem_slink\" title=\"Franck Nouyrigat\" href=\"http:\/\/twitter.com\/peignoir\" target=\"_blank\" rel=\"twitter noopener\">Franck Nouyrigat<\/a>, co-fondateur de <\/strong><a href=\"http:\/\/linkedin.us7.list-manage.com\/track\/click?u=97c9cca2818e7698c8988db33&amp;id=99dc5470ec&amp;e=03f3f7e087\"><span class=\"s4\"><strong>Startup Weekend<\/strong><\/span><\/a><\/p>\n<p class=\"p3\">Avec\u00a08 milliards aujourd&rsquo;hui \u00e0 50 voire 80 milliards d&rsquo;objets connect\u00e9s en 2020 et 4 milliards de <em>smartphones<\/em> et 900 millions de tablettes en 2017 : c&rsquo;est une humanit\u00e9 connect\u00e9e qui va g\u00e9n\u00e9rer un tsunami de donn\u00e9es d&rsquo;une richesse inou\u00efe \u00e0 la fois pour les individus et pour les entreprises ! Comment anticiper cette rupture et la transformer d\u00e8s aujourd&rsquo;hui en avantage concurrentiel ? Un sujet d&rsquo;innovation qui, probablement plus que les autres, va creuser le foss\u00e9 entre les anciens et les modernes&#8230;<\/p>\n<p class=\"p4\"><strong>Rendez-vous\u00a0Jeudi 26 juin 2014 \u00e0 18:30 (Salesforce1 World Tour <a class=\"zem_slink\" title=\"Paris\" href=\"http:\/\/www.paris.fr\/\" target=\"_blank\" rel=\"homepage noopener\">Paris<\/a> &#8211; Hall 5 du Parc des Expositions de la <a class=\"zem_slink\" title=\"Porte de Versailles (Paris M\u00e9tro)\" href=\"http:\/\/maps.google.com\/maps?ll=48.832328,2.287841&amp;spn=0.01,0.01&amp;q=48.832328,2.287841 (Porte%20de%20Versailles%20%28Paris%20M%C3%A9tro%29)&amp;t=h\" target=\"_blank\" rel=\"geolocation noopener\">Porte de Versailles<\/a>)<\/strong><\/p>\n<\/blockquote>\n<h3 class=\"zemanta-related-title\" style=\"margin: 0 0 10px 0; padding: 0; clear: both;\">Related articles<\/h3>\n<ul class=\"zemanta-article-ul zemanta-article-ul-image\" style=\"margin: 0; padding: 0; overflow: hidden;\">\n<li class=\"zemanta-article-ul-li-image zemanta-article-ul-li\" style=\"padding: 0; background: none; list-style: none; display: block; float: left; vertical-align: top; text-align: left; width: 104px; font-size: 12px; margin: 0 5px 10px 0;\"><a style=\"padding: 2px; display: block; text-decoration: none;\" href=\"https:\/\/www.duperrin.com\/2012\/02\/19\/liens-de-la-semaine-weekly-134\/\" target=\"_blank\" rel=\"noopener\"><\/a><a style=\"display: block; overflow: hidden; text-decoration: none; line-height: 12pt; height: 80px; padding: 5px 2px 0 2px;\" href=\"https:\/\/www.duperrin.com\/2012\/02\/19\/liens-de-la-semaine-weekly-134\/\" target=\"_blank\" rel=\"noopener\">Bertrand Duperrin: Liens de la semaine (weekly)<\/a><\/li>\n<li class=\"zemanta-article-ul-li-image zemanta-article-ul-li\" style=\"padding: 0; background: none; list-style: none; display: block; float: left; vertical-align: top; text-align: left; width: 104px; font-size: 12px; margin: 0 5px 10px 0;\"><a style=\"padding: 2px; display: block; text-decoration: none;\" href=\"http:\/\/www.dailyfinance.com\/2014\/05\/09\/salesforcecom-is-poised-for-solid-growth\/\" target=\"_blank\" rel=\"noopener\"><\/a><a style=\"display: block; overflow: hidden; text-decoration: none; line-height: 12pt; height: 80px; padding: 5px 2px 0 2px;\" href=\"http:\/\/www.dailyfinance.com\/2014\/05\/09\/salesforcecom-is-poised-for-solid-growth\/\" target=\"_blank\" rel=\"noopener\">Salesforce.com Is Poised for Solid Growth<\/a><\/li>\n<li class=\"zemanta-article-ul-li-image zemanta-article-ul-li\" style=\"padding: 0; background: none; list-style: none; display: block; float: left; vertical-align: top; text-align: left; width: 104px; font-size: 12px; margin: 0 5px 10px 0;\"><a style=\"padding: 2px; display: block; text-decoration: none;\" href=\"http:\/\/www.zdnet.com\/salesforce-com-wear-launched-for-wearable-app-developers-7000030358\/\" target=\"_blank\" rel=\"noopener\"><\/a><a style=\"display: block; overflow: hidden; text-decoration: none; line-height: 12pt; height: 80px; padding: 5px 2px 0 2px;\" href=\"http:\/\/www.zdnet.com\/salesforce-com-wear-launched-for-wearable-app-developers-7000030358\/\" target=\"_blank\" rel=\"noopener\">Salesforce.com Wear launched for wearable app developers<\/a><\/li>\n<li class=\"zemanta-article-ul-li-image zemanta-article-ul-li\" style=\"padding: 0; background: none; list-style: none; display: block; float: left; vertical-align: top; text-align: left; width: 104px; font-size: 12px; margin: 0 5px 10px 0;\"><a style=\"padding: 2px; display: block; text-decoration: none;\" href=\"http:\/\/spacefiction.wordpress.com\/2013\/09\/19\/imaginons-a-quoi-pourrait-ressembler-une-ville-intelligente-lets-imagine-what-a-smart-city-could-look-like\/\" target=\"_blank\" rel=\"noopener\"><\/a><a style=\"display: block; overflow: hidden; text-decoration: none; line-height: 12pt; height: 80px; padding: 5px 2px 0 2px;\" href=\"http:\/\/spacefiction.wordpress.com\/2013\/09\/19\/imaginons-a-quoi-pourrait-ressembler-une-ville-intelligente-lets-imagine-what-a-smart-city-could-look-like\/\" target=\"_blank\" rel=\"noopener\">Imaginons \u00e0 quoi pourrait ressembler une ville intelligente \/ Let&rsquo;s imagine what a \u00a0\u00bb smart city \u00a0\u00bb could look like&#8230;<\/a><\/li>\n<li class=\"zemanta-article-ul-li-image zemanta-article-ul-li\" style=\"padding: 0; background: none; list-style: none; display: block; float: left; vertical-align: top; text-align: left; width: 104px; font-size: 12px; margin: 0 5px 10px 0;\"><a style=\"padding: 2px; display: block; text-decoration: none;\" href=\"http:\/\/www.fool.com\/investing\/general\/2014\/05\/09\/salesforcecom-is-poised-for-solid-growth.aspx\" target=\"_blank\" rel=\"noopener\"><\/a><a style=\"display: block; overflow: hidden; text-decoration: none; line-height: 12pt; height: 80px; padding: 5px 2px 0 2px;\" href=\"http:\/\/www.fool.com\/investing\/general\/2014\/05\/09\/salesforcecom-is-poised-for-solid-growth.aspx\" target=\"_blank\" rel=\"noopener\">Salesforce.com Is Poised for Solid Growth<\/a><\/li>\n<li class=\"zemanta-article-ul-li-image zemanta-article-ul-li\" style=\"padding: 0; background: none; list-style: none; display: block; float: left; vertical-align: top; text-align: left; width: 104px; font-size: 12px; margin: 0 5px 10px 0;\"><a style=\"padding: 2px; display: block; text-decoration: none;\" href=\"https:\/\/www.slideshare.net\/restlet\/web-apis-in-action-lancement\" target=\"_blank\" rel=\"noopener\"><\/a><a style=\"display: block; overflow: hidden; text-decoration: none; line-height: 12pt; height: 80px; padding: 5px 2px 0 2px;\" href=\"https:\/\/www.slideshare.net\/restlet\/web-apis-in-action-lancement\" target=\"_blank\" rel=\"noopener\">Web APIs in action &#8211; lancement<\/a><\/li>\n<\/ul>\n","protected":false},"excerpt":{"rendered":"<p>Je relaie ici l&rsquo;annonce de la toute proche conf\u00e9rence du G9+ sur le sujet des Big Data avec les t\u00e9moignages de Criteo, Salesforce, Cityzen, Kwaga et m\u00eame le gouvernement. Ma place est d\u00e9j\u00e0 r\u00e9serv\u00e9e, \u00e0 bient\u00f4t pour le compte-rendu. Big Data et innovation au G9+ du 26\/06\/14 Ils font parler les data pour acc\u00e9l\u00e9rer l\u2019innovation &hellip;<\/p>\n","protected":false},"author":2,"featured_media":34067,"comment_status":"open","ping_status":"open","sticky":false,"template":"","format":"standard","meta":{"footnotes":""},"categories":[121,2894],"tags":[],"class_list":["post-14096","post","type-post","status-publish","format-standard","has-post-thumbnail","hentry","category-e-business","category-ia-big-data"],"yoast_head":"<!-- This site is optimized with the Yoast SEO plugin v27.5 - https:\/\/yoast.com\/product\/yoast-seo-wordpress\/ -->\n<title>Big Data et innovation au G9+ (26 juin 2014)<\/title>\n<meta name=\"description\" content=\"Je relaie ici l&#039;annonce de la toute proche conf\u00e9rence du G9+ sur le sujet des Big Data avec les t\u00e9moignages de Criteo, Salesforce, Cityzen, Kwaga et m\u00eame\" \/>\n<meta name=\"robots\" content=\"index, follow, max-snippet:-1, max-image-preview:large, max-video-preview:-1\" \/>\n<link rel=\"canonical\" href=\"https:\/\/visionarymarketing.com\/fr\/2014\/06\/12\/big-data-et-innovation\/\" \/>\n<meta property=\"og:locale\" content=\"fr_FR\" \/>\n<meta property=\"og:type\" content=\"article\" \/>\n<meta property=\"og:title\" content=\"Big Data et innovation au G9+ (26 juin 2014)\" \/>\n<meta property=\"og:description\" content=\"Je relaie ici l&#039;annonce de la toute proche conf\u00e9rence du G9+ sur le sujet des Big Data avec les t\u00e9moignages de Criteo, Salesforce, Cityzen, Kwaga et m\u00eame\" \/>\n<meta property=\"og:url\" content=\"https:\/\/visionarymarketing.com\/fr\/2014\/06\/12\/big-data-et-innovation\/\" \/>\n<meta property=\"og:site_name\" content=\"Marketing and Innovation\" \/>\n<meta property=\"article:publisher\" content=\"https:\/\/www.facebook.com\/vismktg\" \/>\n<meta property=\"article:author\" content=\"http:\/\/facebook.com\/ygourven\" \/>\n<meta property=\"article:published_time\" content=\"2014-06-12T15:24:25+00:00\" \/>\n<meta property=\"article:modified_time\" content=\"2023-12-11T07:23:29+00:00\" \/>\n<meta property=\"og:image\" content=\"https:\/\/visionarymarketing.com\/wp-content\/uploads\/2019\/11\/47977292358_bf3ee00e95_c.jpg\" \/>\n\t<meta property=\"og:image:width\" content=\"644\" \/>\n\t<meta property=\"og:image:height\" content=\"430\" \/>\n\t<meta property=\"og:image:type\" content=\"image\/jpeg\" \/>\n<meta name=\"author\" content=\"Yann Gourvennec\" \/>\n<meta name=\"twitter:card\" content=\"summary_large_image\" \/>\n<meta name=\"twitter:creator\" content=\"@ygourven\" \/>\n<meta name=\"twitter:site\" content=\"@ygourven\" \/>\n<meta name=\"twitter:label1\" content=\"\u00c9crit par\" \/>\n\t<meta name=\"twitter:data1\" content=\"Yann Gourvennec\" \/>\n\t<meta name=\"twitter:label2\" content=\"Dur\u00e9e de lecture estim\u00e9e\" \/>\n\t<meta name=\"twitter:data2\" content=\"2 minutes\" \/>\n<script type=\"application\/ld+json\" class=\"yoast-schema-graph\">{\"@context\":\"https:\\\/\\\/schema.org\",\"@graph\":[{\"@type\":\"NewsArticle\",\"@id\":\"https:\\\/\\\/visionarymarketing.com\\\/fr\\\/2014\\\/06\\\/12\\\/big-data-et-innovation\\\/#article\",\"isPartOf\":{\"@id\":\"https:\\\/\\\/visionarymarketing.com\\\/fr\\\/2014\\\/06\\\/12\\\/big-data-et-innovation\\\/\"},\"author\":{\"name\":\"Yann Gourvennec\",\"@id\":\"https:\\\/\\\/visionarymarketing.com\\\/fr\\\/#\\\/schema\\\/person\\\/3754fee1e558f47b8deb46f53c37423e\"},\"headline\":\"Big Data et innovation au G9+ (26 juin 2014)\",\"datePublished\":\"2014-06-12T15:24:25+00:00\",\"dateModified\":\"2023-12-11T07:23:29+00:00\",\"mainEntityOfPage\":{\"@id\":\"https:\\\/\\\/visionarymarketing.com\\\/fr\\\/2014\\\/06\\\/12\\\/big-data-et-innovation\\\/\"},\"wordCount\":344,\"commentCount\":2,\"image\":{\"@id\":\"https:\\\/\\\/visionarymarketing.com\\\/fr\\\/2014\\\/06\\\/12\\\/big-data-et-innovation\\\/#primaryimage\"},\"thumbnailUrl\":\"https:\\\/\\\/visionarymarketing.com\\\/wp-content\\\/uploads\\\/2019\\\/11\\\/47977292358_bf3ee00e95_c.jpg\",\"articleSection\":[\"e-business \\\/ e-commerce\",\"IA et Big Data\"],\"inLanguage\":\"fr-FR\",\"potentialAction\":[{\"@type\":\"CommentAction\",\"name\":\"Comment\",\"target\":[\"https:\\\/\\\/visionarymarketing.com\\\/fr\\\/2014\\\/06\\\/12\\\/big-data-et-innovation\\\/#respond\"]}]},{\"@type\":\"WebPage\",\"@id\":\"https:\\\/\\\/visionarymarketing.com\\\/fr\\\/2014\\\/06\\\/12\\\/big-data-et-innovation\\\/\",\"url\":\"https:\\\/\\\/visionarymarketing.com\\\/fr\\\/2014\\\/06\\\/12\\\/big-data-et-innovation\\\/\",\"name\":\"Big Data et innovation au G9+ (26 juin 2014)\",\"isPartOf\":{\"@id\":\"https:\\\/\\\/visionarymarketing.com\\\/fr\\\/#website\"},\"primaryImageOfPage\":{\"@id\":\"https:\\\/\\\/visionarymarketing.com\\\/fr\\\/2014\\\/06\\\/12\\\/big-data-et-innovation\\\/#primaryimage\"},\"image\":{\"@id\":\"https:\\\/\\\/visionarymarketing.com\\\/fr\\\/2014\\\/06\\\/12\\\/big-data-et-innovation\\\/#primaryimage\"},\"thumbnailUrl\":\"https:\\\/\\\/visionarymarketing.com\\\/wp-content\\\/uploads\\\/2019\\\/11\\\/47977292358_bf3ee00e95_c.jpg\",\"datePublished\":\"2014-06-12T15:24:25+00:00\",\"dateModified\":\"2023-12-11T07:23:29+00:00\",\"author\":{\"@id\":\"https:\\\/\\\/visionarymarketing.com\\\/fr\\\/#\\\/schema\\\/person\\\/3754fee1e558f47b8deb46f53c37423e\"},\"description\":\"Je relaie ici l'annonce de la toute proche conf\u00e9rence du G9+ sur le sujet des Big Data avec les t\u00e9moignages de Criteo, Salesforce, Cityzen, Kwaga et m\u00eame\",\"breadcrumb\":{\"@id\":\"https:\\\/\\\/visionarymarketing.com\\\/fr\\\/2014\\\/06\\\/12\\\/big-data-et-innovation\\\/#breadcrumb\"},\"inLanguage\":\"fr-FR\",\"potentialAction\":[{\"@type\":\"ReadAction\",\"target\":[\"https:\\\/\\\/visionarymarketing.com\\\/fr\\\/2014\\\/06\\\/12\\\/big-data-et-innovation\\\/\"]}]},{\"@type\":\"ImageObject\",\"inLanguage\":\"fr-FR\",\"@id\":\"https:\\\/\\\/visionarymarketing.com\\\/fr\\\/2014\\\/06\\\/12\\\/big-data-et-innovation\\\/#primaryimage\",\"url\":\"https:\\\/\\\/visionarymarketing.com\\\/wp-content\\\/uploads\\\/2019\\\/11\\\/47977292358_bf3ee00e95_c.jpg\",\"contentUrl\":\"https:\\\/\\\/visionarymarketing.com\\\/wp-content\\\/uploads\\\/2019\\\/11\\\/47977292358_bf3ee00e95_c.jpg\",\"width\":644,\"height\":430},{\"@type\":\"BreadcrumbList\",\"@id\":\"https:\\\/\\\/visionarymarketing.com\\\/fr\\\/2014\\\/06\\\/12\\\/big-data-et-innovation\\\/#breadcrumb\",\"itemListElement\":[{\"@type\":\"ListItem\",\"position\":1,\"name\":\"Home\",\"item\":\"https:\\\/\\\/visionarymarketing.com\\\/fr\\\/\"},{\"@type\":\"ListItem\",\"position\":2,\"name\":\"Big Data et innovation au G9+ (26 juin 2014)\"}]},{\"@type\":\"WebSite\",\"@id\":\"https:\\\/\\\/visionarymarketing.com\\\/fr\\\/#website\",\"url\":\"https:\\\/\\\/visionarymarketing.com\\\/fr\\\/\",\"name\":\"Marketing and Innovation\",\"description\":\"Site d&#039;infos ind\u00e9pendant, depuis 1996\",\"potentialAction\":[{\"@type\":\"SearchAction\",\"target\":{\"@type\":\"EntryPoint\",\"urlTemplate\":\"https:\\\/\\\/visionarymarketing.com\\\/fr\\\/?s={search_term_string}\"},\"query-input\":{\"@type\":\"PropertyValueSpecification\",\"valueRequired\":true,\"valueName\":\"search_term_string\"}}],\"inLanguage\":\"fr-FR\"},{\"@type\":\"Person\",\"@id\":\"https:\\\/\\\/visionarymarketing.com\\\/fr\\\/#\\\/schema\\\/person\\\/3754fee1e558f47b8deb46f53c37423e\",\"name\":\"Yann Gourvennec\",\"image\":{\"@type\":\"ImageObject\",\"inLanguage\":\"fr-FR\",\"@id\":\"https:\\\/\\\/secure.gravatar.com\\\/avatar\\\/5972001801e8de5692a3e31224e85769f50a55fb8b679749f9c8d1868cceff14?s=96&d=initials&r=g&initials=yg\",\"url\":\"https:\\\/\\\/secure.gravatar.com\\\/avatar\\\/5972001801e8de5692a3e31224e85769f50a55fb8b679749f9c8d1868cceff14?s=96&d=initials&r=g&initials=yg\",\"contentUrl\":\"https:\\\/\\\/secure.gravatar.com\\\/avatar\\\/5972001801e8de5692a3e31224e85769f50a55fb8b679749f9c8d1868cceff14?s=96&d=initials&r=g&initials=yg\",\"caption\":\"Yann Gourvennec\"},\"description\":\"Yann Gourvennec created visionarymarketing.com in 1996. He is a speaker and author of many books. In 2014 he went from intrapreneur to entrepreneur, when he created his digital marketing agency. Yann Gourvennec a cr\u00e9\u00e9 visionarymarketing.com en 1996. Il est conf\u00e9rencier et auteur de plusieurs livres. En 2014, il est pass\u00e9 d'intrapreneur \u00e0 entrepreneur en cr\u00e9ant son agence de marketing num\u00e9rique.\",\"sameAs\":[\"https:\\\/\\\/visionarymarketing.com\",\"http:\\\/\\\/facebook.com\\\/ygourven\",\"http:\\\/\\\/linkedin.com\\\/in\\\/ygourven\",\"https:\\\/\\\/x.com\\\/ygourven\",\"https:\\\/\\\/www.youtube.com\\\/c\\\/visionarymarketingagency\"],\"url\":\"https:\\\/\\\/visionarymarketing.com\\\/fr\\\/author\\\/yann-gourvennec\\\/\"}]}<\/script>\n<!-- \/ Yoast SEO plugin. -->","yoast_head_json":{"title":"Big Data et innovation au G9+ (26 juin 2014)","description":"Je relaie ici l'annonce de la toute proche conf\u00e9rence du G9+ sur le sujet des Big Data avec les t\u00e9moignages de Criteo, Salesforce, Cityzen, Kwaga et m\u00eame","robots":{"index":"index","follow":"follow","max-snippet":"max-snippet:-1","max-image-preview":"max-image-preview:large","max-video-preview":"max-video-preview:-1"},"canonical":"https:\/\/visionarymarketing.com\/fr\/2014\/06\/12\/big-data-et-innovation\/","og_locale":"fr_FR","og_type":"article","og_title":"Big Data et innovation au G9+ (26 juin 2014)","og_description":"Je relaie ici l'annonce de la toute proche conf\u00e9rence du G9+ sur le sujet des Big Data avec les t\u00e9moignages de Criteo, Salesforce, Cityzen, Kwaga et m\u00eame","og_url":"https:\/\/visionarymarketing.com\/fr\/2014\/06\/12\/big-data-et-innovation\/","og_site_name":"Marketing and Innovation","article_publisher":"https:\/\/www.facebook.com\/vismktg","article_author":"http:\/\/facebook.com\/ygourven","article_published_time":"2014-06-12T15:24:25+00:00","article_modified_time":"2023-12-11T07:23:29+00:00","og_image":[{"width":644,"height":430,"url":"https:\/\/visionarymarketing.com\/wp-content\/uploads\/2019\/11\/47977292358_bf3ee00e95_c.jpg","type":"image\/jpeg"}],"author":"Yann Gourvennec","twitter_card":"summary_large_image","twitter_creator":"@ygourven","twitter_site":"@ygourven","twitter_misc":{"\u00c9crit par":"Yann Gourvennec","Dur\u00e9e de lecture estim\u00e9e":"2 minutes"},"schema":{"@context":"https:\/\/schema.org","@graph":[{"@type":"NewsArticle","@id":"https:\/\/visionarymarketing.com\/fr\/2014\/06\/12\/big-data-et-innovation\/#article","isPartOf":{"@id":"https:\/\/visionarymarketing.com\/fr\/2014\/06\/12\/big-data-et-innovation\/"},"author":{"name":"Yann Gourvennec","@id":"https:\/\/visionarymarketing.com\/fr\/#\/schema\/person\/3754fee1e558f47b8deb46f53c37423e"},"headline":"Big Data et innovation au G9+ (26 juin 2014)","datePublished":"2014-06-12T15:24:25+00:00","dateModified":"2023-12-11T07:23:29+00:00","mainEntityOfPage":{"@id":"https:\/\/visionarymarketing.com\/fr\/2014\/06\/12\/big-data-et-innovation\/"},"wordCount":344,"commentCount":2,"image":{"@id":"https:\/\/visionarymarketing.com\/fr\/2014\/06\/12\/big-data-et-innovation\/#primaryimage"},"thumbnailUrl":"https:\/\/visionarymarketing.com\/wp-content\/uploads\/2019\/11\/47977292358_bf3ee00e95_c.jpg","articleSection":["e-business \/ e-commerce","IA et Big Data"],"inLanguage":"fr-FR","potentialAction":[{"@type":"CommentAction","name":"Comment","target":["https:\/\/visionarymarketing.com\/fr\/2014\/06\/12\/big-data-et-innovation\/#respond"]}]},{"@type":"WebPage","@id":"https:\/\/visionarymarketing.com\/fr\/2014\/06\/12\/big-data-et-innovation\/","url":"https:\/\/visionarymarketing.com\/fr\/2014\/06\/12\/big-data-et-innovation\/","name":"Big Data et innovation au G9+ (26 juin 2014)","isPartOf":{"@id":"https:\/\/visionarymarketing.com\/fr\/#website"},"primaryImageOfPage":{"@id":"https:\/\/visionarymarketing.com\/fr\/2014\/06\/12\/big-data-et-innovation\/#primaryimage"},"image":{"@id":"https:\/\/visionarymarketing.com\/fr\/2014\/06\/12\/big-data-et-innovation\/#primaryimage"},"thumbnailUrl":"https:\/\/visionarymarketing.com\/wp-content\/uploads\/2019\/11\/47977292358_bf3ee00e95_c.jpg","datePublished":"2014-06-12T15:24:25+00:00","dateModified":"2023-12-11T07:23:29+00:00","author":{"@id":"https:\/\/visionarymarketing.com\/fr\/#\/schema\/person\/3754fee1e558f47b8deb46f53c37423e"},"description":"Je relaie ici l'annonce de la toute proche conf\u00e9rence du G9+ sur le sujet des Big Data avec les t\u00e9moignages de Criteo, Salesforce, Cityzen, Kwaga et m\u00eame","breadcrumb":{"@id":"https:\/\/visionarymarketing.com\/fr\/2014\/06\/12\/big-data-et-innovation\/#breadcrumb"},"inLanguage":"fr-FR","potentialAction":[{"@type":"ReadAction","target":["https:\/\/visionarymarketing.com\/fr\/2014\/06\/12\/big-data-et-innovation\/"]}]},{"@type":"ImageObject","inLanguage":"fr-FR","@id":"https:\/\/visionarymarketing.com\/fr\/2014\/06\/12\/big-data-et-innovation\/#primaryimage","url":"https:\/\/visionarymarketing.com\/wp-content\/uploads\/2019\/11\/47977292358_bf3ee00e95_c.jpg","contentUrl":"https:\/\/visionarymarketing.com\/wp-content\/uploads\/2019\/11\/47977292358_bf3ee00e95_c.jpg","width":644,"height":430},{"@type":"BreadcrumbList","@id":"https:\/\/visionarymarketing.com\/fr\/2014\/06\/12\/big-data-et-innovation\/#breadcrumb","itemListElement":[{"@type":"ListItem","position":1,"name":"Home","item":"https:\/\/visionarymarketing.com\/fr\/"},{"@type":"ListItem","position":2,"name":"Big Data et innovation au G9+ (26 juin 2014)"}]},{"@type":"WebSite","@id":"https:\/\/visionarymarketing.com\/fr\/#website","url":"https:\/\/visionarymarketing.com\/fr\/","name":"Marketing and Innovation","description":"Site d&#039;infos ind\u00e9pendant, depuis 1996","potentialAction":[{"@type":"SearchAction","target":{"@type":"EntryPoint","urlTemplate":"https:\/\/visionarymarketing.com\/fr\/?s={search_term_string}"},"query-input":{"@type":"PropertyValueSpecification","valueRequired":true,"valueName":"search_term_string"}}],"inLanguage":"fr-FR"},{"@type":"Person","@id":"https:\/\/visionarymarketing.com\/fr\/#\/schema\/person\/3754fee1e558f47b8deb46f53c37423e","name":"Yann Gourvennec","image":{"@type":"ImageObject","inLanguage":"fr-FR","@id":"https:\/\/secure.gravatar.com\/avatar\/5972001801e8de5692a3e31224e85769f50a55fb8b679749f9c8d1868cceff14?s=96&d=initials&r=g&initials=yg","url":"https:\/\/secure.gravatar.com\/avatar\/5972001801e8de5692a3e31224e85769f50a55fb8b679749f9c8d1868cceff14?s=96&d=initials&r=g&initials=yg","contentUrl":"https:\/\/secure.gravatar.com\/avatar\/5972001801e8de5692a3e31224e85769f50a55fb8b679749f9c8d1868cceff14?s=96&d=initials&r=g&initials=yg","caption":"Yann Gourvennec"},"description":"Yann Gourvennec created visionarymarketing.com in 1996. He is a speaker and author of many books. In 2014 he went from intrapreneur to entrepreneur, when he created his digital marketing agency. Yann Gourvennec a cr\u00e9\u00e9 visionarymarketing.com en 1996. Il est conf\u00e9rencier et auteur de plusieurs livres. En 2014, il est pass\u00e9 d'intrapreneur \u00e0 entrepreneur en cr\u00e9ant son agence de marketing num\u00e9rique.","sameAs":["https:\/\/visionarymarketing.com","http:\/\/facebook.com\/ygourven","http:\/\/linkedin.com\/in\/ygourven","https:\/\/x.com\/ygourven","https:\/\/www.youtube.com\/c\/visionarymarketingagency"],"url":"https:\/\/visionarymarketing.com\/fr\/author\/yann-gourvennec\/"}]}},"_links":{"self":[{"href":"https:\/\/visionarymarketing.com\/fr\/wp-json\/wp\/v2\/posts\/14096","targetHints":{"allow":["GET"]}}],"collection":[{"href":"https:\/\/visionarymarketing.com\/fr\/wp-json\/wp\/v2\/posts"}],"about":[{"href":"https:\/\/visionarymarketing.com\/fr\/wp-json\/wp\/v2\/types\/post"}],"author":[{"embeddable":true,"href":"https:\/\/visionarymarketing.com\/fr\/wp-json\/wp\/v2\/users\/2"}],"replies":[{"embeddable":true,"href":"https:\/\/visionarymarketing.com\/fr\/wp-json\/wp\/v2\/comments?post=14096"}],"version-history":[{"count":0,"href":"https:\/\/visionarymarketing.com\/fr\/wp-json\/wp\/v2\/posts\/14096\/revisions"}],"wp:featuredmedia":[{"embeddable":true,"href":"https:\/\/visionarymarketing.com\/fr\/wp-json\/wp\/v2\/media\/34067"}],"wp:attachment":[{"href":"https:\/\/visionarymarketing.com\/fr\/wp-json\/wp\/v2\/media?parent=14096"}],"wp:term":[{"taxonomy":"category","embeddable":true,"href":"https:\/\/visionarymarketing.com\/fr\/wp-json\/wp\/v2\/categories?post=14096"},{"taxonomy":"post_tag","embeddable":true,"href":"https:\/\/visionarymarketing.com\/fr\/wp-json\/wp\/v2\/tags?post=14096"}],"curies":[{"name":"wp","href":"https:\/\/api.w.org\/{rel}","templated":true}]}}