{"id":1397,"date":"2009-03-10T06:28:00","date_gmt":"2009-03-10T06:28:00","guid":{"rendered":"http:\/\/visionary.wordpress.com\/?p=1397"},"modified":"2020-09-20T09:20:08","modified_gmt":"2020-09-20T07:20:08","slug":"societe-generale-kerviel","status":"publish","type":"post","link":"https:\/\/visionarymarketing.com\/fr\/2009\/03\/10\/societe-generale-kerviel\/","title":{"rendered":"Soci\u00e9t\u00e9 G\u00e9n\u00e9rale &#8211; un an apr\u00e8s, le bilan de l&rsquo;affaire Kerviel"},"content":{"rendered":"<figure id=\"attachment_1424\" aria-describedby=\"caption-attachment-1424\" style=\"width: 150px\" class=\"wp-caption alignright\"><img decoding=\"async\" class=\"wp-image-1424 size-thumbnail\" title=\"kerviel\" src=\"https:\/\/visionarymarketing.com\/wp-content\/uploads\/2009\/03\/kerviel-150x150.jpg\" alt=\"affaire Kerviel : 1 an apr\u00e8s\" width=\"150\" height=\"150\" srcset=\"https:\/\/visionarymarketing.com\/wp-content\/uploads\/2009\/03\/kerviel-150x150.jpg 150w, https:\/\/visionarymarketing.com\/wp-content\/uploads\/2009\/03\/kerviel-300x300.jpg 300w, https:\/\/visionarymarketing.com\/wp-content\/uploads\/2009\/03\/kerviel.jpg 400w\" sizes=\"(max-width: 150px) 100vw, 150px\" \/><figcaption id=\"caption-attachment-1424\" class=\"wp-caption-text\">affaire Kerviel : 1 an apr\u00e8s<\/figcaption><\/figure>\n<p>Un an apr\u00e8s, l&rsquo;affaire Kerviel et plus largement celle de la Soci\u00e9t\u00e9 G\u00e9n\u00e9rale, fait encore parler d&rsquo;elle. Dans cet excellent <a title=\"Le dir com de la SG sur l'affaire Kerviel\" href=\"https:\/\/web.archive.org\/web\/20131101024712\/http:\/\/www.opinion-watch.com\/dircom-de-societe-generale-chez-communication-sensible\/\" target=\"_blank\" rel=\"noopener noreferrer\">article de Laurent Magloire, sur son blog Opinion Watch<\/a>,<\/p>\n<p>Laurent fait un retour de l&rsquo;intervention du directeur de la communication de la soci\u00e9t\u00e9 g\u00e9n\u00e9rale dans le cadre de <a title=\"Didier Heiderich - Communication de crise\" href=\"http:\/\/www.communication-sensible.com\/articles\/article0209.php\" target=\"_blank\" rel=\"noopener noreferrer\">l&rsquo;observatoire de la communication de crise &amp; sensible de notre ami Didier Heiderich<\/a>.<\/p>\n<h2>Soci\u00e9t\u00e9 G\u00e9n\u00e9rale &#8211; un an apr\u00e8s, le bilan de l&rsquo;affaire Kerviel<\/h2>\n<figure id=\"attachment_55697\" aria-describedby=\"caption-attachment-55697\" style=\"width: 799px\" class=\"wp-caption aligncenter\"><a href=\"https:\/\/visionarymarketing.com\/wp-content\/uploads\/2020\/09\/43960734260_672f5e0599_c.jpg\"><img decoding=\"async\" class=\"wp-image-55697 size-full\" src=\"https:\/\/visionarymarketing.com\/wp-content\/uploads\/2020\/09\/43960734260_672f5e0599_c.jpg\" alt=\"Soci\u00e9t\u00e9 G\u00e9n\u00e9rale - un an apr\u00e8s, le bilan de l'affaire Kerviel\" width=\"799\" height=\"551\" srcset=\"https:\/\/visionarymarketing.com\/wp-content\/uploads\/2020\/09\/43960734260_672f5e0599_c.jpg 799w, https:\/\/visionarymarketing.com\/wp-content\/uploads\/2020\/09\/43960734260_672f5e0599_c-435x300.jpg 435w, https:\/\/visionarymarketing.com\/wp-content\/uploads\/2020\/09\/43960734260_672f5e0599_c-768x530.jpg 768w\" sizes=\"(max-width: 799px) 100vw, 799px\" \/><\/a><figcaption id=\"caption-attachment-55697\" class=\"wp-caption-text\">Soci\u00e9t\u00e9 G\u00e9n\u00e9rale &#8211; un an apr\u00e8s, le bilan de l&rsquo;affaire Kerviel<\/figcaption><\/figure>\n<p>On le verra, la banque reste fragilis\u00e9e par cet \u00e9v\u00e9nement et le directeur de la com de la Soci\u00e9t\u00e9 G\u00e9n\u00e9rale, M. Marquet, insiste largement et \u00e0 juste titre, sur le manque de prise en compte par la banque de l&rsquo;univers Internet, dont on sait la particularit\u00e9, du moins pour ceux qui lisent habituellement nos pages.<!--more--><\/p>\n<p style=\"text-align: justify;\">Ceci \u00e9tant, ce que je trouve particuli\u00e8rement int\u00e9ressant dans l&rsquo;article de Laurent, c&rsquo;est qu&rsquo;il insiste sur le fait que un certain moment intense de la crise, jusqu&rsquo;\u00e0 <em>1000 articles pouvaient \u00eatre publi\u00e9s<\/em> dans les journaux sur ce sujet. Le Net a donc encore une fois encore r\u00e9agi comme une caisse de r\u00e9sonance, non en opposition de phase avec la presse traditionnelle, mais dans une relation symbiotique o\u00f9 les 2 s&rsquo;amplifient mutuellement.<\/p>\n<p style=\"text-align: justify;\">Il n&rsquo;est donc pas question de d\u00e9crire l&rsquo;Internet comme <em>l&rsquo;endroit o\u00f9 na\u00eetraient et mourraient toutes les crises<\/em>, mais plut\u00f4t comme une caisse de r\u00e9sonance par rapport \u00e0 des m\u00e9dias traditionnels qui, bien qu&rsquo;on nous en annonce sans arr\u00eat la mort (bien entendu, je n&rsquo;y crois pas), restent le point de r\u00e9f\u00e9rence, du moins aujourd&rsquo;hui. Je renvoie d&rsquo;ailleurs \u00e0 mon article pr\u00e9c\u00e9dent sur ce sujet :\u00a0<a title=\"Buzz et e-reputation - SG Kerviel Bouton\" href=\"https:\/\/visionarymarketing.com\/2009\/01\/27\/buzz-et-e-reputation-le-grand-mechant-loup-nest-pas-celui-quon-croit\/\" target=\"_blank\" rel=\"noopener noreferrer\">buzz et e-reputation, le grand m\u00e9chant loup n&rsquo;est pas celui qu&rsquo;on croit<\/a>.<\/p>\n<p style=\"text-align: justify;\">Voir \u00e9galement ici la chronologie de la crise de la Soci\u00e9t\u00e9 G\u00e9n\u00e9rale d\u00e9cortiqu\u00e9e avec rigueur et brio par <a title=\"Laurent Magloire\" href=\"https:\/\/web.archive.org\/web\/20090420180202\/http:\/\/www.opinion-watch.com:80\/a-propos-blog-opinion-watch\/\" target=\"_blank\" rel=\"noopener noreferrer\">Laurent Magloire<\/a><\/p>\n<h3>Le DirCom de la Soci\u00e9t\u00e9 G\u00e9n\u00e9rale chez Communication Sensible<\/h3>\n<p>Je reviens sur la\u00a0<a title=\"opinion-watch.com - La communication de crise de la Soci\u00e9t\u00e9 G\u00e9n\u00e9rale dans l'affaire Kerviel\" href=\"https:\/\/web.archive.org\/web\/20131031224430\/http:\/\/www.opinion-watch.com\/communication-de-crise-de-la-societe-generale-dans-l-affaire-kerviel\/\" target=\"_blank\" rel=\"noopener noreferrer\">communication de crise de la Soci\u00e9t\u00e9 G\u00e9n\u00e9rale<\/a>\u00a0d\u00e9j\u00e0 abord\u00e9e dans un pr\u00e9c\u00e9dent billet au moment de l&rsquo;affaire Kerviel car le magazine Communication de Crise &amp; Sensible anim\u00e9 par Didier Heiderich propose une\u00a0<a title=\"Communication-sensible.com - Interview de Denis Marquet, directeur de l'information \u00e0 la direction de la communication Soci\u00e9t\u00e9 G\u00e9n\u00e9rale \" href=\"http:\/\/www.communication-sensible.com\/articles\/article0209.php\" target=\"_blank\" rel=\"noopener noreferrer\">interview<\/a>\u00a0int\u00e9ressante sur le sujet de\u00a0<span class=\"removed_link\" title=\"http:\/\/www.linkedin.com\/pub\/4\/688\/5b\">Denis Marquet<\/span>, un des membres de la cellule de crise et aujourd&rsquo;hui DirCom du groupe.<\/p>\n<p>Au cours de cet entretien, M.Marquet aborde les forces et les faiblesses des d\u00e9cisions prises par la cellule de crise :<\/p>\n<ul>\n<li>\u00ab\u00a0Les points faibles portent sur une insuffisante prise en consid\u00e9ration du m\u00e9dia Internet et nous aurions d\u00fb couper court aux rumeurs qui s&rsquo;amplifiaient et qui pr\u00e9sentaient J\u00e9r\u00f4me Kerviel comme une sorte de Robin de Bois avec ses comit\u00e9s de soutien.\u00a0\u00bb<\/li>\n<li>\u00ab\u00a0j&rsquo;ai d\u00e9couvert l&rsquo;importance de ce que je consid\u00e8re comme le meilleur rempart, \u00e0 savoir la r\u00e9action des salari\u00e9s.\u00a0\u00bb<\/li>\n<\/ul>\n<p style=\"text-align: justify;\">&gt;&gt; <strong><a title=\"La Soci\u00e9t\u00e9 G\u00e9n\u00e9rale et l'affaire Kerviel sur Opinion Watch de Laurent Magloire\" href=\"https:\/\/web.archive.org\/web\/20120529031401\/http:\/\/www.opinion-watch.com\/dircom-de-societe-generale-chez-communication-sensible\/\" target=\"_blank\" rel=\"noopener noreferrer\">lire la suite sur le blog de Laurent Magloire : &lsquo;Opinion Watch<\/a>&lsquo;<\/strong><\/p>\n","protected":false},"excerpt":{"rendered":"<p>Un an apr\u00e8s, l&rsquo;affaire Kerviel et plus largement celle de la Soci\u00e9t\u00e9 G\u00e9n\u00e9rale, fait encore parler d&rsquo;elle. Dans cet excellent article de Laurent Magloire, sur son blog Opinion Watch, Laurent fait un retour de l&rsquo;intervention du directeur de la communication de la soci\u00e9t\u00e9 g\u00e9n\u00e9rale dans le cadre de l&rsquo;observatoire de la communication de crise &amp; &hellip;<\/p>\n","protected":false},"author":2,"featured_media":55697,"comment_status":"open","ping_status":"open","sticky":false,"template":"","format":"standard","meta":{"footnotes":""},"categories":[134],"tags":[],"class_list":["post-1397","post","type-post","status-publish","format-standard","has-post-thumbnail","hentry","category-economie"],"yoast_head":"<!-- This site is optimized with the Yoast SEO plugin v27.4 - https:\/\/yoast.com\/product\/yoast-seo-wordpress\/ -->\n<title>Soci\u00e9t\u00e9 G\u00e9n\u00e9rale - un an apr\u00e8s, le bilan de l&#039;affaire Kerviel<\/title>\n<meta name=\"description\" content=\"Un an apr\u00e8s, l&#039;affaire Kerviel et celle de la Soci\u00e9t\u00e9 G\u00e9n\u00e9rale, fait encore parler d&#039;elle. La suite sur le blog de Laurent Magloire\" \/>\n<meta name=\"robots\" content=\"index, follow, max-snippet:-1, max-image-preview:large, max-video-preview:-1\" \/>\n<link rel=\"canonical\" href=\"https:\/\/visionarymarketing.com\/fr\/2009\/03\/10\/societe-generale-kerviel\/\" \/>\n<meta property=\"og:locale\" content=\"fr_FR\" \/>\n<meta property=\"og:type\" content=\"article\" \/>\n<meta property=\"og:title\" content=\"Soci\u00e9t\u00e9 G\u00e9n\u00e9rale - un an apr\u00e8s, le bilan de l&#039;affaire Kerviel\" \/>\n<meta property=\"og:description\" content=\"Un an apr\u00e8s, l&#039;affaire Kerviel et celle de la Soci\u00e9t\u00e9 G\u00e9n\u00e9rale, fait encore parler d&#039;elle. La suite sur le blog de Laurent Magloire\" \/>\n<meta property=\"og:url\" content=\"https:\/\/visionarymarketing.com\/fr\/2009\/03\/10\/societe-generale-kerviel\/\" \/>\n<meta property=\"og:site_name\" content=\"Marketing and Innovation\" \/>\n<meta property=\"article:publisher\" content=\"https:\/\/www.facebook.com\/vismktg\" \/>\n<meta property=\"article:author\" content=\"http:\/\/facebook.com\/ygourven\" \/>\n<meta property=\"article:published_time\" content=\"2009-03-10T06:28:00+00:00\" \/>\n<meta property=\"article:modified_time\" content=\"2020-09-20T07:20:08+00:00\" \/>\n<meta property=\"og:image\" content=\"https:\/\/visionarymarketing.com\/wp-content\/uploads\/2020\/09\/43960734260_672f5e0599_c.jpg\" \/>\n\t<meta property=\"og:image:width\" content=\"799\" \/>\n\t<meta property=\"og:image:height\" content=\"551\" \/>\n\t<meta property=\"og:image:type\" content=\"image\/jpeg\" \/>\n<meta name=\"author\" content=\"Yann Gourvennec\" \/>\n<meta name=\"twitter:card\" content=\"summary_large_image\" \/>\n<meta name=\"twitter:creator\" content=\"@ygourven\" \/>\n<meta name=\"twitter:site\" content=\"@ygourven\" \/>\n<meta name=\"twitter:label1\" content=\"\u00c9crit par\" \/>\n\t<meta name=\"twitter:data1\" content=\"Yann Gourvennec\" \/>\n\t<meta name=\"twitter:label2\" content=\"Dur\u00e9e de lecture estim\u00e9e\" \/>\n\t<meta name=\"twitter:data2\" content=\"3 minutes\" \/>\n<script type=\"application\/ld+json\" class=\"yoast-schema-graph\">{\"@context\":\"https:\\\/\\\/schema.org\",\"@graph\":[{\"@type\":\"NewsArticle\",\"@id\":\"https:\\\/\\\/visionarymarketing.com\\\/fr\\\/2009\\\/03\\\/10\\\/societe-generale-kerviel\\\/#article\",\"isPartOf\":{\"@id\":\"https:\\\/\\\/visionarymarketing.com\\\/fr\\\/2009\\\/03\\\/10\\\/societe-generale-kerviel\\\/\"},\"author\":{\"name\":\"Yann Gourvennec\",\"@id\":\"https:\\\/\\\/visionarymarketing.com\\\/fr\\\/#\\\/schema\\\/person\\\/3754fee1e558f47b8deb46f53c37423e\"},\"headline\":\"Soci\u00e9t\u00e9 G\u00e9n\u00e9rale &#8211; un an apr\u00e8s, le bilan de l&rsquo;affaire Kerviel\",\"datePublished\":\"2009-03-10T06:28:00+00:00\",\"dateModified\":\"2020-09-20T07:20:08+00:00\",\"mainEntityOfPage\":{\"@id\":\"https:\\\/\\\/visionarymarketing.com\\\/fr\\\/2009\\\/03\\\/10\\\/societe-generale-kerviel\\\/\"},\"wordCount\":580,\"commentCount\":0,\"image\":{\"@id\":\"https:\\\/\\\/visionarymarketing.com\\\/fr\\\/2009\\\/03\\\/10\\\/societe-generale-kerviel\\\/#primaryimage\"},\"thumbnailUrl\":\"https:\\\/\\\/visionarymarketing.com\\\/wp-content\\\/uploads\\\/2020\\\/09\\\/43960734260_672f5e0599_c.jpg\",\"articleSection\":[\"\u00e9conomie et num\u00e9rique\"],\"inLanguage\":\"fr-FR\",\"potentialAction\":[{\"@type\":\"CommentAction\",\"name\":\"Comment\",\"target\":[\"https:\\\/\\\/visionarymarketing.com\\\/fr\\\/2009\\\/03\\\/10\\\/societe-generale-kerviel\\\/#respond\"]}]},{\"@type\":\"WebPage\",\"@id\":\"https:\\\/\\\/visionarymarketing.com\\\/fr\\\/2009\\\/03\\\/10\\\/societe-generale-kerviel\\\/\",\"url\":\"https:\\\/\\\/visionarymarketing.com\\\/fr\\\/2009\\\/03\\\/10\\\/societe-generale-kerviel\\\/\",\"name\":\"Soci\u00e9t\u00e9 G\u00e9n\u00e9rale - un an apr\u00e8s, le bilan de l'affaire Kerviel\",\"isPartOf\":{\"@id\":\"https:\\\/\\\/visionarymarketing.com\\\/fr\\\/#website\"},\"primaryImageOfPage\":{\"@id\":\"https:\\\/\\\/visionarymarketing.com\\\/fr\\\/2009\\\/03\\\/10\\\/societe-generale-kerviel\\\/#primaryimage\"},\"image\":{\"@id\":\"https:\\\/\\\/visionarymarketing.com\\\/fr\\\/2009\\\/03\\\/10\\\/societe-generale-kerviel\\\/#primaryimage\"},\"thumbnailUrl\":\"https:\\\/\\\/visionarymarketing.com\\\/wp-content\\\/uploads\\\/2020\\\/09\\\/43960734260_672f5e0599_c.jpg\",\"datePublished\":\"2009-03-10T06:28:00+00:00\",\"dateModified\":\"2020-09-20T07:20:08+00:00\",\"author\":{\"@id\":\"https:\\\/\\\/visionarymarketing.com\\\/fr\\\/#\\\/schema\\\/person\\\/3754fee1e558f47b8deb46f53c37423e\"},\"description\":\"Un an apr\u00e8s, l'affaire Kerviel et celle de la Soci\u00e9t\u00e9 G\u00e9n\u00e9rale, fait encore parler d'elle. La suite sur le blog de Laurent Magloire\",\"breadcrumb\":{\"@id\":\"https:\\\/\\\/visionarymarketing.com\\\/fr\\\/2009\\\/03\\\/10\\\/societe-generale-kerviel\\\/#breadcrumb\"},\"inLanguage\":\"fr-FR\",\"potentialAction\":[{\"@type\":\"ReadAction\",\"target\":[\"https:\\\/\\\/visionarymarketing.com\\\/fr\\\/2009\\\/03\\\/10\\\/societe-generale-kerviel\\\/\"]}]},{\"@type\":\"ImageObject\",\"inLanguage\":\"fr-FR\",\"@id\":\"https:\\\/\\\/visionarymarketing.com\\\/fr\\\/2009\\\/03\\\/10\\\/societe-generale-kerviel\\\/#primaryimage\",\"url\":\"https:\\\/\\\/visionarymarketing.com\\\/wp-content\\\/uploads\\\/2020\\\/09\\\/43960734260_672f5e0599_c.jpg\",\"contentUrl\":\"https:\\\/\\\/visionarymarketing.com\\\/wp-content\\\/uploads\\\/2020\\\/09\\\/43960734260_672f5e0599_c.jpg\",\"width\":799,\"height\":551},{\"@type\":\"BreadcrumbList\",\"@id\":\"https:\\\/\\\/visionarymarketing.com\\\/fr\\\/2009\\\/03\\\/10\\\/societe-generale-kerviel\\\/#breadcrumb\",\"itemListElement\":[{\"@type\":\"ListItem\",\"position\":1,\"name\":\"Home\",\"item\":\"https:\\\/\\\/visionarymarketing.com\\\/fr\\\/\"},{\"@type\":\"ListItem\",\"position\":2,\"name\":\"Soci\u00e9t\u00e9 G\u00e9n\u00e9rale &#8211; un an apr\u00e8s, le bilan de l&rsquo;affaire Kerviel\"}]},{\"@type\":\"WebSite\",\"@id\":\"https:\\\/\\\/visionarymarketing.com\\\/fr\\\/#website\",\"url\":\"https:\\\/\\\/visionarymarketing.com\\\/fr\\\/\",\"name\":\"Marketing and Innovation\",\"description\":\"Site d&#039;infos ind\u00e9pendant, depuis 1996\",\"potentialAction\":[{\"@type\":\"SearchAction\",\"target\":{\"@type\":\"EntryPoint\",\"urlTemplate\":\"https:\\\/\\\/visionarymarketing.com\\\/fr\\\/?s={search_term_string}\"},\"query-input\":{\"@type\":\"PropertyValueSpecification\",\"valueRequired\":true,\"valueName\":\"search_term_string\"}}],\"inLanguage\":\"fr-FR\"},{\"@type\":\"Person\",\"@id\":\"https:\\\/\\\/visionarymarketing.com\\\/fr\\\/#\\\/schema\\\/person\\\/3754fee1e558f47b8deb46f53c37423e\",\"name\":\"Yann Gourvennec\",\"image\":{\"@type\":\"ImageObject\",\"inLanguage\":\"fr-FR\",\"@id\":\"https:\\\/\\\/secure.gravatar.com\\\/avatar\\\/5972001801e8de5692a3e31224e85769f50a55fb8b679749f9c8d1868cceff14?s=96&d=initials&r=g&initials=yg\",\"url\":\"https:\\\/\\\/secure.gravatar.com\\\/avatar\\\/5972001801e8de5692a3e31224e85769f50a55fb8b679749f9c8d1868cceff14?s=96&d=initials&r=g&initials=yg\",\"contentUrl\":\"https:\\\/\\\/secure.gravatar.com\\\/avatar\\\/5972001801e8de5692a3e31224e85769f50a55fb8b679749f9c8d1868cceff14?s=96&d=initials&r=g&initials=yg\",\"caption\":\"Yann Gourvennec\"},\"description\":\"Yann Gourvennec created visionarymarketing.com in 1996. He is a speaker and author of many books. In 2014 he went from intrapreneur to entrepreneur, when he created his digital marketing agency. Yann Gourvennec a cr\u00e9\u00e9 visionarymarketing.com en 1996. Il est conf\u00e9rencier et auteur de plusieurs livres. En 2014, il est pass\u00e9 d'intrapreneur \u00e0 entrepreneur en cr\u00e9ant son agence de marketing num\u00e9rique.\",\"sameAs\":[\"https:\\\/\\\/visionarymarketing.com\",\"http:\\\/\\\/facebook.com\\\/ygourven\",\"http:\\\/\\\/linkedin.com\\\/in\\\/ygourven\",\"https:\\\/\\\/x.com\\\/ygourven\",\"https:\\\/\\\/www.youtube.com\\\/c\\\/visionarymarketingagency\"],\"url\":\"https:\\\/\\\/visionarymarketing.com\\\/fr\\\/author\\\/yann-gourvennec\\\/\"}]}<\/script>\n<!-- \/ Yoast SEO plugin. -->","yoast_head_json":{"title":"Soci\u00e9t\u00e9 G\u00e9n\u00e9rale - un an apr\u00e8s, le bilan de l'affaire Kerviel","description":"Un an apr\u00e8s, l'affaire Kerviel et celle de la Soci\u00e9t\u00e9 G\u00e9n\u00e9rale, fait encore parler d'elle. La suite sur le blog de Laurent Magloire","robots":{"index":"index","follow":"follow","max-snippet":"max-snippet:-1","max-image-preview":"max-image-preview:large","max-video-preview":"max-video-preview:-1"},"canonical":"https:\/\/visionarymarketing.com\/fr\/2009\/03\/10\/societe-generale-kerviel\/","og_locale":"fr_FR","og_type":"article","og_title":"Soci\u00e9t\u00e9 G\u00e9n\u00e9rale - un an apr\u00e8s, le bilan de l'affaire Kerviel","og_description":"Un an apr\u00e8s, l'affaire Kerviel et celle de la Soci\u00e9t\u00e9 G\u00e9n\u00e9rale, fait encore parler d'elle. La suite sur le blog de Laurent Magloire","og_url":"https:\/\/visionarymarketing.com\/fr\/2009\/03\/10\/societe-generale-kerviel\/","og_site_name":"Marketing and Innovation","article_publisher":"https:\/\/www.facebook.com\/vismktg","article_author":"http:\/\/facebook.com\/ygourven","article_published_time":"2009-03-10T06:28:00+00:00","article_modified_time":"2020-09-20T07:20:08+00:00","og_image":[{"width":799,"height":551,"url":"https:\/\/visionarymarketing.com\/wp-content\/uploads\/2020\/09\/43960734260_672f5e0599_c.jpg","type":"image\/jpeg"}],"author":"Yann Gourvennec","twitter_card":"summary_large_image","twitter_creator":"@ygourven","twitter_site":"@ygourven","twitter_misc":{"\u00c9crit par":"Yann Gourvennec","Dur\u00e9e de lecture estim\u00e9e":"3 minutes"},"schema":{"@context":"https:\/\/schema.org","@graph":[{"@type":"NewsArticle","@id":"https:\/\/visionarymarketing.com\/fr\/2009\/03\/10\/societe-generale-kerviel\/#article","isPartOf":{"@id":"https:\/\/visionarymarketing.com\/fr\/2009\/03\/10\/societe-generale-kerviel\/"},"author":{"name":"Yann Gourvennec","@id":"https:\/\/visionarymarketing.com\/fr\/#\/schema\/person\/3754fee1e558f47b8deb46f53c37423e"},"headline":"Soci\u00e9t\u00e9 G\u00e9n\u00e9rale &#8211; un an apr\u00e8s, le bilan de l&rsquo;affaire Kerviel","datePublished":"2009-03-10T06:28:00+00:00","dateModified":"2020-09-20T07:20:08+00:00","mainEntityOfPage":{"@id":"https:\/\/visionarymarketing.com\/fr\/2009\/03\/10\/societe-generale-kerviel\/"},"wordCount":580,"commentCount":0,"image":{"@id":"https:\/\/visionarymarketing.com\/fr\/2009\/03\/10\/societe-generale-kerviel\/#primaryimage"},"thumbnailUrl":"https:\/\/visionarymarketing.com\/wp-content\/uploads\/2020\/09\/43960734260_672f5e0599_c.jpg","articleSection":["\u00e9conomie et num\u00e9rique"],"inLanguage":"fr-FR","potentialAction":[{"@type":"CommentAction","name":"Comment","target":["https:\/\/visionarymarketing.com\/fr\/2009\/03\/10\/societe-generale-kerviel\/#respond"]}]},{"@type":"WebPage","@id":"https:\/\/visionarymarketing.com\/fr\/2009\/03\/10\/societe-generale-kerviel\/","url":"https:\/\/visionarymarketing.com\/fr\/2009\/03\/10\/societe-generale-kerviel\/","name":"Soci\u00e9t\u00e9 G\u00e9n\u00e9rale - un an apr\u00e8s, le bilan de l'affaire Kerviel","isPartOf":{"@id":"https:\/\/visionarymarketing.com\/fr\/#website"},"primaryImageOfPage":{"@id":"https:\/\/visionarymarketing.com\/fr\/2009\/03\/10\/societe-generale-kerviel\/#primaryimage"},"image":{"@id":"https:\/\/visionarymarketing.com\/fr\/2009\/03\/10\/societe-generale-kerviel\/#primaryimage"},"thumbnailUrl":"https:\/\/visionarymarketing.com\/wp-content\/uploads\/2020\/09\/43960734260_672f5e0599_c.jpg","datePublished":"2009-03-10T06:28:00+00:00","dateModified":"2020-09-20T07:20:08+00:00","author":{"@id":"https:\/\/visionarymarketing.com\/fr\/#\/schema\/person\/3754fee1e558f47b8deb46f53c37423e"},"description":"Un an apr\u00e8s, l'affaire Kerviel et celle de la Soci\u00e9t\u00e9 G\u00e9n\u00e9rale, fait encore parler d'elle. La suite sur le blog de Laurent Magloire","breadcrumb":{"@id":"https:\/\/visionarymarketing.com\/fr\/2009\/03\/10\/societe-generale-kerviel\/#breadcrumb"},"inLanguage":"fr-FR","potentialAction":[{"@type":"ReadAction","target":["https:\/\/visionarymarketing.com\/fr\/2009\/03\/10\/societe-generale-kerviel\/"]}]},{"@type":"ImageObject","inLanguage":"fr-FR","@id":"https:\/\/visionarymarketing.com\/fr\/2009\/03\/10\/societe-generale-kerviel\/#primaryimage","url":"https:\/\/visionarymarketing.com\/wp-content\/uploads\/2020\/09\/43960734260_672f5e0599_c.jpg","contentUrl":"https:\/\/visionarymarketing.com\/wp-content\/uploads\/2020\/09\/43960734260_672f5e0599_c.jpg","width":799,"height":551},{"@type":"BreadcrumbList","@id":"https:\/\/visionarymarketing.com\/fr\/2009\/03\/10\/societe-generale-kerviel\/#breadcrumb","itemListElement":[{"@type":"ListItem","position":1,"name":"Home","item":"https:\/\/visionarymarketing.com\/fr\/"},{"@type":"ListItem","position":2,"name":"Soci\u00e9t\u00e9 G\u00e9n\u00e9rale &#8211; un an apr\u00e8s, le bilan de l&rsquo;affaire Kerviel"}]},{"@type":"WebSite","@id":"https:\/\/visionarymarketing.com\/fr\/#website","url":"https:\/\/visionarymarketing.com\/fr\/","name":"Marketing and Innovation","description":"Site d&#039;infos ind\u00e9pendant, depuis 1996","potentialAction":[{"@type":"SearchAction","target":{"@type":"EntryPoint","urlTemplate":"https:\/\/visionarymarketing.com\/fr\/?s={search_term_string}"},"query-input":{"@type":"PropertyValueSpecification","valueRequired":true,"valueName":"search_term_string"}}],"inLanguage":"fr-FR"},{"@type":"Person","@id":"https:\/\/visionarymarketing.com\/fr\/#\/schema\/person\/3754fee1e558f47b8deb46f53c37423e","name":"Yann Gourvennec","image":{"@type":"ImageObject","inLanguage":"fr-FR","@id":"https:\/\/secure.gravatar.com\/avatar\/5972001801e8de5692a3e31224e85769f50a55fb8b679749f9c8d1868cceff14?s=96&d=initials&r=g&initials=yg","url":"https:\/\/secure.gravatar.com\/avatar\/5972001801e8de5692a3e31224e85769f50a55fb8b679749f9c8d1868cceff14?s=96&d=initials&r=g&initials=yg","contentUrl":"https:\/\/secure.gravatar.com\/avatar\/5972001801e8de5692a3e31224e85769f50a55fb8b679749f9c8d1868cceff14?s=96&d=initials&r=g&initials=yg","caption":"Yann Gourvennec"},"description":"Yann Gourvennec created visionarymarketing.com in 1996. He is a speaker and author of many books. In 2014 he went from intrapreneur to entrepreneur, when he created his digital marketing agency. Yann Gourvennec a cr\u00e9\u00e9 visionarymarketing.com en 1996. Il est conf\u00e9rencier et auteur de plusieurs livres. En 2014, il est pass\u00e9 d'intrapreneur \u00e0 entrepreneur en cr\u00e9ant son agence de marketing num\u00e9rique.","sameAs":["https:\/\/visionarymarketing.com","http:\/\/facebook.com\/ygourven","http:\/\/linkedin.com\/in\/ygourven","https:\/\/x.com\/ygourven","https:\/\/www.youtube.com\/c\/visionarymarketingagency"],"url":"https:\/\/visionarymarketing.com\/fr\/author\/yann-gourvennec\/"}]}},"_links":{"self":[{"href":"https:\/\/visionarymarketing.com\/fr\/wp-json\/wp\/v2\/posts\/1397","targetHints":{"allow":["GET"]}}],"collection":[{"href":"https:\/\/visionarymarketing.com\/fr\/wp-json\/wp\/v2\/posts"}],"about":[{"href":"https:\/\/visionarymarketing.com\/fr\/wp-json\/wp\/v2\/types\/post"}],"author":[{"embeddable":true,"href":"https:\/\/visionarymarketing.com\/fr\/wp-json\/wp\/v2\/users\/2"}],"replies":[{"embeddable":true,"href":"https:\/\/visionarymarketing.com\/fr\/wp-json\/wp\/v2\/comments?post=1397"}],"version-history":[{"count":0,"href":"https:\/\/visionarymarketing.com\/fr\/wp-json\/wp\/v2\/posts\/1397\/revisions"}],"wp:featuredmedia":[{"embeddable":true,"href":"https:\/\/visionarymarketing.com\/fr\/wp-json\/wp\/v2\/media\/55697"}],"wp:attachment":[{"href":"https:\/\/visionarymarketing.com\/fr\/wp-json\/wp\/v2\/media?parent=1397"}],"wp:term":[{"taxonomy":"category","embeddable":true,"href":"https:\/\/visionarymarketing.com\/fr\/wp-json\/wp\/v2\/categories?post=1397"},{"taxonomy":"post_tag","embeddable":true,"href":"https:\/\/visionarymarketing.com\/fr\/wp-json\/wp\/v2\/tags?post=1397"}],"curies":[{"name":"wp","href":"https:\/\/api.w.org\/{rel}","templated":true}]}}