{"id":13778,"date":"2014-05-26T07:11:18","date_gmt":"2014-05-26T05:11:18","guid":{"rendered":"http:\/\/visionarymarketing.fr\/blog\/?p=13778"},"modified":"2024-01-05T23:23:30","modified_gmt":"2024-01-05T22:23:30","slug":"media-aces-big-data-medias-sociaux","status":"publish","type":"post","link":"https:\/\/visionarymarketing.com\/fr\/2014\/05\/26\/media-aces-big-data-medias-sociaux\/","title":{"rendered":"Media Aces : Big Data et M\u00e9dias Sociaux (19 juin 2014 \u00e0 14:00)"},"content":{"rendered":"<h2>Media Aces : Big Data et m\u00e9dias sociaux<\/h2>\n<p><em>La prochaine conf\u00e9rence Media Aces est d\u00e9di\u00e9e \u00e0 un sujet qui\u00a0int\u00e9resse les lecteurs de <span style=\"color: #003300;\">Visionary Marketing<\/span> au plus haut point (si j&rsquo;en juge par les statistiques), je veux parler des <a href=\"https:\/\/visionarymarketing.com\/fr\/?s=Big+Data\" target=\"_blank\" rel=\"noopener noreferrer\"><span style=\"color: #003300;\">Big Data<\/span><\/a>. Mines Telecom, <a class=\"zem_slink\" title=\"France T\u00e9l\u00e9visions\" href=\"http:\/\/maps.google.com\/maps?ll=48.8388888889,2.27138888889&amp;spn=0.01,0.01&amp;q=48.8388888889,2.27138888889 (France%20T%C3%A9l%C3%A9visions)&amp;t=h\" target=\"_blank\" rel=\"geolocation noopener noreferrer\">France Television<\/a>, Alcatel seront mis \u00e0 l&rsquo;honneur lors de cette nouvelle conf\u00e9rence. A noter que ce nouvel \u00e9v\u00e9nement aura lieu \u00e0 <a href=\"http:\/\/mba-esg.com\" target=\"_blank\" rel=\"noopener noreferrer\">ESG <\/a>comme d&rsquo;habitude, mais avec un petit changement : nous serons sur le campus principal de Saint Ambroise, dans le grand amphi. La conf\u00e9rence sera suivie des <a href=\"https:\/\/web.archive.org\/web\/20201127105101\/http:\/\/social-media-awards.fr\/\" target=\"_blank\" rel=\"noopener noreferrer\">Social Media Awards<\/a>, dont nous \u00e9tions d\u00e9j\u00e0 partenaires il y a 2 ans lors de leur cr\u00e9ation.<\/em><\/p>\n<div class=\"event-date\" style=\"color: #434343;\">Jeu.\u00a0<span class=\"weight-bold\" style=\"font-weight: bold !important;\">19 juin 2014<\/span>, de 14h00 \u00e0 17h00<\/div>\n<div class=\"event-date\" style=\"color: #434343;\">\n<figure id=\"attachment_54962\" aria-describedby=\"caption-attachment-54962\" style=\"width: 499px\" class=\"wp-caption aligncenter\"><img decoding=\"async\" class=\"wp-image-54962 size-full\" src=\"https:\/\/visionarymarketing.com\/wp-content\/uploads\/2010\/02\/4186204762_eddb8c46cf.jpg\" alt=\"Media Aces : Big Data et m\u00e9dias sociaux\" width=\"499\" height=\"334\" srcset=\"https:\/\/visionarymarketing.com\/wp-content\/uploads\/2010\/02\/4186204762_eddb8c46cf.jpg 499w, https:\/\/visionarymarketing.com\/wp-content\/uploads\/2010\/02\/4186204762_eddb8c46cf-448x300.jpg 448w\" sizes=\"(max-width: 499px) 100vw, 499px\" \/><figcaption id=\"caption-attachment-54962\" class=\"wp-caption-text\">Media Aces : Big Data et m\u00e9dias sociaux<\/figcaption><\/figure>\n<p><!--more--><\/p>\n<div id=\"eventShortDescription\" class=\"event-shortdescription \" style=\"color: #434343;\">\n<div class=\"event-shortdescription-text\"><span id=\"j_id173\">Le Big Data, tout le monde en parle, mais qui en fait vraiment? Et avec quels moyens? Et dans quel but? Et avec quels r\u00e9sultats? Et comment cela s\u2019int\u00e8gre-t-il \u2013 ou ne s\u2019int\u00e8gre-t-il pas \u2013 avec une pr\u00e9sence digitale et sur les m\u00e9dias sociaux?<br \/>\n<\/span><\/div>\n<div class=\"event-shortdescription-text\">\n<div class=\"align-right\" style=\"color: #434343;\">\n<div class=\"event-share rounded-corners\">\n<div class=\"button-social google-plus inline-block spacer-right\">\n<div id=\"___plusone_0\">\n<p><strong>Aper\u00e7u du programme<\/strong><\/p>\n<div id=\"programPreview\" class=\"program-preview\">\n<form id=\"programPreviewForm\" action=\"http:\/\/media-aces.evenium.net\/ng\/person\/event\/website.jsf\" enctype=\"application\/x-www-form-urlencoded\" method=\"post\" name=\"programPreviewForm\">\n<div id=\"programPreviewForm:programPreviewTable\" class=\"program-preview-table\">\n<div id=\"programPreviewForm:j_id433\">\n<div class=\"program-preview-sessions\">\n<div class=\"program-preview-session-item \">\n<ul>\n<li style=\"color: #434343;\"><strong><span class=\"program-preview-session-time inline-block\" style=\"color: #535049;\">14h00<\/span><span class=\"program-preview-session-details inline-block \">Accueil et mot du pr\u00e9sident<\/span><\/strong><\/li>\n<li><span class=\"program-preview-session-time inline-block\" style=\"color: #535049;\">14h15<\/span><span class=\"program-preview-session-details inline-block \">Intervention de Christine Balague, <span class=\"removed_link\" title=\"http:\/\/www.mines-telecom.fr\/en_accueil.html\">Institut Mines-Telecom<\/span><\/span><\/li>\n<li><span class=\"program-preview-session-time inline-block\" style=\"color: #535049;\">14h45<\/span><span class=\"program-preview-session-details inline-block \">Intervention de Antonio Grigolini, France T\u00e9l\u00e9visions<\/span><\/li>\n<li><span class=\"program-preview-session-time inline-block\" style=\"color: #535049;\">15h15<\/span><span class=\"program-preview-session-details inline-block \">Intervention de St\u00e9phane Lapeyrade, <a class=\"zem_slink\" title=\"Alcatel-Lucent\" href=\"http:\/\/www.alcatel-lucent.com\/\" target=\"_blank\" rel=\"homepage noopener noreferrer\">Alcatel-Lucent<\/a><\/span><\/li>\n<li><span class=\"program-preview-session-time inline-block\" style=\"color: #535049;\">15h45<\/span><span class=\"program-preview-session-details inline-block \">Pause caf\u00e9 et networking<\/span><\/li>\n<\/ul>\n<div class=\"program-preview-footer\" style=\"color: #434343;\">\n<p>\u25b6 Voir le programme d\u00e9taill\u00e9<\/p>\n<div class=\"program-preview-footer\" style=\"color: #434343;\">\n<p><img decoding=\"async\" class=\"aligncenter wp-image-11537\" src=\"https:\/\/visionarymarketing.com\/wp-content\/uploads\/2013\/12\/sinscrire.jpg\" alt=\"sinscrire\" width=\"181\" height=\"84\" \/><\/p>\n<\/div>\n<\/div>\n<\/div>\n<\/div>\n<\/div>\n<\/div>\n<\/form>\n<div id=\"eventDescription\" class=\"event-description \" style=\"color: #434343;\">\n<h3 class=\"event-description-title\" style=\"color: #005ead;\">D\u00e9tails de l&rsquo;\u00e9v\u00e8nement<\/h3>\n<p>La conf\u00e9rence Media Aces sera suivie\u00a0de la remise des\u00a0<a style=\"color: #0078d0;\" href=\"https:\/\/web.archive.org\/web\/20201127105101\/http:\/\/social-media-awards.fr\/\" target=\"_blank\" rel=\"nofollow noopener noreferrer\">Social Media Awards<\/a>, organis\u00e9s pour la 3\u00e8me ann\u00e9e cons\u00e9cutive par l&rsquo;ESG, en partenariat avec\u00a0<a style=\"color: #0078d0;\" href=\"https:\/\/web.archive.org\/web\/20171006123621\/https:\/\/be-angels.fr\/\" target=\"_blank\" rel=\"nofollow noopener noreferrer\">Be Angels<\/a>. Plus de renseignements sur le site:<\/p>\n<p><strong><a style=\"color: #0078d0;\" href=\"https:\/\/web.archive.org\/web\/20201127105101\/http:\/\/social-media-awards.fr\/\" target=\"_blank\" rel=\"nofollow noopener noreferrer\">http:\/\/www.social-media-awards.fr\/<\/a><\/strong><\/p>\n<\/div>\n<\/div>\n<\/div>\n<\/div>\n<\/div>\n<\/div>\n<\/div>\n<\/div>\n<\/div>\n","protected":false},"excerpt":{"rendered":"<p>Media Aces : Big Data et m\u00e9dias sociaux La prochaine conf\u00e9rence Media Aces est d\u00e9di\u00e9e \u00e0 un sujet qui\u00a0int\u00e9resse les lecteurs de Visionary Marketing au plus haut point (si j&rsquo;en juge par les statistiques), je veux parler des Big Data. Mines Telecom, France Television, Alcatel seront mis \u00e0 l&rsquo;honneur lors de cette nouvelle conf\u00e9rence. A &hellip;<\/p>\n","protected":false},"author":2,"featured_media":54962,"comment_status":"open","ping_status":"open","sticky":false,"template":"","format":"standard","meta":{"footnotes":""},"categories":[1613],"tags":[],"class_list":["post-13778","post","type-post","status-publish","format-standard","has-post-thumbnail","hentry","category-marketing-digital-marketing"],"yoast_head":"<!-- This site is optimized with the Yoast SEO plugin v27.4 - https:\/\/yoast.com\/product\/yoast-seo-wordpress\/ -->\n<title>Media Aces : Big Data et M\u00e9dias Sociaux (19 juin 2014 \u00e0 14:00)<\/title>\n<meta name=\"description\" content=\"Media Aces est d\u00e9di\u00e9e \u00e0 un sujet qui int\u00e9resse les lecteurs de Visionary Marketing au plus haut point : Big Data et M\u00e9dias Sociaux\" \/>\n<meta name=\"robots\" content=\"index, follow, max-snippet:-1, max-image-preview:large, max-video-preview:-1\" \/>\n<link rel=\"canonical\" href=\"https:\/\/visionarymarketing.com\/fr\/2014\/05\/26\/media-aces-big-data-medias-sociaux\/\" \/>\n<meta property=\"og:locale\" content=\"fr_FR\" \/>\n<meta property=\"og:type\" content=\"article\" \/>\n<meta property=\"og:title\" content=\"Media Aces : Big Data et M\u00e9dias Sociaux (19 juin 2014 \u00e0 14:00)\" \/>\n<meta property=\"og:description\" content=\"Media Aces est d\u00e9di\u00e9e \u00e0 un sujet qui int\u00e9resse les lecteurs de Visionary Marketing au plus haut point : Big Data et M\u00e9dias Sociaux\" \/>\n<meta property=\"og:url\" content=\"https:\/\/visionarymarketing.com\/fr\/2014\/05\/26\/media-aces-big-data-medias-sociaux\/\" \/>\n<meta property=\"og:site_name\" content=\"Marketing and Innovation\" \/>\n<meta property=\"article:publisher\" content=\"https:\/\/www.facebook.com\/vismktg\" \/>\n<meta property=\"article:author\" content=\"http:\/\/facebook.com\/ygourven\" \/>\n<meta property=\"article:published_time\" content=\"2014-05-26T05:11:18+00:00\" \/>\n<meta property=\"article:modified_time\" content=\"2024-01-05T22:23:30+00:00\" \/>\n<meta property=\"og:image\" content=\"https:\/\/visionarymarketing.com\/wp-content\/uploads\/2010\/02\/4186204762_eddb8c46cf.jpg\" \/>\n\t<meta property=\"og:image:width\" content=\"499\" \/>\n\t<meta property=\"og:image:height\" content=\"334\" \/>\n\t<meta property=\"og:image:type\" content=\"image\/jpeg\" \/>\n<meta name=\"author\" content=\"Yann Gourvennec\" \/>\n<meta name=\"twitter:card\" content=\"summary_large_image\" \/>\n<meta name=\"twitter:creator\" content=\"@ygourven\" \/>\n<meta name=\"twitter:site\" content=\"@ygourven\" \/>\n<meta name=\"twitter:label1\" content=\"\u00c9crit par\" \/>\n\t<meta name=\"twitter:data1\" content=\"Yann Gourvennec\" \/>\n\t<meta name=\"twitter:label2\" content=\"Dur\u00e9e de lecture estim\u00e9e\" \/>\n\t<meta name=\"twitter:data2\" content=\"1 minute\" \/>\n<script type=\"application\/ld+json\" class=\"yoast-schema-graph\">{\"@context\":\"https:\\\/\\\/schema.org\",\"@graph\":[{\"@type\":\"NewsArticle\",\"@id\":\"https:\\\/\\\/visionarymarketing.com\\\/fr\\\/2014\\\/05\\\/26\\\/media-aces-big-data-medias-sociaux\\\/#article\",\"isPartOf\":{\"@id\":\"https:\\\/\\\/visionarymarketing.com\\\/fr\\\/2014\\\/05\\\/26\\\/media-aces-big-data-medias-sociaux\\\/\"},\"author\":{\"name\":\"Yann Gourvennec\",\"@id\":\"https:\\\/\\\/visionarymarketing.com\\\/fr\\\/#\\\/schema\\\/person\\\/3754fee1e558f47b8deb46f53c37423e\"},\"headline\":\"Media Aces : Big Data et M\u00e9dias Sociaux (19 juin 2014 \u00e0 14:00)\",\"datePublished\":\"2014-05-26T05:11:18+00:00\",\"dateModified\":\"2024-01-05T22:23:30+00:00\",\"mainEntityOfPage\":{\"@id\":\"https:\\\/\\\/visionarymarketing.com\\\/fr\\\/2014\\\/05\\\/26\\\/media-aces-big-data-medias-sociaux\\\/\"},\"wordCount\":284,\"commentCount\":0,\"image\":{\"@id\":\"https:\\\/\\\/visionarymarketing.com\\\/fr\\\/2014\\\/05\\\/26\\\/media-aces-big-data-medias-sociaux\\\/#primaryimage\"},\"thumbnailUrl\":\"https:\\\/\\\/visionarymarketing.com\\\/wp-content\\\/uploads\\\/2010\\\/02\\\/4186204762_eddb8c46cf.jpg\",\"articleSection\":[\"marketing digital\"],\"inLanguage\":\"fr-FR\",\"potentialAction\":[{\"@type\":\"CommentAction\",\"name\":\"Comment\",\"target\":[\"https:\\\/\\\/visionarymarketing.com\\\/fr\\\/2014\\\/05\\\/26\\\/media-aces-big-data-medias-sociaux\\\/#respond\"]}]},{\"@type\":\"WebPage\",\"@id\":\"https:\\\/\\\/visionarymarketing.com\\\/fr\\\/2014\\\/05\\\/26\\\/media-aces-big-data-medias-sociaux\\\/\",\"url\":\"https:\\\/\\\/visionarymarketing.com\\\/fr\\\/2014\\\/05\\\/26\\\/media-aces-big-data-medias-sociaux\\\/\",\"name\":\"Media Aces : Big Data et M\u00e9dias Sociaux (19 juin 2014 \u00e0 14:00)\",\"isPartOf\":{\"@id\":\"https:\\\/\\\/visionarymarketing.com\\\/fr\\\/#website\"},\"primaryImageOfPage\":{\"@id\":\"https:\\\/\\\/visionarymarketing.com\\\/fr\\\/2014\\\/05\\\/26\\\/media-aces-big-data-medias-sociaux\\\/#primaryimage\"},\"image\":{\"@id\":\"https:\\\/\\\/visionarymarketing.com\\\/fr\\\/2014\\\/05\\\/26\\\/media-aces-big-data-medias-sociaux\\\/#primaryimage\"},\"thumbnailUrl\":\"https:\\\/\\\/visionarymarketing.com\\\/wp-content\\\/uploads\\\/2010\\\/02\\\/4186204762_eddb8c46cf.jpg\",\"datePublished\":\"2014-05-26T05:11:18+00:00\",\"dateModified\":\"2024-01-05T22:23:30+00:00\",\"author\":{\"@id\":\"https:\\\/\\\/visionarymarketing.com\\\/fr\\\/#\\\/schema\\\/person\\\/3754fee1e558f47b8deb46f53c37423e\"},\"description\":\"Media Aces est d\u00e9di\u00e9e \u00e0 un sujet qui int\u00e9resse les lecteurs de Visionary Marketing au plus haut point : Big Data et M\u00e9dias Sociaux\",\"breadcrumb\":{\"@id\":\"https:\\\/\\\/visionarymarketing.com\\\/fr\\\/2014\\\/05\\\/26\\\/media-aces-big-data-medias-sociaux\\\/#breadcrumb\"},\"inLanguage\":\"fr-FR\",\"potentialAction\":[{\"@type\":\"ReadAction\",\"target\":[\"https:\\\/\\\/visionarymarketing.com\\\/fr\\\/2014\\\/05\\\/26\\\/media-aces-big-data-medias-sociaux\\\/\"]}]},{\"@type\":\"ImageObject\",\"inLanguage\":\"fr-FR\",\"@id\":\"https:\\\/\\\/visionarymarketing.com\\\/fr\\\/2014\\\/05\\\/26\\\/media-aces-big-data-medias-sociaux\\\/#primaryimage\",\"url\":\"https:\\\/\\\/visionarymarketing.com\\\/wp-content\\\/uploads\\\/2010\\\/02\\\/4186204762_eddb8c46cf.jpg\",\"contentUrl\":\"https:\\\/\\\/visionarymarketing.com\\\/wp-content\\\/uploads\\\/2010\\\/02\\\/4186204762_eddb8c46cf.jpg\",\"width\":499,\"height\":334,\"caption\":\"Media Aces du 16\\\/03\\\/2010 : tout ce qu'il faut savoir sur les entreprises et les m\u00e9dias sociaux\"},{\"@type\":\"BreadcrumbList\",\"@id\":\"https:\\\/\\\/visionarymarketing.com\\\/fr\\\/2014\\\/05\\\/26\\\/media-aces-big-data-medias-sociaux\\\/#breadcrumb\",\"itemListElement\":[{\"@type\":\"ListItem\",\"position\":1,\"name\":\"Home\",\"item\":\"https:\\\/\\\/visionarymarketing.com\\\/fr\\\/\"},{\"@type\":\"ListItem\",\"position\":2,\"name\":\"Media Aces : Big Data et M\u00e9dias Sociaux (19 juin 2014 \u00e0 14:00)\"}]},{\"@type\":\"WebSite\",\"@id\":\"https:\\\/\\\/visionarymarketing.com\\\/fr\\\/#website\",\"url\":\"https:\\\/\\\/visionarymarketing.com\\\/fr\\\/\",\"name\":\"Marketing and Innovation\",\"description\":\"Site d&#039;infos ind\u00e9pendant, depuis 1996\",\"potentialAction\":[{\"@type\":\"SearchAction\",\"target\":{\"@type\":\"EntryPoint\",\"urlTemplate\":\"https:\\\/\\\/visionarymarketing.com\\\/fr\\\/?s={search_term_string}\"},\"query-input\":{\"@type\":\"PropertyValueSpecification\",\"valueRequired\":true,\"valueName\":\"search_term_string\"}}],\"inLanguage\":\"fr-FR\"},{\"@type\":\"Person\",\"@id\":\"https:\\\/\\\/visionarymarketing.com\\\/fr\\\/#\\\/schema\\\/person\\\/3754fee1e558f47b8deb46f53c37423e\",\"name\":\"Yann Gourvennec\",\"image\":{\"@type\":\"ImageObject\",\"inLanguage\":\"fr-FR\",\"@id\":\"https:\\\/\\\/secure.gravatar.com\\\/avatar\\\/5972001801e8de5692a3e31224e85769f50a55fb8b679749f9c8d1868cceff14?s=96&d=initials&r=g&initials=yg\",\"url\":\"https:\\\/\\\/secure.gravatar.com\\\/avatar\\\/5972001801e8de5692a3e31224e85769f50a55fb8b679749f9c8d1868cceff14?s=96&d=initials&r=g&initials=yg\",\"contentUrl\":\"https:\\\/\\\/secure.gravatar.com\\\/avatar\\\/5972001801e8de5692a3e31224e85769f50a55fb8b679749f9c8d1868cceff14?s=96&d=initials&r=g&initials=yg\",\"caption\":\"Yann Gourvennec\"},\"description\":\"Yann Gourvennec created visionarymarketing.com in 1996. He is a speaker and author of many books. In 2014 he went from intrapreneur to entrepreneur, when he created his digital marketing agency. Yann Gourvennec a cr\u00e9\u00e9 visionarymarketing.com en 1996. Il est conf\u00e9rencier et auteur de plusieurs livres. En 2014, il est pass\u00e9 d'intrapreneur \u00e0 entrepreneur en cr\u00e9ant son agence de marketing num\u00e9rique.\",\"sameAs\":[\"https:\\\/\\\/visionarymarketing.com\",\"http:\\\/\\\/facebook.com\\\/ygourven\",\"http:\\\/\\\/linkedin.com\\\/in\\\/ygourven\",\"https:\\\/\\\/x.com\\\/ygourven\",\"https:\\\/\\\/www.youtube.com\\\/c\\\/visionarymarketingagency\"],\"url\":\"https:\\\/\\\/visionarymarketing.com\\\/fr\\\/author\\\/yann-gourvennec\\\/\"}]}<\/script>\n<!-- \/ Yoast SEO plugin. -->","yoast_head_json":{"title":"Media Aces : Big Data et M\u00e9dias Sociaux (19 juin 2014 \u00e0 14:00)","description":"Media Aces est d\u00e9di\u00e9e \u00e0 un sujet qui int\u00e9resse les lecteurs de Visionary Marketing au plus haut point : Big Data et M\u00e9dias Sociaux","robots":{"index":"index","follow":"follow","max-snippet":"max-snippet:-1","max-image-preview":"max-image-preview:large","max-video-preview":"max-video-preview:-1"},"canonical":"https:\/\/visionarymarketing.com\/fr\/2014\/05\/26\/media-aces-big-data-medias-sociaux\/","og_locale":"fr_FR","og_type":"article","og_title":"Media Aces : Big Data et M\u00e9dias Sociaux (19 juin 2014 \u00e0 14:00)","og_description":"Media Aces est d\u00e9di\u00e9e \u00e0 un sujet qui int\u00e9resse les lecteurs de Visionary Marketing au plus haut point : Big Data et M\u00e9dias Sociaux","og_url":"https:\/\/visionarymarketing.com\/fr\/2014\/05\/26\/media-aces-big-data-medias-sociaux\/","og_site_name":"Marketing and Innovation","article_publisher":"https:\/\/www.facebook.com\/vismktg","article_author":"http:\/\/facebook.com\/ygourven","article_published_time":"2014-05-26T05:11:18+00:00","article_modified_time":"2024-01-05T22:23:30+00:00","og_image":[{"width":499,"height":334,"url":"https:\/\/visionarymarketing.com\/wp-content\/uploads\/2010\/02\/4186204762_eddb8c46cf.jpg","type":"image\/jpeg"}],"author":"Yann Gourvennec","twitter_card":"summary_large_image","twitter_creator":"@ygourven","twitter_site":"@ygourven","twitter_misc":{"\u00c9crit par":"Yann Gourvennec","Dur\u00e9e de lecture estim\u00e9e":"1 minute"},"schema":{"@context":"https:\/\/schema.org","@graph":[{"@type":"NewsArticle","@id":"https:\/\/visionarymarketing.com\/fr\/2014\/05\/26\/media-aces-big-data-medias-sociaux\/#article","isPartOf":{"@id":"https:\/\/visionarymarketing.com\/fr\/2014\/05\/26\/media-aces-big-data-medias-sociaux\/"},"author":{"name":"Yann Gourvennec","@id":"https:\/\/visionarymarketing.com\/fr\/#\/schema\/person\/3754fee1e558f47b8deb46f53c37423e"},"headline":"Media Aces : Big Data et M\u00e9dias Sociaux (19 juin 2014 \u00e0 14:00)","datePublished":"2014-05-26T05:11:18+00:00","dateModified":"2024-01-05T22:23:30+00:00","mainEntityOfPage":{"@id":"https:\/\/visionarymarketing.com\/fr\/2014\/05\/26\/media-aces-big-data-medias-sociaux\/"},"wordCount":284,"commentCount":0,"image":{"@id":"https:\/\/visionarymarketing.com\/fr\/2014\/05\/26\/media-aces-big-data-medias-sociaux\/#primaryimage"},"thumbnailUrl":"https:\/\/visionarymarketing.com\/wp-content\/uploads\/2010\/02\/4186204762_eddb8c46cf.jpg","articleSection":["marketing digital"],"inLanguage":"fr-FR","potentialAction":[{"@type":"CommentAction","name":"Comment","target":["https:\/\/visionarymarketing.com\/fr\/2014\/05\/26\/media-aces-big-data-medias-sociaux\/#respond"]}]},{"@type":"WebPage","@id":"https:\/\/visionarymarketing.com\/fr\/2014\/05\/26\/media-aces-big-data-medias-sociaux\/","url":"https:\/\/visionarymarketing.com\/fr\/2014\/05\/26\/media-aces-big-data-medias-sociaux\/","name":"Media Aces : Big Data et M\u00e9dias Sociaux (19 juin 2014 \u00e0 14:00)","isPartOf":{"@id":"https:\/\/visionarymarketing.com\/fr\/#website"},"primaryImageOfPage":{"@id":"https:\/\/visionarymarketing.com\/fr\/2014\/05\/26\/media-aces-big-data-medias-sociaux\/#primaryimage"},"image":{"@id":"https:\/\/visionarymarketing.com\/fr\/2014\/05\/26\/media-aces-big-data-medias-sociaux\/#primaryimage"},"thumbnailUrl":"https:\/\/visionarymarketing.com\/wp-content\/uploads\/2010\/02\/4186204762_eddb8c46cf.jpg","datePublished":"2014-05-26T05:11:18+00:00","dateModified":"2024-01-05T22:23:30+00:00","author":{"@id":"https:\/\/visionarymarketing.com\/fr\/#\/schema\/person\/3754fee1e558f47b8deb46f53c37423e"},"description":"Media Aces est d\u00e9di\u00e9e \u00e0 un sujet qui int\u00e9resse les lecteurs de Visionary Marketing au plus haut point : Big Data et M\u00e9dias Sociaux","breadcrumb":{"@id":"https:\/\/visionarymarketing.com\/fr\/2014\/05\/26\/media-aces-big-data-medias-sociaux\/#breadcrumb"},"inLanguage":"fr-FR","potentialAction":[{"@type":"ReadAction","target":["https:\/\/visionarymarketing.com\/fr\/2014\/05\/26\/media-aces-big-data-medias-sociaux\/"]}]},{"@type":"ImageObject","inLanguage":"fr-FR","@id":"https:\/\/visionarymarketing.com\/fr\/2014\/05\/26\/media-aces-big-data-medias-sociaux\/#primaryimage","url":"https:\/\/visionarymarketing.com\/wp-content\/uploads\/2010\/02\/4186204762_eddb8c46cf.jpg","contentUrl":"https:\/\/visionarymarketing.com\/wp-content\/uploads\/2010\/02\/4186204762_eddb8c46cf.jpg","width":499,"height":334,"caption":"Media Aces du 16\/03\/2010 : tout ce qu'il faut savoir sur les entreprises et les m\u00e9dias sociaux"},{"@type":"BreadcrumbList","@id":"https:\/\/visionarymarketing.com\/fr\/2014\/05\/26\/media-aces-big-data-medias-sociaux\/#breadcrumb","itemListElement":[{"@type":"ListItem","position":1,"name":"Home","item":"https:\/\/visionarymarketing.com\/fr\/"},{"@type":"ListItem","position":2,"name":"Media Aces : Big Data et M\u00e9dias Sociaux (19 juin 2014 \u00e0 14:00)"}]},{"@type":"WebSite","@id":"https:\/\/visionarymarketing.com\/fr\/#website","url":"https:\/\/visionarymarketing.com\/fr\/","name":"Marketing and Innovation","description":"Site d&#039;infos ind\u00e9pendant, depuis 1996","potentialAction":[{"@type":"SearchAction","target":{"@type":"EntryPoint","urlTemplate":"https:\/\/visionarymarketing.com\/fr\/?s={search_term_string}"},"query-input":{"@type":"PropertyValueSpecification","valueRequired":true,"valueName":"search_term_string"}}],"inLanguage":"fr-FR"},{"@type":"Person","@id":"https:\/\/visionarymarketing.com\/fr\/#\/schema\/person\/3754fee1e558f47b8deb46f53c37423e","name":"Yann Gourvennec","image":{"@type":"ImageObject","inLanguage":"fr-FR","@id":"https:\/\/secure.gravatar.com\/avatar\/5972001801e8de5692a3e31224e85769f50a55fb8b679749f9c8d1868cceff14?s=96&d=initials&r=g&initials=yg","url":"https:\/\/secure.gravatar.com\/avatar\/5972001801e8de5692a3e31224e85769f50a55fb8b679749f9c8d1868cceff14?s=96&d=initials&r=g&initials=yg","contentUrl":"https:\/\/secure.gravatar.com\/avatar\/5972001801e8de5692a3e31224e85769f50a55fb8b679749f9c8d1868cceff14?s=96&d=initials&r=g&initials=yg","caption":"Yann Gourvennec"},"description":"Yann Gourvennec created visionarymarketing.com in 1996. He is a speaker and author of many books. In 2014 he went from intrapreneur to entrepreneur, when he created his digital marketing agency. Yann Gourvennec a cr\u00e9\u00e9 visionarymarketing.com en 1996. Il est conf\u00e9rencier et auteur de plusieurs livres. En 2014, il est pass\u00e9 d'intrapreneur \u00e0 entrepreneur en cr\u00e9ant son agence de marketing num\u00e9rique.","sameAs":["https:\/\/visionarymarketing.com","http:\/\/facebook.com\/ygourven","http:\/\/linkedin.com\/in\/ygourven","https:\/\/x.com\/ygourven","https:\/\/www.youtube.com\/c\/visionarymarketingagency"],"url":"https:\/\/visionarymarketing.com\/fr\/author\/yann-gourvennec\/"}]}},"_links":{"self":[{"href":"https:\/\/visionarymarketing.com\/fr\/wp-json\/wp\/v2\/posts\/13778","targetHints":{"allow":["GET"]}}],"collection":[{"href":"https:\/\/visionarymarketing.com\/fr\/wp-json\/wp\/v2\/posts"}],"about":[{"href":"https:\/\/visionarymarketing.com\/fr\/wp-json\/wp\/v2\/types\/post"}],"author":[{"embeddable":true,"href":"https:\/\/visionarymarketing.com\/fr\/wp-json\/wp\/v2\/users\/2"}],"replies":[{"embeddable":true,"href":"https:\/\/visionarymarketing.com\/fr\/wp-json\/wp\/v2\/comments?post=13778"}],"version-history":[{"count":0,"href":"https:\/\/visionarymarketing.com\/fr\/wp-json\/wp\/v2\/posts\/13778\/revisions"}],"wp:featuredmedia":[{"embeddable":true,"href":"https:\/\/visionarymarketing.com\/fr\/wp-json\/wp\/v2\/media\/54962"}],"wp:attachment":[{"href":"https:\/\/visionarymarketing.com\/fr\/wp-json\/wp\/v2\/media?parent=13778"}],"wp:term":[{"taxonomy":"category","embeddable":true,"href":"https:\/\/visionarymarketing.com\/fr\/wp-json\/wp\/v2\/categories?post=13778"},{"taxonomy":"post_tag","embeddable":true,"href":"https:\/\/visionarymarketing.com\/fr\/wp-json\/wp\/v2\/tags?post=13778"}],"curies":[{"name":"wp","href":"https:\/\/api.w.org\/{rel}","templated":true}]}}