{"id":13651,"date":"2014-05-14T22:06:25","date_gmt":"2014-05-14T20:06:25","guid":{"rendered":"http:\/\/visionarymarketing.fr\/blog\/?p=13651"},"modified":"2022-04-04T17:55:06","modified_gmt":"2022-04-04T15:55:06","slug":"adobe","status":"publish","type":"post","link":"https:\/\/visionarymarketing.com\/fr\/2014\/05\/14\/adobe\/","title":{"rendered":"la pl\u00e9ni\u00e8re de l&rsquo;Adobe Summit r\u00e9sum\u00e9e par Michael Tartar"},"content":{"rendered":"<p><span style=\"color: #000080;\"><em>En attendant mon r\u00e9sum\u00e9 de la pl\u00e9ni\u00e8re du 14 mai de la <a href=\"https:\/\/visionarymarketing.com\/fr\/2021\/04\/personnalisation-marketing-adobe\/\">conf\u00e9rence internationale<\/a> Adobe, que je publierai, si tout va bien, demain matin, je ne peux r\u00e9sister au plaisir de <a href=\"http:\/\/michaeltartar.com\/2014\/05\/14\/adobe-digital-summit-emea-compte-rendu-commente-de-la-premiere-session-pleniere\/\"><span style=\"color: #000080;\">partager avec vous ce compte rendu circonstanci\u00e9 de notre ami Michael Tartar \u00e9galement pr\u00e9sent ici \u00e0 Londres<\/span><\/a>. En attendant la version fran\u00e7aise vous pouvez toujours lire mon compte rendu sur la r\u00e9invention du <a class=\"zem_slink\" title=\"Marketing\" href=\"https:\/\/en.wikipedia.org\/wiki\/Marketing\" target=\"_blank\" rel=\"noopener wikipedia noreferrer\">marketing<\/a> bas\u00e9 sur la m\u00eame pl\u00e9ni\u00e8re sur mon blog anglais \u00e0 l&rsquo;adresse <span style=\"color: #000080;\">http:\/\/blog.visionarymarketing.com<\/span>\u00a0<\/em><\/span><\/p>\n<h2>La pl\u00e9ni\u00e8re de l&rsquo;Adobe Summit r\u00e9sum\u00e9e par Michael Tartar<\/h2>\n<p style=\"margin: 0px; font-size: 12px;\"><em><span style=\"color: #005493;\"><img decoding=\"async\" class=\"aligncenter wp-image-13654 size-full\" src=\"https:\/\/visionarymarketing.com\/wp-content\/uploads\/2014\/05\/NewImage3-e1619513870854.jpg\" alt=\"Adobe Digital Summit EMEA : compte-rendu comment\u00e9 de la premi\u00e8re session pl\u00e9ni\u00e8re | Micha\u00ebl Tartar\" width=\"519\" height=\"340\" \/>\u00a0<\/span><\/em><\/p>\n<h2>Adobe Digital Summit EMEA : compte-rendu comment\u00e9 de la premi\u00e8re session pl\u00e9ni\u00e8re | Micha\u00ebl Tartar<\/h2>\n<blockquote class=\"quote-light\"><p>Quand Adobe organise une conf\u00e9rence d\u00e9di\u00e9e au marketing digital, l\u2019\u00e9v\u00e9nement est vraiment impressionnant.<\/p><\/blockquote>\n<p><!--more--><\/p>\n<p>R\u00e9unis \u00e0 Londres pendant deux jours, 3800 personnes issues de 47 pays se passionnent pour un sujet : la transformation digitale, ou comment devenir une entreprise temps-r\u00e9el en commen\u00e7ant par r\u00e9inventer la fonction marketing.<\/p>\n<p>Pour lancer la conf\u00e9rence, Brad Rencher (Senior VP et <a class=\"zem_slink\" title=\"General manager\" href=\"https:\/\/en.wikipedia.org\/wiki\/General_manager\" target=\"_blank\" rel=\"noopener wikipedia noreferrer\">General Manager<\/a> de la BU Digital Business) et <a class=\"zem_slink\" title=\"Shantanu Narayen\" href=\"https:\/\/web.archive.org\/web\/20200414010258\/https:\/\/www.crunchbase.com\/person\/shantanu-narayen\" target=\"_blank\" rel=\"crunchbase noopener noreferrer\">Shantanu Narayen<\/a> (CEO) ont camp\u00e9 le d\u00e9cor en insistant sur un point\u00a0: \u00e0 l\u2019\u00e8re du digital, une entreprise moderne doit absolument tenir compte des nouveaux comportements des consommateurs. Comment ces nouveaux comportements changent l\u2019entreprise\u00a0? Elle la contraint \u00e0 adapter ses produits, adapter son mod\u00e8le de distribution etc. L\u2019adaptation de la fonction marketing la conduit-elle \u00e0 changer en profondeur l\u2019entreprise, ses processus, sa mani\u00e8re de recruter\u00a0? Plus que \u00e7a\u00a0: la fonction marketing d\u00e9borde largement de son p\u00e9rim\u00e8tre traditionnel et tend \u00e0 devenir h\u00e9g\u00e9monique.<\/p>\n<h3>Comment transformer au rythme du digital\u00a0?<\/h3>\n<p>Les intervenants se succ\u00e8dent sur sc\u00e8ne, les d\u00e9monstrations de produits s\u2019encha\u00eenent. En filigrane, un enjeu majeur :\u00a0<strong>comment transformer l\u2019entreprise au rythme du digital, pour la centrer (vraiment) sur le client\u00a0?<\/strong><\/p>\n<p>Avec son offre Adobe Marketing Cloud, l\u2019\u00e9diteur a l\u2019ambition d\u2019aider les entreprises \u00e0 adresser cet enjeu et devenir de v\u00e9ritables entreprises temps-r\u00e9el\u2026 en s\u2019affranchissant des syst\u00e8mes informatiques h\u00e9rit\u00e9s. Une offre architectur\u00e9e sur six produits\u00a0: Analytics, Campaign, Experience Manager, Media Optimizer, Social, Target. Une offre totalement dans le cloud avec la\u00a0<strong>promesse de rapidit\u00e9 de d\u00e9ploiement<\/strong>\u00a0qui l\u2019accompagne. Une offre qui supporte d\u00e9j\u00e0 18 mille milliards de transactions par jour (<em>en \u00e9crivant ce chiffre \u00e9norme, j\u2019ai soudain un doute\u00a0: ai-je bien entendu\u00a0?<\/em>). Les volumes support\u00e9s, la capacit\u00e9 de l\u2019architecture \u00e0 monter en charge, sont autant d\u2019arguments au service de l\u2019<strong>indispensable qualit\u00e9 de service exig\u00e9e par le consommateur connect\u00e9<\/strong>.<\/p>\n<p>via\u00a0<a href=\"http:\/\/michaeltartar.com\/2014\/05\/14\/adobe-digital-summit-emea-compte-rendu-commente-de-la-premiere-session-pleniere\/\">Adobe Digital Summit EMEA : compte-rendu comment\u00e9 de la premi\u00e8re session pl\u00e9ni\u00e8re | Micha\u00ebl Tartar<\/a>.<\/p>\n","protected":false},"excerpt":{"rendered":"<p>En attendant mon r\u00e9sum\u00e9 de la pl\u00e9ni\u00e8re du 14 mai de la conf\u00e9rence internationale Adobe, que je publierai, si tout va bien, demain matin, je ne peux r\u00e9sister au plaisir de partager avec vous ce compte rendu circonstanci\u00e9 de notre ami Michael Tartar \u00e9galement pr\u00e9sent ici \u00e0 Londres. En attendant la version fran\u00e7aise vous pouvez &hellip;<\/p>\n","protected":false},"author":2,"featured_media":13654,"comment_status":"open","ping_status":"open","sticky":false,"template":"","format":"standard","meta":{"footnotes":""},"categories":[5084],"tags":[],"class_list":["post-13651","post","type-post","status-publish","format-standard","has-post-thumbnail","hentry","category-adobe-marketing"],"yoast_head":"<!-- This site is optimized with the Yoast SEO plugin v27.4 - https:\/\/yoast.com\/product\/yoast-seo-wordpress\/ -->\n<title>la pl\u00e9ni\u00e8re de l&#039;Adobe Summit r\u00e9sum\u00e9e par Michael Tartar<\/title>\n<meta name=\"description\" content=\"En attendant mon r\u00e9sum\u00e9 de la pl\u00e9ni\u00e8re du 14 mai de la conf\u00e9rence internationale Adobe, que je publierai, si tout va bien, demain matin, je ne peux\" \/>\n<meta name=\"robots\" content=\"noindex, follow\" \/>\n<meta property=\"og:locale\" content=\"fr_FR\" \/>\n<meta property=\"og:type\" content=\"article\" \/>\n<meta property=\"og:title\" content=\"la pl\u00e9ni\u00e8re de l&#039;Adobe Summit r\u00e9sum\u00e9e par Michael Tartar\" \/>\n<meta property=\"og:description\" content=\"En attendant mon r\u00e9sum\u00e9 de la pl\u00e9ni\u00e8re du 14 mai de la conf\u00e9rence internationale Adobe, que je publierai, si tout va bien, demain matin, je ne peux\" \/>\n<meta property=\"og:url\" content=\"https:\/\/visionarymarketing.com\/fr\/2014\/05\/14\/adobe\/\" \/>\n<meta property=\"og:site_name\" content=\"Marketing and Innovation\" \/>\n<meta property=\"article:publisher\" content=\"https:\/\/www.facebook.com\/vismktg\" \/>\n<meta property=\"article:author\" content=\"http:\/\/facebook.com\/ygourven\" \/>\n<meta property=\"article:published_time\" content=\"2014-05-14T20:06:25+00:00\" \/>\n<meta property=\"article:modified_time\" content=\"2022-04-04T15:55:06+00:00\" \/>\n<meta property=\"og:image\" content=\"https:\/\/visionarymarketing.com\/wp-content\/uploads\/2014\/05\/NewImage3-e1619513870854.jpg\" \/>\n\t<meta property=\"og:image:width\" content=\"600\" \/>\n\t<meta property=\"og:image:height\" content=\"448\" \/>\n\t<meta property=\"og:image:type\" content=\"image\/jpeg\" \/>\n<meta name=\"author\" content=\"Yann Gourvennec\" \/>\n<meta name=\"twitter:card\" content=\"summary_large_image\" \/>\n<meta name=\"twitter:creator\" content=\"@ygourven\" \/>\n<meta name=\"twitter:site\" content=\"@ygourven\" \/>\n<meta name=\"twitter:label1\" content=\"\u00c9crit par\" \/>\n\t<meta name=\"twitter:data1\" content=\"Yann Gourvennec\" \/>\n\t<meta name=\"twitter:label2\" content=\"Dur\u00e9e de lecture estim\u00e9e\" \/>\n\t<meta name=\"twitter:data2\" content=\"2 minutes\" \/>\n<script type=\"application\/ld+json\" class=\"yoast-schema-graph\">{\"@context\":\"https:\\\/\\\/schema.org\",\"@graph\":[{\"@type\":\"NewsArticle\",\"@id\":\"https:\\\/\\\/visionarymarketing.com\\\/fr\\\/2014\\\/05\\\/14\\\/adobe\\\/#article\",\"isPartOf\":{\"@id\":\"https:\\\/\\\/visionarymarketing.com\\\/fr\\\/2014\\\/05\\\/14\\\/adobe\\\/\"},\"author\":{\"name\":\"Yann Gourvennec\",\"@id\":\"https:\\\/\\\/visionarymarketing.com\\\/fr\\\/#\\\/schema\\\/person\\\/3754fee1e558f47b8deb46f53c37423e\"},\"headline\":\"la pl\u00e9ni\u00e8re de l&rsquo;Adobe Summit r\u00e9sum\u00e9e par Michael Tartar\",\"datePublished\":\"2014-05-14T20:06:25+00:00\",\"dateModified\":\"2022-04-04T15:55:06+00:00\",\"mainEntityOfPage\":{\"@id\":\"https:\\\/\\\/visionarymarketing.com\\\/fr\\\/2014\\\/05\\\/14\\\/adobe\\\/\"},\"wordCount\":477,\"commentCount\":0,\"image\":{\"@id\":\"https:\\\/\\\/visionarymarketing.com\\\/fr\\\/2014\\\/05\\\/14\\\/adobe\\\/#primaryimage\"},\"thumbnailUrl\":\"https:\\\/\\\/visionarymarketing.com\\\/wp-content\\\/uploads\\\/2014\\\/05\\\/NewImage3-e1619513870854.jpg\",\"articleSection\":[\"Adobe\"],\"inLanguage\":\"fr-FR\",\"potentialAction\":[{\"@type\":\"CommentAction\",\"name\":\"Comment\",\"target\":[\"https:\\\/\\\/visionarymarketing.com\\\/fr\\\/2014\\\/05\\\/14\\\/adobe\\\/#respond\"]}]},{\"@type\":\"WebPage\",\"@id\":\"https:\\\/\\\/visionarymarketing.com\\\/fr\\\/2014\\\/05\\\/14\\\/adobe\\\/\",\"url\":\"https:\\\/\\\/visionarymarketing.com\\\/fr\\\/2014\\\/05\\\/14\\\/adobe\\\/\",\"name\":\"la pl\u00e9ni\u00e8re de l'Adobe Summit r\u00e9sum\u00e9e par Michael Tartar\",\"isPartOf\":{\"@id\":\"https:\\\/\\\/visionarymarketing.com\\\/fr\\\/#website\"},\"primaryImageOfPage\":{\"@id\":\"https:\\\/\\\/visionarymarketing.com\\\/fr\\\/2014\\\/05\\\/14\\\/adobe\\\/#primaryimage\"},\"image\":{\"@id\":\"https:\\\/\\\/visionarymarketing.com\\\/fr\\\/2014\\\/05\\\/14\\\/adobe\\\/#primaryimage\"},\"thumbnailUrl\":\"https:\\\/\\\/visionarymarketing.com\\\/wp-content\\\/uploads\\\/2014\\\/05\\\/NewImage3-e1619513870854.jpg\",\"datePublished\":\"2014-05-14T20:06:25+00:00\",\"dateModified\":\"2022-04-04T15:55:06+00:00\",\"author\":{\"@id\":\"https:\\\/\\\/visionarymarketing.com\\\/fr\\\/#\\\/schema\\\/person\\\/3754fee1e558f47b8deb46f53c37423e\"},\"description\":\"En attendant mon r\u00e9sum\u00e9 de la pl\u00e9ni\u00e8re du 14 mai de la conf\u00e9rence internationale Adobe, que je publierai, si tout va bien, demain matin, je ne peux\",\"breadcrumb\":{\"@id\":\"https:\\\/\\\/visionarymarketing.com\\\/fr\\\/2014\\\/05\\\/14\\\/adobe\\\/#breadcrumb\"},\"inLanguage\":\"fr-FR\",\"potentialAction\":[{\"@type\":\"ReadAction\",\"target\":[\"https:\\\/\\\/visionarymarketing.com\\\/fr\\\/2014\\\/05\\\/14\\\/adobe\\\/\"]}]},{\"@type\":\"ImageObject\",\"inLanguage\":\"fr-FR\",\"@id\":\"https:\\\/\\\/visionarymarketing.com\\\/fr\\\/2014\\\/05\\\/14\\\/adobe\\\/#primaryimage\",\"url\":\"https:\\\/\\\/visionarymarketing.com\\\/wp-content\\\/uploads\\\/2014\\\/05\\\/NewImage3-e1619513870854.jpg\",\"contentUrl\":\"https:\\\/\\\/visionarymarketing.com\\\/wp-content\\\/uploads\\\/2014\\\/05\\\/NewImage3-e1619513870854.jpg\",\"width\":600,\"height\":448},{\"@type\":\"BreadcrumbList\",\"@id\":\"https:\\\/\\\/visionarymarketing.com\\\/fr\\\/2014\\\/05\\\/14\\\/adobe\\\/#breadcrumb\",\"itemListElement\":[{\"@type\":\"ListItem\",\"position\":1,\"name\":\"Home\",\"item\":\"https:\\\/\\\/visionarymarketing.com\\\/fr\\\/\"},{\"@type\":\"ListItem\",\"position\":2,\"name\":\"la pl\u00e9ni\u00e8re de l&rsquo;Adobe Summit r\u00e9sum\u00e9e par Michael Tartar\"}]},{\"@type\":\"WebSite\",\"@id\":\"https:\\\/\\\/visionarymarketing.com\\\/fr\\\/#website\",\"url\":\"https:\\\/\\\/visionarymarketing.com\\\/fr\\\/\",\"name\":\"Marketing and Innovation\",\"description\":\"Site d&#039;infos ind\u00e9pendant, depuis 1996\",\"potentialAction\":[{\"@type\":\"SearchAction\",\"target\":{\"@type\":\"EntryPoint\",\"urlTemplate\":\"https:\\\/\\\/visionarymarketing.com\\\/fr\\\/?s={search_term_string}\"},\"query-input\":{\"@type\":\"PropertyValueSpecification\",\"valueRequired\":true,\"valueName\":\"search_term_string\"}}],\"inLanguage\":\"fr-FR\"},{\"@type\":\"Person\",\"@id\":\"https:\\\/\\\/visionarymarketing.com\\\/fr\\\/#\\\/schema\\\/person\\\/3754fee1e558f47b8deb46f53c37423e\",\"name\":\"Yann Gourvennec\",\"image\":{\"@type\":\"ImageObject\",\"inLanguage\":\"fr-FR\",\"@id\":\"https:\\\/\\\/secure.gravatar.com\\\/avatar\\\/5972001801e8de5692a3e31224e85769f50a55fb8b679749f9c8d1868cceff14?s=96&d=initials&r=g&initials=yg\",\"url\":\"https:\\\/\\\/secure.gravatar.com\\\/avatar\\\/5972001801e8de5692a3e31224e85769f50a55fb8b679749f9c8d1868cceff14?s=96&d=initials&r=g&initials=yg\",\"contentUrl\":\"https:\\\/\\\/secure.gravatar.com\\\/avatar\\\/5972001801e8de5692a3e31224e85769f50a55fb8b679749f9c8d1868cceff14?s=96&d=initials&r=g&initials=yg\",\"caption\":\"Yann Gourvennec\"},\"description\":\"Yann Gourvennec created visionarymarketing.com in 1996. He is a speaker and author of many books. In 2014 he went from intrapreneur to entrepreneur, when he created his digital marketing agency. Yann Gourvennec a cr\u00e9\u00e9 visionarymarketing.com en 1996. Il est conf\u00e9rencier et auteur de plusieurs livres. En 2014, il est pass\u00e9 d'intrapreneur \u00e0 entrepreneur en cr\u00e9ant son agence de marketing num\u00e9rique.\",\"sameAs\":[\"https:\\\/\\\/visionarymarketing.com\",\"http:\\\/\\\/facebook.com\\\/ygourven\",\"http:\\\/\\\/linkedin.com\\\/in\\\/ygourven\",\"https:\\\/\\\/x.com\\\/ygourven\",\"https:\\\/\\\/www.youtube.com\\\/c\\\/visionarymarketingagency\"],\"url\":\"https:\\\/\\\/visionarymarketing.com\\\/fr\\\/author\\\/yann-gourvennec\\\/\"}]}<\/script>\n<!-- \/ Yoast SEO plugin. -->","yoast_head_json":{"title":"la pl\u00e9ni\u00e8re de l'Adobe Summit r\u00e9sum\u00e9e par Michael Tartar","description":"En attendant mon r\u00e9sum\u00e9 de la pl\u00e9ni\u00e8re du 14 mai de la conf\u00e9rence internationale Adobe, que je publierai, si tout va bien, demain matin, je ne peux","robots":{"index":"noindex","follow":"follow"},"og_locale":"fr_FR","og_type":"article","og_title":"la pl\u00e9ni\u00e8re de l'Adobe Summit r\u00e9sum\u00e9e par Michael Tartar","og_description":"En attendant mon r\u00e9sum\u00e9 de la pl\u00e9ni\u00e8re du 14 mai de la conf\u00e9rence internationale Adobe, que je publierai, si tout va bien, demain matin, je ne peux","og_url":"https:\/\/visionarymarketing.com\/fr\/2014\/05\/14\/adobe\/","og_site_name":"Marketing and Innovation","article_publisher":"https:\/\/www.facebook.com\/vismktg","article_author":"http:\/\/facebook.com\/ygourven","article_published_time":"2014-05-14T20:06:25+00:00","article_modified_time":"2022-04-04T15:55:06+00:00","og_image":[{"width":600,"height":448,"url":"https:\/\/visionarymarketing.com\/wp-content\/uploads\/2014\/05\/NewImage3-e1619513870854.jpg","type":"image\/jpeg"}],"author":"Yann Gourvennec","twitter_card":"summary_large_image","twitter_creator":"@ygourven","twitter_site":"@ygourven","twitter_misc":{"\u00c9crit par":"Yann Gourvennec","Dur\u00e9e de lecture estim\u00e9e":"2 minutes"},"schema":{"@context":"https:\/\/schema.org","@graph":[{"@type":"NewsArticle","@id":"https:\/\/visionarymarketing.com\/fr\/2014\/05\/14\/adobe\/#article","isPartOf":{"@id":"https:\/\/visionarymarketing.com\/fr\/2014\/05\/14\/adobe\/"},"author":{"name":"Yann Gourvennec","@id":"https:\/\/visionarymarketing.com\/fr\/#\/schema\/person\/3754fee1e558f47b8deb46f53c37423e"},"headline":"la pl\u00e9ni\u00e8re de l&rsquo;Adobe Summit r\u00e9sum\u00e9e par Michael Tartar","datePublished":"2014-05-14T20:06:25+00:00","dateModified":"2022-04-04T15:55:06+00:00","mainEntityOfPage":{"@id":"https:\/\/visionarymarketing.com\/fr\/2014\/05\/14\/adobe\/"},"wordCount":477,"commentCount":0,"image":{"@id":"https:\/\/visionarymarketing.com\/fr\/2014\/05\/14\/adobe\/#primaryimage"},"thumbnailUrl":"https:\/\/visionarymarketing.com\/wp-content\/uploads\/2014\/05\/NewImage3-e1619513870854.jpg","articleSection":["Adobe"],"inLanguage":"fr-FR","potentialAction":[{"@type":"CommentAction","name":"Comment","target":["https:\/\/visionarymarketing.com\/fr\/2014\/05\/14\/adobe\/#respond"]}]},{"@type":"WebPage","@id":"https:\/\/visionarymarketing.com\/fr\/2014\/05\/14\/adobe\/","url":"https:\/\/visionarymarketing.com\/fr\/2014\/05\/14\/adobe\/","name":"la pl\u00e9ni\u00e8re de l'Adobe Summit r\u00e9sum\u00e9e par Michael Tartar","isPartOf":{"@id":"https:\/\/visionarymarketing.com\/fr\/#website"},"primaryImageOfPage":{"@id":"https:\/\/visionarymarketing.com\/fr\/2014\/05\/14\/adobe\/#primaryimage"},"image":{"@id":"https:\/\/visionarymarketing.com\/fr\/2014\/05\/14\/adobe\/#primaryimage"},"thumbnailUrl":"https:\/\/visionarymarketing.com\/wp-content\/uploads\/2014\/05\/NewImage3-e1619513870854.jpg","datePublished":"2014-05-14T20:06:25+00:00","dateModified":"2022-04-04T15:55:06+00:00","author":{"@id":"https:\/\/visionarymarketing.com\/fr\/#\/schema\/person\/3754fee1e558f47b8deb46f53c37423e"},"description":"En attendant mon r\u00e9sum\u00e9 de la pl\u00e9ni\u00e8re du 14 mai de la conf\u00e9rence internationale Adobe, que je publierai, si tout va bien, demain matin, je ne peux","breadcrumb":{"@id":"https:\/\/visionarymarketing.com\/fr\/2014\/05\/14\/adobe\/#breadcrumb"},"inLanguage":"fr-FR","potentialAction":[{"@type":"ReadAction","target":["https:\/\/visionarymarketing.com\/fr\/2014\/05\/14\/adobe\/"]}]},{"@type":"ImageObject","inLanguage":"fr-FR","@id":"https:\/\/visionarymarketing.com\/fr\/2014\/05\/14\/adobe\/#primaryimage","url":"https:\/\/visionarymarketing.com\/wp-content\/uploads\/2014\/05\/NewImage3-e1619513870854.jpg","contentUrl":"https:\/\/visionarymarketing.com\/wp-content\/uploads\/2014\/05\/NewImage3-e1619513870854.jpg","width":600,"height":448},{"@type":"BreadcrumbList","@id":"https:\/\/visionarymarketing.com\/fr\/2014\/05\/14\/adobe\/#breadcrumb","itemListElement":[{"@type":"ListItem","position":1,"name":"Home","item":"https:\/\/visionarymarketing.com\/fr\/"},{"@type":"ListItem","position":2,"name":"la pl\u00e9ni\u00e8re de l&rsquo;Adobe Summit r\u00e9sum\u00e9e par Michael Tartar"}]},{"@type":"WebSite","@id":"https:\/\/visionarymarketing.com\/fr\/#website","url":"https:\/\/visionarymarketing.com\/fr\/","name":"Marketing and Innovation","description":"Site d&#039;infos ind\u00e9pendant, depuis 1996","potentialAction":[{"@type":"SearchAction","target":{"@type":"EntryPoint","urlTemplate":"https:\/\/visionarymarketing.com\/fr\/?s={search_term_string}"},"query-input":{"@type":"PropertyValueSpecification","valueRequired":true,"valueName":"search_term_string"}}],"inLanguage":"fr-FR"},{"@type":"Person","@id":"https:\/\/visionarymarketing.com\/fr\/#\/schema\/person\/3754fee1e558f47b8deb46f53c37423e","name":"Yann Gourvennec","image":{"@type":"ImageObject","inLanguage":"fr-FR","@id":"https:\/\/secure.gravatar.com\/avatar\/5972001801e8de5692a3e31224e85769f50a55fb8b679749f9c8d1868cceff14?s=96&d=initials&r=g&initials=yg","url":"https:\/\/secure.gravatar.com\/avatar\/5972001801e8de5692a3e31224e85769f50a55fb8b679749f9c8d1868cceff14?s=96&d=initials&r=g&initials=yg","contentUrl":"https:\/\/secure.gravatar.com\/avatar\/5972001801e8de5692a3e31224e85769f50a55fb8b679749f9c8d1868cceff14?s=96&d=initials&r=g&initials=yg","caption":"Yann Gourvennec"},"description":"Yann Gourvennec created visionarymarketing.com in 1996. He is a speaker and author of many books. In 2014 he went from intrapreneur to entrepreneur, when he created his digital marketing agency. Yann Gourvennec a cr\u00e9\u00e9 visionarymarketing.com en 1996. Il est conf\u00e9rencier et auteur de plusieurs livres. En 2014, il est pass\u00e9 d'intrapreneur \u00e0 entrepreneur en cr\u00e9ant son agence de marketing num\u00e9rique.","sameAs":["https:\/\/visionarymarketing.com","http:\/\/facebook.com\/ygourven","http:\/\/linkedin.com\/in\/ygourven","https:\/\/x.com\/ygourven","https:\/\/www.youtube.com\/c\/visionarymarketingagency"],"url":"https:\/\/visionarymarketing.com\/fr\/author\/yann-gourvennec\/"}]}},"_links":{"self":[{"href":"https:\/\/visionarymarketing.com\/fr\/wp-json\/wp\/v2\/posts\/13651","targetHints":{"allow":["GET"]}}],"collection":[{"href":"https:\/\/visionarymarketing.com\/fr\/wp-json\/wp\/v2\/posts"}],"about":[{"href":"https:\/\/visionarymarketing.com\/fr\/wp-json\/wp\/v2\/types\/post"}],"author":[{"embeddable":true,"href":"https:\/\/visionarymarketing.com\/fr\/wp-json\/wp\/v2\/users\/2"}],"replies":[{"embeddable":true,"href":"https:\/\/visionarymarketing.com\/fr\/wp-json\/wp\/v2\/comments?post=13651"}],"version-history":[{"count":0,"href":"https:\/\/visionarymarketing.com\/fr\/wp-json\/wp\/v2\/posts\/13651\/revisions"}],"wp:featuredmedia":[{"embeddable":true,"href":"https:\/\/visionarymarketing.com\/fr\/wp-json\/wp\/v2\/media\/13654"}],"wp:attachment":[{"href":"https:\/\/visionarymarketing.com\/fr\/wp-json\/wp\/v2\/media?parent=13651"}],"wp:term":[{"taxonomy":"category","embeddable":true,"href":"https:\/\/visionarymarketing.com\/fr\/wp-json\/wp\/v2\/categories?post=13651"},{"taxonomy":"post_tag","embeddable":true,"href":"https:\/\/visionarymarketing.com\/fr\/wp-json\/wp\/v2\/tags?post=13651"}],"curies":[{"name":"wp","href":"https:\/\/api.w.org\/{rel}","templated":true}]}}