{"id":13593,"date":"2014-05-12T00:00:52","date_gmt":"2014-05-11T22:00:52","guid":{"rendered":"http:\/\/visionarymarketing.fr\/blog\/?p=13593"},"modified":"2022-05-14T10:24:47","modified_gmt":"2022-05-14T08:24:47","slug":"mythe-de-la-transformation-digitale","status":"publish","type":"post","link":"https:\/\/visionarymarketing.com\/fr\/2014\/05\/12\/mythe-de-la-transformation-digitale\/","title":{"rendered":"Mythe et r\u00e9alit\u00e9 de la transformation digitale : aller au del\u00e0 du gagdet"},"content":{"rendered":"<p><i>Il y a sans doute un mythe qui\u00a0entoure la transformation digitale, il \u00e9tait temps d&rsquo;\u00e9crire un livre \u00e0 ce sujet afin de remettre les pendules \u00e0 l&rsquo;heure. La transformation digitale<\/i><a style=\"font-style: italic;\" href=\"https:\/\/agence.visionarymarketing.com\/fr\/offre\/offre-transformation-digitale.html\"> est \u00e0 coup s\u00fbr un des\u00a0\u201cbuzzwords\u00a0\u00bb de l\u2019ann\u00e9e<\/a><i>. Les sujets de l\u2019entreprise et de la transformation num\u00e9rique g\u00e9n\u00e8rent un bruit tr\u00e8s important depuis plusieurs mois. Flairant le bon filon, de nombreuses officines de conseil se sont engouffr\u00e9es dans la br\u00e8che. Chacune \u00e0 leur fa\u00e7on. Si \u00e0 peu pr\u00e8s tout le monde s\u2019accorde sur la n\u00e9cessit\u00e9 de b\u00e2tir une strat\u00e9gie globale, elles mettent cependant l\u2019accent, en fonction de leur sp\u00e9cialisation, tant\u00f4t sur la technologie, tant\u00f4t sur le marketing ou encore sur la dimension RH. Force est de constater que l\u2019engouement suscit\u00e9 autour de n\u00e9cessit\u00e9 de voir l\u2019entreprise se transformer est devenu tr\u00e8s fort. Mais qu\u2019en est-il exactement de ce ph\u00e9nom\u00e8ne, pourquoi faut-il s\u2019y int\u00e9resser et quelles sont ses chances de le voir aboutir \u00e0 de r\u00e9elles success stories en entreprise ?<\/i><\/p>\n<h2>Mythe et r\u00e9alit\u00e9 de la transformation digitale : aller au del\u00e0 du gagdet<\/h2>\n<figure id=\"attachment_54078\" aria-describedby=\"caption-attachment-54078\" style=\"width: 519px\" class=\"wp-caption aligncenter\"><img decoding=\"async\" class=\"size-full wp-image-54078\" src=\"https:\/\/visionarymarketing.com\/wp-content\/uploads\/2014\/05\/livre-blanc-transformation-digitale-1-e1652516324681.jpg\" alt=\"Mythe et r\u00e9alit\u00e9s de la transformation digitale : aller au del\u00e0 du gagdet\" width=\"519\" height=\"339\" srcset=\"https:\/\/visionarymarketing.com\/wp-content\/uploads\/2014\/05\/livre-blanc-transformation-digitale-1-e1652516324681.jpg 519w, https:\/\/visionarymarketing.com\/wp-content\/uploads\/2014\/05\/livre-blanc-transformation-digitale-1-e1652516324681-459x300.jpg 459w\" sizes=\"(max-width: 519px) 100vw, 519px\" \/><figcaption id=\"caption-attachment-54078\" class=\"wp-caption-text\">Mythe et r\u00e9alit\u00e9s de la transformation digitale : aller au del\u00e0 du gagdet &#8211; <em><span style=\"color: #005493;\">Pour aller plus loin : t\u00e9l\u00e9chargez notre livre blanc gratuit sur <a href=\"https:\/\/visionarymarketing.com\/transfo\"> https:\/\/visionarymarketing.com\/transfo<\/a>\u00a0<\/span><\/em><\/figcaption><\/figure>\n<p><!--more-->A y regarder de plus pr\u00e8s, le terme de transformation digitale est employ\u00e9 pour parler de l\u2019\u00e9volution des capacit\u00e9s techniques de l\u2019entreprise (<a class=\"zem_slink\" title=\"Customer relationship management\" href=\"https:\/\/en.wikipedia.org\/wiki\/Customer_relationship_management\" target=\"_blank\" rel=\"noopener wikipedia noreferrer\">CRM<\/a>, <a class=\"zem_slink\" title=\"Social CRM\" href=\"https:\/\/en.wikipedia.org\/wiki\/Social_CRM\" target=\"_blank\" rel=\"noopener wikipedia noreferrer\">Social CRM<\/a>, <a class=\"zem_slink\" title=\"Enterprise resource planning\" href=\"https:\/\/en.wikipedia.org\/wiki\/Enterprise_resource_planning\" target=\"_blank\" rel=\"noopener wikipedia noreferrer\">ERP<\/a>, RSE, mobile, etc.) ou de la valorisation et du d\u00e9veloppement des comp\u00e9tences des salari\u00e9s \u00e0 utiliser les outils issus du web 2.0.<\/p>\n<p>Dans certains cas, la r\u00e9flexion se limite m\u00eame \u00e0 un simple projet de refonte du site web pour y int\u00e9grer quelques gadgets en vogue.<\/p>\n<p>Partie frontale la plus visible de la transformation digitale, le site web est aussi la partie la plus \u00e9vidente de ce que nous appelons transformation digitale.<\/p>\n<p>Cette \u00e9volution, obligatoire et r\u00e9currente, est un passage oblig\u00e9 de cette transformation, mais n\u2019en est que la partie \u00e9merg\u00e9e d\u2019un iceberg, bien plus grand dans sa portion non visible.<\/p>\n<h3>Adopter le digital dans l&rsquo;entreprise : une n\u00e9cessit\u00e9 strat\u00e9gique<\/h3>\n<p>Il y a d\u00e9j\u00e0 4 ans, <a title=\"Georges Edouard Dias : \u00ab\u00a0avec le digital, le chef de produits pourrait \u00eatre chef de consommateurs\u00a0\u00bb\" href=\"https:\/\/visionarymarketing.com\/fr\/2013\/07\/georges-edouard-dias-avec-le-digital-le-chef-de-produits-pourrait-tre-chef-de-consommateurs\/\">Georges-Edouard Dias \u2013 alors Directeur e-Business chez l\u2019Or\u00e9al<\/a> &#8211; expliquait dans une conf\u00e9rence que la <a href=\"https:\/\/www.youtube.com\/watch?v=QQaAt4szJWU\" target=\"_blank\" rel=\"noopener noreferrer\">transformation digitale \u00e9tait un enjeu de survie pour l\u2019entreprise<\/a>.<\/p>\n<p>Le d\u00e9fi pour son groupe, leader sur le cr\u00e9neau de la beaut\u00e9 depuis une centaine d\u2019ann\u00e9e, \u00e9tait de demeurer parmi les leaders des cinquante prochaines ann\u00e9es.<\/p>\n<p>La transformation digitale de l\u2019entreprise bouleverse avant tout son business model dans des domaines aussi vari\u00e9s que les contenus, la mani\u00e8re de commercialiser en adoptant de nouvelles m\u00e9thodes de commerce ou encore la mani\u00e8re de manager la relation-client.<\/p>\n<p>Risquant un parall\u00e8le avec le monde de l\u2019IT, Georges-Edouard Dias synth\u00e9tisait son propos en expliquant que l\u2019Or\u00e9al devait en quelque sorte passer du statut d\u2019entreprise telle que Microsoft \u00e0 celui d\u2019entreprise comme <a class=\"zem_slink\" title=\"Apple Inc.\" href=\"https:\/\/maps.google.com\/maps?ll=37.33182,-122.03118&amp;spn=1.0,1.0&amp;q=37.33182,-122.03118 (Apple%20Inc.)&amp;t=h\" target=\"_blank\" rel=\"geolocation noopener noreferrer\">Apple<\/a>. En clair une entreprise dont l\u2019essence-m\u00eame est de se tourner compl\u00e8tement sur l\u2019exp\u00e9rience-consommateur et la valeur-consommateur.<\/p>\n<p>La transformation digitale de l\u2019entreprise trouve son sens si elle apporte un r\u00e9servoir d\u2019opportunit\u00e9s, d\u2019innovations et de cr\u00e9ativit\u00e9, que ce soit pour d\u00e9velopper votre business, am\u00e9liorer la relation avec vos clients, vos partenaires, vos employ\u00e9s, mieux vendre, rendre votre marketing plus performant, mieux vous faire conna\u00eetre.<\/p>\n<p>Elle vous permet aussi de prendre une longueur d\u2019avance sur vos concurrents qui se posent encore des questions. Songez \u00e0 l\u2019exemple de la <span class=\"removed_link\" title=\"https:\/\/www.fnac.com\/\">Fnac<\/span>, qui a vu son statut de leader \u2013 et m\u00eame son avenir \u00e0 court terme \u2013 mis \u00e0 mal par l\u2019apparition d\u2019Amazon, <a class=\"zem_slink\" title=\"ITunes\" href=\"https:\/\/www.apple.com\/itunes\/\" target=\"_blank\" rel=\"homepage noopener noreferrer\">iTunes<\/a>, <a class=\"zem_slink\" title=\"Spotify\" href=\"https:\/\/twitter.com\/spotify\" target=\"_blank\" rel=\"noopener twitter noreferrer\">Spotify<\/a>, Deezer. <span class=\"removed_link\" title=\"https:\/\/www4.fnac.com\/guides\/musique\/fnac-jukebox\/default.aspx\">Aucun de ses services en ligne ne s\u2019av\u00e8re capable de concurrencer ces nouveaux leaders<\/span>, venus de nulle part.<\/p>\n<p>Dans un monde o\u00f9 tout s\u2019acc\u00e9l\u00e8re \u2013 la communication, comme l\u2019innovation &#8211; o\u00f9 les fronti\u00e8res ont disparu sous la double pression de la mondialisation et de la technologie, il n\u2019y a pas de place pour les \u00ab suiveurs \u00bb.<\/p>\n<p>Alors que plus d\u20191 milliard d\u2019individus \u00e9changent sur Facebook, que le e-commerce europ\u00e9en fait jeu \u00e9gal avec les t\u00e9l\u00e9communications et que les journaux ferment les uns apr\u00e8s les autres, il n\u2019est plus possible d\u2019ignorer la r\u00e9volution digitale.<\/p>\n<p><iframe src=\"\/\/www.youtube.com\/embed\/wEvfpUQIJqA\" width=\"640\" height=\"360\" frameborder=\"0\" allowfullscreen=\"allowfullscreen\"><\/iframe><\/p>\n<h2>Le digital, c&rsquo;est le business, sinon on reste au stade du gadget<\/h2>\n<p>Le digital, c\u2019est le c\u0153ur m\u00eame du business. En France, 66% des clients des banques utilisent les services de banque en ligne.<\/p>\n<p>Les compagnies a\u00e9riennes low-cost ont su compl\u00e8tement revoir le business model du transport a\u00e9rien en utilisant le digital pour r\u00e9duire leurs co\u00fbts. Les compagnies traditionnelles n\u2019ont eu d\u2019autre choix que de leur embo\u00eeter le pas et d\u2019innover pour offrir de nouveaux services porteur de valeur ajout\u00e9e pour les consommateurs, afin de pr\u00e9server leurs parts de march\u00e9.<\/p>\n<p>La transformation digitale n\u2019est pas un gadget, mais l\u2019int\u00e9gration du monde web, mobile et m\u00eame au-del\u00e0 de toutes les technologies digitales au sein m\u00eame de votre m\u00e9tier, pour \u00e9tendre, perfectionner ou transformer votre entreprise.<\/p>\n<p>Mais si vous ne pouvez pas ins\u00e9rer les mots \u00ab m\u00e9tier \u00bb ou \u00ab client \u00bb dans votre projet de transformation digitale, alors vous en \u00eates encore au stade du gadget.<\/p>\n<h3>Toutes les entreprises sont concern\u00e9es par la transformation digitale<\/h3>\n<p>Une autre erreur serait de croire que seules les grandes entreprises et les start\u2019up sont concern\u00e9es. Les PME, les commer\u00e7ants, les cr\u00e9ateurs d\u2019entreprise et les organisations doivent imp\u00e9rativement s\u2019int\u00e9resser d\u00e8s maintenant au sujet. Tant que la neutralit\u00e9 du Net est assur\u00e9e, il y a m\u00eame pour ces derniers une occasion historique de faire jeu \u00e9gal, \u00e0 relativement peu de frais, avec les grandes entreprises. Selon M\u00e9diam\u00e9trie, le num\u00e9rique est une priorit\u00e9 absolue pour 67% des dirigeants et 60% des entreprises misent sur le num\u00e9rique pour attaquer de nouveaux march\u00e9s. Pourtant, force est de constater, dans les faits, un retard pr\u00e9occupant lorsqu\u2019il s\u2019agit de passer \u00e0 l\u2019action. En partie \u00e0 cause d\u2019une certaine inad\u00e9quation de l\u2019offre, mais aussi \u00e0 cause d\u2019une m\u00e9connaissance des technologies et des usages du num\u00e9rique, et enfin par manque de m\u00e9thode dans l\u2019approche du sujet.<\/p>\n<h3>Comment r\u00e9ussir la transformation digitale de votre entreprise ?<\/h3>\n<p>Pour r\u00e9ussir la transformation digitale de votre entreprise, il faut absolument commencer par consid\u00e9rer qu\u2019elle n\u2019est pas une fin en soi. Ce qui fera de votre entreprise une entreprise performante sera votre utilisation des technologies digitales pour atteindre de vrais objectifs m\u00e9tiers et cr\u00e9er de la valeur pour vos clients, que ce soit en BtoC ou en BtoB. M\u00eame si les sollicitations sont fortes de la part des prestataires, il faut donc bannir toute approche par la technologie, simplement pour \u00eatre \u00e0 la mode. D\u2019ailleurs 55% des DSI pensent que leur entreprise n\u2019est pas capable de g\u00e9rer la r\u00e9volution digitale en cours ! Cela en dit long sur les facteurs de blocage et d\u2019enlisement qui vous menacent si vous abordez le sujet par ce biais.<\/p>\n<p>Ensuite, s\u2019il est indispensable d\u2019avoir une vision strat\u00e9gique globale, un autre \u00e9cueil serait de consid\u00e9rer qu\u2019il doit s\u2019agir d\u2019un plan \u00ab top-down \u00bb d\u00e9cid\u00e9 et impos\u00e9 par le comit\u00e9 de direction. L\u2019entreprise digitale porte dans ses g\u00eanes la dimension sociale et collaborative. Celle-ci ne s\u2019impose pas, ne s\u2019acquiert pas en esp\u00e9rant que la g\u00e9n\u00e9ration Y au sein de l\u2019entreprise entra\u00eenera un changement de comportement des collaborateurs.<\/p>\n<p>Elle suppose une v\u00e9ritable r\u00e9volution manag\u00e9riale, d\u2019apprendre \u00e0 travailler en mode transversal et en mode projet, de valoriser les initiatives de chacun, le partage de l\u2019information. En op\u00e9rant d\u00e8s le d\u00e9part cette r\u00e9volution manag\u00e9riale, la transformation digitale deviendra l\u2019affaire de tous au sein de l\u2019entreprise et l\u2019implication de tous les collaborateurs en favorisera l\u2019appropriation, tout en en constituant un facteur cl\u00e9 de succ\u00e8s.<\/p>\n<p>Le changement, \u00e7a s\u2019organise. Se transformer d\u2019un point de vue digital consiste \u00e0 transformer l\u2019organisation et de lui faire adopter, collectivement, de nouveaux modes de travail. Il est m\u00eame souhaitable d\u2019y associer l\u2019ensemble de votre \u00e9cosyst\u00e8me \u2013 clients, fournisseurs, partenaires- pour \u00eatre certain que la transformation de l\u2019entreprise traditionnelle en entreprise connect\u00e9e soit parfaitement en phase avec leurs attentes, leur organisation et leurs usages.<\/p>\n<p>Enfin, la fa\u00e7on la plus s\u00fbre d\u2019atteindre l\u2019objectif est de progresser par micro-projets, d\u2019accepter l\u2019exp\u00e9rimentation, d\u2019en \u00e9valuer les r\u00e9sultats, d\u2019en tirer les enseignements puis de les \u00e9tendre.<\/p>\n<p>La transformation digitale est une succession d\u2019aller-retours entre ce qu\u2019offre la technologie digitale et les objectifs \u00e9conomiques qui correspondent \u00e0 une strat\u00e9gie. Ce n\u2019est ni une d\u00e9marche descendante, ni un abandon sans restriction \u00e0 la technol\u00e2trie, l\u2019adoration de la technologie pour la technologie.<\/p>\n<p><iframe style=\"border: 1px solid #CCC; border-width: 1px 1px 0; margin-bottom: 5px; max-width: 100%;\" src=\"https:\/\/www.slideshare.net\/slideshow\/embed_code\/34480750\" width=\"574\" height=\"613\" frameborder=\"0\" marginwidth=\"0\" marginheight=\"0\" scrolling=\"no\" allowfullscreen=\"allowfullscreen\"> <\/iframe><\/p>\n<div style=\"margin-bottom: 5px;\"><strong> <a title=\"[Fr] livre blanc : la face cach\u00e9e de la transformation digitale [Extrait]\" href=\"https:\/\/fr.slideshare.net\/ygourven\/transformation-digitale032014-v12courte-copie\" target=\"_blank\" rel=\"noopener noreferrer\">[Fr] livre blanc : la face cach\u00e9e de la transformation digitale [Extrait]<\/a> <\/strong> from <strong><a href=\"https:\/\/www.slideshare.net\/ygourven\" target=\"_blank\" rel=\"noopener noreferrer\">Yann Gourvennec<\/a><\/strong><\/div>\n<p><strong>Pour aller plus loin :<\/strong>\u00a0&#8211;\u00a0<a href=\"https:\/\/visionarymarketing.fr\/contact360flash.html\" target=\"_blank\" rel=\"noopener noreferrer\">Evaluez votre pr\u00e9sence digitale<\/a>\u00a0(diagnostic flash gratuit) &#8211; T\u00e9l\u00e9chargez gratuitement le Livre Blanc \u00ab\u00a0<a title=\"Livre blanc\" href=\"https:\/\/visionarymarketing.com\/fr\/transfo\/\" target=\"_blank\" rel=\"noopener noreferrer\">La face cach\u00e9e de la transformation digitale<\/a>\u00a0\u00bb &#8211; En savoir plus sur l&rsquo;<a href=\"https:\/\/agence.visionarymarketing.com\/fr\/offre\/offre-transformation-digitale.html\" target=\"_blank\" rel=\"noopener noreferrer\">offre Transformation digitale de Visionary Marketing<\/a><\/p>\n","protected":false},"excerpt":{"rendered":"<p>Il y a sans doute un mythe qui\u00a0entoure la transformation digitale, il \u00e9tait temps d&rsquo;\u00e9crire un livre \u00e0 ce sujet afin de remettre les pendules \u00e0 l&rsquo;heure. La transformation digitale est \u00e0 coup s\u00fbr un des\u00a0\u201cbuzzwords\u00a0\u00bb de l\u2019ann\u00e9e. Les sujets de l\u2019entreprise et de la transformation num\u00e9rique g\u00e9n\u00e8rent un bruit tr\u00e8s important depuis plusieurs mois. &hellip;<\/p>\n","protected":false},"author":28,"featured_media":54078,"comment_status":"open","ping_status":"open","sticky":false,"template":"","format":"standard","meta":{"footnotes":""},"categories":[2898,248],"tags":[],"class_list":["post-13593","post","type-post","status-publish","format-standard","has-post-thumbnail","hentry","category-communication-digitale","category-livres-marketing"],"yoast_head":"<!-- This site is optimized with the Yoast SEO plugin v27.4 - https:\/\/yoast.com\/product\/yoast-seo-wordpress\/ -->\n<title>Mythe de la transformation digitale : aller au del\u00e0 du &quot;buzzword&quot;<\/title>\n<meta name=\"description\" content=\"Mythe de la transformation digitale est \u00e0 la mode et est peut-\u00eatre un mythe : voyons ici comment aller au-del\u00e0 du &quot;buzzword&quot;\" \/>\n<meta name=\"robots\" content=\"index, follow, max-snippet:-1, max-image-preview:large, max-video-preview:-1\" \/>\n<link rel=\"canonical\" href=\"https:\/\/visionarymarketing.com\/fr\/2014\/05\/12\/mythe-de-la-transformation-digitale\/\" \/>\n<meta property=\"og:locale\" content=\"fr_FR\" \/>\n<meta property=\"og:type\" content=\"article\" \/>\n<meta property=\"og:title\" content=\"Mythe de la transformation digitale : aller au del\u00e0 du &quot;buzzword&quot;\" \/>\n<meta property=\"og:description\" content=\"Mythe de la transformation digitale est \u00e0 la mode et est peut-\u00eatre un mythe : voyons ici comment aller au-del\u00e0 du &quot;buzzword&quot;\" \/>\n<meta property=\"og:url\" content=\"https:\/\/visionarymarketing.com\/fr\/2014\/05\/12\/mythe-de-la-transformation-digitale\/\" \/>\n<meta property=\"og:site_name\" content=\"Marketing and Innovation\" \/>\n<meta property=\"article:publisher\" content=\"https:\/\/www.facebook.com\/vismktg\" \/>\n<meta property=\"article:author\" content=\"https:\/\/www.facebook.com\/frederic.chevalier\" \/>\n<meta property=\"article:published_time\" content=\"2014-05-11T22:00:52+00:00\" \/>\n<meta property=\"article:modified_time\" content=\"2022-05-14T08:24:47+00:00\" \/>\n<meta property=\"og:image\" content=\"https:\/\/visionarymarketing.com\/wp-content\/uploads\/2014\/05\/livre-blanc-transformation-digitale-1-e1652516324681.jpg\" \/>\n\t<meta property=\"og:image:width\" content=\"519\" \/>\n\t<meta property=\"og:image:height\" content=\"339\" \/>\n\t<meta property=\"og:image:type\" content=\"image\/jpeg\" \/>\n<meta name=\"author\" content=\"Fr\u00e9d\u00e9ric-Michel Chevalier\" \/>\n<meta name=\"twitter:card\" content=\"summary_large_image\" \/>\n<meta name=\"twitter:creator\" content=\"@fmchevalier\" \/>\n<meta name=\"twitter:site\" content=\"@ygourven\" \/>\n<meta name=\"twitter:label1\" content=\"\u00c9crit par\" \/>\n\t<meta name=\"twitter:data1\" content=\"Fr\u00e9d\u00e9ric-Michel Chevalier\" \/>\n\t<meta name=\"twitter:label2\" content=\"Dur\u00e9e de lecture estim\u00e9e\" \/>\n\t<meta name=\"twitter:data2\" content=\"7 minutes\" \/>\n<script type=\"application\/ld+json\" class=\"yoast-schema-graph\">{\"@context\":\"https:\\\/\\\/schema.org\",\"@graph\":[{\"@type\":\"NewsArticle\",\"@id\":\"https:\\\/\\\/visionarymarketing.com\\\/fr\\\/2014\\\/05\\\/12\\\/mythe-de-la-transformation-digitale\\\/#article\",\"isPartOf\":{\"@id\":\"https:\\\/\\\/visionarymarketing.com\\\/fr\\\/2014\\\/05\\\/12\\\/mythe-de-la-transformation-digitale\\\/\"},\"author\":{\"name\":\"Fr\u00e9d\u00e9ric-Michel Chevalier\",\"@id\":\"https:\\\/\\\/visionarymarketing.com\\\/fr\\\/#\\\/schema\\\/person\\\/702628dbbc5659aa2667105f30c61fcd\"},\"headline\":\"Mythe et r\u00e9alit\u00e9 de la transformation digitale : aller au del\u00e0 du gagdet\",\"datePublished\":\"2014-05-11T22:00:52+00:00\",\"dateModified\":\"2022-05-14T08:24:47+00:00\",\"mainEntityOfPage\":{\"@id\":\"https:\\\/\\\/visionarymarketing.com\\\/fr\\\/2014\\\/05\\\/12\\\/mythe-de-la-transformation-digitale\\\/\"},\"wordCount\":1635,\"commentCount\":1,\"image\":{\"@id\":\"https:\\\/\\\/visionarymarketing.com\\\/fr\\\/2014\\\/05\\\/12\\\/mythe-de-la-transformation-digitale\\\/#primaryimage\"},\"thumbnailUrl\":\"https:\\\/\\\/visionarymarketing.com\\\/wp-content\\\/uploads\\\/2014\\\/05\\\/livre-blanc-transformation-digitale-1-e1652516324681.jpg\",\"articleSection\":[\"communication digitale\",\"livres marketing\"],\"inLanguage\":\"fr-FR\",\"potentialAction\":[{\"@type\":\"CommentAction\",\"name\":\"Comment\",\"target\":[\"https:\\\/\\\/visionarymarketing.com\\\/fr\\\/2014\\\/05\\\/12\\\/mythe-de-la-transformation-digitale\\\/#respond\"]}]},{\"@type\":\"WebPage\",\"@id\":\"https:\\\/\\\/visionarymarketing.com\\\/fr\\\/2014\\\/05\\\/12\\\/mythe-de-la-transformation-digitale\\\/\",\"url\":\"https:\\\/\\\/visionarymarketing.com\\\/fr\\\/2014\\\/05\\\/12\\\/mythe-de-la-transformation-digitale\\\/\",\"name\":\"Mythe de la transformation digitale : aller au del\u00e0 du \\\"buzzword\\\"\",\"isPartOf\":{\"@id\":\"https:\\\/\\\/visionarymarketing.com\\\/fr\\\/#website\"},\"primaryImageOfPage\":{\"@id\":\"https:\\\/\\\/visionarymarketing.com\\\/fr\\\/2014\\\/05\\\/12\\\/mythe-de-la-transformation-digitale\\\/#primaryimage\"},\"image\":{\"@id\":\"https:\\\/\\\/visionarymarketing.com\\\/fr\\\/2014\\\/05\\\/12\\\/mythe-de-la-transformation-digitale\\\/#primaryimage\"},\"thumbnailUrl\":\"https:\\\/\\\/visionarymarketing.com\\\/wp-content\\\/uploads\\\/2014\\\/05\\\/livre-blanc-transformation-digitale-1-e1652516324681.jpg\",\"datePublished\":\"2014-05-11T22:00:52+00:00\",\"dateModified\":\"2022-05-14T08:24:47+00:00\",\"author\":{\"@id\":\"https:\\\/\\\/visionarymarketing.com\\\/fr\\\/#\\\/schema\\\/person\\\/702628dbbc5659aa2667105f30c61fcd\"},\"description\":\"Mythe de la transformation digitale est \u00e0 la mode et est peut-\u00eatre un mythe : voyons ici comment aller au-del\u00e0 du \\\"buzzword\\\"\",\"breadcrumb\":{\"@id\":\"https:\\\/\\\/visionarymarketing.com\\\/fr\\\/2014\\\/05\\\/12\\\/mythe-de-la-transformation-digitale\\\/#breadcrumb\"},\"inLanguage\":\"fr-FR\",\"potentialAction\":[{\"@type\":\"ReadAction\",\"target\":[\"https:\\\/\\\/visionarymarketing.com\\\/fr\\\/2014\\\/05\\\/12\\\/mythe-de-la-transformation-digitale\\\/\"]}]},{\"@type\":\"ImageObject\",\"inLanguage\":\"fr-FR\",\"@id\":\"https:\\\/\\\/visionarymarketing.com\\\/fr\\\/2014\\\/05\\\/12\\\/mythe-de-la-transformation-digitale\\\/#primaryimage\",\"url\":\"https:\\\/\\\/visionarymarketing.com\\\/wp-content\\\/uploads\\\/2014\\\/05\\\/livre-blanc-transformation-digitale-1-e1652516324681.jpg\",\"contentUrl\":\"https:\\\/\\\/visionarymarketing.com\\\/wp-content\\\/uploads\\\/2014\\\/05\\\/livre-blanc-transformation-digitale-1-e1652516324681.jpg\",\"width\":519,\"height\":339,\"caption\":\"Mythe et r\u00e9alit\u00e9s de la transformation digitale : aller au del\u00e0 du gagdet\"},{\"@type\":\"BreadcrumbList\",\"@id\":\"https:\\\/\\\/visionarymarketing.com\\\/fr\\\/2014\\\/05\\\/12\\\/mythe-de-la-transformation-digitale\\\/#breadcrumb\",\"itemListElement\":[{\"@type\":\"ListItem\",\"position\":1,\"name\":\"Home\",\"item\":\"https:\\\/\\\/visionarymarketing.com\\\/fr\\\/\"},{\"@type\":\"ListItem\",\"position\":2,\"name\":\"Mythe et r\u00e9alit\u00e9 de la transformation digitale : aller au del\u00e0 du gagdet\"}]},{\"@type\":\"WebSite\",\"@id\":\"https:\\\/\\\/visionarymarketing.com\\\/fr\\\/#website\",\"url\":\"https:\\\/\\\/visionarymarketing.com\\\/fr\\\/\",\"name\":\"Marketing and Innovation\",\"description\":\"Site d&#039;infos ind\u00e9pendant, depuis 1996\",\"potentialAction\":[{\"@type\":\"SearchAction\",\"target\":{\"@type\":\"EntryPoint\",\"urlTemplate\":\"https:\\\/\\\/visionarymarketing.com\\\/fr\\\/?s={search_term_string}\"},\"query-input\":{\"@type\":\"PropertyValueSpecification\",\"valueRequired\":true,\"valueName\":\"search_term_string\"}}],\"inLanguage\":\"fr-FR\"},{\"@type\":\"Person\",\"@id\":\"https:\\\/\\\/visionarymarketing.com\\\/fr\\\/#\\\/schema\\\/person\\\/702628dbbc5659aa2667105f30c61fcd\",\"name\":\"Fr\u00e9d\u00e9ric-Michel Chevalier\",\"image\":{\"@type\":\"ImageObject\",\"inLanguage\":\"fr-FR\",\"@id\":\"https:\\\/\\\/secure.gravatar.com\\\/avatar\\\/4ab1cf3b4d72bccf2ed777a49a5a33b3fad2c125686a0114d5e855ecde30f1c1?s=96&d=initials&r=g&initials=fr\",\"url\":\"https:\\\/\\\/secure.gravatar.com\\\/avatar\\\/4ab1cf3b4d72bccf2ed777a49a5a33b3fad2c125686a0114d5e855ecde30f1c1?s=96&d=initials&r=g&initials=fr\",\"contentUrl\":\"https:\\\/\\\/secure.gravatar.com\\\/avatar\\\/4ab1cf3b4d72bccf2ed777a49a5a33b3fad2c125686a0114d5e855ecde30f1c1?s=96&d=initials&r=g&initials=fr\",\"caption\":\"Fr\u00e9d\u00e9ric-Michel Chevalier\"},\"sameAs\":[\"http:\\\/\\\/visionarymarketing.com\",\"https:\\\/\\\/www.facebook.com\\\/frederic.chevalier\",\"https:\\\/\\\/x.com\\\/fmchevalier\"],\"url\":\"https:\\\/\\\/visionarymarketing.com\\\/fr\\\/author\\\/fchevalier\\\/\"}]}<\/script>\n<!-- \/ Yoast SEO plugin. -->","yoast_head_json":{"title":"Mythe de la transformation digitale : aller au del\u00e0 du \"buzzword\"","description":"Mythe de la transformation digitale est \u00e0 la mode et est peut-\u00eatre un mythe : voyons ici comment aller au-del\u00e0 du \"buzzword\"","robots":{"index":"index","follow":"follow","max-snippet":"max-snippet:-1","max-image-preview":"max-image-preview:large","max-video-preview":"max-video-preview:-1"},"canonical":"https:\/\/visionarymarketing.com\/fr\/2014\/05\/12\/mythe-de-la-transformation-digitale\/","og_locale":"fr_FR","og_type":"article","og_title":"Mythe de la transformation digitale : aller au del\u00e0 du \"buzzword\"","og_description":"Mythe de la transformation digitale est \u00e0 la mode et est peut-\u00eatre un mythe : voyons ici comment aller au-del\u00e0 du \"buzzword\"","og_url":"https:\/\/visionarymarketing.com\/fr\/2014\/05\/12\/mythe-de-la-transformation-digitale\/","og_site_name":"Marketing and Innovation","article_publisher":"https:\/\/www.facebook.com\/vismktg","article_author":"https:\/\/www.facebook.com\/frederic.chevalier","article_published_time":"2014-05-11T22:00:52+00:00","article_modified_time":"2022-05-14T08:24:47+00:00","og_image":[{"width":519,"height":339,"url":"https:\/\/visionarymarketing.com\/wp-content\/uploads\/2014\/05\/livre-blanc-transformation-digitale-1-e1652516324681.jpg","type":"image\/jpeg"}],"author":"Fr\u00e9d\u00e9ric-Michel Chevalier","twitter_card":"summary_large_image","twitter_creator":"@fmchevalier","twitter_site":"@ygourven","twitter_misc":{"\u00c9crit par":"Fr\u00e9d\u00e9ric-Michel Chevalier","Dur\u00e9e de lecture estim\u00e9e":"7 minutes"},"schema":{"@context":"https:\/\/schema.org","@graph":[{"@type":"NewsArticle","@id":"https:\/\/visionarymarketing.com\/fr\/2014\/05\/12\/mythe-de-la-transformation-digitale\/#article","isPartOf":{"@id":"https:\/\/visionarymarketing.com\/fr\/2014\/05\/12\/mythe-de-la-transformation-digitale\/"},"author":{"name":"Fr\u00e9d\u00e9ric-Michel Chevalier","@id":"https:\/\/visionarymarketing.com\/fr\/#\/schema\/person\/702628dbbc5659aa2667105f30c61fcd"},"headline":"Mythe et r\u00e9alit\u00e9 de la transformation digitale : aller au del\u00e0 du gagdet","datePublished":"2014-05-11T22:00:52+00:00","dateModified":"2022-05-14T08:24:47+00:00","mainEntityOfPage":{"@id":"https:\/\/visionarymarketing.com\/fr\/2014\/05\/12\/mythe-de-la-transformation-digitale\/"},"wordCount":1635,"commentCount":1,"image":{"@id":"https:\/\/visionarymarketing.com\/fr\/2014\/05\/12\/mythe-de-la-transformation-digitale\/#primaryimage"},"thumbnailUrl":"https:\/\/visionarymarketing.com\/wp-content\/uploads\/2014\/05\/livre-blanc-transformation-digitale-1-e1652516324681.jpg","articleSection":["communication digitale","livres marketing"],"inLanguage":"fr-FR","potentialAction":[{"@type":"CommentAction","name":"Comment","target":["https:\/\/visionarymarketing.com\/fr\/2014\/05\/12\/mythe-de-la-transformation-digitale\/#respond"]}]},{"@type":"WebPage","@id":"https:\/\/visionarymarketing.com\/fr\/2014\/05\/12\/mythe-de-la-transformation-digitale\/","url":"https:\/\/visionarymarketing.com\/fr\/2014\/05\/12\/mythe-de-la-transformation-digitale\/","name":"Mythe de la transformation digitale : aller au del\u00e0 du \"buzzword\"","isPartOf":{"@id":"https:\/\/visionarymarketing.com\/fr\/#website"},"primaryImageOfPage":{"@id":"https:\/\/visionarymarketing.com\/fr\/2014\/05\/12\/mythe-de-la-transformation-digitale\/#primaryimage"},"image":{"@id":"https:\/\/visionarymarketing.com\/fr\/2014\/05\/12\/mythe-de-la-transformation-digitale\/#primaryimage"},"thumbnailUrl":"https:\/\/visionarymarketing.com\/wp-content\/uploads\/2014\/05\/livre-blanc-transformation-digitale-1-e1652516324681.jpg","datePublished":"2014-05-11T22:00:52+00:00","dateModified":"2022-05-14T08:24:47+00:00","author":{"@id":"https:\/\/visionarymarketing.com\/fr\/#\/schema\/person\/702628dbbc5659aa2667105f30c61fcd"},"description":"Mythe de la transformation digitale est \u00e0 la mode et est peut-\u00eatre un mythe : voyons ici comment aller au-del\u00e0 du \"buzzword\"","breadcrumb":{"@id":"https:\/\/visionarymarketing.com\/fr\/2014\/05\/12\/mythe-de-la-transformation-digitale\/#breadcrumb"},"inLanguage":"fr-FR","potentialAction":[{"@type":"ReadAction","target":["https:\/\/visionarymarketing.com\/fr\/2014\/05\/12\/mythe-de-la-transformation-digitale\/"]}]},{"@type":"ImageObject","inLanguage":"fr-FR","@id":"https:\/\/visionarymarketing.com\/fr\/2014\/05\/12\/mythe-de-la-transformation-digitale\/#primaryimage","url":"https:\/\/visionarymarketing.com\/wp-content\/uploads\/2014\/05\/livre-blanc-transformation-digitale-1-e1652516324681.jpg","contentUrl":"https:\/\/visionarymarketing.com\/wp-content\/uploads\/2014\/05\/livre-blanc-transformation-digitale-1-e1652516324681.jpg","width":519,"height":339,"caption":"Mythe et r\u00e9alit\u00e9s de la transformation digitale : aller au del\u00e0 du gagdet"},{"@type":"BreadcrumbList","@id":"https:\/\/visionarymarketing.com\/fr\/2014\/05\/12\/mythe-de-la-transformation-digitale\/#breadcrumb","itemListElement":[{"@type":"ListItem","position":1,"name":"Home","item":"https:\/\/visionarymarketing.com\/fr\/"},{"@type":"ListItem","position":2,"name":"Mythe et r\u00e9alit\u00e9 de la transformation digitale : aller au del\u00e0 du gagdet"}]},{"@type":"WebSite","@id":"https:\/\/visionarymarketing.com\/fr\/#website","url":"https:\/\/visionarymarketing.com\/fr\/","name":"Marketing and Innovation","description":"Site d&#039;infos ind\u00e9pendant, depuis 1996","potentialAction":[{"@type":"SearchAction","target":{"@type":"EntryPoint","urlTemplate":"https:\/\/visionarymarketing.com\/fr\/?s={search_term_string}"},"query-input":{"@type":"PropertyValueSpecification","valueRequired":true,"valueName":"search_term_string"}}],"inLanguage":"fr-FR"},{"@type":"Person","@id":"https:\/\/visionarymarketing.com\/fr\/#\/schema\/person\/702628dbbc5659aa2667105f30c61fcd","name":"Fr\u00e9d\u00e9ric-Michel Chevalier","image":{"@type":"ImageObject","inLanguage":"fr-FR","@id":"https:\/\/secure.gravatar.com\/avatar\/4ab1cf3b4d72bccf2ed777a49a5a33b3fad2c125686a0114d5e855ecde30f1c1?s=96&d=initials&r=g&initials=fr","url":"https:\/\/secure.gravatar.com\/avatar\/4ab1cf3b4d72bccf2ed777a49a5a33b3fad2c125686a0114d5e855ecde30f1c1?s=96&d=initials&r=g&initials=fr","contentUrl":"https:\/\/secure.gravatar.com\/avatar\/4ab1cf3b4d72bccf2ed777a49a5a33b3fad2c125686a0114d5e855ecde30f1c1?s=96&d=initials&r=g&initials=fr","caption":"Fr\u00e9d\u00e9ric-Michel Chevalier"},"sameAs":["http:\/\/visionarymarketing.com","https:\/\/www.facebook.com\/frederic.chevalier","https:\/\/x.com\/fmchevalier"],"url":"https:\/\/visionarymarketing.com\/fr\/author\/fchevalier\/"}]}},"_links":{"self":[{"href":"https:\/\/visionarymarketing.com\/fr\/wp-json\/wp\/v2\/posts\/13593","targetHints":{"allow":["GET"]}}],"collection":[{"href":"https:\/\/visionarymarketing.com\/fr\/wp-json\/wp\/v2\/posts"}],"about":[{"href":"https:\/\/visionarymarketing.com\/fr\/wp-json\/wp\/v2\/types\/post"}],"author":[{"embeddable":true,"href":"https:\/\/visionarymarketing.com\/fr\/wp-json\/wp\/v2\/users\/28"}],"replies":[{"embeddable":true,"href":"https:\/\/visionarymarketing.com\/fr\/wp-json\/wp\/v2\/comments?post=13593"}],"version-history":[{"count":0,"href":"https:\/\/visionarymarketing.com\/fr\/wp-json\/wp\/v2\/posts\/13593\/revisions"}],"wp:featuredmedia":[{"embeddable":true,"href":"https:\/\/visionarymarketing.com\/fr\/wp-json\/wp\/v2\/media\/54078"}],"wp:attachment":[{"href":"https:\/\/visionarymarketing.com\/fr\/wp-json\/wp\/v2\/media?parent=13593"}],"wp:term":[{"taxonomy":"category","embeddable":true,"href":"https:\/\/visionarymarketing.com\/fr\/wp-json\/wp\/v2\/categories?post=13593"},{"taxonomy":"post_tag","embeddable":true,"href":"https:\/\/visionarymarketing.com\/fr\/wp-json\/wp\/v2\/tags?post=13593"}],"curies":[{"name":"wp","href":"https:\/\/api.w.org\/{rel}","templated":true}]}}