{"id":13277,"date":"2014-04-14T17:19:14","date_gmt":"2014-04-14T15:19:14","guid":{"rendered":"http:\/\/visionarymarketing.fr\/blog\/?p=13277"},"modified":"2022-06-08T19:40:42","modified_gmt":"2022-06-08T17:40:42","slug":"zevillage-met-les-techos-a-la-campagne-appel-a-projets","status":"publish","type":"post","link":"https:\/\/visionarymarketing.com\/fr\/2014\/04\/14\/zevillage-met-les-techos-a-la-campagne-appel-a-projets\/","title":{"rendered":"Zevillage met les \u00ab\u00a0techos\u00a0\u00bb \u00e0 la campagne (appel \u00e0 projets)"},"content":{"rendered":"<p><em>Je relaie l\u2019appel \u00e0 projet de notre ami Xavier de Mazenod de Zevillage, qui propose de cr\u00e9er des \u00e9coles de codeurs-entrepreneurs \u00e0 la campagne.\u00a0<\/em><\/p>\n<h2><strong>Zevillage : appel \u00e0 projets pour la cr\u00e9ation d&rsquo;\u00e9coles de codeurs-entrepreneurs \u00e0 la campagne<\/strong><\/h2>\n<blockquote class=\"quote-light\"><p>Zevillage.net et Simplon.co lancent un appel \u00e0 projets pour la <strong>cr\u00e9ation d\u2019\u00e9coles rurales de d\u00e9veloppeurs informatiques<\/strong>. Les candidatures sont ouvertes jusqu\u2019au 1er juillet et les <strong>trois meilleurs projets d&rsquo;\u00e9cole num\u00e9rique<\/strong> s\u00e9lectionn\u00e9s seront accompagn\u00e9s dans leur r\u00e9alisation et le rassemblement de leur financement initial. Lanc\u00e9es en 2013, ces \u00e9coles ont d\u00e9j\u00e0 fait la preuve que le num\u00e9rique est un fantastique <strong>tremplin vers l\u2019emploi et la cr\u00e9ation d\u2019entreprise<\/strong> en milieu urbain. Cr\u00e9ons les m\u00eames <strong>en milieu rural<\/strong>.<!--more--><\/p>\n<p>Le <strong>num\u00e9rique<\/strong> et le <strong>code informatique<\/strong> sont partout dans la plupart des objets de notre vie quotidienne, dans nos t\u00e9l\u00e9phones, sur le Web. Une utilisation g\u00e9n\u00e9ralis\u00e9e de l\u2019informatique qui n\u00e9cessite des comp\u00e9tences pour programmer et d\u00e9velopper le code de toutes ces applications. Selon le syndicat <em>Syntec num\u00e9rique<\/em>, la France <a href=\"https:\/\/www.itforbusiness.fr\/36-000-creations-d-emplois-pour-la-filiere-numerique-214\">a besoin de plus de 36 000 d\u00e9veloppeurs d\u2019ici 2018<\/a>, dont 15 000 d\u00e9veloppeurs pour le web et le mobile.<\/p>\n<p><img decoding=\"async\" class=\"size-full wp-image-10983\" alt=\"simplon-montreuil\" src=\"https:\/\/www.zevillage.net\/wp-content\/uploads\/\/2014\/04\/simplon-montreuil.jpg\" width=\"500\" height=\"281\" \/> La 1\u00e8re promotion de Simplon en pleine action en janvier 2014.[\/caption]<\/p>\n<p>Constatant les insuffisances du syst\u00e8me de formation pour atteindre ces objectifs ainsi que l\u2019importance du <strong>ch\u00f4mage des jeunes<\/strong>, nous voulons acc\u00e9l\u00e9rer le d\u00e9veloppement de formations sur le mod\u00e8le de la \u201c<strong>fabrique de codeurs entrepreneurs<\/strong>\u201d lanc\u00e9e par Simplon.co en 2013 en milieu urbain, \u00e0 Montreuil (93) et au coeur de la Cit\u00e9 La Noue \u00e0 Villeneuve-la-Garenne (92). En moins d\u2019un an, Simplon a permis \u00e0 50 demandeurs d\u2019emploi ou allocataires du RSA (issus des quartiers populaires, de la diversit\u00e9 et de milieux modestes), \u00e0 une centaine de salari\u00e9s et \u00e0 plus de 250 enfants de se former \u00e0 la programmation informatique. Un dispositif qui a aussi permis \u00e0 une dizaine de projets d\u2019\u00eatre incub\u00e9s ou lanc\u00e9s.<\/p>\n<p>Convaincus que ces comp\u00e9tences doivent aussi \u00eatre cr\u00e9\u00e9s <strong>en milieu rural<\/strong> o\u00f9 elles contribueront au <strong>d\u00e9veloppement local<\/strong>, <a href=\"http:\/\/www.zevillage.net\/projet-zevillage\/\">Zevillage<\/a> et <a href=\"http:\/\/simplon.co\/\">Simplon<\/a> lancent un appel \u00e0 projets pour acc\u00e9l\u00e9rer la cr\u00e9ation de ces \u201c<strong>\u00e9coles du num\u00e9rique\u201d rurales<\/strong>.<\/p>\n<p>Date limite d&rsquo;envoi des candidatures : 30 juin 2014<\/p><\/blockquote>\n<h2 style=\"text-align: right;\"><a title=\"Appel \u00e0 projets pour la cr\u00e9ation d'\u00e9coles de codeurs ruraux\" href=\"http:\/\/www.zevillage.net\/2014\/04\/14\/creation-de-nouvelles-ecoles-numeriques-la-campagne-appel-projets-national\/\" target=\"_blank\" rel=\"noopener noreferrer\">Voir les d\u00e9tails de l&rsquo;appel \u00e0 projet<\/a><\/h2>\n","protected":false},"excerpt":{"rendered":"<p>Je relaie l\u2019appel \u00e0 projet de notre ami Xavier de Mazenod de Zevillage, qui propose de cr\u00e9er des \u00e9coles de codeurs-entrepreneurs \u00e0 la campagne.\u00a0 Zevillage : appel \u00e0 projets pour la cr\u00e9ation d&rsquo;\u00e9coles de codeurs-entrepreneurs \u00e0 la campagne Zevillage.net et Simplon.co lancent un appel \u00e0 projets pour la cr\u00e9ation d\u2019\u00e9coles rurales de d\u00e9veloppeurs informatiques. Les &hellip;<\/p>\n","protected":false},"author":2,"featured_media":34068,"comment_status":"open","ping_status":"closed","sticky":false,"template":"","format":"standard","meta":{"footnotes":""},"categories":[121],"tags":[],"class_list":["post-13277","post","type-post","status-publish","format-standard","has-post-thumbnail","hentry","category-e-business"],"yoast_head":"<!-- This site is optimized with the Yoast SEO plugin v27.4 - https:\/\/yoast.com\/product\/yoast-seo-wordpress\/ -->\n<title>Zevillage met les &quot;techos&quot; \u00e0 la campagne (appel \u00e0 projets)<\/title>\n<meta name=\"description\" content=\"Je relaie l\u2019appel \u00e0 projet de notre ami Xavier de Mazenod de Zevillage, qui propose de cr\u00e9er des \u00e9coles de codeurs-entrepreneurs \u00e0 la campagne.\u00a0 Zevillage\" \/>\n<meta name=\"robots\" content=\"index, follow, max-snippet:-1, max-image-preview:large, max-video-preview:-1\" \/>\n<link rel=\"canonical\" href=\"https:\/\/visionarymarketing.com\/fr\/2014\/04\/14\/zevillage-met-les-techos-a-la-campagne-appel-a-projets\/\" \/>\n<meta property=\"og:locale\" content=\"fr_FR\" \/>\n<meta property=\"og:type\" content=\"article\" \/>\n<meta property=\"og:title\" content=\"Zevillage met les &quot;techos&quot; \u00e0 la campagne (appel \u00e0 projets)\" \/>\n<meta property=\"og:description\" content=\"Je relaie l\u2019appel \u00e0 projet de notre ami Xavier de Mazenod de Zevillage, qui propose de cr\u00e9er des \u00e9coles de codeurs-entrepreneurs \u00e0 la campagne.\u00a0 Zevillage\" \/>\n<meta property=\"og:url\" content=\"https:\/\/visionarymarketing.com\/fr\/2014\/04\/14\/zevillage-met-les-techos-a-la-campagne-appel-a-projets\/\" \/>\n<meta property=\"og:site_name\" content=\"Marketing and Innovation\" \/>\n<meta property=\"article:publisher\" content=\"https:\/\/www.facebook.com\/vismktg\" \/>\n<meta property=\"article:author\" content=\"http:\/\/facebook.com\/ygourven\" \/>\n<meta property=\"article:published_time\" content=\"2014-04-14T15:19:14+00:00\" \/>\n<meta property=\"article:modified_time\" content=\"2022-06-08T17:40:42+00:00\" \/>\n<meta property=\"og:image\" content=\"https:\/\/visionarymarketing.com\/wp-content\/uploads\/2019\/11\/47966166841_7e51243587_c.jpg\" \/>\n\t<meta property=\"og:image:width\" content=\"644\" \/>\n\t<meta property=\"og:image:height\" content=\"430\" \/>\n\t<meta property=\"og:image:type\" content=\"image\/jpeg\" \/>\n<meta name=\"author\" content=\"Yann Gourvennec\" \/>\n<meta name=\"twitter:card\" content=\"summary_large_image\" \/>\n<meta name=\"twitter:creator\" content=\"@ygourven\" \/>\n<meta name=\"twitter:site\" content=\"@ygourven\" \/>\n<meta name=\"twitter:label1\" content=\"\u00c9crit par\" \/>\n\t<meta name=\"twitter:data1\" content=\"Yann Gourvennec\" \/>\n\t<meta name=\"twitter:label2\" content=\"Dur\u00e9e de lecture estim\u00e9e\" \/>\n\t<meta name=\"twitter:data2\" content=\"2 minutes\" \/>\n<script type=\"application\/ld+json\" class=\"yoast-schema-graph\">{\"@context\":\"https:\\\/\\\/schema.org\",\"@graph\":[{\"@type\":\"NewsArticle\",\"@id\":\"https:\\\/\\\/visionarymarketing.com\\\/fr\\\/2014\\\/04\\\/14\\\/zevillage-met-les-techos-a-la-campagne-appel-a-projets\\\/#article\",\"isPartOf\":{\"@id\":\"https:\\\/\\\/visionarymarketing.com\\\/fr\\\/2014\\\/04\\\/14\\\/zevillage-met-les-techos-a-la-campagne-appel-a-projets\\\/\"},\"author\":{\"name\":\"Yann Gourvennec\",\"@id\":\"https:\\\/\\\/visionarymarketing.com\\\/fr\\\/#\\\/schema\\\/person\\\/3754fee1e558f47b8deb46f53c37423e\"},\"headline\":\"Zevillage met les \u00ab\u00a0techos\u00a0\u00bb \u00e0 la campagne (appel \u00e0 projets)\",\"datePublished\":\"2014-04-14T15:19:14+00:00\",\"dateModified\":\"2022-06-08T17:40:42+00:00\",\"mainEntityOfPage\":{\"@id\":\"https:\\\/\\\/visionarymarketing.com\\\/fr\\\/2014\\\/04\\\/14\\\/zevillage-met-les-techos-a-la-campagne-appel-a-projets\\\/\"},\"wordCount\":401,\"commentCount\":0,\"image\":{\"@id\":\"https:\\\/\\\/visionarymarketing.com\\\/fr\\\/2014\\\/04\\\/14\\\/zevillage-met-les-techos-a-la-campagne-appel-a-projets\\\/#primaryimage\"},\"thumbnailUrl\":\"https:\\\/\\\/visionarymarketing.com\\\/wp-content\\\/uploads\\\/2019\\\/11\\\/47966166841_7e51243587_c.jpg\",\"articleSection\":[\"e-business \\\/ e-commerce\"],\"inLanguage\":\"fr-FR\",\"potentialAction\":[{\"@type\":\"CommentAction\",\"name\":\"Comment\",\"target\":[\"https:\\\/\\\/visionarymarketing.com\\\/fr\\\/2014\\\/04\\\/14\\\/zevillage-met-les-techos-a-la-campagne-appel-a-projets\\\/#respond\"]}]},{\"@type\":\"WebPage\",\"@id\":\"https:\\\/\\\/visionarymarketing.com\\\/fr\\\/2014\\\/04\\\/14\\\/zevillage-met-les-techos-a-la-campagne-appel-a-projets\\\/\",\"url\":\"https:\\\/\\\/visionarymarketing.com\\\/fr\\\/2014\\\/04\\\/14\\\/zevillage-met-les-techos-a-la-campagne-appel-a-projets\\\/\",\"name\":\"Zevillage met les \\\"techos\\\" \u00e0 la campagne (appel \u00e0 projets)\",\"isPartOf\":{\"@id\":\"https:\\\/\\\/visionarymarketing.com\\\/fr\\\/#website\"},\"primaryImageOfPage\":{\"@id\":\"https:\\\/\\\/visionarymarketing.com\\\/fr\\\/2014\\\/04\\\/14\\\/zevillage-met-les-techos-a-la-campagne-appel-a-projets\\\/#primaryimage\"},\"image\":{\"@id\":\"https:\\\/\\\/visionarymarketing.com\\\/fr\\\/2014\\\/04\\\/14\\\/zevillage-met-les-techos-a-la-campagne-appel-a-projets\\\/#primaryimage\"},\"thumbnailUrl\":\"https:\\\/\\\/visionarymarketing.com\\\/wp-content\\\/uploads\\\/2019\\\/11\\\/47966166841_7e51243587_c.jpg\",\"datePublished\":\"2014-04-14T15:19:14+00:00\",\"dateModified\":\"2022-06-08T17:40:42+00:00\",\"author\":{\"@id\":\"https:\\\/\\\/visionarymarketing.com\\\/fr\\\/#\\\/schema\\\/person\\\/3754fee1e558f47b8deb46f53c37423e\"},\"description\":\"Je relaie l\u2019appel \u00e0 projet de notre ami Xavier de Mazenod de Zevillage, qui propose de cr\u00e9er des \u00e9coles de codeurs-entrepreneurs \u00e0 la campagne.\u00a0 Zevillage\",\"breadcrumb\":{\"@id\":\"https:\\\/\\\/visionarymarketing.com\\\/fr\\\/2014\\\/04\\\/14\\\/zevillage-met-les-techos-a-la-campagne-appel-a-projets\\\/#breadcrumb\"},\"inLanguage\":\"fr-FR\",\"potentialAction\":[{\"@type\":\"ReadAction\",\"target\":[\"https:\\\/\\\/visionarymarketing.com\\\/fr\\\/2014\\\/04\\\/14\\\/zevillage-met-les-techos-a-la-campagne-appel-a-projets\\\/\"]}]},{\"@type\":\"ImageObject\",\"inLanguage\":\"fr-FR\",\"@id\":\"https:\\\/\\\/visionarymarketing.com\\\/fr\\\/2014\\\/04\\\/14\\\/zevillage-met-les-techos-a-la-campagne-appel-a-projets\\\/#primaryimage\",\"url\":\"https:\\\/\\\/visionarymarketing.com\\\/wp-content\\\/uploads\\\/2019\\\/11\\\/47966166841_7e51243587_c.jpg\",\"contentUrl\":\"https:\\\/\\\/visionarymarketing.com\\\/wp-content\\\/uploads\\\/2019\\\/11\\\/47966166841_7e51243587_c.jpg\",\"width\":644,\"height\":430},{\"@type\":\"BreadcrumbList\",\"@id\":\"https:\\\/\\\/visionarymarketing.com\\\/fr\\\/2014\\\/04\\\/14\\\/zevillage-met-les-techos-a-la-campagne-appel-a-projets\\\/#breadcrumb\",\"itemListElement\":[{\"@type\":\"ListItem\",\"position\":1,\"name\":\"Home\",\"item\":\"https:\\\/\\\/visionarymarketing.com\\\/fr\\\/\"},{\"@type\":\"ListItem\",\"position\":2,\"name\":\"Zevillage met les \u00ab\u00a0techos\u00a0\u00bb \u00e0 la campagne (appel \u00e0 projets)\"}]},{\"@type\":\"WebSite\",\"@id\":\"https:\\\/\\\/visionarymarketing.com\\\/fr\\\/#website\",\"url\":\"https:\\\/\\\/visionarymarketing.com\\\/fr\\\/\",\"name\":\"Marketing and Innovation\",\"description\":\"Site d&#039;infos ind\u00e9pendant, depuis 1996\",\"potentialAction\":[{\"@type\":\"SearchAction\",\"target\":{\"@type\":\"EntryPoint\",\"urlTemplate\":\"https:\\\/\\\/visionarymarketing.com\\\/fr\\\/?s={search_term_string}\"},\"query-input\":{\"@type\":\"PropertyValueSpecification\",\"valueRequired\":true,\"valueName\":\"search_term_string\"}}],\"inLanguage\":\"fr-FR\"},{\"@type\":\"Person\",\"@id\":\"https:\\\/\\\/visionarymarketing.com\\\/fr\\\/#\\\/schema\\\/person\\\/3754fee1e558f47b8deb46f53c37423e\",\"name\":\"Yann Gourvennec\",\"image\":{\"@type\":\"ImageObject\",\"inLanguage\":\"fr-FR\",\"@id\":\"https:\\\/\\\/secure.gravatar.com\\\/avatar\\\/5972001801e8de5692a3e31224e85769f50a55fb8b679749f9c8d1868cceff14?s=96&d=initials&r=g&initials=yg\",\"url\":\"https:\\\/\\\/secure.gravatar.com\\\/avatar\\\/5972001801e8de5692a3e31224e85769f50a55fb8b679749f9c8d1868cceff14?s=96&d=initials&r=g&initials=yg\",\"contentUrl\":\"https:\\\/\\\/secure.gravatar.com\\\/avatar\\\/5972001801e8de5692a3e31224e85769f50a55fb8b679749f9c8d1868cceff14?s=96&d=initials&r=g&initials=yg\",\"caption\":\"Yann Gourvennec\"},\"description\":\"Yann Gourvennec created visionarymarketing.com in 1996. He is a speaker and author of many books. In 2014 he went from intrapreneur to entrepreneur, when he created his digital marketing agency. Yann Gourvennec a cr\u00e9\u00e9 visionarymarketing.com en 1996. Il est conf\u00e9rencier et auteur de plusieurs livres. En 2014, il est pass\u00e9 d'intrapreneur \u00e0 entrepreneur en cr\u00e9ant son agence de marketing num\u00e9rique.\",\"sameAs\":[\"https:\\\/\\\/visionarymarketing.com\",\"http:\\\/\\\/facebook.com\\\/ygourven\",\"http:\\\/\\\/linkedin.com\\\/in\\\/ygourven\",\"https:\\\/\\\/x.com\\\/ygourven\",\"https:\\\/\\\/www.youtube.com\\\/c\\\/visionarymarketingagency\"],\"url\":\"https:\\\/\\\/visionarymarketing.com\\\/fr\\\/author\\\/yann-gourvennec\\\/\"}]}<\/script>\n<!-- \/ Yoast SEO plugin. -->","yoast_head_json":{"title":"Zevillage met les \"techos\" \u00e0 la campagne (appel \u00e0 projets)","description":"Je relaie l\u2019appel \u00e0 projet de notre ami Xavier de Mazenod de Zevillage, qui propose de cr\u00e9er des \u00e9coles de codeurs-entrepreneurs \u00e0 la campagne.\u00a0 Zevillage","robots":{"index":"index","follow":"follow","max-snippet":"max-snippet:-1","max-image-preview":"max-image-preview:large","max-video-preview":"max-video-preview:-1"},"canonical":"https:\/\/visionarymarketing.com\/fr\/2014\/04\/14\/zevillage-met-les-techos-a-la-campagne-appel-a-projets\/","og_locale":"fr_FR","og_type":"article","og_title":"Zevillage met les \"techos\" \u00e0 la campagne (appel \u00e0 projets)","og_description":"Je relaie l\u2019appel \u00e0 projet de notre ami Xavier de Mazenod de Zevillage, qui propose de cr\u00e9er des \u00e9coles de codeurs-entrepreneurs \u00e0 la campagne.\u00a0 Zevillage","og_url":"https:\/\/visionarymarketing.com\/fr\/2014\/04\/14\/zevillage-met-les-techos-a-la-campagne-appel-a-projets\/","og_site_name":"Marketing and Innovation","article_publisher":"https:\/\/www.facebook.com\/vismktg","article_author":"http:\/\/facebook.com\/ygourven","article_published_time":"2014-04-14T15:19:14+00:00","article_modified_time":"2022-06-08T17:40:42+00:00","og_image":[{"width":644,"height":430,"url":"https:\/\/visionarymarketing.com\/wp-content\/uploads\/2019\/11\/47966166841_7e51243587_c.jpg","type":"image\/jpeg"}],"author":"Yann Gourvennec","twitter_card":"summary_large_image","twitter_creator":"@ygourven","twitter_site":"@ygourven","twitter_misc":{"\u00c9crit par":"Yann Gourvennec","Dur\u00e9e de lecture estim\u00e9e":"2 minutes"},"schema":{"@context":"https:\/\/schema.org","@graph":[{"@type":"NewsArticle","@id":"https:\/\/visionarymarketing.com\/fr\/2014\/04\/14\/zevillage-met-les-techos-a-la-campagne-appel-a-projets\/#article","isPartOf":{"@id":"https:\/\/visionarymarketing.com\/fr\/2014\/04\/14\/zevillage-met-les-techos-a-la-campagne-appel-a-projets\/"},"author":{"name":"Yann Gourvennec","@id":"https:\/\/visionarymarketing.com\/fr\/#\/schema\/person\/3754fee1e558f47b8deb46f53c37423e"},"headline":"Zevillage met les \u00ab\u00a0techos\u00a0\u00bb \u00e0 la campagne (appel \u00e0 projets)","datePublished":"2014-04-14T15:19:14+00:00","dateModified":"2022-06-08T17:40:42+00:00","mainEntityOfPage":{"@id":"https:\/\/visionarymarketing.com\/fr\/2014\/04\/14\/zevillage-met-les-techos-a-la-campagne-appel-a-projets\/"},"wordCount":401,"commentCount":0,"image":{"@id":"https:\/\/visionarymarketing.com\/fr\/2014\/04\/14\/zevillage-met-les-techos-a-la-campagne-appel-a-projets\/#primaryimage"},"thumbnailUrl":"https:\/\/visionarymarketing.com\/wp-content\/uploads\/2019\/11\/47966166841_7e51243587_c.jpg","articleSection":["e-business \/ e-commerce"],"inLanguage":"fr-FR","potentialAction":[{"@type":"CommentAction","name":"Comment","target":["https:\/\/visionarymarketing.com\/fr\/2014\/04\/14\/zevillage-met-les-techos-a-la-campagne-appel-a-projets\/#respond"]}]},{"@type":"WebPage","@id":"https:\/\/visionarymarketing.com\/fr\/2014\/04\/14\/zevillage-met-les-techos-a-la-campagne-appel-a-projets\/","url":"https:\/\/visionarymarketing.com\/fr\/2014\/04\/14\/zevillage-met-les-techos-a-la-campagne-appel-a-projets\/","name":"Zevillage met les \"techos\" \u00e0 la campagne (appel \u00e0 projets)","isPartOf":{"@id":"https:\/\/visionarymarketing.com\/fr\/#website"},"primaryImageOfPage":{"@id":"https:\/\/visionarymarketing.com\/fr\/2014\/04\/14\/zevillage-met-les-techos-a-la-campagne-appel-a-projets\/#primaryimage"},"image":{"@id":"https:\/\/visionarymarketing.com\/fr\/2014\/04\/14\/zevillage-met-les-techos-a-la-campagne-appel-a-projets\/#primaryimage"},"thumbnailUrl":"https:\/\/visionarymarketing.com\/wp-content\/uploads\/2019\/11\/47966166841_7e51243587_c.jpg","datePublished":"2014-04-14T15:19:14+00:00","dateModified":"2022-06-08T17:40:42+00:00","author":{"@id":"https:\/\/visionarymarketing.com\/fr\/#\/schema\/person\/3754fee1e558f47b8deb46f53c37423e"},"description":"Je relaie l\u2019appel \u00e0 projet de notre ami Xavier de Mazenod de Zevillage, qui propose de cr\u00e9er des \u00e9coles de codeurs-entrepreneurs \u00e0 la campagne.\u00a0 Zevillage","breadcrumb":{"@id":"https:\/\/visionarymarketing.com\/fr\/2014\/04\/14\/zevillage-met-les-techos-a-la-campagne-appel-a-projets\/#breadcrumb"},"inLanguage":"fr-FR","potentialAction":[{"@type":"ReadAction","target":["https:\/\/visionarymarketing.com\/fr\/2014\/04\/14\/zevillage-met-les-techos-a-la-campagne-appel-a-projets\/"]}]},{"@type":"ImageObject","inLanguage":"fr-FR","@id":"https:\/\/visionarymarketing.com\/fr\/2014\/04\/14\/zevillage-met-les-techos-a-la-campagne-appel-a-projets\/#primaryimage","url":"https:\/\/visionarymarketing.com\/wp-content\/uploads\/2019\/11\/47966166841_7e51243587_c.jpg","contentUrl":"https:\/\/visionarymarketing.com\/wp-content\/uploads\/2019\/11\/47966166841_7e51243587_c.jpg","width":644,"height":430},{"@type":"BreadcrumbList","@id":"https:\/\/visionarymarketing.com\/fr\/2014\/04\/14\/zevillage-met-les-techos-a-la-campagne-appel-a-projets\/#breadcrumb","itemListElement":[{"@type":"ListItem","position":1,"name":"Home","item":"https:\/\/visionarymarketing.com\/fr\/"},{"@type":"ListItem","position":2,"name":"Zevillage met les \u00ab\u00a0techos\u00a0\u00bb \u00e0 la campagne (appel \u00e0 projets)"}]},{"@type":"WebSite","@id":"https:\/\/visionarymarketing.com\/fr\/#website","url":"https:\/\/visionarymarketing.com\/fr\/","name":"Marketing and Innovation","description":"Site d&#039;infos ind\u00e9pendant, depuis 1996","potentialAction":[{"@type":"SearchAction","target":{"@type":"EntryPoint","urlTemplate":"https:\/\/visionarymarketing.com\/fr\/?s={search_term_string}"},"query-input":{"@type":"PropertyValueSpecification","valueRequired":true,"valueName":"search_term_string"}}],"inLanguage":"fr-FR"},{"@type":"Person","@id":"https:\/\/visionarymarketing.com\/fr\/#\/schema\/person\/3754fee1e558f47b8deb46f53c37423e","name":"Yann Gourvennec","image":{"@type":"ImageObject","inLanguage":"fr-FR","@id":"https:\/\/secure.gravatar.com\/avatar\/5972001801e8de5692a3e31224e85769f50a55fb8b679749f9c8d1868cceff14?s=96&d=initials&r=g&initials=yg","url":"https:\/\/secure.gravatar.com\/avatar\/5972001801e8de5692a3e31224e85769f50a55fb8b679749f9c8d1868cceff14?s=96&d=initials&r=g&initials=yg","contentUrl":"https:\/\/secure.gravatar.com\/avatar\/5972001801e8de5692a3e31224e85769f50a55fb8b679749f9c8d1868cceff14?s=96&d=initials&r=g&initials=yg","caption":"Yann Gourvennec"},"description":"Yann Gourvennec created visionarymarketing.com in 1996. He is a speaker and author of many books. In 2014 he went from intrapreneur to entrepreneur, when he created his digital marketing agency. Yann Gourvennec a cr\u00e9\u00e9 visionarymarketing.com en 1996. Il est conf\u00e9rencier et auteur de plusieurs livres. En 2014, il est pass\u00e9 d'intrapreneur \u00e0 entrepreneur en cr\u00e9ant son agence de marketing num\u00e9rique.","sameAs":["https:\/\/visionarymarketing.com","http:\/\/facebook.com\/ygourven","http:\/\/linkedin.com\/in\/ygourven","https:\/\/x.com\/ygourven","https:\/\/www.youtube.com\/c\/visionarymarketingagency"],"url":"https:\/\/visionarymarketing.com\/fr\/author\/yann-gourvennec\/"}]}},"_links":{"self":[{"href":"https:\/\/visionarymarketing.com\/fr\/wp-json\/wp\/v2\/posts\/13277","targetHints":{"allow":["GET"]}}],"collection":[{"href":"https:\/\/visionarymarketing.com\/fr\/wp-json\/wp\/v2\/posts"}],"about":[{"href":"https:\/\/visionarymarketing.com\/fr\/wp-json\/wp\/v2\/types\/post"}],"author":[{"embeddable":true,"href":"https:\/\/visionarymarketing.com\/fr\/wp-json\/wp\/v2\/users\/2"}],"replies":[{"embeddable":true,"href":"https:\/\/visionarymarketing.com\/fr\/wp-json\/wp\/v2\/comments?post=13277"}],"version-history":[{"count":0,"href":"https:\/\/visionarymarketing.com\/fr\/wp-json\/wp\/v2\/posts\/13277\/revisions"}],"wp:featuredmedia":[{"embeddable":true,"href":"https:\/\/visionarymarketing.com\/fr\/wp-json\/wp\/v2\/media\/34068"}],"wp:attachment":[{"href":"https:\/\/visionarymarketing.com\/fr\/wp-json\/wp\/v2\/media?parent=13277"}],"wp:term":[{"taxonomy":"category","embeddable":true,"href":"https:\/\/visionarymarketing.com\/fr\/wp-json\/wp\/v2\/categories?post=13277"},{"taxonomy":"post_tag","embeddable":true,"href":"https:\/\/visionarymarketing.com\/fr\/wp-json\/wp\/v2\/tags?post=13277"}],"curies":[{"name":"wp","href":"https:\/\/api.w.org\/{rel}","templated":true}]}}