{"id":13100,"date":"2014-03-31T09:00:52","date_gmt":"2014-03-31T07:00:52","guid":{"rendered":"http:\/\/visionarymarketing.fr\/blog\/?p=13100"},"modified":"2021-03-27T16:02:49","modified_gmt":"2021-03-27T15:02:49","slug":"uber-interdit-en-belgique-waterloo-vtc","status":"publish","type":"post","link":"https:\/\/visionarymarketing.com\/fr\/2014\/03\/31\/uber-interdit-en-belgique-waterloo-vtc\/","title":{"rendered":"Uber interdit en Belgique : le Waterloo des VTC ?"},"content":{"rendered":"<p><a href=\"http:\/\/www.intotheminds.com\/blog\/?p=5969\"><img decoding=\"async\" class=\"wp-image-13099 alignleft\" style=\"margin-left: 10px; margin-right: 10px;\" src=\"https:\/\/visionarymarketing.com\/wp-content\/uploads\/2014\/03\/wpid-featuredImage.png\" alt=\"taxis vtc\" width=\"150\" height=\"122\" srcset=\"https:\/\/visionarymarketing.com\/wp-content\/uploads\/2014\/03\/wpid-featuredImage.png 906w, https:\/\/visionarymarketing.com\/wp-content\/uploads\/2014\/03\/wpid-featuredImage-369x300.png 369w, https:\/\/visionarymarketing.com\/wp-content\/uploads\/2014\/03\/wpid-featuredImage-768x624.png 768w, https:\/\/visionarymarketing.com\/wp-content\/uploads\/2014\/03\/wpid-featuredImage-300x243.png 300w\" sizes=\"(max-width: 150px) 100vw, 150px\" \/><\/a><\/p>\n<p><span style=\"color: #000080;\"><i>La guerre des taxis et des VTC \u00a0(v\u00e9hicules de transport avec <a class=\"zem_slink\" title=\"Chauffeur\" href=\"https:\/\/en.wikipedia.org\/wiki\/Chauffeur\" target=\"_blank\" rel=\"wikipedia noopener noreferrer\">chauffeurs<\/a>) fait rage. Et ceci pas seulement au pays des pigeons, mais aussi plus au <a class=\"zem_slink\" title=\"Nord (French department)\" href=\"http:\/\/maps.google.com\/maps?ll=50.3833333333,3.31666666667&amp;spn=1.0,1.0&amp;q=50.3833333333,3.31666666667 (Nord%20%28French%20department%29)&amp;t=h\" target=\"_blank\" rel=\"geolocation noopener noreferrer\">Nord<\/a>, vers Waterloo\u00a0<\/i><i>\u2026 est-ce un signe ? En fait, cette guerre des taxis est le symbole d\u2019une nouvelle d\u00e9sinterm\u00e9diation venue du <a class=\"zem_slink\" title=\"World Wide Web\" href=\"http:\/\/maps.google.com\/maps?ll=46.2325,6.045&amp;spn=0.01,0.01&amp;q=46.2325,6.045 (World%20Wide%20Web)&amp;t=h\" target=\"_blank\" rel=\"geolocation noopener noreferrer\">Web<\/a> et on en fait \u00e9cho partout dans le monde, <a href=\"http:\/\/www.theverge.com\/2012\/10\/16\/3451108\/uber-taxi-pulls-out-new-york-tlc\" target=\"_blank\" rel=\"noopener noreferrer\">y-compris aux Etats-Unis<\/a>, o\u00f9 <a href=\"http:\/\/www.usatodayeducate.com\/staging\/index.php\/pulse\/in-with-the-new-out-with-the-old-can-uber-fight-for-survival\" target=\"_blank\" rel=\"noopener noreferrer\">certains journaux n&rsquo;h\u00e9sitent pas \u00e0 mettre en question le futur de la startup<\/a>. En fait, le combat vieux monde contre nouveau monde n&rsquo;existe pas. Il y a bel et bien deux business models qui s&rsquo;affrontent, quelque soit l&rsquo;endroit o\u00f9 on se trouve. Pour ma part, je n&rsquo;ai qu&rsquo;une admiration limit\u00e9e pour Uber. En voyage \u00e0 <a class=\"zem_slink\" title=\"San Francisco\" href=\"http:\/\/maps.google.com\/maps?ll=37.7833333333,-122.416666667&amp;spn=0.1,0.1&amp;q=37.7833333333,-122.416666667 (San%20Francisco)&amp;t=h\" target=\"_blank\" rel=\"geolocation noopener noreferrer\">San Francisco<\/a> il y a un peu plus d&rsquo;un an, j&rsquo;ai tent\u00e9 l&rsquo;exp\u00e9rience. Outre l&rsquo;attente anormalement longue, j&rsquo;ai fini par me faire menacer par un chauffeur agressif et probablement drogu\u00e9 qui me demandait 100$ en cash pour une course de 30$ et refusait de prendre en compte la demande par l&rsquo;application ainsi que le compteur. Entre nous, je n&rsquo;ai pas retent\u00e9 l&rsquo;exp\u00e9rience et je suis bien plus impressionn\u00e9 par le s\u00e9rieux et le professionnalisme des chauffeurs de G7. Il y a un air de populisme dans cette guerre VTC contre taxis, mais je ne suis pas s\u00fbr que la v\u00e9rit\u00e9 se trouve du c\u00f4t\u00e9 qu&rsquo;on croit.\u00a0<\/i><\/span><span style=\"color: #000080;\"><i>Alors voici l\u2019histoire racont\u00e9e par Pierre Nicolas Schwab, un Fran\u00e7ais expatri\u00e9 en <a class=\"zem_slink\" title=\"Belgium\" href=\"http:\/\/maps.google.com\/maps?ll=50.85,4.35&amp;spn=10.0,10.0&amp;q=50.85,4.35 (Belgium)&amp;t=h\" target=\"_blank\" rel=\"geolocation noopener noreferrer\">Belgique<\/a>, et <a href=\"http:\/\/www.intotheminds.com\/blog\/?p=5969\" target=\"_blank\" rel=\"noopener noreferrer\">partenaire d\u2019outre Qui\u00e9vrain de Visionary Marketing<\/a>.<\/i><\/span><\/p>\n<p style=\"text-align: center;\">\n<h2><b>les VTC Djump et Uber interdits par les autorit\u00e9s belges &#8230; Airbnb prochaine sur la liste ?<\/b><\/h2>\n<p><img decoding=\"async\" class=\"aligncenter size-full wp-image-62688\" src=\"https:\/\/visionarymarketing.com\/wp-content\/uploads\/2014\/03\/8280606838-229e048a8b.jpg\" alt=\"\" width=\"500\" height=\"334\" srcset=\"https:\/\/visionarymarketing.com\/wp-content\/uploads\/2014\/03\/8280606838-229e048a8b.jpg 500w, https:\/\/visionarymarketing.com\/wp-content\/uploads\/2014\/03\/8280606838-229e048a8b-449x300.jpg 449w\" sizes=\"(max-width: 500px) 100vw, 500px\" \/><\/p>\n<p>Pour ceux d&rsquo;entre vous qui suivent l\u2019actualit\u00e9 des startups et de l\u2019IT, vous avez peut-\u00eatre entendu parler de cette d\u00e9cision du gouvernement belge d\u2019interdire Uber, un service permettant de commander un VTC (Voiture de Tourisme avec Chauffeur) en lieu et place d\u2019un <a class=\"zem_slink\" title=\"Taxicab\" href=\"https:\/\/en.wikipedia.org\/wiki\/Taxicab\" target=\"_blank\" rel=\"wikipedia noopener noreferrer\">taxi<\/a> classique. La police belge a m\u00eame saisi deux voitures qui participaient au programme de covoiturage urbain UberPop. La semaine derni\u00e8re, le gouvernement est all\u00e9 encore plus loin et a demand\u00e9 \u00e0 Djump, une startup bruxelloise proposant une plate-forme de partage de voiture, de cesser imm\u00e9diatement ses activit\u00e9s. Dans le billet d&rsquo;aujourd&rsquo;hui, nous allons r\u00e9fl\u00e9chir \u00e0 ce qui d\u00e9clenche ces r\u00e9actions des autorit\u00e9s belges et si elles auraient pu \u00eatre anticip\u00e9es.<\/p>\n<p><strong>Pourquoi une interdiction de ces business models innovants ?<\/strong><\/p>\n<p>Une telle r\u00e9action de la part des gouvernements belges montre tout d&rsquo;abord que des activit\u00e9s de lobbying intenses ont \u00e9t\u00e9 men\u00e9es dans les coulisses par les repr\u00e9sentants des chauffeurs de taxi. La m\u00eame chose s&rsquo;est produite en <a class=\"zem_slink\" title=\"France\" href=\"http:\/\/maps.google.com\/maps?ll=48.8566666667,2.35083333333&amp;spn=10.0,10.0&amp;q=48.8566666667,2.35083333333 (France)&amp;t=h\" target=\"_blank\" rel=\"geolocation noopener noreferrer\">France<\/a> conduisant \u00e0 des manifestations le mois dernier \u00e0 Paris. Le point essentiel \u00e0 analyser est donc ce qui motive les chauffeurs de taxi \u00e0 engager de telles repr\u00e9sailles contre des start-up (plut\u00f4t tr\u00e8s grande pour Uber, plut\u00f4t modeste pour Djump).<br \/>\nLes conducteurs de taxi officiels vous expliqueront bien s\u00fbr qu&rsquo;ils ont une certaine structure de co\u00fbts, qu&rsquo;ils ont fait des investissements et emprunt\u00e9 de l&rsquo;argent pour acheter leur licence de taxi. C\u2019est vrai et une licence co\u00fbte en effet beaucoup d&rsquo;argent (plus de 200 000 \u20ac \u00e0 Paris ce qui en fait votre immobilisation la plus ch\u00e8re sur le bilan comptable).<br \/>\nPourtant , il y a une chose que les chauffeurs de taxi ne disent pas et dont je pense qu&rsquo;ils ont tr\u00e8s peur: perdre leurs clients, et pas qu\u2019un seul. TOUS !<\/p>\n<p>via Intotheminds de Pierre Nicolas Scwab (Belgique) <a href=\"http:\/\/www.intotheminds.com\/blog\/?p=5969\" target=\"_blank\" rel=\"noopener noreferrer\">http:\/\/www.intotheminds.com\/blog\/?p=5969<\/a><\/p>\n","protected":false},"excerpt":{"rendered":"<p>La guerre des taxis et des VTC \u00a0(v\u00e9hicules de transport avec chauffeurs) fait rage. Et ceci pas seulement au pays des pigeons, mais aussi plus au Nord, vers Waterloo\u00a0\u2026 est-ce un signe ? En fait, cette guerre des taxis est le symbole d\u2019une nouvelle d\u00e9sinterm\u00e9diation venue du Web et on en fait \u00e9cho partout dans &hellip;<\/p>\n","protected":false},"author":2,"featured_media":34070,"comment_status":"open","ping_status":"open","sticky":false,"template":"","format":"standard","meta":{"footnotes":""},"categories":[1613],"tags":[],"class_list":["post-13100","post","type-post","status-publish","format-standard","has-post-thumbnail","hentry","category-marketing-digital-marketing"],"yoast_head":"<!-- This site is optimized with the Yoast SEO plugin v27.5 - https:\/\/yoast.com\/product\/yoast-seo-wordpress\/ -->\n<title>Uber interdit en Belgique : le Waterloo des VTC ?<\/title>\n<meta name=\"description\" content=\"Les VTC ou V\u00e9hicules de transport avec chauffeurs sont en plein guerre contre les taxis. Et ce pas seulement \u00e0 Paris ...\" \/>\n<meta name=\"robots\" content=\"index, follow, max-snippet:-1, max-image-preview:large, max-video-preview:-1\" \/>\n<link rel=\"canonical\" href=\"https:\/\/visionarymarketing.com\/fr\/2014\/03\/31\/uber-interdit-en-belgique-waterloo-vtc\/\" \/>\n<meta property=\"og:locale\" content=\"fr_FR\" \/>\n<meta property=\"og:type\" content=\"article\" \/>\n<meta property=\"og:title\" content=\"Uber interdit en Belgique : le Waterloo des VTC ?\" \/>\n<meta property=\"og:description\" content=\"Les VTC ou V\u00e9hicules de transport avec chauffeurs sont en plein guerre contre les taxis. Et ce pas seulement \u00e0 Paris ...\" \/>\n<meta property=\"og:url\" content=\"https:\/\/visionarymarketing.com\/fr\/2014\/03\/31\/uber-interdit-en-belgique-waterloo-vtc\/\" \/>\n<meta property=\"og:site_name\" content=\"Marketing and Innovation\" \/>\n<meta property=\"article:publisher\" content=\"https:\/\/www.facebook.com\/vismktg\" \/>\n<meta property=\"article:author\" content=\"http:\/\/facebook.com\/ygourven\" \/>\n<meta property=\"article:published_time\" content=\"2014-03-31T07:00:52+00:00\" \/>\n<meta property=\"article:modified_time\" content=\"2021-03-27T15:02:49+00:00\" \/>\n<meta property=\"og:image\" content=\"https:\/\/visionarymarketing.com\/wp-content\/uploads\/2019\/11\/default-image-blog-Visionary-Marketing-e1600435653473.jpg\" \/>\n\t<meta property=\"og:image:width\" content=\"519\" \/>\n\t<meta property=\"og:image:height\" content=\"340\" \/>\n\t<meta property=\"og:image:type\" content=\"image\/jpeg\" \/>\n<meta name=\"author\" content=\"Yann Gourvennec\" \/>\n<meta name=\"twitter:card\" content=\"summary_large_image\" \/>\n<meta name=\"twitter:creator\" content=\"@ygourven\" \/>\n<meta name=\"twitter:site\" content=\"@ygourven\" \/>\n<meta name=\"twitter:label1\" content=\"\u00c9crit par\" \/>\n\t<meta name=\"twitter:data1\" content=\"Yann Gourvennec\" \/>\n\t<meta name=\"twitter:label2\" content=\"Dur\u00e9e de lecture estim\u00e9e\" \/>\n\t<meta name=\"twitter:data2\" content=\"3 minutes\" \/>\n<script type=\"application\/ld+json\" class=\"yoast-schema-graph\">{\"@context\":\"https:\\\/\\\/schema.org\",\"@graph\":[{\"@type\":\"NewsArticle\",\"@id\":\"https:\\\/\\\/visionarymarketing.com\\\/fr\\\/2014\\\/03\\\/31\\\/uber-interdit-en-belgique-waterloo-vtc\\\/#article\",\"isPartOf\":{\"@id\":\"https:\\\/\\\/visionarymarketing.com\\\/fr\\\/2014\\\/03\\\/31\\\/uber-interdit-en-belgique-waterloo-vtc\\\/\"},\"author\":{\"name\":\"Yann Gourvennec\",\"@id\":\"https:\\\/\\\/visionarymarketing.com\\\/fr\\\/#\\\/schema\\\/person\\\/3754fee1e558f47b8deb46f53c37423e\"},\"headline\":\"Uber interdit en Belgique : le Waterloo des VTC ?\",\"datePublished\":\"2014-03-31T07:00:52+00:00\",\"dateModified\":\"2021-03-27T15:02:49+00:00\",\"mainEntityOfPage\":{\"@id\":\"https:\\\/\\\/visionarymarketing.com\\\/fr\\\/2014\\\/03\\\/31\\\/uber-interdit-en-belgique-waterloo-vtc\\\/\"},\"wordCount\":628,\"commentCount\":2,\"image\":{\"@id\":\"https:\\\/\\\/visionarymarketing.com\\\/fr\\\/2014\\\/03\\\/31\\\/uber-interdit-en-belgique-waterloo-vtc\\\/#primaryimage\"},\"thumbnailUrl\":\"https:\\\/\\\/visionarymarketing.com\\\/wp-content\\\/uploads\\\/2019\\\/11\\\/default-image-blog-Visionary-Marketing-e1600435653473.jpg\",\"articleSection\":[\"marketing digital\"],\"inLanguage\":\"fr-FR\",\"potentialAction\":[{\"@type\":\"CommentAction\",\"name\":\"Comment\",\"target\":[\"https:\\\/\\\/visionarymarketing.com\\\/fr\\\/2014\\\/03\\\/31\\\/uber-interdit-en-belgique-waterloo-vtc\\\/#respond\"]}]},{\"@type\":\"WebPage\",\"@id\":\"https:\\\/\\\/visionarymarketing.com\\\/fr\\\/2014\\\/03\\\/31\\\/uber-interdit-en-belgique-waterloo-vtc\\\/\",\"url\":\"https:\\\/\\\/visionarymarketing.com\\\/fr\\\/2014\\\/03\\\/31\\\/uber-interdit-en-belgique-waterloo-vtc\\\/\",\"name\":\"Uber interdit en Belgique : le Waterloo des VTC ?\",\"isPartOf\":{\"@id\":\"https:\\\/\\\/visionarymarketing.com\\\/fr\\\/#website\"},\"primaryImageOfPage\":{\"@id\":\"https:\\\/\\\/visionarymarketing.com\\\/fr\\\/2014\\\/03\\\/31\\\/uber-interdit-en-belgique-waterloo-vtc\\\/#primaryimage\"},\"image\":{\"@id\":\"https:\\\/\\\/visionarymarketing.com\\\/fr\\\/2014\\\/03\\\/31\\\/uber-interdit-en-belgique-waterloo-vtc\\\/#primaryimage\"},\"thumbnailUrl\":\"https:\\\/\\\/visionarymarketing.com\\\/wp-content\\\/uploads\\\/2019\\\/11\\\/default-image-blog-Visionary-Marketing-e1600435653473.jpg\",\"datePublished\":\"2014-03-31T07:00:52+00:00\",\"dateModified\":\"2021-03-27T15:02:49+00:00\",\"author\":{\"@id\":\"https:\\\/\\\/visionarymarketing.com\\\/fr\\\/#\\\/schema\\\/person\\\/3754fee1e558f47b8deb46f53c37423e\"},\"description\":\"Les VTC ou V\u00e9hicules de transport avec chauffeurs sont en plein guerre contre les taxis. Et ce pas seulement \u00e0 Paris ...\",\"breadcrumb\":{\"@id\":\"https:\\\/\\\/visionarymarketing.com\\\/fr\\\/2014\\\/03\\\/31\\\/uber-interdit-en-belgique-waterloo-vtc\\\/#breadcrumb\"},\"inLanguage\":\"fr-FR\",\"potentialAction\":[{\"@type\":\"ReadAction\",\"target\":[\"https:\\\/\\\/visionarymarketing.com\\\/fr\\\/2014\\\/03\\\/31\\\/uber-interdit-en-belgique-waterloo-vtc\\\/\"]}]},{\"@type\":\"ImageObject\",\"inLanguage\":\"fr-FR\",\"@id\":\"https:\\\/\\\/visionarymarketing.com\\\/fr\\\/2014\\\/03\\\/31\\\/uber-interdit-en-belgique-waterloo-vtc\\\/#primaryimage\",\"url\":\"https:\\\/\\\/visionarymarketing.com\\\/wp-content\\\/uploads\\\/2019\\\/11\\\/default-image-blog-Visionary-Marketing-e1600435653473.jpg\",\"contentUrl\":\"https:\\\/\\\/visionarymarketing.com\\\/wp-content\\\/uploads\\\/2019\\\/11\\\/default-image-blog-Visionary-Marketing-e1600435653473.jpg\",\"width\":519,\"height\":340,\"caption\":\"Heliothrope - visionary marketing \u00a9 2015\"},{\"@type\":\"BreadcrumbList\",\"@id\":\"https:\\\/\\\/visionarymarketing.com\\\/fr\\\/2014\\\/03\\\/31\\\/uber-interdit-en-belgique-waterloo-vtc\\\/#breadcrumb\",\"itemListElement\":[{\"@type\":\"ListItem\",\"position\":1,\"name\":\"Home\",\"item\":\"https:\\\/\\\/visionarymarketing.com\\\/fr\\\/\"},{\"@type\":\"ListItem\",\"position\":2,\"name\":\"Uber interdit en Belgique : le Waterloo des VTC ?\"}]},{\"@type\":\"WebSite\",\"@id\":\"https:\\\/\\\/visionarymarketing.com\\\/fr\\\/#website\",\"url\":\"https:\\\/\\\/visionarymarketing.com\\\/fr\\\/\",\"name\":\"Marketing and Innovation\",\"description\":\"Site d&#039;infos ind\u00e9pendant, depuis 1996\",\"potentialAction\":[{\"@type\":\"SearchAction\",\"target\":{\"@type\":\"EntryPoint\",\"urlTemplate\":\"https:\\\/\\\/visionarymarketing.com\\\/fr\\\/?s={search_term_string}\"},\"query-input\":{\"@type\":\"PropertyValueSpecification\",\"valueRequired\":true,\"valueName\":\"search_term_string\"}}],\"inLanguage\":\"fr-FR\"},{\"@type\":\"Person\",\"@id\":\"https:\\\/\\\/visionarymarketing.com\\\/fr\\\/#\\\/schema\\\/person\\\/3754fee1e558f47b8deb46f53c37423e\",\"name\":\"Yann Gourvennec\",\"image\":{\"@type\":\"ImageObject\",\"inLanguage\":\"fr-FR\",\"@id\":\"https:\\\/\\\/secure.gravatar.com\\\/avatar\\\/5972001801e8de5692a3e31224e85769f50a55fb8b679749f9c8d1868cceff14?s=96&d=initials&r=g&initials=yg\",\"url\":\"https:\\\/\\\/secure.gravatar.com\\\/avatar\\\/5972001801e8de5692a3e31224e85769f50a55fb8b679749f9c8d1868cceff14?s=96&d=initials&r=g&initials=yg\",\"contentUrl\":\"https:\\\/\\\/secure.gravatar.com\\\/avatar\\\/5972001801e8de5692a3e31224e85769f50a55fb8b679749f9c8d1868cceff14?s=96&d=initials&r=g&initials=yg\",\"caption\":\"Yann Gourvennec\"},\"description\":\"Yann Gourvennec created visionarymarketing.com in 1996. He is a speaker and author of many books. In 2014 he went from intrapreneur to entrepreneur, when he created his digital marketing agency. Yann Gourvennec a cr\u00e9\u00e9 visionarymarketing.com en 1996. Il est conf\u00e9rencier et auteur de plusieurs livres. En 2014, il est pass\u00e9 d'intrapreneur \u00e0 entrepreneur en cr\u00e9ant son agence de marketing num\u00e9rique.\",\"sameAs\":[\"https:\\\/\\\/visionarymarketing.com\",\"http:\\\/\\\/facebook.com\\\/ygourven\",\"http:\\\/\\\/linkedin.com\\\/in\\\/ygourven\",\"https:\\\/\\\/x.com\\\/ygourven\",\"https:\\\/\\\/www.youtube.com\\\/c\\\/visionarymarketingagency\"],\"url\":\"https:\\\/\\\/visionarymarketing.com\\\/fr\\\/author\\\/yann-gourvennec\\\/\"}]}<\/script>\n<!-- \/ Yoast SEO plugin. -->","yoast_head_json":{"title":"Uber interdit en Belgique : le Waterloo des VTC ?","description":"Les VTC ou V\u00e9hicules de transport avec chauffeurs sont en plein guerre contre les taxis. Et ce pas seulement \u00e0 Paris ...","robots":{"index":"index","follow":"follow","max-snippet":"max-snippet:-1","max-image-preview":"max-image-preview:large","max-video-preview":"max-video-preview:-1"},"canonical":"https:\/\/visionarymarketing.com\/fr\/2014\/03\/31\/uber-interdit-en-belgique-waterloo-vtc\/","og_locale":"fr_FR","og_type":"article","og_title":"Uber interdit en Belgique : le Waterloo des VTC ?","og_description":"Les VTC ou V\u00e9hicules de transport avec chauffeurs sont en plein guerre contre les taxis. Et ce pas seulement \u00e0 Paris ...","og_url":"https:\/\/visionarymarketing.com\/fr\/2014\/03\/31\/uber-interdit-en-belgique-waterloo-vtc\/","og_site_name":"Marketing and Innovation","article_publisher":"https:\/\/www.facebook.com\/vismktg","article_author":"http:\/\/facebook.com\/ygourven","article_published_time":"2014-03-31T07:00:52+00:00","article_modified_time":"2021-03-27T15:02:49+00:00","og_image":[{"width":519,"height":340,"url":"https:\/\/visionarymarketing.com\/wp-content\/uploads\/2019\/11\/default-image-blog-Visionary-Marketing-e1600435653473.jpg","type":"image\/jpeg"}],"author":"Yann Gourvennec","twitter_card":"summary_large_image","twitter_creator":"@ygourven","twitter_site":"@ygourven","twitter_misc":{"\u00c9crit par":"Yann Gourvennec","Dur\u00e9e de lecture estim\u00e9e":"3 minutes"},"schema":{"@context":"https:\/\/schema.org","@graph":[{"@type":"NewsArticle","@id":"https:\/\/visionarymarketing.com\/fr\/2014\/03\/31\/uber-interdit-en-belgique-waterloo-vtc\/#article","isPartOf":{"@id":"https:\/\/visionarymarketing.com\/fr\/2014\/03\/31\/uber-interdit-en-belgique-waterloo-vtc\/"},"author":{"name":"Yann Gourvennec","@id":"https:\/\/visionarymarketing.com\/fr\/#\/schema\/person\/3754fee1e558f47b8deb46f53c37423e"},"headline":"Uber interdit en Belgique : le Waterloo des VTC ?","datePublished":"2014-03-31T07:00:52+00:00","dateModified":"2021-03-27T15:02:49+00:00","mainEntityOfPage":{"@id":"https:\/\/visionarymarketing.com\/fr\/2014\/03\/31\/uber-interdit-en-belgique-waterloo-vtc\/"},"wordCount":628,"commentCount":2,"image":{"@id":"https:\/\/visionarymarketing.com\/fr\/2014\/03\/31\/uber-interdit-en-belgique-waterloo-vtc\/#primaryimage"},"thumbnailUrl":"https:\/\/visionarymarketing.com\/wp-content\/uploads\/2019\/11\/default-image-blog-Visionary-Marketing-e1600435653473.jpg","articleSection":["marketing digital"],"inLanguage":"fr-FR","potentialAction":[{"@type":"CommentAction","name":"Comment","target":["https:\/\/visionarymarketing.com\/fr\/2014\/03\/31\/uber-interdit-en-belgique-waterloo-vtc\/#respond"]}]},{"@type":"WebPage","@id":"https:\/\/visionarymarketing.com\/fr\/2014\/03\/31\/uber-interdit-en-belgique-waterloo-vtc\/","url":"https:\/\/visionarymarketing.com\/fr\/2014\/03\/31\/uber-interdit-en-belgique-waterloo-vtc\/","name":"Uber interdit en Belgique : le Waterloo des VTC ?","isPartOf":{"@id":"https:\/\/visionarymarketing.com\/fr\/#website"},"primaryImageOfPage":{"@id":"https:\/\/visionarymarketing.com\/fr\/2014\/03\/31\/uber-interdit-en-belgique-waterloo-vtc\/#primaryimage"},"image":{"@id":"https:\/\/visionarymarketing.com\/fr\/2014\/03\/31\/uber-interdit-en-belgique-waterloo-vtc\/#primaryimage"},"thumbnailUrl":"https:\/\/visionarymarketing.com\/wp-content\/uploads\/2019\/11\/default-image-blog-Visionary-Marketing-e1600435653473.jpg","datePublished":"2014-03-31T07:00:52+00:00","dateModified":"2021-03-27T15:02:49+00:00","author":{"@id":"https:\/\/visionarymarketing.com\/fr\/#\/schema\/person\/3754fee1e558f47b8deb46f53c37423e"},"description":"Les VTC ou V\u00e9hicules de transport avec chauffeurs sont en plein guerre contre les taxis. Et ce pas seulement \u00e0 Paris ...","breadcrumb":{"@id":"https:\/\/visionarymarketing.com\/fr\/2014\/03\/31\/uber-interdit-en-belgique-waterloo-vtc\/#breadcrumb"},"inLanguage":"fr-FR","potentialAction":[{"@type":"ReadAction","target":["https:\/\/visionarymarketing.com\/fr\/2014\/03\/31\/uber-interdit-en-belgique-waterloo-vtc\/"]}]},{"@type":"ImageObject","inLanguage":"fr-FR","@id":"https:\/\/visionarymarketing.com\/fr\/2014\/03\/31\/uber-interdit-en-belgique-waterloo-vtc\/#primaryimage","url":"https:\/\/visionarymarketing.com\/wp-content\/uploads\/2019\/11\/default-image-blog-Visionary-Marketing-e1600435653473.jpg","contentUrl":"https:\/\/visionarymarketing.com\/wp-content\/uploads\/2019\/11\/default-image-blog-Visionary-Marketing-e1600435653473.jpg","width":519,"height":340,"caption":"Heliothrope - visionary marketing \u00a9 2015"},{"@type":"BreadcrumbList","@id":"https:\/\/visionarymarketing.com\/fr\/2014\/03\/31\/uber-interdit-en-belgique-waterloo-vtc\/#breadcrumb","itemListElement":[{"@type":"ListItem","position":1,"name":"Home","item":"https:\/\/visionarymarketing.com\/fr\/"},{"@type":"ListItem","position":2,"name":"Uber interdit en Belgique : le Waterloo des VTC ?"}]},{"@type":"WebSite","@id":"https:\/\/visionarymarketing.com\/fr\/#website","url":"https:\/\/visionarymarketing.com\/fr\/","name":"Marketing and Innovation","description":"Site d&#039;infos ind\u00e9pendant, depuis 1996","potentialAction":[{"@type":"SearchAction","target":{"@type":"EntryPoint","urlTemplate":"https:\/\/visionarymarketing.com\/fr\/?s={search_term_string}"},"query-input":{"@type":"PropertyValueSpecification","valueRequired":true,"valueName":"search_term_string"}}],"inLanguage":"fr-FR"},{"@type":"Person","@id":"https:\/\/visionarymarketing.com\/fr\/#\/schema\/person\/3754fee1e558f47b8deb46f53c37423e","name":"Yann Gourvennec","image":{"@type":"ImageObject","inLanguage":"fr-FR","@id":"https:\/\/secure.gravatar.com\/avatar\/5972001801e8de5692a3e31224e85769f50a55fb8b679749f9c8d1868cceff14?s=96&d=initials&r=g&initials=yg","url":"https:\/\/secure.gravatar.com\/avatar\/5972001801e8de5692a3e31224e85769f50a55fb8b679749f9c8d1868cceff14?s=96&d=initials&r=g&initials=yg","contentUrl":"https:\/\/secure.gravatar.com\/avatar\/5972001801e8de5692a3e31224e85769f50a55fb8b679749f9c8d1868cceff14?s=96&d=initials&r=g&initials=yg","caption":"Yann Gourvennec"},"description":"Yann Gourvennec created visionarymarketing.com in 1996. He is a speaker and author of many books. In 2014 he went from intrapreneur to entrepreneur, when he created his digital marketing agency. Yann Gourvennec a cr\u00e9\u00e9 visionarymarketing.com en 1996. Il est conf\u00e9rencier et auteur de plusieurs livres. En 2014, il est pass\u00e9 d'intrapreneur \u00e0 entrepreneur en cr\u00e9ant son agence de marketing num\u00e9rique.","sameAs":["https:\/\/visionarymarketing.com","http:\/\/facebook.com\/ygourven","http:\/\/linkedin.com\/in\/ygourven","https:\/\/x.com\/ygourven","https:\/\/www.youtube.com\/c\/visionarymarketingagency"],"url":"https:\/\/visionarymarketing.com\/fr\/author\/yann-gourvennec\/"}]}},"_links":{"self":[{"href":"https:\/\/visionarymarketing.com\/fr\/wp-json\/wp\/v2\/posts\/13100","targetHints":{"allow":["GET"]}}],"collection":[{"href":"https:\/\/visionarymarketing.com\/fr\/wp-json\/wp\/v2\/posts"}],"about":[{"href":"https:\/\/visionarymarketing.com\/fr\/wp-json\/wp\/v2\/types\/post"}],"author":[{"embeddable":true,"href":"https:\/\/visionarymarketing.com\/fr\/wp-json\/wp\/v2\/users\/2"}],"replies":[{"embeddable":true,"href":"https:\/\/visionarymarketing.com\/fr\/wp-json\/wp\/v2\/comments?post=13100"}],"version-history":[{"count":0,"href":"https:\/\/visionarymarketing.com\/fr\/wp-json\/wp\/v2\/posts\/13100\/revisions"}],"wp:featuredmedia":[{"embeddable":true,"href":"https:\/\/visionarymarketing.com\/fr\/wp-json\/wp\/v2\/media\/34070"}],"wp:attachment":[{"href":"https:\/\/visionarymarketing.com\/fr\/wp-json\/wp\/v2\/media?parent=13100"}],"wp:term":[{"taxonomy":"category","embeddable":true,"href":"https:\/\/visionarymarketing.com\/fr\/wp-json\/wp\/v2\/categories?post=13100"},{"taxonomy":"post_tag","embeddable":true,"href":"https:\/\/visionarymarketing.com\/fr\/wp-json\/wp\/v2\/tags?post=13100"}],"curies":[{"name":"wp","href":"https:\/\/api.w.org\/{rel}","templated":true}]}}