{"id":12177,"date":"2014-01-23T09:00:01","date_gmt":"2014-01-23T08:00:01","guid":{"rendered":"http:\/\/visionarymarketing.fr\/blog\/?p=12177"},"modified":"2023-11-15T10:53:00","modified_gmt":"2023-11-15T09:53:00","slug":"teletravail-zevillage-revampe-son-site-propose-des-livres-blancs","status":"publish","type":"post","link":"https:\/\/visionarymarketing.com\/fr\/2014\/01\/23\/teletravail-zevillage-revampe-son-site-propose-des-livres-blancs\/","title":{"rendered":"T\u00e9l\u00e9travail : le nouveau Zevillage et ses livres blancs"},"content":{"rendered":"<p align=\"left\"><em><span style=\"color: #4f81bd;\">C\u2019est la news de la semaine, \u00e0 savoir la refonte bien m\u00e9rit\u00e9e de notre ami et partenaire Xavier de Mazenod et de son \u00e9quipe de t\u00e9l\u00e9travailleurs campagnards, inlassables d\u00e9fenseurs du travail \u00e0 distance. En plus d\u2019un nouveau logo et d\u2019un th\u00e8me <a class=\"zem_slink\" title=\"WordPress\" href=\"http:\/\/wordpress.org\" target=\"_blank\" rel=\"homepage noopener noreferrer\">WordPress<\/a> mis \u00e0 jour, c\u2019est un floril\u00e8ge de livres blancs que nous propose le site, dont notamment <\/span><\/em><a href=\"http:\/\/www.zevillage.net\/2013\/03\/21\/livre-blanc-du-tour-de-france-du-teletravail-et-des-tiers-lieux\/\" target=\"_blank\" rel=\"noopener noreferrer\"><em><span style=\"color: #4f81bd;\">celui sur le t\u00e9l\u00e9travail et les tiers-lieux<\/span><\/em><\/a><em><span style=\"color: #4f81bd;\">. <\/span><\/em><a href=\"https:\/\/zevillage.net\/management-rh\/guide-du-teletravail-2011-a-telecharger\/\" target=\"_blank\" rel=\"noopener noreferrer\"><em><span style=\"color: #4f81bd;\">La docuth\u00e8que est pl\u00e9thorique<\/span><\/em><\/a><em><span style=\"color: #4f81bd;\">, vous y trouverez tout ce dont vous avez besoin pour conna\u00eetre l\u2019\u00e9tat d\u2019avancement des nouvelles formes de travail en France et ailleurs. Incontournable. A vos souris \u2026 !<\/span><\/em><\/p>\n<p align=\"left\"><a href=\"https:\/\/zevillage.net\" target=\"_blank\" rel=\"noopener noreferrer\"><img decoding=\"async\" style=\"background-image: none; padding-left: 0px; padding-right: 0px; display: block; margin-left: auto; margin-right: auto; padding-top: 0px; border: 0px;\" title=\"image\" alt=\"t\u00e9l\u00e9travail\" src=\"https:\/\/visionarymarketing.com\/wp-content\/uploads\/2014\/01\/image1.png\" width=\"644\" height=\"92\" border=\"0\" \/><\/a><\/p>\n<p><strong>En avant pour la transition num\u00e9rique !<\/strong><\/p>\n<blockquote class=\"quote-light\"><p>Zevillage change, vous avez la nouvelle maquette sous les yeux. Ces \u00e9volutions vont faciliter votre lecture mais traduisent surtout un changement de ligne \u00e9ditoriale ; en dix ann\u00e9es d\u2019existence nous avons \u00e9volu\u00e9 sans cesse et la soci\u00e9t\u00e9 aussi. Les enjeux ont chang\u00e9.<\/p>\n<p>En 2004, Zevillage a d\u00e9marr\u00e9 sur la conviction que le t\u00e9l\u00e9travail et les technologies pouvaient nous aider \u00e0 am\u00e9liorer notre qualit\u00e9 de vie. Moins de d\u00e9placements, le choix de vivre o\u00f9 nous le voulions, une vie plus soucieuse d\u2019\u00e9conomies de CO2. La cr\u00e9ation du site accompagnait le changement de vie que nous avions entrepris avec ma famille pour nous installer \u00e0 la campagne. Le village r\u00eav\u00e9, id\u00e9al, connect\u00e9 \u00e9tait le symbole de ce changement ; il donnait d\u2019ailleurs son nom au site web.<\/p><\/blockquote>\n<p>via<a href=\"http:\/\/www.zevillage.net\/2014\/01\/20\/en-pour-la-transition-numerique\/?utm_source=Zevillage&amp;utm_campaign=bb7296a47a-Nouveau_Zevillage1_20_2014&amp;utm_medium=email&amp;utm_term=0_c6bf7a71a5-bb7296a47a-409854329\">En avant pour la transition num\u00e9rique ! | Zevillage<\/a>.<\/p>\n<h3 class=\"zemanta-related-title\" style=\"margin: 0 0 10px 0; padding: 0; clear: both;\">Related articles<\/h3>\n<ul class=\"zemanta-article-ul zemanta-article-ul-image\" style=\"margin: 0; padding: 0; overflow: hidden;\">\n<li class=\"zemanta-article-ul-li-image zemanta-article-ul-li\" style=\"padding: 0; background: none; list-style: none; display: block; float: left; vertical-align: top; text-align: left; width: 104px; font-size: 12px; margin: 0 5px 10px 0;\"><a style=\"padding: 2px; display: block; text-decoration: none;\" href=\"http:\/\/analogieinframince.wordpress.com\/2014\/01\/19\/avant-le-changement-sur-wikipedia-du-pavillon-de-verre\/\" target=\"_blank\" rel=\"noopener noreferrer\"><\/a><a style=\"display: block; overflow: hidden; text-decoration: none; line-height: 12pt; height: 80px; padding: 5px 2px 0 2px;\" href=\"http:\/\/analogieinframince.wordpress.com\/2014\/01\/19\/avant-le-changement-sur-wikipedia-du-pavillon-de-verre\/\" target=\"_blank\" rel=\"noopener noreferrer\">Avant le changement sur wikip\u00e9dia du Pavillon de verre<\/a><\/li>\n<li class=\"zemanta-article-ul-li-image zemanta-article-ul-li\" style=\"padding: 0; background: none; list-style: none; display: block; float: left; vertical-align: top; text-align: left; width: 104px; font-size: 12px; margin: 0 5px 10px 0;\"><span class=\"removed_link\" title=\"http:\/\/littlebilingues.wordpress.com\/2014\/01\/22\/an-upcoming-book-in-french-for-children-aged-7-9-un-livre-a-paraitre-pour-les-7-9-ans\/\"><\/span><span class=\"removed_link\" title=\"http:\/\/littlebilingues.wordpress.com\/2014\/01\/22\/an-upcoming-book-in-french-for-children-aged-7-9-un-livre-a-paraitre-pour-les-7-9-ans\/\">An upcoming book in French for children aged 7-9 &#8211; Un livre \u00e0 para\u00eetre pour les 7-9 ans<\/span><\/li>\n<li class=\"zemanta-article-ul-li-image zemanta-article-ul-li\" style=\"padding: 0; background: none; list-style: none; display: block; float: left; vertical-align: top; text-align: left; width: 104px; font-size: 12px; margin: 0 5px 10px 0;\">Trucs et astuces_pour_facebook<\/li>\n<li class=\"zemanta-article-ul-li-image zemanta-article-ul-li\" style=\"padding: 0; background: none; list-style: none; display: block; float: left; vertical-align: top; text-align: left; width: 104px; font-size: 12px; margin: 0 5px 10px 0;\"><a style=\"padding: 2px; display: block; text-decoration: none;\" href=\"https:\/\/billaut.typepad.com\/jm\/2011\/02\/untitled-from-jean-michel-billaut-on-vimeo-5.html\" target=\"_blank\" rel=\"noopener noreferrer\"><\/a><a style=\"display: block; overflow: hidden; text-decoration: none; line-height: 12pt; height: 80px; padding: 5px 2px 0 2px;\" href=\"https:\/\/billaut.typepad.com\/jm\/2011\/02\/untitled-from-jean-michel-billaut-on-vimeo-5.html\" target=\"_blank\" rel=\"noopener noreferrer\">Connaissez-vous Eric Ameram et Avner Cohen Solal from Paris ? Vos \u00e9v\u00e9nements \u00e0 la sauce 2.0<\/a><\/li>\n<\/ul>\n","protected":false},"excerpt":{"rendered":"<p>C\u2019est la news de la semaine, \u00e0 savoir la refonte bien m\u00e9rit\u00e9e de notre ami et partenaire Xavier de Mazenod et de son \u00e9quipe de t\u00e9l\u00e9travailleurs campagnards, inlassables d\u00e9fenseurs du travail \u00e0 distance. En plus d\u2019un nouveau logo et d\u2019un th\u00e8me WordPress mis \u00e0 jour, c\u2019est un floril\u00e8ge de livres blancs que nous propose le &hellip;<\/p>\n","protected":false},"author":2,"featured_media":34066,"comment_status":"open","ping_status":"open","sticky":false,"template":"","format":"standard","meta":{"footnotes":""},"categories":[1613],"tags":[],"class_list":["post-12177","post","type-post","status-publish","format-standard","has-post-thumbnail","hentry","category-marketing-digital-marketing"],"yoast_head":"<!-- This site is optimized with the Yoast SEO plugin v27.5 - https:\/\/yoast.com\/product\/yoast-seo-wordpress\/ -->\n<title>T\u00e9l\u00e9travail : le nouveau Zevillage et ses livres blancs<\/title>\n<meta name=\"description\" content=\"Zevillage est ZE site du t\u00e9l\u00e9travail et des tiers lieux. Une mine de ressources \u00e0 ne pas rater.\" \/>\n<meta name=\"robots\" content=\"index, follow, max-snippet:-1, max-image-preview:large, max-video-preview:-1\" \/>\n<link rel=\"canonical\" href=\"https:\/\/visionarymarketing.com\/fr\/2014\/01\/23\/teletravail-zevillage-revampe-son-site-propose-des-livres-blancs\/\" \/>\n<meta property=\"og:locale\" content=\"fr_FR\" \/>\n<meta property=\"og:type\" content=\"article\" \/>\n<meta property=\"og:title\" content=\"T\u00e9l\u00e9travail : le nouveau Zevillage et ses livres blancs\" \/>\n<meta property=\"og:description\" content=\"Zevillage est ZE site du t\u00e9l\u00e9travail et des tiers lieux. Une mine de ressources \u00e0 ne pas rater.\" \/>\n<meta property=\"og:url\" content=\"https:\/\/visionarymarketing.com\/fr\/2014\/01\/23\/teletravail-zevillage-revampe-son-site-propose-des-livres-blancs\/\" \/>\n<meta property=\"og:site_name\" content=\"Marketing and Innovation\" \/>\n<meta property=\"article:publisher\" content=\"https:\/\/www.facebook.com\/vismktg\" \/>\n<meta property=\"article:author\" content=\"http:\/\/facebook.com\/ygourven\" \/>\n<meta property=\"article:published_time\" content=\"2014-01-23T08:00:01+00:00\" \/>\n<meta property=\"article:modified_time\" content=\"2023-11-15T09:53:00+00:00\" \/>\n<meta property=\"og:image\" content=\"https:\/\/visionarymarketing.com\/wp-content\/uploads\/2019\/11\/47977612261_fee5c44091_c.jpg\" \/>\n\t<meta property=\"og:image:width\" content=\"644\" \/>\n\t<meta property=\"og:image:height\" content=\"430\" \/>\n\t<meta property=\"og:image:type\" content=\"image\/jpeg\" \/>\n<meta name=\"author\" content=\"Yann Gourvennec\" \/>\n<meta name=\"twitter:card\" content=\"summary_large_image\" \/>\n<meta name=\"twitter:creator\" content=\"@ygourven\" \/>\n<meta name=\"twitter:site\" content=\"@ygourven\" \/>\n<meta name=\"twitter:label1\" content=\"\u00c9crit par\" \/>\n\t<meta name=\"twitter:data1\" content=\"Yann Gourvennec\" \/>\n\t<meta name=\"twitter:label2\" content=\"Dur\u00e9e de lecture estim\u00e9e\" \/>\n\t<meta name=\"twitter:data2\" content=\"2 minutes\" \/>\n<script type=\"application\/ld+json\" class=\"yoast-schema-graph\">{\"@context\":\"https:\\\/\\\/schema.org\",\"@graph\":[{\"@type\":\"NewsArticle\",\"@id\":\"https:\\\/\\\/visionarymarketing.com\\\/fr\\\/2014\\\/01\\\/23\\\/teletravail-zevillage-revampe-son-site-propose-des-livres-blancs\\\/#article\",\"isPartOf\":{\"@id\":\"https:\\\/\\\/visionarymarketing.com\\\/fr\\\/2014\\\/01\\\/23\\\/teletravail-zevillage-revampe-son-site-propose-des-livres-blancs\\\/\"},\"author\":{\"name\":\"Yann Gourvennec\",\"@id\":\"https:\\\/\\\/visionarymarketing.com\\\/fr\\\/#\\\/schema\\\/person\\\/3754fee1e558f47b8deb46f53c37423e\"},\"headline\":\"T\u00e9l\u00e9travail : le nouveau Zevillage et ses livres blancs\",\"datePublished\":\"2014-01-23T08:00:01+00:00\",\"dateModified\":\"2023-11-15T09:53:00+00:00\",\"mainEntityOfPage\":{\"@id\":\"https:\\\/\\\/visionarymarketing.com\\\/fr\\\/2014\\\/01\\\/23\\\/teletravail-zevillage-revampe-son-site-propose-des-livres-blancs\\\/\"},\"wordCount\":317,\"commentCount\":1,\"image\":{\"@id\":\"https:\\\/\\\/visionarymarketing.com\\\/fr\\\/2014\\\/01\\\/23\\\/teletravail-zevillage-revampe-son-site-propose-des-livres-blancs\\\/#primaryimage\"},\"thumbnailUrl\":\"https:\\\/\\\/visionarymarketing.com\\\/wp-content\\\/uploads\\\/2019\\\/11\\\/47977612261_fee5c44091_c.jpg\",\"articleSection\":[\"marketing digital\"],\"inLanguage\":\"fr-FR\",\"potentialAction\":[{\"@type\":\"CommentAction\",\"name\":\"Comment\",\"target\":[\"https:\\\/\\\/visionarymarketing.com\\\/fr\\\/2014\\\/01\\\/23\\\/teletravail-zevillage-revampe-son-site-propose-des-livres-blancs\\\/#respond\"]}]},{\"@type\":\"WebPage\",\"@id\":\"https:\\\/\\\/visionarymarketing.com\\\/fr\\\/2014\\\/01\\\/23\\\/teletravail-zevillage-revampe-son-site-propose-des-livres-blancs\\\/\",\"url\":\"https:\\\/\\\/visionarymarketing.com\\\/fr\\\/2014\\\/01\\\/23\\\/teletravail-zevillage-revampe-son-site-propose-des-livres-blancs\\\/\",\"name\":\"T\u00e9l\u00e9travail : le nouveau Zevillage et ses livres blancs\",\"isPartOf\":{\"@id\":\"https:\\\/\\\/visionarymarketing.com\\\/fr\\\/#website\"},\"primaryImageOfPage\":{\"@id\":\"https:\\\/\\\/visionarymarketing.com\\\/fr\\\/2014\\\/01\\\/23\\\/teletravail-zevillage-revampe-son-site-propose-des-livres-blancs\\\/#primaryimage\"},\"image\":{\"@id\":\"https:\\\/\\\/visionarymarketing.com\\\/fr\\\/2014\\\/01\\\/23\\\/teletravail-zevillage-revampe-son-site-propose-des-livres-blancs\\\/#primaryimage\"},\"thumbnailUrl\":\"https:\\\/\\\/visionarymarketing.com\\\/wp-content\\\/uploads\\\/2019\\\/11\\\/47977612261_fee5c44091_c.jpg\",\"datePublished\":\"2014-01-23T08:00:01+00:00\",\"dateModified\":\"2023-11-15T09:53:00+00:00\",\"author\":{\"@id\":\"https:\\\/\\\/visionarymarketing.com\\\/fr\\\/#\\\/schema\\\/person\\\/3754fee1e558f47b8deb46f53c37423e\"},\"description\":\"Zevillage est ZE site du t\u00e9l\u00e9travail et des tiers lieux. Une mine de ressources \u00e0 ne pas rater.\",\"breadcrumb\":{\"@id\":\"https:\\\/\\\/visionarymarketing.com\\\/fr\\\/2014\\\/01\\\/23\\\/teletravail-zevillage-revampe-son-site-propose-des-livres-blancs\\\/#breadcrumb\"},\"inLanguage\":\"fr-FR\",\"potentialAction\":[{\"@type\":\"ReadAction\",\"target\":[\"https:\\\/\\\/visionarymarketing.com\\\/fr\\\/2014\\\/01\\\/23\\\/teletravail-zevillage-revampe-son-site-propose-des-livres-blancs\\\/\"]}]},{\"@type\":\"ImageObject\",\"inLanguage\":\"fr-FR\",\"@id\":\"https:\\\/\\\/visionarymarketing.com\\\/fr\\\/2014\\\/01\\\/23\\\/teletravail-zevillage-revampe-son-site-propose-des-livres-blancs\\\/#primaryimage\",\"url\":\"https:\\\/\\\/visionarymarketing.com\\\/wp-content\\\/uploads\\\/2019\\\/11\\\/47977612261_fee5c44091_c.jpg\",\"contentUrl\":\"https:\\\/\\\/visionarymarketing.com\\\/wp-content\\\/uploads\\\/2019\\\/11\\\/47977612261_fee5c44091_c.jpg\",\"width\":644,\"height\":430},{\"@type\":\"BreadcrumbList\",\"@id\":\"https:\\\/\\\/visionarymarketing.com\\\/fr\\\/2014\\\/01\\\/23\\\/teletravail-zevillage-revampe-son-site-propose-des-livres-blancs\\\/#breadcrumb\",\"itemListElement\":[{\"@type\":\"ListItem\",\"position\":1,\"name\":\"Home\",\"item\":\"https:\\\/\\\/visionarymarketing.com\\\/fr\\\/\"},{\"@type\":\"ListItem\",\"position\":2,\"name\":\"T\u00e9l\u00e9travail : le nouveau Zevillage et ses livres blancs\"}]},{\"@type\":\"WebSite\",\"@id\":\"https:\\\/\\\/visionarymarketing.com\\\/fr\\\/#website\",\"url\":\"https:\\\/\\\/visionarymarketing.com\\\/fr\\\/\",\"name\":\"Marketing and Innovation\",\"description\":\"Site d&#039;infos ind\u00e9pendant, depuis 1996\",\"potentialAction\":[{\"@type\":\"SearchAction\",\"target\":{\"@type\":\"EntryPoint\",\"urlTemplate\":\"https:\\\/\\\/visionarymarketing.com\\\/fr\\\/?s={search_term_string}\"},\"query-input\":{\"@type\":\"PropertyValueSpecification\",\"valueRequired\":true,\"valueName\":\"search_term_string\"}}],\"inLanguage\":\"fr-FR\"},{\"@type\":\"Person\",\"@id\":\"https:\\\/\\\/visionarymarketing.com\\\/fr\\\/#\\\/schema\\\/person\\\/3754fee1e558f47b8deb46f53c37423e\",\"name\":\"Yann Gourvennec\",\"image\":{\"@type\":\"ImageObject\",\"inLanguage\":\"fr-FR\",\"@id\":\"https:\\\/\\\/secure.gravatar.com\\\/avatar\\\/5972001801e8de5692a3e31224e85769f50a55fb8b679749f9c8d1868cceff14?s=96&d=initials&r=g&initials=yg\",\"url\":\"https:\\\/\\\/secure.gravatar.com\\\/avatar\\\/5972001801e8de5692a3e31224e85769f50a55fb8b679749f9c8d1868cceff14?s=96&d=initials&r=g&initials=yg\",\"contentUrl\":\"https:\\\/\\\/secure.gravatar.com\\\/avatar\\\/5972001801e8de5692a3e31224e85769f50a55fb8b679749f9c8d1868cceff14?s=96&d=initials&r=g&initials=yg\",\"caption\":\"Yann Gourvennec\"},\"description\":\"Yann Gourvennec created visionarymarketing.com in 1996. He is a speaker and author of many books. In 2014 he went from intrapreneur to entrepreneur, when he created his digital marketing agency. Yann Gourvennec a cr\u00e9\u00e9 visionarymarketing.com en 1996. Il est conf\u00e9rencier et auteur de plusieurs livres. En 2014, il est pass\u00e9 d'intrapreneur \u00e0 entrepreneur en cr\u00e9ant son agence de marketing num\u00e9rique.\",\"sameAs\":[\"https:\\\/\\\/visionarymarketing.com\",\"http:\\\/\\\/facebook.com\\\/ygourven\",\"http:\\\/\\\/linkedin.com\\\/in\\\/ygourven\",\"https:\\\/\\\/x.com\\\/ygourven\",\"https:\\\/\\\/www.youtube.com\\\/c\\\/visionarymarketingagency\"],\"url\":\"https:\\\/\\\/visionarymarketing.com\\\/fr\\\/author\\\/yann-gourvennec\\\/\"}]}<\/script>\n<!-- \/ Yoast SEO plugin. -->","yoast_head_json":{"title":"T\u00e9l\u00e9travail : le nouveau Zevillage et ses livres blancs","description":"Zevillage est ZE site du t\u00e9l\u00e9travail et des tiers lieux. Une mine de ressources \u00e0 ne pas rater.","robots":{"index":"index","follow":"follow","max-snippet":"max-snippet:-1","max-image-preview":"max-image-preview:large","max-video-preview":"max-video-preview:-1"},"canonical":"https:\/\/visionarymarketing.com\/fr\/2014\/01\/23\/teletravail-zevillage-revampe-son-site-propose-des-livres-blancs\/","og_locale":"fr_FR","og_type":"article","og_title":"T\u00e9l\u00e9travail : le nouveau Zevillage et ses livres blancs","og_description":"Zevillage est ZE site du t\u00e9l\u00e9travail et des tiers lieux. Une mine de ressources \u00e0 ne pas rater.","og_url":"https:\/\/visionarymarketing.com\/fr\/2014\/01\/23\/teletravail-zevillage-revampe-son-site-propose-des-livres-blancs\/","og_site_name":"Marketing and Innovation","article_publisher":"https:\/\/www.facebook.com\/vismktg","article_author":"http:\/\/facebook.com\/ygourven","article_published_time":"2014-01-23T08:00:01+00:00","article_modified_time":"2023-11-15T09:53:00+00:00","og_image":[{"width":644,"height":430,"url":"https:\/\/visionarymarketing.com\/wp-content\/uploads\/2019\/11\/47977612261_fee5c44091_c.jpg","type":"image\/jpeg"}],"author":"Yann Gourvennec","twitter_card":"summary_large_image","twitter_creator":"@ygourven","twitter_site":"@ygourven","twitter_misc":{"\u00c9crit par":"Yann Gourvennec","Dur\u00e9e de lecture estim\u00e9e":"2 minutes"},"schema":{"@context":"https:\/\/schema.org","@graph":[{"@type":"NewsArticle","@id":"https:\/\/visionarymarketing.com\/fr\/2014\/01\/23\/teletravail-zevillage-revampe-son-site-propose-des-livres-blancs\/#article","isPartOf":{"@id":"https:\/\/visionarymarketing.com\/fr\/2014\/01\/23\/teletravail-zevillage-revampe-son-site-propose-des-livres-blancs\/"},"author":{"name":"Yann Gourvennec","@id":"https:\/\/visionarymarketing.com\/fr\/#\/schema\/person\/3754fee1e558f47b8deb46f53c37423e"},"headline":"T\u00e9l\u00e9travail : le nouveau Zevillage et ses livres blancs","datePublished":"2014-01-23T08:00:01+00:00","dateModified":"2023-11-15T09:53:00+00:00","mainEntityOfPage":{"@id":"https:\/\/visionarymarketing.com\/fr\/2014\/01\/23\/teletravail-zevillage-revampe-son-site-propose-des-livres-blancs\/"},"wordCount":317,"commentCount":1,"image":{"@id":"https:\/\/visionarymarketing.com\/fr\/2014\/01\/23\/teletravail-zevillage-revampe-son-site-propose-des-livres-blancs\/#primaryimage"},"thumbnailUrl":"https:\/\/visionarymarketing.com\/wp-content\/uploads\/2019\/11\/47977612261_fee5c44091_c.jpg","articleSection":["marketing digital"],"inLanguage":"fr-FR","potentialAction":[{"@type":"CommentAction","name":"Comment","target":["https:\/\/visionarymarketing.com\/fr\/2014\/01\/23\/teletravail-zevillage-revampe-son-site-propose-des-livres-blancs\/#respond"]}]},{"@type":"WebPage","@id":"https:\/\/visionarymarketing.com\/fr\/2014\/01\/23\/teletravail-zevillage-revampe-son-site-propose-des-livres-blancs\/","url":"https:\/\/visionarymarketing.com\/fr\/2014\/01\/23\/teletravail-zevillage-revampe-son-site-propose-des-livres-blancs\/","name":"T\u00e9l\u00e9travail : le nouveau Zevillage et ses livres blancs","isPartOf":{"@id":"https:\/\/visionarymarketing.com\/fr\/#website"},"primaryImageOfPage":{"@id":"https:\/\/visionarymarketing.com\/fr\/2014\/01\/23\/teletravail-zevillage-revampe-son-site-propose-des-livres-blancs\/#primaryimage"},"image":{"@id":"https:\/\/visionarymarketing.com\/fr\/2014\/01\/23\/teletravail-zevillage-revampe-son-site-propose-des-livres-blancs\/#primaryimage"},"thumbnailUrl":"https:\/\/visionarymarketing.com\/wp-content\/uploads\/2019\/11\/47977612261_fee5c44091_c.jpg","datePublished":"2014-01-23T08:00:01+00:00","dateModified":"2023-11-15T09:53:00+00:00","author":{"@id":"https:\/\/visionarymarketing.com\/fr\/#\/schema\/person\/3754fee1e558f47b8deb46f53c37423e"},"description":"Zevillage est ZE site du t\u00e9l\u00e9travail et des tiers lieux. Une mine de ressources \u00e0 ne pas rater.","breadcrumb":{"@id":"https:\/\/visionarymarketing.com\/fr\/2014\/01\/23\/teletravail-zevillage-revampe-son-site-propose-des-livres-blancs\/#breadcrumb"},"inLanguage":"fr-FR","potentialAction":[{"@type":"ReadAction","target":["https:\/\/visionarymarketing.com\/fr\/2014\/01\/23\/teletravail-zevillage-revampe-son-site-propose-des-livres-blancs\/"]}]},{"@type":"ImageObject","inLanguage":"fr-FR","@id":"https:\/\/visionarymarketing.com\/fr\/2014\/01\/23\/teletravail-zevillage-revampe-son-site-propose-des-livres-blancs\/#primaryimage","url":"https:\/\/visionarymarketing.com\/wp-content\/uploads\/2019\/11\/47977612261_fee5c44091_c.jpg","contentUrl":"https:\/\/visionarymarketing.com\/wp-content\/uploads\/2019\/11\/47977612261_fee5c44091_c.jpg","width":644,"height":430},{"@type":"BreadcrumbList","@id":"https:\/\/visionarymarketing.com\/fr\/2014\/01\/23\/teletravail-zevillage-revampe-son-site-propose-des-livres-blancs\/#breadcrumb","itemListElement":[{"@type":"ListItem","position":1,"name":"Home","item":"https:\/\/visionarymarketing.com\/fr\/"},{"@type":"ListItem","position":2,"name":"T\u00e9l\u00e9travail : le nouveau Zevillage et ses livres blancs"}]},{"@type":"WebSite","@id":"https:\/\/visionarymarketing.com\/fr\/#website","url":"https:\/\/visionarymarketing.com\/fr\/","name":"Marketing and Innovation","description":"Site d&#039;infos ind\u00e9pendant, depuis 1996","potentialAction":[{"@type":"SearchAction","target":{"@type":"EntryPoint","urlTemplate":"https:\/\/visionarymarketing.com\/fr\/?s={search_term_string}"},"query-input":{"@type":"PropertyValueSpecification","valueRequired":true,"valueName":"search_term_string"}}],"inLanguage":"fr-FR"},{"@type":"Person","@id":"https:\/\/visionarymarketing.com\/fr\/#\/schema\/person\/3754fee1e558f47b8deb46f53c37423e","name":"Yann Gourvennec","image":{"@type":"ImageObject","inLanguage":"fr-FR","@id":"https:\/\/secure.gravatar.com\/avatar\/5972001801e8de5692a3e31224e85769f50a55fb8b679749f9c8d1868cceff14?s=96&d=initials&r=g&initials=yg","url":"https:\/\/secure.gravatar.com\/avatar\/5972001801e8de5692a3e31224e85769f50a55fb8b679749f9c8d1868cceff14?s=96&d=initials&r=g&initials=yg","contentUrl":"https:\/\/secure.gravatar.com\/avatar\/5972001801e8de5692a3e31224e85769f50a55fb8b679749f9c8d1868cceff14?s=96&d=initials&r=g&initials=yg","caption":"Yann Gourvennec"},"description":"Yann Gourvennec created visionarymarketing.com in 1996. He is a speaker and author of many books. In 2014 he went from intrapreneur to entrepreneur, when he created his digital marketing agency. Yann Gourvennec a cr\u00e9\u00e9 visionarymarketing.com en 1996. Il est conf\u00e9rencier et auteur de plusieurs livres. En 2014, il est pass\u00e9 d'intrapreneur \u00e0 entrepreneur en cr\u00e9ant son agence de marketing num\u00e9rique.","sameAs":["https:\/\/visionarymarketing.com","http:\/\/facebook.com\/ygourven","http:\/\/linkedin.com\/in\/ygourven","https:\/\/x.com\/ygourven","https:\/\/www.youtube.com\/c\/visionarymarketingagency"],"url":"https:\/\/visionarymarketing.com\/fr\/author\/yann-gourvennec\/"}]}},"_links":{"self":[{"href":"https:\/\/visionarymarketing.com\/fr\/wp-json\/wp\/v2\/posts\/12177","targetHints":{"allow":["GET"]}}],"collection":[{"href":"https:\/\/visionarymarketing.com\/fr\/wp-json\/wp\/v2\/posts"}],"about":[{"href":"https:\/\/visionarymarketing.com\/fr\/wp-json\/wp\/v2\/types\/post"}],"author":[{"embeddable":true,"href":"https:\/\/visionarymarketing.com\/fr\/wp-json\/wp\/v2\/users\/2"}],"replies":[{"embeddable":true,"href":"https:\/\/visionarymarketing.com\/fr\/wp-json\/wp\/v2\/comments?post=12177"}],"version-history":[{"count":0,"href":"https:\/\/visionarymarketing.com\/fr\/wp-json\/wp\/v2\/posts\/12177\/revisions"}],"wp:featuredmedia":[{"embeddable":true,"href":"https:\/\/visionarymarketing.com\/fr\/wp-json\/wp\/v2\/media\/34066"}],"wp:attachment":[{"href":"https:\/\/visionarymarketing.com\/fr\/wp-json\/wp\/v2\/media?parent=12177"}],"wp:term":[{"taxonomy":"category","embeddable":true,"href":"https:\/\/visionarymarketing.com\/fr\/wp-json\/wp\/v2\/categories?post=12177"},{"taxonomy":"post_tag","embeddable":true,"href":"https:\/\/visionarymarketing.com\/fr\/wp-json\/wp\/v2\/tags?post=12177"}],"curies":[{"name":"wp","href":"https:\/\/api.w.org\/{rel}","templated":true}]}}