{"id":11705,"date":"2014-01-10T09:00:32","date_gmt":"2014-01-10T08:00:32","guid":{"rendered":"http:\/\/visionarymarketing.fr\/blog\/?p=11705"},"modified":"2021-07-22T09:59:42","modified_gmt":"2021-07-22T07:59:42","slug":"les-medias-sociaux-ont-revolutionne-la-communication","status":"publish","type":"post","link":"https:\/\/visionarymarketing.com\/fr\/2014\/01\/10\/les-medias-sociaux-ont-revolutionne-la-communication\/","title":{"rendered":"Les m\u00e9dias sociaux ont r\u00e9volutionn\u00e9 la communication"},"content":{"rendered":"<p><em>Les m\u00e9dias sociaux ont r\u00e9volutionn\u00e9 la communication, c&rsquo;est un expert qui nous le dit.\u00a0<\/em><em>Il y a quelques semaines, j\u2019ai lu le livre de notre ami et confr\u00e8re <a href=\"https:\/\/web.archive.org\/web\/20191008045607\/http:\/\/www.heuristik-communication.com:80\/\" target=\"_blank\" rel=\"noopener noreferrer\">Olivier Cimeli\u00e8re<\/a> \u201c<a href=\"http:\/\/www.editions-kawa.com\/home\/59-tout-savoir-sur-managers-parlez-numerique.html\" target=\"_blank\" rel=\"noopener noreferrer\">Managers, parlez num\u00e9rique !<\/a>\u201d publi\u00e9 aux \u00e9ditions Kawa*. Olivier\u00a0y dit des choses fondamentales, sans langue de bois (c\u2019est un euph\u00e9misme) que les entreprises doivent d\u00e9sormais apprendre \u00e0 mettre en \u0153uvre, au-del\u00e0 des discours. Je l\u2019ai interview\u00e9 afin d\u2019en savoir plus et de le titiller sur quelques points trouv\u00e9s dans son livre.<\/em><\/p>\n<p><em>* transparence : <a href=\"https:\/\/visionarymarketing.com\/fr\/livres-marketing\/\">Kawa est aussi notre \u00e9diteur<\/a><\/em><\/p>\n<h2>Les m\u00e9dias sociaux ont r\u00e9volutionn\u00e9 la communication<\/h2>\n<p><em>Interview d\u2019Olivier Cimeli\u00e8re &#8211; Managers parlez num\u00e9rique !<\/em><\/p>\n<p><img decoding=\"async\" style=\"margin: 0px 0px 0px 8px; display: inline;\" src=\"https:\/\/culture-rp.com\/wp-content\/uploads\/2013\/12\/Olivier_Cimeli%C3%A8re.jpg\" alt=\"\" width=\"150\" align=\"right\" \/>Pour r\u00e9sumer mon livre en une seule phrase, je dirais que <strong>ce livre, traite des 10 bouleversements principaux que les m\u00e9dias sociaux et plus g\u00e9n\u00e9ralement la communication digitale introduisent dans la communication des entreprises et des dirigeants.<\/strong><\/p>\n<h3>Qu&rsquo;est-ce qui a chang\u00e9 avec les m\u00e9dias sociaux et qui a \u00e9t\u00e9 r\u00e9volutionn\u00e9 dans la communication ?<\/h3>\n<p><span style=\"color: #4f81bd;\"><em><img decoding=\"async\" class=\"size-thumbnail wp-image-25830 alignright\" src=\"https:\/\/visionarymarketing.com\/wp-content\/uploads\/2014\/01\/tout-savoir-sur-managers-parlez-numerique-300x300-1-150x150.jpg\" alt=\"\" width=\"150\" height=\"150\" srcset=\"https:\/\/visionarymarketing.com\/wp-content\/uploads\/2014\/01\/tout-savoir-sur-managers-parlez-numerique-300x300-1-150x150.jpg 150w, https:\/\/visionarymarketing.com\/wp-content\/uploads\/2014\/01\/tout-savoir-sur-managers-parlez-numerique-300x300-1.jpg 300w\" sizes=\"(max-width: 150px) 100vw, 150px\" \/><\/em><\/span>Beaucoup d&rsquo;\u00e9l\u00e9ments ont \u00e9t\u00e9 boulevers\u00e9s, mais sans conteste l&rsquo;\u00e9l\u00e9ment le plus important et le plus brutal pour beaucoup de gens a \u00e9t\u00e9 la prise de parole du quidam.<\/p>\n<p>Il s&rsquo;agit de personnes qui auparavant ne s&rsquo;exprimaient pas. On est dans des communications unilat\u00e9rales, avec les sachant qui parlait \u00e0 ceux d&rsquo;en bas, aujourd&rsquo;hui ceux d&rsquo;en bas, non seulement conteste ce don, mais en plus ils expriment ils font entendre leur voix.<\/p>\n<p>Et ceci fait voler en \u00e9clats tous les sch\u00e9mas de communication traditionnelle. Le ton en plus ce n&rsquo;est pas toujours tr\u00e8s polic\u00e9, on est parfois dans le brut de fonderie, dans la mauvaise foi aussi, mais cela a eu le m\u00e9rite d&rsquo;ouvrir des portes, de laisser entrevoir de nouvelles choses, et \u00e0 des experts, des gens qui avaient des choses valables \u00e0 dire, mais qui n&rsquo;avait pas forc\u00e9ment les moyens de le dire, de faire savoir d&rsquo;autres, de se positionner sur ce terrain de jeu, et de devenir \u00e0 leur tour des influenceurs.<\/p>\n<p><a href=\"http:\/\/vimeo.com\/82271168\" target=\"_blank\" rel=\"noopener noreferrer\"><img decoding=\"async\" class=\"aligncenter wp-image-11956 size-full\" src=\"https:\/\/visionarymarketing.com\/wp-content\/uploads\/2014\/01\/verypresstrip-e1611351991845.jpg\" alt=\"verypresstrip\" width=\"519\" height=\"340\" \/><\/a><span style=\"color: #003366;\"><em>M\u00eame si cette vid\u00e9o est un ODni (objet digital non identifi\u00e9 en provenance d&rsquo;un service de RP qui s&rsquo;est fait plaisir) elle est r\u00e9v\u00e9latrice de ce que les m\u00e9dias sociaux ont r\u00e9volutionn\u00e9 le monde de la communication. Il ne manque plus qu&rsquo;\u00e0 appliquer la le\u00e7on sur le terrain: <a href=\"http:\/\/vimeo.com\/82271168\" target=\"_blank\" rel=\"noopener noreferrer\"><span style=\"color: #003366;\">VERY PRESS TRIP &#8211; Bande Annonce VOST<\/span><\/a> par l&rsquo;agence\u00a0<a href=\"http:\/\/vimeo.com\/sobam\"><span style=\"color: #003366;\">So Bam<\/span><\/a> on <a href=\"https:\/\/vimeo.com\"><span style=\"color: #003366;\">Vimeo<\/span><\/a>.<\/em><\/span><\/p>\n<h3>Est-ce qu&rsquo;on peut y \u00e9chapper ?<\/h3>\n<p>C&rsquo;est le souhait de certains, de reculer l&rsquo;\u00e9ch\u00e9ance, de contourner, d&rsquo;y \u00e9chapper, ou d&rsquo;essayer de dupliquer les bonnes vieilles m\u00e9thodes sur ce nouveau terrain de jeu, mais quoi qu&rsquo;il en soit, non, c&rsquo;est inexorable, \u00e7a va continuer, les gens vont se professionnaliser et ils vont continuer \u00e0 s&rsquo;exprimer. Le niveau de savoir a augment\u00e9 aussi, car on a acc\u00e8s aujourd&rsquo;hui \u00e0 un grand nombre d&rsquo;informations. Ce qu&rsquo;il reste \u00e0 faire \u00e0 ses acteurs traditionnels aujourd&rsquo;hui, c&rsquo;est de changer leur posture, d&rsquo;\u00e9couter ces nouvelles personnes qui les interpellent, dialoguer avec elle, et de d&rsquo;essayer de tisser de nouveaux modes relationnels. Celui qui voudra y \u00e9chapper, pourra essayer, mais dans ce cas-l\u00e0, il risque tout simplement de passer pour quelqu&rsquo;un de suspects, car \u00e0 vouloir \u00eatre silencieux et se cacher, on vous pr\u00eatera forc\u00e9ment de mauvaises intentions.<!--more--><\/p>\n<p>Les gens qui font de la \u00ab communication \u00e0 la papa \u00bb, s&rsquo;ils continuent d&rsquo;appliquer leurs bonnes vieilles m\u00e9thodes, vont aller dans le mur directement.<\/p>\n<h3>David et Goliath<\/h3>\n<p>Goliath, c&rsquo;est ce que je mentionnais au d\u00e9but de cette interview, c&rsquo;est ce qui avait acc\u00e8s \u00e0 la parole, ce que j&rsquo;appelle dans le livre cette oligarchie de la parole, c&rsquo;\u00e9tait principalement les dirigeants, politique et \u00e9conomie, les grandes entreprises, les marques les m\u00e9dias, les quelques experts de renom, cela s&rsquo;arr\u00eatait l\u00e0. David, c&rsquo;est tous les autres, ce sont tous les petits qui ne s&rsquo;exprimaient que comme ils pouvaient, en \u00e9crivant ou courrier du lecteur d&rsquo;un journal, en t\u00e9l\u00e9phonant sur la ligne du service apr\u00e8s-vente, on les entendait pas beaucoup. <a class=\"zem_slink\" title=\"Aujourd'hui\" href=\"https:\/\/en.wikipedia.org\/wiki\/Aujourd%27hui\" target=\"_blank\" rel=\"wikipedia noopener noreferrer\">Aujourd&rsquo;hui<\/a>, ces se David, qui peut s&rsquo;exprimer, il suffit d&rsquo;un tweet pour cela. Et cela suffit pour faire vaciller une grosse marque et cr\u00e9er un Bad buzz ! Mais l&rsquo;Goliath ne sont pas morts, ils peuvent tout \u00e0 fait intelligemment comprendre simplement que la posture doit changer, un bon exemple et ses <a class=\"zem_slink\" title=\"Nestl\u00e9\" href=\"http:\/\/www.forbes.com\/companies\/nestle\/\" target=\"_blank\" rel=\"forbes noopener noreferrer\">Nestl\u00e9<\/a>, qui s&rsquo;est fait \u00ab ratatiner \u00bb il y a 3 ans par <a class=\"zem_slink\" title=\"Greenpeace\" href=\"https:\/\/www.greenpeace.org\/global\/\" target=\"_blank\" rel=\"homepage noopener noreferrer\">Greenpeace<\/a> par une attaque virale d&rsquo;une puissance incroyable, et que justement ils avaient r\u00e9agi selon les bonnes vieilles m\u00e9thodes en envoyant les avocats. Aujourd&rsquo;hui, ils ont install\u00e9 une war-room, qui \u00e9coute en permanence le Web et les m\u00e9dias sociaux et qui interagit avec les gens. Alors tout n&rsquo;est pas parfait, mais en 3 ans ils ont \u00e9t\u00e9 capables d&rsquo;accomplir cette mue, et cela montre bien que cela n&#8217;emp\u00eache pas \u00e0 \u00eatre Nestl\u00e9 de continuer \u00e0 \u00eatre ce qu&rsquo;ils sont.<\/p>\n<p><strong>Est-ce qu&rsquo;on change le produit aussi ?<\/strong><\/p>\n<p>C\u2019est l\u00e0 le pi\u00e8ge, car \u00eatre pr\u00e9sent sur ces espaces n&rsquo;est pas seulement ouvrir une page Facebook, et dire seuil et je suis digital ! C&rsquo;est aussi d&rsquo;adapter la culture qui va avec, c&rsquo;est \u00e7a le grand probl\u00e8me aujourd&rsquo;hui, la mutation, dans la posture les attitudes est loin d&rsquo;\u00eatre achev\u00e9es !<\/p>\n<p><strong>La communication interne va dispara\u00eetre<\/strong><\/p>\n<p>C\u2019est un peu radical, mais moi je le pense, car l\u00e0 aussi je pense que le public interne a \u00e9t\u00e9 longtemps n\u00e9glig\u00e9 par les entreprises et leur management tout simplement parce qu&rsquo;on partait du principe que les salari\u00e9s c&rsquo;\u00e9tait un public HT acquis, dans le meilleur des cas, ou en tout cas un public captif, car ils ont un emploi et n&rsquo;ont pas envie de perdre, mais c&rsquo;est fini ce temps-l\u00e0. Les gens sont tr\u00e8s inform\u00e9s savent beaucoup de choses ils connaissent l&rsquo;entreprise, et sont capables de d\u00e9coder la parole du dirigeant, et ils sont capables aussi de s&rsquo;exprimer sur l&rsquo;entreprise. Donc on a tout aussi int\u00e9r\u00eat d&rsquo;avoir une posture de dialogue de conversation pour que les salari\u00e9s, au lieu de devenir des r\u00e2leurs, deviennent des ambassadeurs. Spontan\u00e9ment, ils sont enclins \u00e0 le faire.<\/p>\n<p><strong>Journaliste blogueurs : <a class=\"zem_slink\" title=\"La Guerre\" href=\"https:\/\/en.wikipedia.org\/wiki\/La_Guerre\" target=\"_blank\" rel=\"wikipedia noopener noreferrer\">la guerre<\/a> ?<\/strong><\/p>\n<p>Je pense qu&rsquo;il faut d\u00e9passer l&rsquo;affrontement blogueurs et journalistes. C&rsquo;est vrai que les blogueurs ont \u00e9t\u00e9 tr\u00e8s mal vu au d\u00e9but par les journalistes \u00e0 ce qu&rsquo;ils avaient l&rsquo;impression de se faire un peu piqu\u00e9 leur boulot. Mais pour moi ils sont compl\u00e9mentaires. Les blogueurs ont des expertises \u00e0 faire savoir, les journalistes ont la capacit\u00e9, car c&rsquo;est leur m\u00e9tier, d&rsquo;enqu\u00eater, de contexte lisait, de regrouper, ce qu&rsquo;un blogueurs ne peut pas toujours faire, car bien souvent il a un m\u00e9tier \u00e0 c\u00f4t\u00e9, et il n&rsquo;a pas forc\u00e9ment \u00e9t\u00e9 form\u00e9 pour cela. D&rsquo;ailleurs on le voit aujourd&rsquo;hui, plein de m\u00e9dias accueil des blogueurs dans leurs colonnes num\u00e9riques, et ont compris que c&rsquo;\u00e9tait plut\u00f4t un partenariat \u00e9ditorial qu&rsquo;il fallait faire, que passer son temps \u00e0 se montrait du doigt. Il y a encore le c\u00f4t\u00e9 \u00ab casse \u00bb de certains journalistes, mais il va r\u00e9sister de moins en moins, car la nouvelle g\u00e9n\u00e9ration de journalistes et totalement num\u00e9rique, et pour eux, le papier et m\u00eame \u00e0 la limite de l&rsquo;ovni, cela va s&rsquo;estomper. Et maintenant, les r\u00f4les sont identifi\u00e9s, et cette comme avant, quand les premiers journalistes TV sont arriv\u00e9s dans les conf\u00e9rences de presse, les gens du papier les regardaient avec un m\u00e9pris total car c&rsquo;\u00e9tait la t\u00e9l\u00e9 ! Aujourd&rsquo;hui, plus personne ne songerait \u00e0 cloisonner les gens de la t\u00e9l\u00e9 du papier.<\/p>\n<div itemscope itemtype=\"http:\/\/schema.org\/AudioObject\"><meta itemprop=\"name\" content=\"Les m\u00e9dias sociaux ont r\u00e9volutionn\u00e9 la communication\" \/><meta itemprop=\"uploadDate\" content=\"2014-01-10T09:00:32+01:00\" \/><meta itemprop=\"encodingFormat\" content=\"audio\/mpeg\" \/><meta itemprop=\"duration\" content=\"PT7M10S\" \/><meta itemprop=\"description\" content=\"Les m\u00e9dias sociaux ont r\u00e9volutionn\u00e9 la communication, c&#039;est un expert qui nous le dit.\u00a0Il y a quelques semaines, j\u2019ai lu le livre de notre ami et confr\u00e8re Olivier Cimeli\u00e8re \u201cManagers, parlez num\u00e9rique !\u201d publi\u00e9 aux \u00e9ditions Kawa*. Olivier\u00a0y dit des c...\" \/><meta itemprop=\"contentUrl\" content=\"https:\/\/media.blubrry.com\/visionarymarketing_les\/visionarymarketing.com\/files\/podcasts\/olivier-cimeliere-managers-parlez-numerique.mp3\" \/><meta itemprop=\"contentSize\" content=\"11.5\" \/><div class=\"powerpress_player\" id=\"powerpress_player_3764\"><audio class=\"wp-audio-shortcode\" id=\"audio-11705-1\" preload=\"none\" style=\"width: 100%;\" controls=\"controls\"><source type=\"audio\/mpeg\" src=\"https:\/\/media.blubrry.com\/visionarymarketing_les\/visionarymarketing.com\/files\/podcasts\/olivier-cimeliere-managers-parlez-numerique.mp3?_=1\" \/><a href=\"https:\/\/media.blubrry.com\/visionarymarketing_les\/visionarymarketing.com\/files\/podcasts\/olivier-cimeliere-managers-parlez-numerique.mp3\">https:\/\/media.blubrry.com\/visionarymarketing_les\/visionarymarketing.com\/files\/podcasts\/olivier-cimeliere-managers-parlez-numerique.mp3<\/a><\/audio><\/div><\/div><p class=\"powerpress_links powerpress_links_mp3\" style=\"margin-bottom: 1px !important;\">Podcast: <a href=\"https:\/\/media.blubrry.com\/visionarymarketing_les\/visionarymarketing.com\/files\/podcasts\/olivier-cimeliere-managers-parlez-numerique.mp3\" class=\"powerpress_link_pinw\" target=\"_blank\" title=\"Play in new window\" onclick=\"return powerpress_pinw('https:\/\/visionarymarketing.com\/fr\/\/?powerpress_pinw=11705-podcast');\" rel=\"nofollow\">Play in new window<\/a> | <a href=\"https:\/\/media.blubrry.com\/visionarymarketing_les\/visionarymarketing.com\/files\/podcasts\/olivier-cimeliere-managers-parlez-numerique.mp3\" class=\"powerpress_link_d\" title=\"Download\" rel=\"nofollow\" download=\"olivier-cimeliere-managers-parlez-numerique.mp3\">Download<\/a> (Duration: 7:10 &#8212; 11.5MB)<\/p><p class=\"powerpress_links powerpress_subscribe_links\">Subscribe: <a href=\"https:\/\/itunes.apple.com\/us\/podcast\/visionarymarketing-les-interviews\/id731295319?mt=2&amp;ls=1#episodeGuid=http%3A%2F%2Fvisionarymarketing.fr%2Fblog%2F%3Fp%3D11705\" class=\"powerpress_link_subscribe powerpress_link_subscribe_itunes\" target=\"_blank\" title=\"Subscribe on Apple Podcasts\" rel=\"nofollow\">Apple Podcasts<\/a> | <a href=\"https:\/\/open.spotify.com\/show\/52VnZ1mhVSnDs4tQOx7Vuc\" class=\"powerpress_link_subscribe powerpress_link_subscribe_spotify\" target=\"_blank\" title=\"Subscribe on Spotify\" rel=\"nofollow\">Spotify<\/a> | <a href=\"https:\/\/subscribeonandroid.com\/visionarymarketing.com\/fr\/feed\/podcast\/\" class=\"powerpress_link_subscribe powerpress_link_subscribe_android\" target=\"_blank\" title=\"Subscribe on Android\" rel=\"nofollow\">Android<\/a> | <a href=\"https:\/\/visionarymarketing.com\/fr\/feed\/podcast\/\" class=\"powerpress_link_subscribe powerpress_link_subscribe_rss\" target=\"_blank\" title=\"Subscribe via RSS\" rel=\"nofollow\">RSS<\/a><\/p>","protected":false},"excerpt":{"rendered":"<p>Les m\u00e9dias sociaux ont r\u00e9volutionn\u00e9 la communication, c&rsquo;est un expert qui nous le dit.\u00a0Il y a quelques semaines, j\u2019ai lu le livre de notre ami et confr\u00e8re Olivier Cimeli\u00e8re \u201cManagers, parlez num\u00e9rique !\u201d publi\u00e9 aux \u00e9ditions Kawa*. Olivier\u00a0y dit des choses fondamentales, sans langue de bois (c\u2019est un euph\u00e9misme) que les entreprises doivent d\u00e9sormais apprendre &hellip;<\/p>\n","protected":false},"author":2,"featured_media":61027,"comment_status":"open","ping_status":"open","sticky":false,"template":"","format":"standard","meta":{"footnotes":""},"categories":[2898,25],"tags":[],"class_list":["post-11705","post","type-post","status-publish","format-standard","has-post-thumbnail","hentry","category-communication-digitale","category-medias-sociaux"],"yoast_head":"<!-- This site is optimized with the Yoast SEO plugin v27.4 - https:\/\/yoast.com\/product\/yoast-seo-wordpress\/ -->\n<title>Les m\u00e9dias sociaux ont r\u00e9volutionn\u00e9 la communication<\/title>\n<meta name=\"description\" content=\"Les m\u00e9dias sociaux ont r\u00e9volutionn\u00e9 le monde de la communication. Les entreprises seront-elles \u00e0 la hauteur de ce challenge.\" \/>\n<meta name=\"robots\" content=\"index, follow, max-snippet:-1, max-image-preview:large, max-video-preview:-1\" \/>\n<link rel=\"canonical\" href=\"https:\/\/visionarymarketing.com\/fr\/2014\/01\/10\/les-medias-sociaux-ont-revolutionne-la-communication\/\" \/>\n<meta property=\"og:locale\" content=\"fr_FR\" \/>\n<meta property=\"og:type\" content=\"article\" \/>\n<meta property=\"og:title\" content=\"Les m\u00e9dias sociaux ont r\u00e9volutionn\u00e9 la communication\" \/>\n<meta property=\"og:description\" content=\"Les m\u00e9dias sociaux ont r\u00e9volutionn\u00e9 le monde de la communication. Les entreprises seront-elles \u00e0 la hauteur de ce challenge.\" \/>\n<meta property=\"og:url\" content=\"https:\/\/visionarymarketing.com\/fr\/2014\/01\/10\/les-medias-sociaux-ont-revolutionne-la-communication\/\" \/>\n<meta property=\"og:site_name\" content=\"Marketing and Innovation\" \/>\n<meta property=\"article:publisher\" content=\"https:\/\/www.facebook.com\/vismktg\" \/>\n<meta property=\"article:author\" content=\"http:\/\/facebook.com\/ygourven\" \/>\n<meta property=\"article:published_time\" content=\"2014-01-10T08:00:32+00:00\" \/>\n<meta property=\"article:modified_time\" content=\"2021-07-22T07:59:42+00:00\" \/>\n<meta property=\"og:image\" content=\"https:\/\/visionarymarketing.com\/wp-content\/uploads\/2014\/01\/verypresstrip-e1611351991845-1.jpg\" \/>\n\t<meta property=\"og:image:width\" content=\"519\" \/>\n\t<meta property=\"og:image:height\" content=\"340\" \/>\n\t<meta property=\"og:image:type\" content=\"image\/jpeg\" \/>\n<meta name=\"author\" content=\"Yann Gourvennec\" \/>\n<meta name=\"twitter:card\" content=\"summary_large_image\" \/>\n<meta name=\"twitter:creator\" content=\"@ygourven\" \/>\n<meta name=\"twitter:site\" content=\"@ygourven\" \/>\n<meta name=\"twitter:label1\" content=\"\u00c9crit par\" \/>\n\t<meta name=\"twitter:data1\" content=\"Yann Gourvennec\" \/>\n\t<meta name=\"twitter:label2\" content=\"Dur\u00e9e de lecture estim\u00e9e\" \/>\n\t<meta name=\"twitter:data2\" content=\"6 minutes\" \/>\n<script type=\"application\/ld+json\" class=\"yoast-schema-graph\">{\"@context\":\"https:\\\/\\\/schema.org\",\"@graph\":[{\"@type\":\"NewsArticle\",\"@id\":\"https:\\\/\\\/visionarymarketing.com\\\/fr\\\/2014\\\/01\\\/10\\\/les-medias-sociaux-ont-revolutionne-la-communication\\\/#article\",\"isPartOf\":{\"@id\":\"https:\\\/\\\/visionarymarketing.com\\\/fr\\\/2014\\\/01\\\/10\\\/les-medias-sociaux-ont-revolutionne-la-communication\\\/\"},\"author\":{\"name\":\"Yann Gourvennec\",\"@id\":\"https:\\\/\\\/visionarymarketing.com\\\/fr\\\/#\\\/schema\\\/person\\\/3754fee1e558f47b8deb46f53c37423e\"},\"headline\":\"Les m\u00e9dias sociaux ont r\u00e9volutionn\u00e9 la communication\",\"datePublished\":\"2014-01-10T08:00:32+00:00\",\"dateModified\":\"2021-07-22T07:59:42+00:00\",\"mainEntityOfPage\":{\"@id\":\"https:\\\/\\\/visionarymarketing.com\\\/fr\\\/2014\\\/01\\\/10\\\/les-medias-sociaux-ont-revolutionne-la-communication\\\/\"},\"wordCount\":1361,\"commentCount\":1,\"image\":{\"@id\":\"https:\\\/\\\/visionarymarketing.com\\\/fr\\\/2014\\\/01\\\/10\\\/les-medias-sociaux-ont-revolutionne-la-communication\\\/#primaryimage\"},\"thumbnailUrl\":\"https:\\\/\\\/visionarymarketing.com\\\/wp-content\\\/uploads\\\/2014\\\/01\\\/verypresstrip-e1611351991845-1.jpg\",\"articleSection\":[\"communication digitale\",\"m\u00e9dias \\\/ r\u00e9seaux sociaux\"],\"inLanguage\":\"fr-FR\",\"potentialAction\":[{\"@type\":\"CommentAction\",\"name\":\"Comment\",\"target\":[\"https:\\\/\\\/visionarymarketing.com\\\/fr\\\/2014\\\/01\\\/10\\\/les-medias-sociaux-ont-revolutionne-la-communication\\\/#respond\"]}]},{\"@type\":\"WebPage\",\"@id\":\"https:\\\/\\\/visionarymarketing.com\\\/fr\\\/2014\\\/01\\\/10\\\/les-medias-sociaux-ont-revolutionne-la-communication\\\/\",\"url\":\"https:\\\/\\\/visionarymarketing.com\\\/fr\\\/2014\\\/01\\\/10\\\/les-medias-sociaux-ont-revolutionne-la-communication\\\/\",\"name\":\"Les m\u00e9dias sociaux ont r\u00e9volutionn\u00e9 la communication\",\"isPartOf\":{\"@id\":\"https:\\\/\\\/visionarymarketing.com\\\/fr\\\/#website\"},\"primaryImageOfPage\":{\"@id\":\"https:\\\/\\\/visionarymarketing.com\\\/fr\\\/2014\\\/01\\\/10\\\/les-medias-sociaux-ont-revolutionne-la-communication\\\/#primaryimage\"},\"image\":{\"@id\":\"https:\\\/\\\/visionarymarketing.com\\\/fr\\\/2014\\\/01\\\/10\\\/les-medias-sociaux-ont-revolutionne-la-communication\\\/#primaryimage\"},\"thumbnailUrl\":\"https:\\\/\\\/visionarymarketing.com\\\/wp-content\\\/uploads\\\/2014\\\/01\\\/verypresstrip-e1611351991845-1.jpg\",\"datePublished\":\"2014-01-10T08:00:32+00:00\",\"dateModified\":\"2021-07-22T07:59:42+00:00\",\"author\":{\"@id\":\"https:\\\/\\\/visionarymarketing.com\\\/fr\\\/#\\\/schema\\\/person\\\/3754fee1e558f47b8deb46f53c37423e\"},\"description\":\"Les m\u00e9dias sociaux ont r\u00e9volutionn\u00e9 le monde de la communication. Les entreprises seront-elles \u00e0 la hauteur de ce challenge.\",\"breadcrumb\":{\"@id\":\"https:\\\/\\\/visionarymarketing.com\\\/fr\\\/2014\\\/01\\\/10\\\/les-medias-sociaux-ont-revolutionne-la-communication\\\/#breadcrumb\"},\"inLanguage\":\"fr-FR\",\"potentialAction\":[{\"@type\":\"ReadAction\",\"target\":[\"https:\\\/\\\/visionarymarketing.com\\\/fr\\\/2014\\\/01\\\/10\\\/les-medias-sociaux-ont-revolutionne-la-communication\\\/\"]}]},{\"@type\":\"ImageObject\",\"inLanguage\":\"fr-FR\",\"@id\":\"https:\\\/\\\/visionarymarketing.com\\\/fr\\\/2014\\\/01\\\/10\\\/les-medias-sociaux-ont-revolutionne-la-communication\\\/#primaryimage\",\"url\":\"https:\\\/\\\/visionarymarketing.com\\\/wp-content\\\/uploads\\\/2014\\\/01\\\/verypresstrip-e1611351991845-1.jpg\",\"contentUrl\":\"https:\\\/\\\/visionarymarketing.com\\\/wp-content\\\/uploads\\\/2014\\\/01\\\/verypresstrip-e1611351991845-1.jpg\",\"width\":519,\"height\":340,\"caption\":\"m\u00e9dias sociaux r\u00e9volutionn\u00e9 communication\"},{\"@type\":\"BreadcrumbList\",\"@id\":\"https:\\\/\\\/visionarymarketing.com\\\/fr\\\/2014\\\/01\\\/10\\\/les-medias-sociaux-ont-revolutionne-la-communication\\\/#breadcrumb\",\"itemListElement\":[{\"@type\":\"ListItem\",\"position\":1,\"name\":\"Home\",\"item\":\"https:\\\/\\\/visionarymarketing.com\\\/fr\\\/\"},{\"@type\":\"ListItem\",\"position\":2,\"name\":\"Les m\u00e9dias sociaux ont r\u00e9volutionn\u00e9 la communication\"}]},{\"@type\":\"WebSite\",\"@id\":\"https:\\\/\\\/visionarymarketing.com\\\/fr\\\/#website\",\"url\":\"https:\\\/\\\/visionarymarketing.com\\\/fr\\\/\",\"name\":\"Marketing and Innovation\",\"description\":\"Site d&#039;infos ind\u00e9pendant, depuis 1996\",\"potentialAction\":[{\"@type\":\"SearchAction\",\"target\":{\"@type\":\"EntryPoint\",\"urlTemplate\":\"https:\\\/\\\/visionarymarketing.com\\\/fr\\\/?s={search_term_string}\"},\"query-input\":{\"@type\":\"PropertyValueSpecification\",\"valueRequired\":true,\"valueName\":\"search_term_string\"}}],\"inLanguage\":\"fr-FR\"},{\"@type\":\"Person\",\"@id\":\"https:\\\/\\\/visionarymarketing.com\\\/fr\\\/#\\\/schema\\\/person\\\/3754fee1e558f47b8deb46f53c37423e\",\"name\":\"Yann Gourvennec\",\"image\":{\"@type\":\"ImageObject\",\"inLanguage\":\"fr-FR\",\"@id\":\"https:\\\/\\\/secure.gravatar.com\\\/avatar\\\/5972001801e8de5692a3e31224e85769f50a55fb8b679749f9c8d1868cceff14?s=96&d=initials&r=g&initials=yg\",\"url\":\"https:\\\/\\\/secure.gravatar.com\\\/avatar\\\/5972001801e8de5692a3e31224e85769f50a55fb8b679749f9c8d1868cceff14?s=96&d=initials&r=g&initials=yg\",\"contentUrl\":\"https:\\\/\\\/secure.gravatar.com\\\/avatar\\\/5972001801e8de5692a3e31224e85769f50a55fb8b679749f9c8d1868cceff14?s=96&d=initials&r=g&initials=yg\",\"caption\":\"Yann Gourvennec\"},\"description\":\"Yann Gourvennec created visionarymarketing.com in 1996. He is a speaker and author of many books. In 2014 he went from intrapreneur to entrepreneur, when he created his digital marketing agency. Yann Gourvennec a cr\u00e9\u00e9 visionarymarketing.com en 1996. Il est conf\u00e9rencier et auteur de plusieurs livres. En 2014, il est pass\u00e9 d'intrapreneur \u00e0 entrepreneur en cr\u00e9ant son agence de marketing num\u00e9rique.\",\"sameAs\":[\"https:\\\/\\\/visionarymarketing.com\",\"http:\\\/\\\/facebook.com\\\/ygourven\",\"http:\\\/\\\/linkedin.com\\\/in\\\/ygourven\",\"https:\\\/\\\/x.com\\\/ygourven\",\"https:\\\/\\\/www.youtube.com\\\/c\\\/visionarymarketingagency\"],\"url\":\"https:\\\/\\\/visionarymarketing.com\\\/fr\\\/author\\\/yann-gourvennec\\\/\"}]}<\/script>\n<!-- \/ Yoast SEO plugin. -->","yoast_head_json":{"title":"Les m\u00e9dias sociaux ont r\u00e9volutionn\u00e9 la communication","description":"Les m\u00e9dias sociaux ont r\u00e9volutionn\u00e9 le monde de la communication. Les entreprises seront-elles \u00e0 la hauteur de ce challenge.","robots":{"index":"index","follow":"follow","max-snippet":"max-snippet:-1","max-image-preview":"max-image-preview:large","max-video-preview":"max-video-preview:-1"},"canonical":"https:\/\/visionarymarketing.com\/fr\/2014\/01\/10\/les-medias-sociaux-ont-revolutionne-la-communication\/","og_locale":"fr_FR","og_type":"article","og_title":"Les m\u00e9dias sociaux ont r\u00e9volutionn\u00e9 la communication","og_description":"Les m\u00e9dias sociaux ont r\u00e9volutionn\u00e9 le monde de la communication. Les entreprises seront-elles \u00e0 la hauteur de ce challenge.","og_url":"https:\/\/visionarymarketing.com\/fr\/2014\/01\/10\/les-medias-sociaux-ont-revolutionne-la-communication\/","og_site_name":"Marketing and Innovation","article_publisher":"https:\/\/www.facebook.com\/vismktg","article_author":"http:\/\/facebook.com\/ygourven","article_published_time":"2014-01-10T08:00:32+00:00","article_modified_time":"2021-07-22T07:59:42+00:00","og_image":[{"width":519,"height":340,"url":"https:\/\/visionarymarketing.com\/wp-content\/uploads\/2014\/01\/verypresstrip-e1611351991845-1.jpg","type":"image\/jpeg"}],"author":"Yann Gourvennec","twitter_card":"summary_large_image","twitter_creator":"@ygourven","twitter_site":"@ygourven","twitter_misc":{"\u00c9crit par":"Yann Gourvennec","Dur\u00e9e de lecture estim\u00e9e":"6 minutes"},"schema":{"@context":"https:\/\/schema.org","@graph":[{"@type":"NewsArticle","@id":"https:\/\/visionarymarketing.com\/fr\/2014\/01\/10\/les-medias-sociaux-ont-revolutionne-la-communication\/#article","isPartOf":{"@id":"https:\/\/visionarymarketing.com\/fr\/2014\/01\/10\/les-medias-sociaux-ont-revolutionne-la-communication\/"},"author":{"name":"Yann Gourvennec","@id":"https:\/\/visionarymarketing.com\/fr\/#\/schema\/person\/3754fee1e558f47b8deb46f53c37423e"},"headline":"Les m\u00e9dias sociaux ont r\u00e9volutionn\u00e9 la communication","datePublished":"2014-01-10T08:00:32+00:00","dateModified":"2021-07-22T07:59:42+00:00","mainEntityOfPage":{"@id":"https:\/\/visionarymarketing.com\/fr\/2014\/01\/10\/les-medias-sociaux-ont-revolutionne-la-communication\/"},"wordCount":1361,"commentCount":1,"image":{"@id":"https:\/\/visionarymarketing.com\/fr\/2014\/01\/10\/les-medias-sociaux-ont-revolutionne-la-communication\/#primaryimage"},"thumbnailUrl":"https:\/\/visionarymarketing.com\/wp-content\/uploads\/2014\/01\/verypresstrip-e1611351991845-1.jpg","articleSection":["communication digitale","m\u00e9dias \/ r\u00e9seaux sociaux"],"inLanguage":"fr-FR","potentialAction":[{"@type":"CommentAction","name":"Comment","target":["https:\/\/visionarymarketing.com\/fr\/2014\/01\/10\/les-medias-sociaux-ont-revolutionne-la-communication\/#respond"]}]},{"@type":"WebPage","@id":"https:\/\/visionarymarketing.com\/fr\/2014\/01\/10\/les-medias-sociaux-ont-revolutionne-la-communication\/","url":"https:\/\/visionarymarketing.com\/fr\/2014\/01\/10\/les-medias-sociaux-ont-revolutionne-la-communication\/","name":"Les m\u00e9dias sociaux ont r\u00e9volutionn\u00e9 la communication","isPartOf":{"@id":"https:\/\/visionarymarketing.com\/fr\/#website"},"primaryImageOfPage":{"@id":"https:\/\/visionarymarketing.com\/fr\/2014\/01\/10\/les-medias-sociaux-ont-revolutionne-la-communication\/#primaryimage"},"image":{"@id":"https:\/\/visionarymarketing.com\/fr\/2014\/01\/10\/les-medias-sociaux-ont-revolutionne-la-communication\/#primaryimage"},"thumbnailUrl":"https:\/\/visionarymarketing.com\/wp-content\/uploads\/2014\/01\/verypresstrip-e1611351991845-1.jpg","datePublished":"2014-01-10T08:00:32+00:00","dateModified":"2021-07-22T07:59:42+00:00","author":{"@id":"https:\/\/visionarymarketing.com\/fr\/#\/schema\/person\/3754fee1e558f47b8deb46f53c37423e"},"description":"Les m\u00e9dias sociaux ont r\u00e9volutionn\u00e9 le monde de la communication. Les entreprises seront-elles \u00e0 la hauteur de ce challenge.","breadcrumb":{"@id":"https:\/\/visionarymarketing.com\/fr\/2014\/01\/10\/les-medias-sociaux-ont-revolutionne-la-communication\/#breadcrumb"},"inLanguage":"fr-FR","potentialAction":[{"@type":"ReadAction","target":["https:\/\/visionarymarketing.com\/fr\/2014\/01\/10\/les-medias-sociaux-ont-revolutionne-la-communication\/"]}]},{"@type":"ImageObject","inLanguage":"fr-FR","@id":"https:\/\/visionarymarketing.com\/fr\/2014\/01\/10\/les-medias-sociaux-ont-revolutionne-la-communication\/#primaryimage","url":"https:\/\/visionarymarketing.com\/wp-content\/uploads\/2014\/01\/verypresstrip-e1611351991845-1.jpg","contentUrl":"https:\/\/visionarymarketing.com\/wp-content\/uploads\/2014\/01\/verypresstrip-e1611351991845-1.jpg","width":519,"height":340,"caption":"m\u00e9dias sociaux r\u00e9volutionn\u00e9 communication"},{"@type":"BreadcrumbList","@id":"https:\/\/visionarymarketing.com\/fr\/2014\/01\/10\/les-medias-sociaux-ont-revolutionne-la-communication\/#breadcrumb","itemListElement":[{"@type":"ListItem","position":1,"name":"Home","item":"https:\/\/visionarymarketing.com\/fr\/"},{"@type":"ListItem","position":2,"name":"Les m\u00e9dias sociaux ont r\u00e9volutionn\u00e9 la communication"}]},{"@type":"WebSite","@id":"https:\/\/visionarymarketing.com\/fr\/#website","url":"https:\/\/visionarymarketing.com\/fr\/","name":"Marketing and Innovation","description":"Site d&#039;infos ind\u00e9pendant, depuis 1996","potentialAction":[{"@type":"SearchAction","target":{"@type":"EntryPoint","urlTemplate":"https:\/\/visionarymarketing.com\/fr\/?s={search_term_string}"},"query-input":{"@type":"PropertyValueSpecification","valueRequired":true,"valueName":"search_term_string"}}],"inLanguage":"fr-FR"},{"@type":"Person","@id":"https:\/\/visionarymarketing.com\/fr\/#\/schema\/person\/3754fee1e558f47b8deb46f53c37423e","name":"Yann Gourvennec","image":{"@type":"ImageObject","inLanguage":"fr-FR","@id":"https:\/\/secure.gravatar.com\/avatar\/5972001801e8de5692a3e31224e85769f50a55fb8b679749f9c8d1868cceff14?s=96&d=initials&r=g&initials=yg","url":"https:\/\/secure.gravatar.com\/avatar\/5972001801e8de5692a3e31224e85769f50a55fb8b679749f9c8d1868cceff14?s=96&d=initials&r=g&initials=yg","contentUrl":"https:\/\/secure.gravatar.com\/avatar\/5972001801e8de5692a3e31224e85769f50a55fb8b679749f9c8d1868cceff14?s=96&d=initials&r=g&initials=yg","caption":"Yann Gourvennec"},"description":"Yann Gourvennec created visionarymarketing.com in 1996. He is a speaker and author of many books. In 2014 he went from intrapreneur to entrepreneur, when he created his digital marketing agency. Yann Gourvennec a cr\u00e9\u00e9 visionarymarketing.com en 1996. Il est conf\u00e9rencier et auteur de plusieurs livres. En 2014, il est pass\u00e9 d'intrapreneur \u00e0 entrepreneur en cr\u00e9ant son agence de marketing num\u00e9rique.","sameAs":["https:\/\/visionarymarketing.com","http:\/\/facebook.com\/ygourven","http:\/\/linkedin.com\/in\/ygourven","https:\/\/x.com\/ygourven","https:\/\/www.youtube.com\/c\/visionarymarketingagency"],"url":"https:\/\/visionarymarketing.com\/fr\/author\/yann-gourvennec\/"}]}},"_links":{"self":[{"href":"https:\/\/visionarymarketing.com\/fr\/wp-json\/wp\/v2\/posts\/11705","targetHints":{"allow":["GET"]}}],"collection":[{"href":"https:\/\/visionarymarketing.com\/fr\/wp-json\/wp\/v2\/posts"}],"about":[{"href":"https:\/\/visionarymarketing.com\/fr\/wp-json\/wp\/v2\/types\/post"}],"author":[{"embeddable":true,"href":"https:\/\/visionarymarketing.com\/fr\/wp-json\/wp\/v2\/users\/2"}],"replies":[{"embeddable":true,"href":"https:\/\/visionarymarketing.com\/fr\/wp-json\/wp\/v2\/comments?post=11705"}],"version-history":[{"count":0,"href":"https:\/\/visionarymarketing.com\/fr\/wp-json\/wp\/v2\/posts\/11705\/revisions"}],"wp:featuredmedia":[{"embeddable":true,"href":"https:\/\/visionarymarketing.com\/fr\/wp-json\/wp\/v2\/media\/61027"}],"wp:attachment":[{"href":"https:\/\/visionarymarketing.com\/fr\/wp-json\/wp\/v2\/media?parent=11705"}],"wp:term":[{"taxonomy":"category","embeddable":true,"href":"https:\/\/visionarymarketing.com\/fr\/wp-json\/wp\/v2\/categories?post=11705"},{"taxonomy":"post_tag","embeddable":true,"href":"https:\/\/visionarymarketing.com\/fr\/wp-json\/wp\/v2\/tags?post=11705"}],"curies":[{"name":"wp","href":"https:\/\/api.w.org\/{rel}","templated":true}]}}