{"id":11680,"date":"2013-12-18T09:00:00","date_gmt":"2013-12-18T08:00:00","guid":{"rendered":"http:\/\/visionarymarketing.fr\/blog\/?p=11680"},"modified":"2023-09-05T12:12:31","modified_gmt":"2023-09-05T10:12:31","slug":"evernote-un-style-de-vie","status":"publish","type":"post","link":"https:\/\/visionarymarketing.com\/fr\/2013\/12\/18\/evernote-un-style-de-vie\/","title":{"rendered":"Evernote : Plus qu&rsquo;une appli, un style de vie"},"content":{"rendered":"<p><em><span style=\"color: #4f81bd;\"><img decoding=\"async\" class=\"alignnone\" style=\"float: left; margin: 10px 10px 10px 0px; display: inline;\" src=\"https:\/\/a1.mzstatic.com\/us\/r30\/Purple4\/v4\/b1\/97\/a6\/b197a657-a03d-64d7-7287-c0fffd1b3383\/Evernote.png\" alt=\"\" width=\"150\" height=\"150\" align=\"left\" \/>A la veille de la conf\u00e9rence LeWeb13, je suis pass\u00e9 \u00e0 <\/span><\/em><a href=\"http:\/\/www.50partners.fr\/\" target=\"_blank\" rel=\"noopener noreferrer\"><em><span style=\"color: #4f81bd;\">l&rsquo;espace 50 Partners \u00e0 Paris<\/span><\/em><\/a><em><span style=\"color: #4f81bd;\"> pour assister \u00e0 la conf\u00e9rence evernote o\u00f9 nous avons eu droit \u00e0 la visite surprise de Phil Libin, le CEO d\u2019Evernote &#8211; qui n\u2019en est cependant pas le fondateue. LA pr\u00e9sentation initiale de la startup a \u00e9t\u00e9 faite par la toute jeune DG Europe, <\/span><\/em><a href=\"https:\/\/twitter.com\/cristinariesen\" target=\"_blank\" rel=\"noopener noreferrer\"><em><span style=\"color: #4f81bd;\">Cristina Riesen<\/span><\/em><\/a><em><span style=\"color: #4f81bd;\">. <\/span><\/em><em><span style=\"color: #4f81bd;\">Evernote <\/span><\/em><a href=\"http:\/\/content.time.com\/time\/subscriber\/article\/0,33009,2156269,00.html\" target=\"_blank\" rel=\"noopener noreferrer\"><em><span style=\"color: #4f81bd;\">a 9 ans ! Et d\u00e9j\u00e0 80 millions d&rsquo;utilisateurs&#8230;<\/span><\/em><\/a><em><span style=\"color: #4f81bd;\"> (75 millions selon Time, un peu moins emphatiques que les repr\u00e9sentants de la marque ; mais en sommes nous \u00e0 5 millions pr\u00e8s ?) <strong>L&rsquo;application s&rsquo;est d\u00e9velopp\u00e9e par bouche \u00e0 oreille.<\/strong> \u201cEn France on a 1.6 millions d&rsquo;utilisateurs soit le double de ce qu&rsquo;il y avait il y a 1 an \u00e0 le web\u201d a dit Cristina. \u201cEvernote a 330 employ\u00e9s dans le monde \u00e0 ce jour et a gagn\u00e9 le Apple design award et le <\/span><\/em><span class=\"removed_link\" title=\"http:\/\/en.red-dot.org\/2026.html\"><em><span style=\"color: #4f81bd;\">red dot design award<\/span><\/em><\/span><em><span style=\"color: #4f81bd;\">\u201d. <\/span><\/em><a href=\"https:\/\/web.archive.org\/web\/20210720154614\/https:\/\/evernote.com\/business\" target=\"_blank\" rel=\"noopener noreferrer\"><em><span style=\"color: #4f81bd;\">La version business 2.0<\/span><\/em><\/a><em><span style=\"color: #4f81bd;\"> vient d&rsquo;\u00eatre lanc\u00e9e. Elle permet le travail en \u00e9quipe et il y a une semaine, la version <\/span><\/em><em><span style=\"color: #4f81bd;\">evernote salesforce<\/span><\/em><em><span style=\"color: #4f81bd;\"> a aussi \u00e9t\u00e9 annonc\u00e9e. Au del\u00e0 le l&rsquo;appli il y a des objets physiques qui permettent d&rsquo;\u00e9tendre l&rsquo;usage (partenariats avec postit, avec moleskine &#8230;). Voyons ici avec les repr\u00e9sentants de la startup et un ambassadeur &#8211; mon confr\u00e8re Maxime Garrigues &#8211; comment evernote anime son \u00e9cosyst\u00e8me et les usages qui en d\u00e9rivent<\/span><\/em><\/p>\n<p><a href=\"https:\/\/visionarymarketing.com\/wp-content\/uploads\/2013\/12\/image7.png\" target=\"_blank\" rel=\"noopener noreferrer\"><img decoding=\"async\" style=\"background-image: none; padding-top: 0px; padding-left: 0px; margin: 10px auto; display: block; padding-right: 0px; border: 0px;\" title=\"image\" src=\"https:\/\/visionarymarketing.com\/wp-content\/uploads\/2013\/12\/image_thumb7.png\" alt=\"image\" width=\"600\" border=\"0\" \/><\/a><\/p>\n<p><em><span style=\"color: #4f81bd;\">Evernote superbement bien r\u00e9sum\u00e9 par <\/span><\/em><a href=\"http:\/\/content.time.com\/time\/magazine\/article\/0,9171,2156269,00.html\" target=\"_blank\" rel=\"noopener noreferrer\"><em><span style=\"color: #4f81bd;\">Time Magazine<\/span><\/em><\/a><em><span style=\"color: #4f81bd;\">\u00a0 (11\/11\/13)<\/span><\/em><\/p>\n<p>Il y a \u00e9galement un objet magique le <a href=\"https:\/\/web.archive.org\/web\/20211026130615\/https:\/\/www.adonit.net\/jot\/script\/\" target=\"_blank\" rel=\"noopener noreferrer\">evernote stylus<\/a> (ci-dessous), un stylet qui permet d&rsquo;\u00e9crire sur une tablette exactement comme sur du papier.<\/p>\n<p style=\"text-align: center;\"><img decoding=\"async\" class=\"aligncenter\" src=\"https:\/\/cdn.macrumors.com\/article-new\/2013\/09\/jot.jpg\" alt=\"\" width=\"600\" height=\"275\" \/><\/p>\n<p>L&rsquo;appli a beaucoup \u00e9volu\u00e9, aussi bien sur Mac et Windows (version 5) et ios 7 &#8230; \u201cTout cela est le r\u00e9sultat d\u2019un gros travail a dit la DG Europe\u201d.<\/p>\n<p style=\"text-align: center;\"><a href=\"https:\/\/visionarymarketing.com\/wp-content\/uploads\/2013\/12\/Evernote-Snapshot-20131209-194646.jpg\" target=\"_blank\" rel=\"noopener noreferrer\"><img decoding=\"async\" class=\"aligncenter\" style=\"background-image: none; padding-top: 0px; padding-left: 0px; margin-top: 10px; margin-bottom: 10px; display: inline; padding-right: 0px; border: 0px;\" title=\"Evernote Snapshot 20131209 194646\" src=\"https:\/\/visionarymarketing.com\/wp-content\/uploads\/2013\/12\/Evernote-Snapshot-20131209-194646_thumb.jpg\" alt=\"Evernote Snapshot 20131209 194646\" width=\"600\" border=\"0\" \/><\/a><\/p>\n<p><em><span style=\"color: #4f81bd;\">Cristina Riesen de Evernote<\/span><\/em><\/p>\n<p align=\"left\">Julien Boedec (partenariats evernote) <a href=\"http:\/\/twitter.com\/boedec\" target=\"_blank\" rel=\"noopener noreferrer\">@boedec<\/a> A rejoint <a href=\"http:\/\/evernote.com\" target=\"_blank\" rel=\"noopener noreferrer\">evernote<\/a> il y a 3 ans et est bas\u00e9 \u00e0 San Francisco. L&rsquo;\u00e9quipe plateforme a pour but de multiplier les int\u00e9grations : elles cr\u00e9e des SDK pour permettre aux \u00e9diteurs d&rsquo;int\u00e9grer evernote au travers de ses API et d&rsquo;ouvrir les comptes de ses utilisateurs. Ils font aussi des hackathons et des meetups comme ce soir et des workshops pour permettre aux partenaires de jouer avec les api. <strong>Pour la premi\u00e8re fois ils ont aussi cr\u00e9\u00e9 un programme d&rsquo;acc\u00e9l\u00e9ration et ils travaillent aussi directement avec certains partenaires pour produire des produits les meilleurs possibles en fonction des nombreuses utilisations diverses du produit car \u00ab\u00a0chacun l&rsquo;utilise \u00e0 sa fa\u00e7on\u00a0\u00bb. <\/strong>Parmi les partenaires privil\u00e9gi\u00e9s : <a href=\"https:\/\/ifttt.com\/\" target=\"_blank\" rel=\"noopener noreferrer\">IFTTT (if this then that)<\/a> : permet de lier tous les services de r\u00e9seaux sociaux et de communications et de sauvegarder le r\u00e9sultat dans evernote.<\/p>\n<p style=\"text-align: center;\"><a href=\"https:\/\/visionarymarketing.com\/wp-content\/uploads\/2013\/12\/Evernote-Snapshot-20131209-195816.jpg\" target=\"_blank\" rel=\"noopener noreferrer\"><img decoding=\"async\" class=\"aligncenter\" style=\"background-image: none; padding-top: 0px; padding-left: 0px; margin-top: 10px; margin-bottom: 10px; display: inline; padding-right: 0px; border: 0px;\" title=\"Evernote Snapshot 20131209 195816\" src=\"https:\/\/visionarymarketing.com\/wp-content\/uploads\/2013\/12\/Evernote-Snapshot-20131209-195816_thumb.jpg\" alt=\"Evernote Snapshot 20131209 195816\" width=\"600\" border=\"0\" \/><\/a><\/p>\n<p><em><span style=\"color: #4bacc6;\">Julien Boedec en charge des partenariats chez l\u2019\u00e9diteur<\/span><\/em><\/p>\n<p>Autres exemples de partenariats :<\/p>\n<ul>\n<li><a href=\"https:\/\/web.archive.org\/web\/20230819135509\/https:\/\/play.google.com\/store\/apps\/details?id=mobi.mgeek.TunnyBrowser\" target=\"_blank\" rel=\"noopener noreferrer\">Dolphin browser<\/a> : navigateur web pour iPhone et ipad et Android pour remplacer Safari et Chrome. Ils ont fait une int\u00e9gration avec evernote qui permet de sauvegarder un contenu dans votre compte. Ceci permet de garder un contenu web \u00e0 la mani\u00e8re du Web clipper. Evernote ne peux en effet pas cr\u00e9er de plugin pour Safari du fait des r\u00e8gles Apple, d&rsquo;o\u00f9 ce partenariat ;<\/li>\n<li><a href=\"https:\/\/postach.io\/\" target=\"_blank\" rel=\"noopener noreferrer\">Postach.io<\/a> : permet de publier sur les blogs en utilisant evernote directement depuis son compte. Il s&rsquo;agit d&rsquo;une plateforme de blogs s\u00e9par\u00e9e et n\u2019est donc pas compatible avec WordPress \u2026 dommage !<\/li>\n<li><a href=\"http:\/\/www.cultofmac.com\/255452\/boxer-mail-app-now-for-ipad-adds-evernote-and-sanebox-support\/\" target=\"_blank\" rel=\"noopener noreferrer\">Boxer<\/a> : il s&rsquo;agit d&rsquo;un client mail qui essaie de remplacer le mail standard de l&rsquo;iPhone en lui apportant des fonctionnalit\u00e9s. Ils ont inclus la possibilit\u00e9 de sauvegarder un mail directement dans evernote ;<\/li>\n<li><span class=\"removed_link\" title=\"http:\/\/www.docusign.com\/blog\/evernote-and-docusign-now-available-mobile\">Docusign<\/span> : permet de signer un document et de l&rsquo;envoyer \u00e0 la bonne personne<\/li>\n<\/ul>\n<p>Ces 5 applications ne doivent pas cacher le fait qu&rsquo;evernote en a des centaines d\u2019autres disponibles, ce sont juste des exemples.<\/p>\n<p>La pr\u00e9sentation s\u2019est poursuivie avec <span class=\"removed_link\" title=\"http:\/\/www.linkedin.com\/in\/xavierdelplanque\">Xavier Delplanque senior product manager<\/span> en charge des produits. Xavier est bas\u00e9 \u00e0 San Francisco \u00e9galement et il a rejoint evernnote il y a 3 ans. Sa mission a \u00e9t\u00e9 de \u00ab\u00a0produire la premi\u00e8re impression\u00a0\u00bb car \u00ab\u00a0<strong>beaucoup d&rsquo;utilisateurs qui d\u00e9couvrent evernote la premi\u00e8re fois ne savent pas \u00e0 quoi \u00e7a sert<\/strong>\u00ab\u00a0. Xavier vient du jeu vid\u00e9o et a cr\u00e9\u00e9 cette interface mobile en construisant un premier prototype (feature discovery).<\/p>\n<p>Puis une deuxi\u00e8me \u00e9tape a \u00e9t\u00e9\u00a0 lanc\u00e9e avec des brainstormings et des id\u00e9es qui ont \u00e9t\u00e9 retenues. <strong>Evernote n&rsquo;est pas qu&rsquo;une appli de prise de notes c&rsquo;est un \u00ab\u00a0lifestyle\u00a0\u00bb<\/strong>. La premi\u00e8re exp\u00e9rience du didacticiel n&rsquo;a pas \u00e9t\u00e9 satisfaisante donc ils l&rsquo;ont am\u00e9lior\u00e9e puis ils ont ajout\u00e9 la cam\u00e9ra, les postits et enfin la synchronisation pour amener l&rsquo;utilisateur du mobile sur l&rsquo;ordinateur et vice versa.<\/p>\n<p>En fait la conception est tr\u00e8s difficile a ajout\u00e9 Xavier <strong>car les retours de tests des utilisateurs ne sont pas souvent utiles<\/strong>. \u201cOn a utilis\u00e9 les statistiques de Google Analytics en analysant les utilisations des utilisateurs (A\/B testing) et cela permet d&rsquo;am\u00e9liorer l&rsquo;appli et d&rsquo;ajouter des fonctionnalit\u00e9s \u00e0 bon escient\u201d a-t-il pr\u00e9cis\u00e9.<\/p>\n<p style=\"text-align: center;\"><a href=\"https:\/\/visionarymarketing.com\/wp-content\/uploads\/2013\/12\/Evernote-Snapshot-20131209-201221.jpg\" target=\"_blank\" rel=\"noopener noreferrer\"><img decoding=\"async\" class=\"aligncenter\" style=\"background-image: none; padding-top: 0px; padding-left: 0px; margin-top: 10px; margin-bottom: 10px; display: inline; padding-right: 0px; border: 0px;\" title=\"Evernote Snapshot 20131209 201221\" src=\"https:\/\/visionarymarketing.com\/wp-content\/uploads\/2013\/12\/Evernote-Snapshot-20131209-201221_thumb.jpg\" alt=\"Evernote Snapshot 20131209 201221\" width=\"600\" border=\"0\" \/><\/a><\/p>\n<p><em><span style=\"color: #4f81bd;\">Xavier Delplanque <\/span><\/em><\/p>\n<p>Maxime Garrigues, un des patrons de <a href=\"https:\/\/web.archive.org\/web\/20180906024719\/https:\/\/www.xprimegroupe.com\/\" target=\"_blank\" rel=\"noopener noreferrer\">Xprime<\/a> et un des 4 ambassadeurs d&rsquo;evernote (<a href=\"http:\/\/twitter.com\/maximegarrigues\" target=\"_blank\" rel=\"noopener noreferrer\">@maximegarrigues<\/a>) en France \u201cutilise Evernote pour stocker tout ce qu\u2019 [il] peut pour [se] souvenir de tout\u201d, evernote c&rsquo;est plus qu&rsquo;un produit, selon Maxime et Xprime utilise la version business. \u201cLe planeur strat\u00e9gique stocke 1535 notes de veille dans un carnet evernote partag\u00e9 avec l&rsquo;ensemble de l&rsquo;agence\u201d indique-t-il. Avec le plugin evernote dans le navigateur, la recherche Google va aller chercher aussi biens urls. Web ouvert que sur la. <strong>Evernote est devenue la v\u00e9ritable bse de donn\u00e9e de curation de l&rsquo;agence.<br \/>\n<\/strong><\/p>\n<p><strong>Autre usage : les carnets clients avec les cartes de visite des clients qui sont partag\u00e9es apr\u00e8s avoir \u00e9t\u00e9 scann\u00e9es avec evernote hello<\/strong>. La version business int\u00e9gre aussi salesforce, cequi\u00a0 permet aussi de r\u00e9aliser le suivi client pr\u00e9cise Maxime.\u00a0Il est aussi possible d&rsquo;utiliser une note en mode pr\u00e9sentation (sur ordinateur), c\u2019est ce qu\u2019a fait Maxime \u2026 je n\u2019ai pu essayer avec la version premium.<\/p>\n<p style=\"text-align: center;\"><a href=\"https:\/\/visionarymarketing.com\/wp-content\/uploads\/2013\/12\/Evernote-Snapshot-20131209-201911.jpg\" target=\"_blank\" rel=\"noopener noreferrer\"><img decoding=\"async\" class=\"aligncenter\" style=\"background-image: none; padding-top: 0px; padding-left: 0px; margin-top: 10px; margin-bottom: 10px; display: inline; padding-right: 0px; border: 0px;\" title=\"Evernote Snapshot 20131209 201911\" src=\"https:\/\/visionarymarketing.com\/wp-content\/uploads\/2013\/12\/Evernote-Snapshot-20131209-201911_thumb.jpg\" alt=\"Evernote Snapshot 20131209 201911\" width=\"600\" border=\"0\" \/><\/a><\/p>\n<p><em><span style=\"color: #4f81bd;\">Maxime Garrigues en pr\u00e9sentation<\/span><\/em><\/p>\n<p><span style=\"color: #000000;\">En conclusion, j\u2019ai appris plein de choses car bien qu\u2019\u00e9tant un afficionado de l\u2019application (j\u2019ai pr\u00e8s de 300 notes actives et je r\u00e9dige tous mes billets de blogs comme celui-ci avec Evernote sur mon iPad), il est vrai que chaque utilisateur en fait des choses diff\u00e9rentes. C\u2019est \u00e7a la richesse d\u2019Evernote, certains l\u2019utilisent, comme moi, comme un super traitement de texte mobile, d\u2019autres comme une liste de choses \u00e0 faire, d\u2019autres comme un espace de stockage ou un r\u00e9f\u00e9rentiel \u2026 les usages sont infinis. <\/span><\/p>\n<p><span style=\"color: #000000;\">Nous n\u2019avons pas fini d\u2019entendre parler d\u2019Evernote !<\/span><\/p>\n","protected":false},"excerpt":{"rendered":"<p>A la veille de la conf\u00e9rence LeWeb13, je suis pass\u00e9 \u00e0 l&rsquo;espace 50 Partners \u00e0 Paris pour assister \u00e0 la conf\u00e9rence evernote o\u00f9 nous avons eu droit \u00e0 la visite surprise de Phil Libin, le CEO d\u2019Evernote &#8211; qui n\u2019en est cependant pas le fondateue. LA pr\u00e9sentation initiale de la startup a \u00e9t\u00e9 faite par &hellip;<\/p>\n","protected":false},"author":2,"featured_media":34066,"comment_status":"open","ping_status":"open","sticky":false,"template":"","format":"standard","meta":{"footnotes":""},"categories":[10],"tags":[],"class_list":["post-11680","post","type-post","status-publish","format-standard","has-post-thumbnail","hentry","category-collaboration-et-teletravail"],"yoast_head":"<!-- This site is optimized with the Yoast SEO plugin v27.5 - https:\/\/yoast.com\/product\/yoast-seo-wordpress\/ -->\n<title>Evernote : Plus qu&#039;une appli, un style de vie<\/title>\n<meta name=\"description\" content=\"A la veille de la conf\u00e9rence LeWeb13, je suis pass\u00e9 \u00e0 l&#039;espace 50 Partners \u00e0 Paris pour assister \u00e0 la conf\u00e9rence evernote o\u00f9 nous avons eu droit \u00e0 la\" \/>\n<meta name=\"robots\" content=\"index, follow, max-snippet:-1, max-image-preview:large, max-video-preview:-1\" \/>\n<link rel=\"canonical\" href=\"https:\/\/visionarymarketing.com\/fr\/2013\/12\/18\/evernote-un-style-de-vie\/\" \/>\n<meta property=\"og:locale\" content=\"fr_FR\" \/>\n<meta property=\"og:type\" content=\"article\" \/>\n<meta property=\"og:title\" content=\"Evernote : Plus qu&#039;une appli, un style de vie\" \/>\n<meta property=\"og:description\" content=\"A la veille de la conf\u00e9rence LeWeb13, je suis pass\u00e9 \u00e0 l&#039;espace 50 Partners \u00e0 Paris pour assister \u00e0 la conf\u00e9rence evernote o\u00f9 nous avons eu droit \u00e0 la\" \/>\n<meta property=\"og:url\" content=\"https:\/\/visionarymarketing.com\/fr\/2013\/12\/18\/evernote-un-style-de-vie\/\" \/>\n<meta property=\"og:site_name\" content=\"Marketing and Innovation\" \/>\n<meta property=\"article:publisher\" content=\"https:\/\/www.facebook.com\/vismktg\" \/>\n<meta property=\"article:author\" content=\"http:\/\/facebook.com\/ygourven\" \/>\n<meta property=\"article:published_time\" content=\"2013-12-18T08:00:00+00:00\" \/>\n<meta property=\"article:modified_time\" content=\"2023-09-05T10:12:31+00:00\" \/>\n<meta property=\"og:image\" content=\"https:\/\/visionarymarketing.com\/wp-content\/uploads\/2019\/11\/47977612261_fee5c44091_c.jpg\" \/>\n\t<meta property=\"og:image:width\" content=\"644\" \/>\n\t<meta property=\"og:image:height\" content=\"430\" \/>\n\t<meta property=\"og:image:type\" content=\"image\/jpeg\" \/>\n<meta name=\"author\" content=\"Yann Gourvennec\" \/>\n<meta name=\"twitter:card\" content=\"summary_large_image\" \/>\n<meta name=\"twitter:creator\" content=\"@ygourven\" \/>\n<meta name=\"twitter:site\" content=\"@ygourven\" \/>\n<meta name=\"twitter:label1\" content=\"\u00c9crit par\" \/>\n\t<meta name=\"twitter:data1\" content=\"Yann Gourvennec\" \/>\n\t<meta name=\"twitter:label2\" content=\"Dur\u00e9e de lecture estim\u00e9e\" \/>\n\t<meta name=\"twitter:data2\" content=\"6 minutes\" \/>\n<script type=\"application\/ld+json\" class=\"yoast-schema-graph\">{\"@context\":\"https:\\\/\\\/schema.org\",\"@graph\":[{\"@type\":\"NewsArticle\",\"@id\":\"https:\\\/\\\/visionarymarketing.com\\\/fr\\\/2013\\\/12\\\/18\\\/evernote-un-style-de-vie\\\/#article\",\"isPartOf\":{\"@id\":\"https:\\\/\\\/visionarymarketing.com\\\/fr\\\/2013\\\/12\\\/18\\\/evernote-un-style-de-vie\\\/\"},\"author\":{\"name\":\"Yann Gourvennec\",\"@id\":\"https:\\\/\\\/visionarymarketing.com\\\/fr\\\/#\\\/schema\\\/person\\\/3754fee1e558f47b8deb46f53c37423e\"},\"headline\":\"Evernote : Plus qu&rsquo;une appli, un style de vie\",\"datePublished\":\"2013-12-18T08:00:00+00:00\",\"dateModified\":\"2023-09-05T10:12:31+00:00\",\"mainEntityOfPage\":{\"@id\":\"https:\\\/\\\/visionarymarketing.com\\\/fr\\\/2013\\\/12\\\/18\\\/evernote-un-style-de-vie\\\/\"},\"wordCount\":1151,\"commentCount\":5,\"image\":{\"@id\":\"https:\\\/\\\/visionarymarketing.com\\\/fr\\\/2013\\\/12\\\/18\\\/evernote-un-style-de-vie\\\/#primaryimage\"},\"thumbnailUrl\":\"https:\\\/\\\/visionarymarketing.com\\\/wp-content\\\/uploads\\\/2019\\\/11\\\/47977612261_fee5c44091_c.jpg\",\"articleSection\":[\"collaboration \\\/ t\u00e9l\u00e9travail\"],\"inLanguage\":\"fr-FR\",\"potentialAction\":[{\"@type\":\"CommentAction\",\"name\":\"Comment\",\"target\":[\"https:\\\/\\\/visionarymarketing.com\\\/fr\\\/2013\\\/12\\\/18\\\/evernote-un-style-de-vie\\\/#respond\"]}]},{\"@type\":\"WebPage\",\"@id\":\"https:\\\/\\\/visionarymarketing.com\\\/fr\\\/2013\\\/12\\\/18\\\/evernote-un-style-de-vie\\\/\",\"url\":\"https:\\\/\\\/visionarymarketing.com\\\/fr\\\/2013\\\/12\\\/18\\\/evernote-un-style-de-vie\\\/\",\"name\":\"Evernote : Plus qu'une appli, un style de vie\",\"isPartOf\":{\"@id\":\"https:\\\/\\\/visionarymarketing.com\\\/fr\\\/#website\"},\"primaryImageOfPage\":{\"@id\":\"https:\\\/\\\/visionarymarketing.com\\\/fr\\\/2013\\\/12\\\/18\\\/evernote-un-style-de-vie\\\/#primaryimage\"},\"image\":{\"@id\":\"https:\\\/\\\/visionarymarketing.com\\\/fr\\\/2013\\\/12\\\/18\\\/evernote-un-style-de-vie\\\/#primaryimage\"},\"thumbnailUrl\":\"https:\\\/\\\/visionarymarketing.com\\\/wp-content\\\/uploads\\\/2019\\\/11\\\/47977612261_fee5c44091_c.jpg\",\"datePublished\":\"2013-12-18T08:00:00+00:00\",\"dateModified\":\"2023-09-05T10:12:31+00:00\",\"author\":{\"@id\":\"https:\\\/\\\/visionarymarketing.com\\\/fr\\\/#\\\/schema\\\/person\\\/3754fee1e558f47b8deb46f53c37423e\"},\"description\":\"A la veille de la conf\u00e9rence LeWeb13, je suis pass\u00e9 \u00e0 l'espace 50 Partners \u00e0 Paris pour assister \u00e0 la conf\u00e9rence evernote o\u00f9 nous avons eu droit \u00e0 la\",\"breadcrumb\":{\"@id\":\"https:\\\/\\\/visionarymarketing.com\\\/fr\\\/2013\\\/12\\\/18\\\/evernote-un-style-de-vie\\\/#breadcrumb\"},\"inLanguage\":\"fr-FR\",\"potentialAction\":[{\"@type\":\"ReadAction\",\"target\":[\"https:\\\/\\\/visionarymarketing.com\\\/fr\\\/2013\\\/12\\\/18\\\/evernote-un-style-de-vie\\\/\"]}]},{\"@type\":\"ImageObject\",\"inLanguage\":\"fr-FR\",\"@id\":\"https:\\\/\\\/visionarymarketing.com\\\/fr\\\/2013\\\/12\\\/18\\\/evernote-un-style-de-vie\\\/#primaryimage\",\"url\":\"https:\\\/\\\/visionarymarketing.com\\\/wp-content\\\/uploads\\\/2019\\\/11\\\/47977612261_fee5c44091_c.jpg\",\"contentUrl\":\"https:\\\/\\\/visionarymarketing.com\\\/wp-content\\\/uploads\\\/2019\\\/11\\\/47977612261_fee5c44091_c.jpg\",\"width\":644,\"height\":430},{\"@type\":\"BreadcrumbList\",\"@id\":\"https:\\\/\\\/visionarymarketing.com\\\/fr\\\/2013\\\/12\\\/18\\\/evernote-un-style-de-vie\\\/#breadcrumb\",\"itemListElement\":[{\"@type\":\"ListItem\",\"position\":1,\"name\":\"Home\",\"item\":\"https:\\\/\\\/visionarymarketing.com\\\/fr\\\/\"},{\"@type\":\"ListItem\",\"position\":2,\"name\":\"Evernote : Plus qu&rsquo;une appli, un style de vie\"}]},{\"@type\":\"WebSite\",\"@id\":\"https:\\\/\\\/visionarymarketing.com\\\/fr\\\/#website\",\"url\":\"https:\\\/\\\/visionarymarketing.com\\\/fr\\\/\",\"name\":\"Marketing and Innovation\",\"description\":\"Site d&#039;infos ind\u00e9pendant, depuis 1996\",\"potentialAction\":[{\"@type\":\"SearchAction\",\"target\":{\"@type\":\"EntryPoint\",\"urlTemplate\":\"https:\\\/\\\/visionarymarketing.com\\\/fr\\\/?s={search_term_string}\"},\"query-input\":{\"@type\":\"PropertyValueSpecification\",\"valueRequired\":true,\"valueName\":\"search_term_string\"}}],\"inLanguage\":\"fr-FR\"},{\"@type\":\"Person\",\"@id\":\"https:\\\/\\\/visionarymarketing.com\\\/fr\\\/#\\\/schema\\\/person\\\/3754fee1e558f47b8deb46f53c37423e\",\"name\":\"Yann Gourvennec\",\"image\":{\"@type\":\"ImageObject\",\"inLanguage\":\"fr-FR\",\"@id\":\"https:\\\/\\\/secure.gravatar.com\\\/avatar\\\/5972001801e8de5692a3e31224e85769f50a55fb8b679749f9c8d1868cceff14?s=96&d=initials&r=g&initials=yg\",\"url\":\"https:\\\/\\\/secure.gravatar.com\\\/avatar\\\/5972001801e8de5692a3e31224e85769f50a55fb8b679749f9c8d1868cceff14?s=96&d=initials&r=g&initials=yg\",\"contentUrl\":\"https:\\\/\\\/secure.gravatar.com\\\/avatar\\\/5972001801e8de5692a3e31224e85769f50a55fb8b679749f9c8d1868cceff14?s=96&d=initials&r=g&initials=yg\",\"caption\":\"Yann Gourvennec\"},\"description\":\"Yann Gourvennec created visionarymarketing.com in 1996. He is a speaker and author of many books. In 2014 he went from intrapreneur to entrepreneur, when he created his digital marketing agency. Yann Gourvennec a cr\u00e9\u00e9 visionarymarketing.com en 1996. Il est conf\u00e9rencier et auteur de plusieurs livres. En 2014, il est pass\u00e9 d'intrapreneur \u00e0 entrepreneur en cr\u00e9ant son agence de marketing num\u00e9rique.\",\"sameAs\":[\"https:\\\/\\\/visionarymarketing.com\",\"http:\\\/\\\/facebook.com\\\/ygourven\",\"http:\\\/\\\/linkedin.com\\\/in\\\/ygourven\",\"https:\\\/\\\/x.com\\\/ygourven\",\"https:\\\/\\\/www.youtube.com\\\/c\\\/visionarymarketingagency\"],\"url\":\"https:\\\/\\\/visionarymarketing.com\\\/fr\\\/author\\\/yann-gourvennec\\\/\"}]}<\/script>\n<!-- \/ Yoast SEO plugin. -->","yoast_head_json":{"title":"Evernote : Plus qu'une appli, un style de vie","description":"A la veille de la conf\u00e9rence LeWeb13, je suis pass\u00e9 \u00e0 l'espace 50 Partners \u00e0 Paris pour assister \u00e0 la conf\u00e9rence evernote o\u00f9 nous avons eu droit \u00e0 la","robots":{"index":"index","follow":"follow","max-snippet":"max-snippet:-1","max-image-preview":"max-image-preview:large","max-video-preview":"max-video-preview:-1"},"canonical":"https:\/\/visionarymarketing.com\/fr\/2013\/12\/18\/evernote-un-style-de-vie\/","og_locale":"fr_FR","og_type":"article","og_title":"Evernote : Plus qu'une appli, un style de vie","og_description":"A la veille de la conf\u00e9rence LeWeb13, je suis pass\u00e9 \u00e0 l'espace 50 Partners \u00e0 Paris pour assister \u00e0 la conf\u00e9rence evernote o\u00f9 nous avons eu droit \u00e0 la","og_url":"https:\/\/visionarymarketing.com\/fr\/2013\/12\/18\/evernote-un-style-de-vie\/","og_site_name":"Marketing and Innovation","article_publisher":"https:\/\/www.facebook.com\/vismktg","article_author":"http:\/\/facebook.com\/ygourven","article_published_time":"2013-12-18T08:00:00+00:00","article_modified_time":"2023-09-05T10:12:31+00:00","og_image":[{"width":644,"height":430,"url":"https:\/\/visionarymarketing.com\/wp-content\/uploads\/2019\/11\/47977612261_fee5c44091_c.jpg","type":"image\/jpeg"}],"author":"Yann Gourvennec","twitter_card":"summary_large_image","twitter_creator":"@ygourven","twitter_site":"@ygourven","twitter_misc":{"\u00c9crit par":"Yann Gourvennec","Dur\u00e9e de lecture estim\u00e9e":"6 minutes"},"schema":{"@context":"https:\/\/schema.org","@graph":[{"@type":"NewsArticle","@id":"https:\/\/visionarymarketing.com\/fr\/2013\/12\/18\/evernote-un-style-de-vie\/#article","isPartOf":{"@id":"https:\/\/visionarymarketing.com\/fr\/2013\/12\/18\/evernote-un-style-de-vie\/"},"author":{"name":"Yann Gourvennec","@id":"https:\/\/visionarymarketing.com\/fr\/#\/schema\/person\/3754fee1e558f47b8deb46f53c37423e"},"headline":"Evernote : Plus qu&rsquo;une appli, un style de vie","datePublished":"2013-12-18T08:00:00+00:00","dateModified":"2023-09-05T10:12:31+00:00","mainEntityOfPage":{"@id":"https:\/\/visionarymarketing.com\/fr\/2013\/12\/18\/evernote-un-style-de-vie\/"},"wordCount":1151,"commentCount":5,"image":{"@id":"https:\/\/visionarymarketing.com\/fr\/2013\/12\/18\/evernote-un-style-de-vie\/#primaryimage"},"thumbnailUrl":"https:\/\/visionarymarketing.com\/wp-content\/uploads\/2019\/11\/47977612261_fee5c44091_c.jpg","articleSection":["collaboration \/ t\u00e9l\u00e9travail"],"inLanguage":"fr-FR","potentialAction":[{"@type":"CommentAction","name":"Comment","target":["https:\/\/visionarymarketing.com\/fr\/2013\/12\/18\/evernote-un-style-de-vie\/#respond"]}]},{"@type":"WebPage","@id":"https:\/\/visionarymarketing.com\/fr\/2013\/12\/18\/evernote-un-style-de-vie\/","url":"https:\/\/visionarymarketing.com\/fr\/2013\/12\/18\/evernote-un-style-de-vie\/","name":"Evernote : Plus qu'une appli, un style de vie","isPartOf":{"@id":"https:\/\/visionarymarketing.com\/fr\/#website"},"primaryImageOfPage":{"@id":"https:\/\/visionarymarketing.com\/fr\/2013\/12\/18\/evernote-un-style-de-vie\/#primaryimage"},"image":{"@id":"https:\/\/visionarymarketing.com\/fr\/2013\/12\/18\/evernote-un-style-de-vie\/#primaryimage"},"thumbnailUrl":"https:\/\/visionarymarketing.com\/wp-content\/uploads\/2019\/11\/47977612261_fee5c44091_c.jpg","datePublished":"2013-12-18T08:00:00+00:00","dateModified":"2023-09-05T10:12:31+00:00","author":{"@id":"https:\/\/visionarymarketing.com\/fr\/#\/schema\/person\/3754fee1e558f47b8deb46f53c37423e"},"description":"A la veille de la conf\u00e9rence LeWeb13, je suis pass\u00e9 \u00e0 l'espace 50 Partners \u00e0 Paris pour assister \u00e0 la conf\u00e9rence evernote o\u00f9 nous avons eu droit \u00e0 la","breadcrumb":{"@id":"https:\/\/visionarymarketing.com\/fr\/2013\/12\/18\/evernote-un-style-de-vie\/#breadcrumb"},"inLanguage":"fr-FR","potentialAction":[{"@type":"ReadAction","target":["https:\/\/visionarymarketing.com\/fr\/2013\/12\/18\/evernote-un-style-de-vie\/"]}]},{"@type":"ImageObject","inLanguage":"fr-FR","@id":"https:\/\/visionarymarketing.com\/fr\/2013\/12\/18\/evernote-un-style-de-vie\/#primaryimage","url":"https:\/\/visionarymarketing.com\/wp-content\/uploads\/2019\/11\/47977612261_fee5c44091_c.jpg","contentUrl":"https:\/\/visionarymarketing.com\/wp-content\/uploads\/2019\/11\/47977612261_fee5c44091_c.jpg","width":644,"height":430},{"@type":"BreadcrumbList","@id":"https:\/\/visionarymarketing.com\/fr\/2013\/12\/18\/evernote-un-style-de-vie\/#breadcrumb","itemListElement":[{"@type":"ListItem","position":1,"name":"Home","item":"https:\/\/visionarymarketing.com\/fr\/"},{"@type":"ListItem","position":2,"name":"Evernote : Plus qu&rsquo;une appli, un style de vie"}]},{"@type":"WebSite","@id":"https:\/\/visionarymarketing.com\/fr\/#website","url":"https:\/\/visionarymarketing.com\/fr\/","name":"Marketing and Innovation","description":"Site d&#039;infos ind\u00e9pendant, depuis 1996","potentialAction":[{"@type":"SearchAction","target":{"@type":"EntryPoint","urlTemplate":"https:\/\/visionarymarketing.com\/fr\/?s={search_term_string}"},"query-input":{"@type":"PropertyValueSpecification","valueRequired":true,"valueName":"search_term_string"}}],"inLanguage":"fr-FR"},{"@type":"Person","@id":"https:\/\/visionarymarketing.com\/fr\/#\/schema\/person\/3754fee1e558f47b8deb46f53c37423e","name":"Yann Gourvennec","image":{"@type":"ImageObject","inLanguage":"fr-FR","@id":"https:\/\/secure.gravatar.com\/avatar\/5972001801e8de5692a3e31224e85769f50a55fb8b679749f9c8d1868cceff14?s=96&d=initials&r=g&initials=yg","url":"https:\/\/secure.gravatar.com\/avatar\/5972001801e8de5692a3e31224e85769f50a55fb8b679749f9c8d1868cceff14?s=96&d=initials&r=g&initials=yg","contentUrl":"https:\/\/secure.gravatar.com\/avatar\/5972001801e8de5692a3e31224e85769f50a55fb8b679749f9c8d1868cceff14?s=96&d=initials&r=g&initials=yg","caption":"Yann Gourvennec"},"description":"Yann Gourvennec created visionarymarketing.com in 1996. He is a speaker and author of many books. In 2014 he went from intrapreneur to entrepreneur, when he created his digital marketing agency. Yann Gourvennec a cr\u00e9\u00e9 visionarymarketing.com en 1996. Il est conf\u00e9rencier et auteur de plusieurs livres. En 2014, il est pass\u00e9 d'intrapreneur \u00e0 entrepreneur en cr\u00e9ant son agence de marketing num\u00e9rique.","sameAs":["https:\/\/visionarymarketing.com","http:\/\/facebook.com\/ygourven","http:\/\/linkedin.com\/in\/ygourven","https:\/\/x.com\/ygourven","https:\/\/www.youtube.com\/c\/visionarymarketingagency"],"url":"https:\/\/visionarymarketing.com\/fr\/author\/yann-gourvennec\/"}]}},"_links":{"self":[{"href":"https:\/\/visionarymarketing.com\/fr\/wp-json\/wp\/v2\/posts\/11680","targetHints":{"allow":["GET"]}}],"collection":[{"href":"https:\/\/visionarymarketing.com\/fr\/wp-json\/wp\/v2\/posts"}],"about":[{"href":"https:\/\/visionarymarketing.com\/fr\/wp-json\/wp\/v2\/types\/post"}],"author":[{"embeddable":true,"href":"https:\/\/visionarymarketing.com\/fr\/wp-json\/wp\/v2\/users\/2"}],"replies":[{"embeddable":true,"href":"https:\/\/visionarymarketing.com\/fr\/wp-json\/wp\/v2\/comments?post=11680"}],"version-history":[{"count":0,"href":"https:\/\/visionarymarketing.com\/fr\/wp-json\/wp\/v2\/posts\/11680\/revisions"}],"wp:featuredmedia":[{"embeddable":true,"href":"https:\/\/visionarymarketing.com\/fr\/wp-json\/wp\/v2\/media\/34066"}],"wp:attachment":[{"href":"https:\/\/visionarymarketing.com\/fr\/wp-json\/wp\/v2\/media?parent=11680"}],"wp:term":[{"taxonomy":"category","embeddable":true,"href":"https:\/\/visionarymarketing.com\/fr\/wp-json\/wp\/v2\/categories?post=11680"},{"taxonomy":"post_tag","embeddable":true,"href":"https:\/\/visionarymarketing.com\/fr\/wp-json\/wp\/v2\/tags?post=11680"}],"curies":[{"name":"wp","href":"https:\/\/api.w.org\/{rel}","templated":true}]}}