{"id":11613,"date":"2013-12-09T10:32:53","date_gmt":"2013-12-09T09:32:53","guid":{"rendered":"http:\/\/visionarymarketing.fr\/blog\/?p=11613"},"modified":"2023-08-25T13:47:15","modified_gmt":"2023-08-25T11:47:15","slug":"cloud-computing-octave-klaba-enjoint-la-france-a-aller-plus-vite-rcn2013","status":"publish","type":"post","link":"https:\/\/visionarymarketing.com\/fr\/2013\/12\/09\/cloud-computing-octave-klaba-enjoint-la-france-a-aller-plus-vite-rcn2013\/","title":{"rendered":"Octave Klaba enjoint la France \u00e0 aller plus vite"},"content":{"rendered":"<p><em>Je me suis rendu \u00e0 la conf\u00e9rence sur le <a href=\"https:\/\/visionarymarketing.com\/2015\/09\/big-data-cloud-computing\/\">Cloud Computing<\/a> organis\u00e9e \u00e0 Bercy dans les locaux du minist\u00e8re de l&rsquo;\u00e9conomie et des finances afin d&rsquo;\u00e9couter Octave Klaba d&rsquo;OVH qui a demand\u00e9 \u00e0 la France d&rsquo;aller plus vite sur le cloud.<\/em><\/p>\n<h2>Cloud Computing : Octave Klaba d&rsquo;OVH enjoint la France \u00e0 aller plus vite<\/h2>\n<figure id=\"attachment_33080\" aria-describedby=\"caption-attachment-33080\" style=\"width: 520px\" class=\"wp-caption aligncenter\"><img decoding=\"async\" class=\"wp-image-33080 size-full\" src=\"https:\/\/visionarymarketing.com\/wp-content\/uploads\/2013\/12\/10-29-2019_01.29.26-CapturFiles-e1692963865152.jpg\" alt=\"Octave Klaba OVH\" width=\"520\" height=\"340\" \/><figcaption id=\"caption-attachment-33080\" class=\"wp-caption-text\">Octave Klaba \u00e0 Bercy\u00a0<\/figcaption><\/figure>\n<p><!--more-->L&rsquo;introduction de la conf\u00e9rence a \u00e9t\u00e9 r\u00e9alis\u00e9e par Fleur Pellerin, ministre d\u00e9l\u00e9gu\u00e9e aux PME \u00e0 l&rsquo;innovation et au num\u00e9rique, suivie d&rsquo;une pr\u00e9sentation d&rsquo; Octave Klaba, le m\u00e9diatique patron d&rsquo; <a href=\"http:\/\/ovh.fr\" target=\"_blank\" rel=\"noopener noreferrer\">OVH<\/a>, l&rsquo;h\u00e9bergeur europ\u00e9en qui a son fief \u00e0 Roubaix dans le Nord. Quand on parle de Cloud Computing, pour paraphraser les analystes de Gartner lors de la conf\u00e9rence r\u00e9cente qui s&rsquo;est tenue \u00e0 Barcelone, c&rsquo;est la \u00ab\u00a0fin du d\u00e9but\u00a0\u00bb.<\/p>\n<p>L&rsquo;\u00e9vang\u00e9lisation est faite et les entreprises du monde entier de sont ru\u00e9es sur cette nouvelle forme d&rsquo;h\u00e9bergement, qui offre souplesse, back up et \u00e9volutivit\u00e9 des infrastructures (\u00e9lasticit\u00e9 \u00e9tant le terme consacr\u00e9). Finie la p\u00e9riode d&rsquo;observation, nous en sommes au d\u00e9veloppement industriel et c&rsquo;est ce d\u00e9veloppement que Bercy veut pousser avec l&rsquo;aide des industriels du secteur. Qu&rsquo;avons nous donc appris ce matin \u00e0 Bercy ? Voici mon compte-rendu pris en s\u00e9ance.<\/p>\n<p>Fleur Pellerin a commenc\u00e9 sa pr\u00e9sentation en rappelant que \u00ab\u00a0il y a quelques ann\u00e9es on aurait commenc\u00e9 cette conf\u00e9rence par une d\u00e9finition du Cloud\u00a0\u00bb mais nous n&rsquo;en sommes plus l\u00e0. Le Cloud est bien consid\u00e9r\u00e9 comme un \u00e9l\u00e9ment de comp\u00e9titivit\u00e9 des entreprises et la ministre \u00e0 enjoint les entreprises \u00e0 embrasser le Cloud. Pour cela le gouvernement pr\u00e9voit d&rsquo;agir sur \u00ab\u00a0l&rsquo;offre et sur la demande, \u00e0 commencer par un des 12 plans strat\u00e9giques qui est d\u00e9di\u00e9 au Cloud Computing\u00a0\u00bb pour lequel la ministre a remerci\u00e9 Octave Klaba et Thierry Breton d&rsquo;avoir pris les r\u00eanes de ce programme.<\/p>\n<p>Dans l&rsquo;ensemble, M. Klaba, PDG d&rsquo;OVH, l&rsquo;h\u00e9bergeur europ\u00e9en bas\u00e9 \u00e0 Roubaix dans le Nord et qui est d\u00e9j\u00e0 un acteur important du Cloud Computing n&rsquo;a pas dit autre chose et il a m\u00eame remerci\u00e9 la ministre pour son engagement et \u00ab\u00a0l&rsquo;\u00e9nergie qu&rsquo;elle d\u00e9ploie\u00a0\u00bb. il n&rsquo;a cependant pas m\u00e2ch\u00e9 ses mots vis \u00e0 vis de l&rsquo;initiative gouvernementale dite de \u00ab\u00a0Cloud souverain\u00a0\u00bb en disant qu&rsquo; \u00ab\u00a0il ne suffit pas de jeter 2 fois 75 millions d&rsquo;euros sur la table\u00a0\u00bb pour faire avancer le secteur. Il est vrai que Octable Klaba n&rsquo;a jamais cach\u00e9 son antipathie pour cette initiative (ayant m\u00eame un temps cr\u00e9\u00e9 un micro site pour d\u00e9noncer le \u00ab\u00a0vaporware\u00a0\u00bb du Cloud souverain). Octave Klaba, qui a rappel\u00e9 \u00eatre n\u00e9 dans la Pologne communiste, a pr\u00e9cis\u00e9 que \u00ab\u00a0l&rsquo;important n&rsquo;est pas de savoir comment on fait pour innover mais de savoir pourquoi\u00a0\u00bb on le fait. Une d\u00e9marche proche de celle de SINEK, d\u00e9j\u00e0 d\u00e9crite sur ce blog. \u00ab\u00a0Il faut aller plus vite\u00a0\u00bb a insist\u00e9 M. Klaba en pr\u00e9cisant que l&rsquo;avenir ne viendrait pas en France de la conncurrence entre entreprises fran\u00e7aises mais de la cr\u00e9ation d&rsquo;un \u00e9cosyst\u00e8me. La vitesse est un mode de cr\u00e9ativit\u00e9 sur le Net qui est incontournable et on \u00ab\u00a0ne peut pas mettre des business plans sur 6 mois sur le papier, encore moins sur 3 ans\u00a0\u00bb a-t-il pr\u00e9cis\u00e9.<\/p>\n<p>Le patron d&rsquo;OVH r\u00e9alise cependant une sorte de grand \u00e9cart, lorsque Octave Klaba rappelle que \u00ab\u00a0la France est un pays tr\u00e8s centralis\u00e9 mais qu&rsquo;on ne peut pas tout attendre de lui\u00a0\u00bb alors m\u00eame qu&rsquo;il est \u00e0 la t\u00eate d&rsquo;un programme gouvernemental de comp\u00e9titivit\u00e9 industrielle.\u00a0En r\u00e9sum\u00e9, M. Klaba nous enjoint \u00ab\u00a0\u00e0 aller plus vite\u00a0\u00bb et de nous adapter au rythme du Web, et nous pr\u00e9vient d\u00e9j\u00e0 que les principaux b\u00e9n\u00e9fices seront \u00ab\u00a0tir\u00e9s par les soci\u00e9t\u00e9s am\u00e9ricaines\u00a0\u00bb. Un constat partag\u00e9 par la ministre. Le constat existe, le but est fix\u00e9, les programmes sont en place, il ne nous reste plus qu&rsquo;\u00e0 mesurer les r\u00e9sultats sur un march\u00e9 o\u00f9 Christophe Bonnard de Sogeti indique que la France a \u00ab\u00a02 ou 3 ans de retard par rapport aux \u00c9tats Unis\u00a0\u00bb.<\/p>\n<p>\u00c0 suivre &#8230;<\/p>\n","protected":false},"excerpt":{"rendered":"<p>Je me suis rendu \u00e0 la conf\u00e9rence sur le Cloud Computing organis\u00e9e \u00e0 Bercy dans les locaux du minist\u00e8re de l&rsquo;\u00e9conomie et des finances afin d&rsquo;\u00e9couter Octave Klaba d&rsquo;OVH qui a demand\u00e9 \u00e0 la France d&rsquo;aller plus vite sur le cloud. Cloud Computing : Octave Klaba d&rsquo;OVH enjoint la France \u00e0 aller plus vite L&rsquo;introduction &hellip;<\/p>\n","protected":false},"author":2,"featured_media":33080,"comment_status":"open","ping_status":"open","sticky":false,"template":"","format":"standard","meta":{"footnotes":""},"categories":[4065],"tags":[],"class_list":["post-11613","post","type-post","status-publish","format-standard","has-post-thumbnail","hentry","category-it-du-futur-aujourdhui"],"yoast_head":"<!-- This site is optimized with the Yoast SEO plugin v27.5 - https:\/\/yoast.com\/product\/yoast-seo-wordpress\/ -->\n<title>Octave Klaba OVH enjoint la France \u00e0 aller plus loin dans le cloud<\/title>\n<meta name=\"description\" content=\"Pr\u00e9sentation d&#039; Octave Klaba, le m\u00e9diatique patron d&#039; OVH, l&#039;h\u00e9bergeur europ\u00e9en qui a son fief \u00e0 Roubaix dans le Nord\" \/>\n<meta name=\"robots\" content=\"index, follow, max-snippet:-1, max-image-preview:large, max-video-preview:-1\" \/>\n<link rel=\"canonical\" href=\"https:\/\/visionarymarketing.com\/fr\/2013\/12\/09\/cloud-computing-octave-klaba-enjoint-la-france-a-aller-plus-vite-rcn2013\/\" \/>\n<meta property=\"og:locale\" content=\"fr_FR\" \/>\n<meta property=\"og:type\" content=\"article\" \/>\n<meta property=\"og:title\" content=\"Octave Klaba OVH enjoint la France \u00e0 aller plus loin dans le cloud\" \/>\n<meta property=\"og:description\" content=\"Pr\u00e9sentation d&#039; Octave Klaba, le m\u00e9diatique patron d&#039; OVH, l&#039;h\u00e9bergeur europ\u00e9en qui a son fief \u00e0 Roubaix dans le Nord\" \/>\n<meta property=\"og:url\" content=\"https:\/\/visionarymarketing.com\/fr\/2013\/12\/09\/cloud-computing-octave-klaba-enjoint-la-france-a-aller-plus-vite-rcn2013\/\" \/>\n<meta property=\"og:site_name\" content=\"Marketing and Innovation\" \/>\n<meta property=\"article:publisher\" content=\"https:\/\/www.facebook.com\/vismktg\" \/>\n<meta property=\"article:author\" content=\"http:\/\/facebook.com\/ygourven\" \/>\n<meta property=\"article:published_time\" content=\"2013-12-09T09:32:53+00:00\" \/>\n<meta property=\"article:modified_time\" content=\"2023-08-25T11:47:15+00:00\" \/>\n<meta property=\"og:image\" content=\"https:\/\/visionarymarketing.com\/wp-content\/uploads\/2013\/12\/10-29-2019_01.29.26-CapturFiles-e1692963865152.jpg\" \/>\n\t<meta property=\"og:image:width\" content=\"745\" \/>\n\t<meta property=\"og:image:height\" content=\"503\" \/>\n\t<meta property=\"og:image:type\" content=\"image\/jpeg\" \/>\n<meta name=\"author\" content=\"Yann Gourvennec\" \/>\n<meta name=\"twitter:card\" content=\"summary_large_image\" \/>\n<meta name=\"twitter:creator\" content=\"@ygourven\" \/>\n<meta name=\"twitter:site\" content=\"@ygourven\" \/>\n<meta name=\"twitter:label1\" content=\"\u00c9crit par\" \/>\n\t<meta name=\"twitter:data1\" content=\"Yann Gourvennec\" \/>\n\t<meta name=\"twitter:label2\" content=\"Dur\u00e9e de lecture estim\u00e9e\" \/>\n\t<meta name=\"twitter:data2\" content=\"4 minutes\" \/>\n<script type=\"application\/ld+json\" class=\"yoast-schema-graph\">{\"@context\":\"https:\\\/\\\/schema.org\",\"@graph\":[{\"@type\":\"NewsArticle\",\"@id\":\"https:\\\/\\\/visionarymarketing.com\\\/fr\\\/2013\\\/12\\\/09\\\/cloud-computing-octave-klaba-enjoint-la-france-a-aller-plus-vite-rcn2013\\\/#article\",\"isPartOf\":{\"@id\":\"https:\\\/\\\/visionarymarketing.com\\\/fr\\\/2013\\\/12\\\/09\\\/cloud-computing-octave-klaba-enjoint-la-france-a-aller-plus-vite-rcn2013\\\/\"},\"author\":{\"name\":\"Yann Gourvennec\",\"@id\":\"https:\\\/\\\/visionarymarketing.com\\\/fr\\\/#\\\/schema\\\/person\\\/3754fee1e558f47b8deb46f53c37423e\"},\"headline\":\"Octave Klaba enjoint la France \u00e0 aller plus vite\",\"datePublished\":\"2013-12-09T09:32:53+00:00\",\"dateModified\":\"2023-08-25T11:47:15+00:00\",\"mainEntityOfPage\":{\"@id\":\"https:\\\/\\\/visionarymarketing.com\\\/fr\\\/2013\\\/12\\\/09\\\/cloud-computing-octave-klaba-enjoint-la-france-a-aller-plus-vite-rcn2013\\\/\"},\"wordCount\":737,\"commentCount\":1,\"image\":{\"@id\":\"https:\\\/\\\/visionarymarketing.com\\\/fr\\\/2013\\\/12\\\/09\\\/cloud-computing-octave-klaba-enjoint-la-france-a-aller-plus-vite-rcn2013\\\/#primaryimage\"},\"thumbnailUrl\":\"https:\\\/\\\/visionarymarketing.com\\\/wp-content\\\/uploads\\\/2013\\\/12\\\/10-29-2019_01.29.26-CapturFiles-e1692963865152.jpg\",\"articleSection\":[\"IT du futur aujourd'hui\"],\"inLanguage\":\"fr-FR\",\"potentialAction\":[{\"@type\":\"CommentAction\",\"name\":\"Comment\",\"target\":[\"https:\\\/\\\/visionarymarketing.com\\\/fr\\\/2013\\\/12\\\/09\\\/cloud-computing-octave-klaba-enjoint-la-france-a-aller-plus-vite-rcn2013\\\/#respond\"]}]},{\"@type\":\"WebPage\",\"@id\":\"https:\\\/\\\/visionarymarketing.com\\\/fr\\\/2013\\\/12\\\/09\\\/cloud-computing-octave-klaba-enjoint-la-france-a-aller-plus-vite-rcn2013\\\/\",\"url\":\"https:\\\/\\\/visionarymarketing.com\\\/fr\\\/2013\\\/12\\\/09\\\/cloud-computing-octave-klaba-enjoint-la-france-a-aller-plus-vite-rcn2013\\\/\",\"name\":\"Octave Klaba OVH enjoint la France \u00e0 aller plus loin dans le cloud\",\"isPartOf\":{\"@id\":\"https:\\\/\\\/visionarymarketing.com\\\/fr\\\/#website\"},\"primaryImageOfPage\":{\"@id\":\"https:\\\/\\\/visionarymarketing.com\\\/fr\\\/2013\\\/12\\\/09\\\/cloud-computing-octave-klaba-enjoint-la-france-a-aller-plus-vite-rcn2013\\\/#primaryimage\"},\"image\":{\"@id\":\"https:\\\/\\\/visionarymarketing.com\\\/fr\\\/2013\\\/12\\\/09\\\/cloud-computing-octave-klaba-enjoint-la-france-a-aller-plus-vite-rcn2013\\\/#primaryimage\"},\"thumbnailUrl\":\"https:\\\/\\\/visionarymarketing.com\\\/wp-content\\\/uploads\\\/2013\\\/12\\\/10-29-2019_01.29.26-CapturFiles-e1692963865152.jpg\",\"datePublished\":\"2013-12-09T09:32:53+00:00\",\"dateModified\":\"2023-08-25T11:47:15+00:00\",\"author\":{\"@id\":\"https:\\\/\\\/visionarymarketing.com\\\/fr\\\/#\\\/schema\\\/person\\\/3754fee1e558f47b8deb46f53c37423e\"},\"description\":\"Pr\u00e9sentation d' Octave Klaba, le m\u00e9diatique patron d' OVH, l'h\u00e9bergeur europ\u00e9en qui a son fief \u00e0 Roubaix dans le Nord\",\"breadcrumb\":{\"@id\":\"https:\\\/\\\/visionarymarketing.com\\\/fr\\\/2013\\\/12\\\/09\\\/cloud-computing-octave-klaba-enjoint-la-france-a-aller-plus-vite-rcn2013\\\/#breadcrumb\"},\"inLanguage\":\"fr-FR\",\"potentialAction\":[{\"@type\":\"ReadAction\",\"target\":[\"https:\\\/\\\/visionarymarketing.com\\\/fr\\\/2013\\\/12\\\/09\\\/cloud-computing-octave-klaba-enjoint-la-france-a-aller-plus-vite-rcn2013\\\/\"]}]},{\"@type\":\"ImageObject\",\"inLanguage\":\"fr-FR\",\"@id\":\"https:\\\/\\\/visionarymarketing.com\\\/fr\\\/2013\\\/12\\\/09\\\/cloud-computing-octave-klaba-enjoint-la-france-a-aller-plus-vite-rcn2013\\\/#primaryimage\",\"url\":\"https:\\\/\\\/visionarymarketing.com\\\/wp-content\\\/uploads\\\/2013\\\/12\\\/10-29-2019_01.29.26-CapturFiles-e1692963865152.jpg\",\"contentUrl\":\"https:\\\/\\\/visionarymarketing.com\\\/wp-content\\\/uploads\\\/2013\\\/12\\\/10-29-2019_01.29.26-CapturFiles-e1692963865152.jpg\",\"width\":745,\"height\":503,\"caption\":\"Octave Klaba OVH\"},{\"@type\":\"BreadcrumbList\",\"@id\":\"https:\\\/\\\/visionarymarketing.com\\\/fr\\\/2013\\\/12\\\/09\\\/cloud-computing-octave-klaba-enjoint-la-france-a-aller-plus-vite-rcn2013\\\/#breadcrumb\",\"itemListElement\":[{\"@type\":\"ListItem\",\"position\":1,\"name\":\"Home\",\"item\":\"https:\\\/\\\/visionarymarketing.com\\\/fr\\\/\"},{\"@type\":\"ListItem\",\"position\":2,\"name\":\"Octave Klaba enjoint la France \u00e0 aller plus vite\"}]},{\"@type\":\"WebSite\",\"@id\":\"https:\\\/\\\/visionarymarketing.com\\\/fr\\\/#website\",\"url\":\"https:\\\/\\\/visionarymarketing.com\\\/fr\\\/\",\"name\":\"Marketing and Innovation\",\"description\":\"Site d&#039;infos ind\u00e9pendant, depuis 1996\",\"potentialAction\":[{\"@type\":\"SearchAction\",\"target\":{\"@type\":\"EntryPoint\",\"urlTemplate\":\"https:\\\/\\\/visionarymarketing.com\\\/fr\\\/?s={search_term_string}\"},\"query-input\":{\"@type\":\"PropertyValueSpecification\",\"valueRequired\":true,\"valueName\":\"search_term_string\"}}],\"inLanguage\":\"fr-FR\"},{\"@type\":\"Person\",\"@id\":\"https:\\\/\\\/visionarymarketing.com\\\/fr\\\/#\\\/schema\\\/person\\\/3754fee1e558f47b8deb46f53c37423e\",\"name\":\"Yann Gourvennec\",\"image\":{\"@type\":\"ImageObject\",\"inLanguage\":\"fr-FR\",\"@id\":\"https:\\\/\\\/secure.gravatar.com\\\/avatar\\\/5972001801e8de5692a3e31224e85769f50a55fb8b679749f9c8d1868cceff14?s=96&d=initials&r=g&initials=yg\",\"url\":\"https:\\\/\\\/secure.gravatar.com\\\/avatar\\\/5972001801e8de5692a3e31224e85769f50a55fb8b679749f9c8d1868cceff14?s=96&d=initials&r=g&initials=yg\",\"contentUrl\":\"https:\\\/\\\/secure.gravatar.com\\\/avatar\\\/5972001801e8de5692a3e31224e85769f50a55fb8b679749f9c8d1868cceff14?s=96&d=initials&r=g&initials=yg\",\"caption\":\"Yann Gourvennec\"},\"description\":\"Yann Gourvennec created visionarymarketing.com in 1996. He is a speaker and author of many books. In 2014 he went from intrapreneur to entrepreneur, when he created his digital marketing agency. Yann Gourvennec a cr\u00e9\u00e9 visionarymarketing.com en 1996. Il est conf\u00e9rencier et auteur de plusieurs livres. En 2014, il est pass\u00e9 d'intrapreneur \u00e0 entrepreneur en cr\u00e9ant son agence de marketing num\u00e9rique.\",\"sameAs\":[\"https:\\\/\\\/visionarymarketing.com\",\"http:\\\/\\\/facebook.com\\\/ygourven\",\"http:\\\/\\\/linkedin.com\\\/in\\\/ygourven\",\"https:\\\/\\\/x.com\\\/ygourven\",\"https:\\\/\\\/www.youtube.com\\\/c\\\/visionarymarketingagency\"],\"url\":\"https:\\\/\\\/visionarymarketing.com\\\/fr\\\/author\\\/yann-gourvennec\\\/\"}]}<\/script>\n<!-- \/ Yoast SEO plugin. -->","yoast_head_json":{"title":"Octave Klaba OVH enjoint la France \u00e0 aller plus loin dans le cloud","description":"Pr\u00e9sentation d' Octave Klaba, le m\u00e9diatique patron d' OVH, l'h\u00e9bergeur europ\u00e9en qui a son fief \u00e0 Roubaix dans le Nord","robots":{"index":"index","follow":"follow","max-snippet":"max-snippet:-1","max-image-preview":"max-image-preview:large","max-video-preview":"max-video-preview:-1"},"canonical":"https:\/\/visionarymarketing.com\/fr\/2013\/12\/09\/cloud-computing-octave-klaba-enjoint-la-france-a-aller-plus-vite-rcn2013\/","og_locale":"fr_FR","og_type":"article","og_title":"Octave Klaba OVH enjoint la France \u00e0 aller plus loin dans le cloud","og_description":"Pr\u00e9sentation d' Octave Klaba, le m\u00e9diatique patron d' OVH, l'h\u00e9bergeur europ\u00e9en qui a son fief \u00e0 Roubaix dans le Nord","og_url":"https:\/\/visionarymarketing.com\/fr\/2013\/12\/09\/cloud-computing-octave-klaba-enjoint-la-france-a-aller-plus-vite-rcn2013\/","og_site_name":"Marketing and Innovation","article_publisher":"https:\/\/www.facebook.com\/vismktg","article_author":"http:\/\/facebook.com\/ygourven","article_published_time":"2013-12-09T09:32:53+00:00","article_modified_time":"2023-08-25T11:47:15+00:00","og_image":[{"width":745,"height":503,"url":"https:\/\/visionarymarketing.com\/wp-content\/uploads\/2013\/12\/10-29-2019_01.29.26-CapturFiles-e1692963865152.jpg","type":"image\/jpeg"}],"author":"Yann Gourvennec","twitter_card":"summary_large_image","twitter_creator":"@ygourven","twitter_site":"@ygourven","twitter_misc":{"\u00c9crit par":"Yann Gourvennec","Dur\u00e9e de lecture estim\u00e9e":"4 minutes"},"schema":{"@context":"https:\/\/schema.org","@graph":[{"@type":"NewsArticle","@id":"https:\/\/visionarymarketing.com\/fr\/2013\/12\/09\/cloud-computing-octave-klaba-enjoint-la-france-a-aller-plus-vite-rcn2013\/#article","isPartOf":{"@id":"https:\/\/visionarymarketing.com\/fr\/2013\/12\/09\/cloud-computing-octave-klaba-enjoint-la-france-a-aller-plus-vite-rcn2013\/"},"author":{"name":"Yann Gourvennec","@id":"https:\/\/visionarymarketing.com\/fr\/#\/schema\/person\/3754fee1e558f47b8deb46f53c37423e"},"headline":"Octave Klaba enjoint la France \u00e0 aller plus vite","datePublished":"2013-12-09T09:32:53+00:00","dateModified":"2023-08-25T11:47:15+00:00","mainEntityOfPage":{"@id":"https:\/\/visionarymarketing.com\/fr\/2013\/12\/09\/cloud-computing-octave-klaba-enjoint-la-france-a-aller-plus-vite-rcn2013\/"},"wordCount":737,"commentCount":1,"image":{"@id":"https:\/\/visionarymarketing.com\/fr\/2013\/12\/09\/cloud-computing-octave-klaba-enjoint-la-france-a-aller-plus-vite-rcn2013\/#primaryimage"},"thumbnailUrl":"https:\/\/visionarymarketing.com\/wp-content\/uploads\/2013\/12\/10-29-2019_01.29.26-CapturFiles-e1692963865152.jpg","articleSection":["IT du futur aujourd'hui"],"inLanguage":"fr-FR","potentialAction":[{"@type":"CommentAction","name":"Comment","target":["https:\/\/visionarymarketing.com\/fr\/2013\/12\/09\/cloud-computing-octave-klaba-enjoint-la-france-a-aller-plus-vite-rcn2013\/#respond"]}]},{"@type":"WebPage","@id":"https:\/\/visionarymarketing.com\/fr\/2013\/12\/09\/cloud-computing-octave-klaba-enjoint-la-france-a-aller-plus-vite-rcn2013\/","url":"https:\/\/visionarymarketing.com\/fr\/2013\/12\/09\/cloud-computing-octave-klaba-enjoint-la-france-a-aller-plus-vite-rcn2013\/","name":"Octave Klaba OVH enjoint la France \u00e0 aller plus loin dans le cloud","isPartOf":{"@id":"https:\/\/visionarymarketing.com\/fr\/#website"},"primaryImageOfPage":{"@id":"https:\/\/visionarymarketing.com\/fr\/2013\/12\/09\/cloud-computing-octave-klaba-enjoint-la-france-a-aller-plus-vite-rcn2013\/#primaryimage"},"image":{"@id":"https:\/\/visionarymarketing.com\/fr\/2013\/12\/09\/cloud-computing-octave-klaba-enjoint-la-france-a-aller-plus-vite-rcn2013\/#primaryimage"},"thumbnailUrl":"https:\/\/visionarymarketing.com\/wp-content\/uploads\/2013\/12\/10-29-2019_01.29.26-CapturFiles-e1692963865152.jpg","datePublished":"2013-12-09T09:32:53+00:00","dateModified":"2023-08-25T11:47:15+00:00","author":{"@id":"https:\/\/visionarymarketing.com\/fr\/#\/schema\/person\/3754fee1e558f47b8deb46f53c37423e"},"description":"Pr\u00e9sentation d' Octave Klaba, le m\u00e9diatique patron d' OVH, l'h\u00e9bergeur europ\u00e9en qui a son fief \u00e0 Roubaix dans le Nord","breadcrumb":{"@id":"https:\/\/visionarymarketing.com\/fr\/2013\/12\/09\/cloud-computing-octave-klaba-enjoint-la-france-a-aller-plus-vite-rcn2013\/#breadcrumb"},"inLanguage":"fr-FR","potentialAction":[{"@type":"ReadAction","target":["https:\/\/visionarymarketing.com\/fr\/2013\/12\/09\/cloud-computing-octave-klaba-enjoint-la-france-a-aller-plus-vite-rcn2013\/"]}]},{"@type":"ImageObject","inLanguage":"fr-FR","@id":"https:\/\/visionarymarketing.com\/fr\/2013\/12\/09\/cloud-computing-octave-klaba-enjoint-la-france-a-aller-plus-vite-rcn2013\/#primaryimage","url":"https:\/\/visionarymarketing.com\/wp-content\/uploads\/2013\/12\/10-29-2019_01.29.26-CapturFiles-e1692963865152.jpg","contentUrl":"https:\/\/visionarymarketing.com\/wp-content\/uploads\/2013\/12\/10-29-2019_01.29.26-CapturFiles-e1692963865152.jpg","width":745,"height":503,"caption":"Octave Klaba OVH"},{"@type":"BreadcrumbList","@id":"https:\/\/visionarymarketing.com\/fr\/2013\/12\/09\/cloud-computing-octave-klaba-enjoint-la-france-a-aller-plus-vite-rcn2013\/#breadcrumb","itemListElement":[{"@type":"ListItem","position":1,"name":"Home","item":"https:\/\/visionarymarketing.com\/fr\/"},{"@type":"ListItem","position":2,"name":"Octave Klaba enjoint la France \u00e0 aller plus vite"}]},{"@type":"WebSite","@id":"https:\/\/visionarymarketing.com\/fr\/#website","url":"https:\/\/visionarymarketing.com\/fr\/","name":"Marketing and Innovation","description":"Site d&#039;infos ind\u00e9pendant, depuis 1996","potentialAction":[{"@type":"SearchAction","target":{"@type":"EntryPoint","urlTemplate":"https:\/\/visionarymarketing.com\/fr\/?s={search_term_string}"},"query-input":{"@type":"PropertyValueSpecification","valueRequired":true,"valueName":"search_term_string"}}],"inLanguage":"fr-FR"},{"@type":"Person","@id":"https:\/\/visionarymarketing.com\/fr\/#\/schema\/person\/3754fee1e558f47b8deb46f53c37423e","name":"Yann Gourvennec","image":{"@type":"ImageObject","inLanguage":"fr-FR","@id":"https:\/\/secure.gravatar.com\/avatar\/5972001801e8de5692a3e31224e85769f50a55fb8b679749f9c8d1868cceff14?s=96&d=initials&r=g&initials=yg","url":"https:\/\/secure.gravatar.com\/avatar\/5972001801e8de5692a3e31224e85769f50a55fb8b679749f9c8d1868cceff14?s=96&d=initials&r=g&initials=yg","contentUrl":"https:\/\/secure.gravatar.com\/avatar\/5972001801e8de5692a3e31224e85769f50a55fb8b679749f9c8d1868cceff14?s=96&d=initials&r=g&initials=yg","caption":"Yann Gourvennec"},"description":"Yann Gourvennec created visionarymarketing.com in 1996. He is a speaker and author of many books. In 2014 he went from intrapreneur to entrepreneur, when he created his digital marketing agency. Yann Gourvennec a cr\u00e9\u00e9 visionarymarketing.com en 1996. Il est conf\u00e9rencier et auteur de plusieurs livres. En 2014, il est pass\u00e9 d'intrapreneur \u00e0 entrepreneur en cr\u00e9ant son agence de marketing num\u00e9rique.","sameAs":["https:\/\/visionarymarketing.com","http:\/\/facebook.com\/ygourven","http:\/\/linkedin.com\/in\/ygourven","https:\/\/x.com\/ygourven","https:\/\/www.youtube.com\/c\/visionarymarketingagency"],"url":"https:\/\/visionarymarketing.com\/fr\/author\/yann-gourvennec\/"}]}},"_links":{"self":[{"href":"https:\/\/visionarymarketing.com\/fr\/wp-json\/wp\/v2\/posts\/11613","targetHints":{"allow":["GET"]}}],"collection":[{"href":"https:\/\/visionarymarketing.com\/fr\/wp-json\/wp\/v2\/posts"}],"about":[{"href":"https:\/\/visionarymarketing.com\/fr\/wp-json\/wp\/v2\/types\/post"}],"author":[{"embeddable":true,"href":"https:\/\/visionarymarketing.com\/fr\/wp-json\/wp\/v2\/users\/2"}],"replies":[{"embeddable":true,"href":"https:\/\/visionarymarketing.com\/fr\/wp-json\/wp\/v2\/comments?post=11613"}],"version-history":[{"count":0,"href":"https:\/\/visionarymarketing.com\/fr\/wp-json\/wp\/v2\/posts\/11613\/revisions"}],"wp:featuredmedia":[{"embeddable":true,"href":"https:\/\/visionarymarketing.com\/fr\/wp-json\/wp\/v2\/media\/33080"}],"wp:attachment":[{"href":"https:\/\/visionarymarketing.com\/fr\/wp-json\/wp\/v2\/media?parent=11613"}],"wp:term":[{"taxonomy":"category","embeddable":true,"href":"https:\/\/visionarymarketing.com\/fr\/wp-json\/wp\/v2\/categories?post=11613"},{"taxonomy":"post_tag","embeddable":true,"href":"https:\/\/visionarymarketing.com\/fr\/wp-json\/wp\/v2\/tags?post=11613"}],"curies":[{"name":"wp","href":"https:\/\/api.w.org\/{rel}","templated":true}]}}