{"id":11466,"date":"2013-11-28T09:00:10","date_gmt":"2013-11-28T08:00:10","guid":{"rendered":"http:\/\/visionarymarketing.fr\/blog\/?p=11466"},"modified":"2020-10-05T08:00:24","modified_gmt":"2020-10-05T06:00:24","slug":"internet-des-objets-nouvelle-ere-de-lelectronique-grand-public-g9plus","status":"publish","type":"post","link":"https:\/\/visionarymarketing.com\/fr\/2013\/11\/28\/internet-des-objets-nouvelle-ere-de-lelectronique-grand-public-g9plus\/","title":{"rendered":"Internet des objets : \u00ab\u00a0nouvelle \u00e8re de l&rsquo;\u00e9lectronique grand public\u00a0\u00bb #g9plus"},"content":{"rendered":"<p><em><span style=\"color: #4f81bd;\"><a href=\"http:\/\/www.g9plus.org\/\" target=\"_blank\" rel=\"noopener noreferrer\">La r\u00e9union annuelle du g9+ du 26 novembre 2013<\/a> \u00e9tait un must pour moi car elle \u00e9tait d\u00e9di\u00e9e aux <strong>objets connect\u00e9s<\/strong> et le panel des intervenants \u00e9tait de tr\u00e8s haut niveau. J&rsquo;\u00e9tais donc l\u00e0 au premier rang pour faire mon compte rendu. La \u00ab\u00a0<strong>France est bien plac\u00e9e pour devenir leader dans le domaine des objets connnect\u00e9s\u00a0\u00bb<\/strong> a dit <span class=\"removed_link\" title=\"http:\/\/www.linkedin.com\/in\/bretones\">Luc Bretones<\/span> dans son introduction. Ces objets connect\u00e9s, on en parle depuis longtemps, et je me souviens m\u00eame avoir organis\u00e9, avec <a href=\"https:\/\/visionarymarketing.com\/fr\/2010\/01\/petit-dejeuner-exceptionnel-m2m-rafi-haldjian-encore-quelques-places\/\" target=\"_blank\" rel=\"noopener noreferrer\">Rafi Haladjian, un petit d\u00e9jeuner du Web en tout d\u00e9but 2010.<\/a> Plus r\u00e9cemment <a href=\"https:\/\/visionarymarketing.com\/tag\/le-web-12\/\" target=\"_blank\" rel=\"noopener noreferrer\">LeWeb12 de Loic Le Meur<\/a> a \u00e9t\u00e9 d\u00e9di\u00e9 \u00e0 l&rsquo;<a class=\"zem_slink\" title=\"Internet\" href=\"https:\/\/en.wikipedia.org\/wiki\/Internet\" target=\"_blank\" rel=\"noopener wikipedia noreferrer\">Internet<\/a> des objets. Mais la situation a beaucoup chang\u00e9 depuis lors. Allez \u00e0 la <span class=\"removed_link\" title=\"http:\/\/fnac.com\">FNAC<\/span> et \u00e0 c\u00f4t\u00e9 des cafeti\u00e8res \u00e9lectriques (soupirs) vous avez un rayon complet d&rsquo;objets connect\u00e9s.<\/span><\/em><\/p>\n<p style=\"text-align: center;\" align=\"left\"><a href=\"http:\/\/www.ihealthlabs.com\/\" target=\"_blank\" rel=\"noopener noreferrer\"><img decoding=\"async\" class=\"aligncenter\" style=\"margin-top: 10px; margin-bottom: 10px;\" src=\"https:\/\/i1.sinaimg.cn\/IT\/2013\/0822\/U5081P2DT20130822202402.jpg\" alt=\"\" width=\"560\" height=\"415\" \/><\/a><\/p>\n<p><em><span style=\"color: #646b86;\">Depuis quelques semaines, je mesure mes pas, mes km et mon sommeil avec <a href=\"http:\/\/www.ihealthlabs.com\/\" target=\"_blank\" rel=\"noopener noreferrer\">ihealth<\/a>, tr\u00e8s pratique pour voir si vous faites assez d\u2019exercice. cela a \u00e9t\u00e9 une v\u00e9ritable d\u00e9couverte pour moi, je pensais que ces objets connect\u00e9s \u00e9taient pour les poseurs, mais j\u2019ai appris des choses importantes pour ma sant\u00e9 et mon bien-\u00eatre \u2026 encourageant (<span class=\"removed_link\" title=\"http:\/\/www.fnac.com\/Montre-Tracker-d-Activite-iHealth-AM3\/a6360564\/w-4\">un peu moins de 60\u20ac \u00e0 la FNAC<\/span>)<\/span><\/em><\/p>\n<p><em><span style=\"color: #4f81bd;\">On y est donc, enfin presque &#8230; Les objets connect\u00e9s, quand on les essaie dans les premiers temps, c&rsquo;est l&rsquo;engouement ; puis vient la lassitude (si j&rsquo;en crois Rafi et aussi mon exp\u00e9rience personnelle), puis la perception des limitations ; le mod\u00e8le n&rsquo;est pas compl\u00e8tement fini, mais on sent bien diffus\u00e9ment qu&rsquo;un nouveau march\u00e9 prometteur arrive, se cr\u00e9e, sans qu&rsquo;on sache bien la direction qu&rsquo;il risque de prendre : certains pr\u00f4nent le tout Smartphone, d&rsquo;autres l&rsquo;objet connect\u00e9 ind\u00e9pendant (\u201cwearable\u201d), d&rsquo;autres les deux &#8230; pas tr\u00e8s facile d&rsquo;y voir encore clair, m\u00eame si, pour l&rsquo;instant, comme l&rsquo;indique Pascal Cagni, ce qui fonctionne, ce sont les objets connect\u00e9s \u00ab\u00a0qui r\u00e9solvent un probl\u00e8me \u00e0 la fois\u00a0\u00bb. Mais ne boudons pas notre plaisir, ces objets n&rsquo;en sont qu&rsquo;aux balbutiements et on per\u00e7oit avec les intervenants et notamment cette superbe pr\u00e9sentation de <a href=\"https:\/\/web.archive.org\/web\/20190202050222\/https:\/\/www.vivendi.com\/vivendi-en\/governance\/supervisory-board\/pascal-cagni\/\" target=\"_blank\" rel=\"noopener noreferrer\">Pascal Cagni<\/a>, que l&rsquo;Internet des objets (IOT ou Internet of Things en anglais) est bien en passe de devenir un des march\u00e9s High-Tech majeurs du futur. Voici ce que j&rsquo;ai retenu de mon passage \u00e0 la maison des arts et m\u00e9tiers hier soir place d&rsquo;I\u00e9na :<\/span><\/em><\/p>\n<p><a href=\"https:\/\/visionarymarketing.com\/wp-content\/uploads\/2013\/11\/clip_image001.jpg\"><img decoding=\"async\" style=\"background-image: none; float: none; padding-top: 0px; padding-left: 0px; margin: 10px auto; display: block; padding-right: 0px; border: 0px;\" title=\"clip_image001\" src=\"https:\/\/visionarymarketing.com\/wp-content\/uploads\/2013\/11\/clip_image001_thumb.jpg\" alt=\"clip_image001\" width=\"644\" height=\"482\" border=\"0\" \/><\/a><\/p>\n<p align=\"center\"><em><span style=\"color: #4f81bd;\">l\u2019introduction par Luc Bretones<\/span><\/em><\/p>\n<p><b>Pascal Cagni : a dirig\u00e9 <a class=\"zem_slink\" title=\"Apple Inc.\" href=\"http:\/\/maps.google.com\/maps?ll=37.33182,-122.03118&amp;spn=1.0,1.0&amp;q=37.33182,-122.03118 (Apple%20Inc.)&amp;t=h\" target=\"_blank\" rel=\"geolocation noopener noreferrer\">Apple<\/a> en <a class=\"zem_slink\" title=\"Europe\" href=\"https:\/\/en.wikipedia.org\/wiki\/Europe\" target=\"_blank\" rel=\"noopener wikipedia noreferrer\">Europe<\/a>, au moyen orient en Inde et en Afrique <\/b><\/p>\n<p>\u00ab\u00a0J&rsquo;ai eu la chance de vivre les diff\u00e9rentes \u00e9poques, du PC et d&rsquo;Apple, et ce qui me tient \u00e0 c\u0153ur ce sont les 5 ans d&rsquo;exp\u00e9rience \u00e0 Angers o\u00f9 on a repris un entrep\u00f4t et on en a fait le leader du PC en Europe. Malgr\u00e9 l&rsquo;\u00e9pop\u00e9e Apple c&rsquo;est ce sont j&rsquo;ai \u00e9t\u00e9 le plus fier\u00a0\u00bb a-t-il annonc\u00e9 dans son introduction. \u00ab\u00a0Puis je suis arriv\u00e9 chez Apple au moment o\u00f9 l&rsquo;action \u00e9tait divis\u00e9e par 2 et en Octobre 2001 on lan\u00e7ait l&rsquo;<a class=\"zem_slink\" title=\"IPod\" href=\"https:\/\/en.wikipedia.org\/wiki\/IPod\" target=\"_blank\" rel=\"noopener wikipedia noreferrer\">iPod<\/a> et le reste est connu\u00a0\u00bb a-t-il ajout\u00e9.\u00a0 Puis Pascal a rejoint une \u00ab\u00a0vraie industrie\u00a0\u00bb, le DIY, puis <a class=\"zem_slink\" title=\"LSE: VIV1\" href=\"http:\/\/www.google.com\/finance?q=LON:VIV1\" target=\"_blank\" rel=\"googlefinance noopener noreferrer\">Vivendi<\/a>. De mani\u00e8re plus personnelle il investit aussi sur la curation (pour lui un secteur en plein essor) et la musique et aussi l&rsquo;Internet de objets (Nest aux US et <a class=\"zem_slink\" title=\"Netatmo\" href=\"http:\/\/netatmo.com\" target=\"_blank\" rel=\"homepage noopener noreferrer\">Netatmo<\/a> en France, qui sont pourtant concurrents).<\/p>\n<p><b>Une nouvelle \u00e8re de l&rsquo;\u00e9lectronique grand pubic<\/b><\/p>\n<p>Pascal Cagni, chiffres en mains, nous d\u00e9crit un nouvelle \u00e8re de haute technologie grand public : \u00ab\u00a0sur les nouveaux devices, on vit une nouvelle \u00e8re de l&rsquo;electronique grand public \u00e0 cause de l&rsquo;Internet mobile. Il y a 1.5 milliards de smartphones aujourd&rsquo;hui et on passera \u00e0 4 milliards en 2020 selon Pascal. Dans 3 ou 4 ans une personne sur 6 dans le monde aura une tablette. Et il y en a d\u00e9j\u00e0 327 millions a aujourd&rsquo;hui. \u00ab\u00a0C&rsquo;est bien mais ce n&rsquo;est pas suffisant car il y a aussi la couverture 4G \u00e0 r\u00e9aliser. En 5-6 ans l&rsquo;industrie des applications est de 5-6 milliards de $\u00a0\u00bb. Tout ceci pour montrer que nous sommes face \u00e0 un \u00e9norme potentiel, Pascal a assez insist\u00e9 sur ce train qui d\u00e9marre et que nous ne devons pas rater.<\/p>\n<p>Surtout en Europe ! Car si nous avions pris une avance s\u00e9rieuse sur l&rsquo;introduction de la mobilit\u00e9 1 et 2G, selon pascal Cagni, \u00ab\u00a0nous (l&rsquo;Europe, NDLR) avons perdu cette bataille du mat\u00e9riel mobile en Europe\u00a0\u00bb aujourd&rsquo;hui. La couverture 4G est en retard elle aussi. \u00ab\u00a0L&rsquo;Europe a eu un tr\u00e8s bon d\u00e9part en 2007-2009, mais elle n&rsquo;est pas leader aujourd&rsquo;hui\u00a0\u00bb. Mais ne perdons pas espoir, il y a selon Pascal de l&rsquo;optimisme et des signes technologiques encourageants que l&rsquo;Europe pourrait saisir :<\/p>\n<ul>\n<li>Le <a class=\"zem_slink\" title=\"Bluetooth low energy\" href=\"https:\/\/en.wikipedia.org\/wiki\/Bluetooth_low_energy\" target=\"_blank\" rel=\"noopener wikipedia noreferrer\">Bluetooth low energy<\/a> permet de faire 99% de gains d&rsquo;\u00e9conomie<\/li>\n<li>La nanoisation des composants fait qu&rsquo;on est de plus en plus petits. Il y a des gros mastodontes qui ont rat\u00e9 le mobile et qui se pr\u00e9cipitent sur le Nouvel environnement<\/li>\n<li>Les composants deviennent aussi beaucoup moins chers<\/li>\n<li>IPV6 nous ouvre aussi beaucoup de possibilit\u00e9s avec 34 milliards de milliards de milliards de milliards ou 2 puissance 138 adresses &#8230; c&rsquo;en est fini la restriction de l&rsquo;ipv4, on peut connecter tout et n&rsquo;importe quoi (m\u00eame si cela a fait bondir Rafi Haladjian qui ne voit pas trop d&rsquo;int\u00e9r\u00eat \u00e0 cette d\u00e9marche purement techno)<\/li>\n<li>C&rsquo;est ce qui permet d&rsquo;arriver \u00e0 une nouvelle industrie des objets connnect\u00e9s<\/li>\n<\/ul>\n<p>Ce \u00e0 quoi nous assistons, \u00ab\u00a0c&rsquo;est une troisi\u00e8me phase de l&rsquo;Internet ! On a rat\u00e9 la deuxi\u00e8me mais nous avons aujourd&rsquo;hui la possibilit\u00e9 de tirer profit de cette nouvelle vague\u00a0\u00bb a poursuivi Pascal. <b>Le iOT sera plus important que le march\u00e9 du mobile a dit encore dit.<\/b><\/p>\n<p><b>Le smartphone le futur hub de l&rsquo;iOT<\/b><\/p>\n<p>La capacit\u00e9 \u00e0 porter un bracelet pendant 2 ou 3 mois est limit\u00e9e, selon les participants, et je confirme, car j&rsquo;ai craqu\u00e9 au bout d&rsquo;une semaine. Alors \u00ab\u00a0il faut se baser sur le smartphone car les usages sont l\u00e0\u00a0\u00bb. Le smartphone, on le prend partout et il est partout et c&rsquo;est aussi un appareil tr\u00e8s personnel. On regarde en moyenne 150 fois son smartphone dans la journ\u00e9e a annonc\u00e9 Pascal, m\u00eame si au G9plus, surtout ce soir l\u00e0, nous aurions pu ajouter un z\u00e9ro !<\/p>\n<p><a href=\"https:\/\/visionarymarketing.com\/wp-content\/uploads\/2013\/11\/clip_image0021.jpg\"><img decoding=\"async\" style=\"background-image: none; float: none; padding-top: 0px; padding-left: 0px; margin: 10px auto; display: block; padding-right: 0px; border: 0px;\" title=\"clip_image002\" src=\"https:\/\/visionarymarketing.com\/wp-content\/uploads\/2013\/11\/clip_image002_thumb1.jpg\" alt=\"clip_image002\" width=\"644\" height=\"390\" border=\"0\" \/><\/a><\/p>\n<p align=\"center\"><em><span style=\"color: #4f81bd;\">Wearable ou Smartphone \u2026 that is the question!<\/span><\/em><\/p>\n<p><b>Les \u00ab\u00a0Wearables\u00a0\u00bb (objets connect\u00e9s portables)<\/b><\/p>\n<p>\u00ab\u00a072% de ces actions pourraient r\u00e9aliser ces t\u00e2ches \u00e0 partir de \u00ab\u00a0wearables\u00a0\u00bb d\u00e9clare Pascal. Mais Apple ne semble pas pr\u00eat \u00e0 lancer ce genre de produits aujoud&rsquo;hui selon lui, faisant r\u00e9f\u00e9rence aux nombreuses rumeurs sur la montre iPhone. Les \u00ab\u00a0wearables\u00a0\u00bb seront ils le futur du Web ? C&rsquo;est l\u00e0 la question. Rien que sur ce segment l\u00e0 on parle d&rsquo;un business de plus de 50milliards de dollars en 2016-2017 selon Cr\u00e9dit Suisse.<\/p>\n<p><b>Le IOT r\u00e9volutionnera transports et parking<\/b><\/p>\n<p>Le IOT r\u00e9volutionnera le parking aussi. A Londres on peut d\u00e9j\u00e0 utiliser le \u00ab\u00a0pay by phone\u00a0\u00bb. \u00ab\u00a0Bient\u00f4t on pourra aussi savoir o\u00f9 sont les places libres\u00a0\u00bb pr\u00e9dit Pascal. Et Google est aussi en train de prendre le lead sur la voiture intelligente (ce r\u00eave l\u00e0, je m&rsquo;en souviens, je l&rsquo;ai rencontr\u00e9 la premi\u00e8re fois dans un num\u00e9ro de Science et Vie de la fin des ann\u00e9es 1970&#8230; c&rsquo;est dire que de la science fiction \u00e0 la r\u00e9alit\u00e9 &#8230;). Le IOT va \u00e9galement cr\u00e9er une rupture dans le monde de l&rsquo;assurance avec des objets connect\u00e9s et on devrait atteindre un march\u00e9 de 55 milliards de $ rien que dans le monde de la voiture, \u00e0 horizon 2015. Tous ces chiffres mis bout \u00e0 bout commencent \u00e0 faire une belle somme !<\/p>\n<p><b>La maison connect\u00e9e&#8230; enfin !<\/b><\/p>\n<p>Pascal Cagni pense \u00e9galement que la maison connect\u00e9e verra enfin le jour gr\u00e2ce \u00e0 l&rsquo;iOT. Vid\u00e9o surveillance, alarmes \u00e0 la maison, gestion du jardin \u00e0 distance &#8230; Tout cela peut para\u00eetre anecdotique mais la technologie va aussi au del\u00e0 en r\u00e9gulant la qualit\u00e9 de l&rsquo;air dans les maisons, un \u00e9l\u00e9ment crucial pour la sant\u00e9 des citoyens (c&rsquo;est le travail fait par <a href=\"http:\/\/netatmo.com\/\">netatmo<\/a>, une soci\u00e9t\u00e9 fran\u00e7aise, qui a cr\u00e9\u00e9 un thermostat connect\u00e9 au smartphone). NB : pascal Cagni a investi dans netatmo mais aussi dans son concurrent am\u00e9ricain Nest &#8230; on n&rsquo;est jamais trop prudent.<\/p>\n<p><a href=\"https:\/\/visionarymarketing.com\/wp-content\/uploads\/2013\/11\/clip_image003.jpg\"><img decoding=\"async\" style=\"background-image: none; float: none; padding-top: 0px; padding-left: 0px; margin: 10px auto; display: block; padding-right: 0px; border: 0px;\" title=\"clip_image003\" src=\"https:\/\/visionarymarketing.com\/wp-content\/uploads\/2013\/11\/clip_image003_thumb.jpg\" alt=\"clip_image003\" width=\"644\" height=\"482\" border=\"0\" \/><\/a><\/p>\n<p align=\"center\"><em>Pascal Cagni au pupitre<\/em><\/p>\n<p><b>La sant\u00e9 n&rsquo;est pas en reste<\/b><\/p>\n<p>La sant\u00e9 est m\u00eame certainement le domaine o\u00f9 les \u00ab\u00a0wearables\u00a0\u00bb ont eu le plus t\u00f4t le vent en poupe. Il a beaucoup \u00e9t\u00e9 fait mention de <a href=\"https:\/\/jawbone.com\/\" target=\"_blank\" rel=\"noopener noreferrer\">Jawbone<\/a> lors de cette conf\u00e9rence, qui semble avoir cr\u00e9\u00e9 le buzz, et comme souvent, l&rsquo;auto-prop\u00e9thie des march\u00e9s High Tech fait que quand on en parle beaucoup, on en ach\u00e8te beaucoup &#8230; m\u00eame quand on ne comprend pas toujours \u00e0 quoi \u00e7a sert. Dans ce domaine de la sant\u00e9 on pourrait envisager, selon Pascal, 26 milliards de $ \u00e0 2016.<\/p>\n<p>Tous ces chiffres mis bout \u00e0 bout cela fait beaucoup ! Bien s\u00fbr il y a la question des normes et du respect de la vie priv\u00e9e. <b>Mais on peut \u00eatre s\u00fbr que le IOT va changer le march\u00e9 et pascal Cagni ne voit pas ce march\u00e9 rester au mains de quelques g\u00e9ants mais au contraire cr\u00e9er une vraie opportunit\u00e9 pour la France qui a des ing\u00e9nieurs de talent, et d\u00e9j\u00e0 60000 expatri\u00e9s dans la Silicon Valley (il ne faut pas perdre le Nord, c&rsquo;est l\u00e0 que \u00e7a se passe)<\/b>. Et on a aussi des leaders comme Parrot, Withings &#8230; M\u00eame si <b>on a encore peur des entrepreneurs en France<\/b>. Une revue des investissements High Tech montr\u00e9e par Pascal Cagni donne des r\u00e9sultats en demi-teinte : 36% des investissements vont au RU, 22% seulement en France, mais cela reste le 2\u00e8me pays d&rsquo;Europe. Certes, mais \u00ab\u00a0Berlin explose\u00a0\u00bb selon Pascal, ce n&rsquo;est pas seulement du buzz. Nous avons des atouts, ce n&rsquo;est pas une information, mais il ne faudra pas les g\u00e2cher&#8230; ce n&rsquo;est pas une information non plus.<\/p>\n<p>Reste \u00e0 l&rsquo;avenir de v\u00e9rifier si tous ces chiffres de march\u00e9s sont confirm\u00e9s par les faits &#8230; je ne doute pas des pr\u00e9visions d&rsquo;investissement dans ces domaines, nous pouvons nous pr\u00e9parer \u00e0 des \u00e9changes d&rsquo;argent impressionnants.<\/p>\n","protected":false},"excerpt":{"rendered":"<p>La r\u00e9union annuelle du g9+ du 26 novembre 2013 \u00e9tait un must pour moi car elle \u00e9tait d\u00e9di\u00e9e aux objets connect\u00e9s et le panel des intervenants \u00e9tait de tr\u00e8s haut niveau. J&rsquo;\u00e9tais donc l\u00e0 au premier rang pour faire mon compte rendu. La \u00ab\u00a0France est bien plac\u00e9e pour devenir leader dans le domaine des objets &hellip;<\/p>\n","protected":false},"author":2,"featured_media":34062,"comment_status":"open","ping_status":"open","sticky":false,"template":"","format":"standard","meta":{"footnotes":""},"categories":[6],"tags":[],"class_list":["post-11466","post","type-post","status-publish","format-standard","has-post-thumbnail","hentry","category-marketing-innovation-fr"],"yoast_head":"<!-- This site is optimized with the Yoast SEO plugin v27.5 - https:\/\/yoast.com\/product\/yoast-seo-wordpress\/ -->\n<title>Internet des objets : &quot;nouvelle \u00e8re de l&#039;\u00e9lectronique grand public&quot; #g9plus<\/title>\n<meta name=\"description\" content=\"La &quot;France est bien plac\u00e9e pour devenir leader dans le domaine des objets connnect\u00e9s&quot; a dit Luc Bretones dans son introduction.\" \/>\n<meta name=\"robots\" content=\"index, follow, max-snippet:-1, max-image-preview:large, max-video-preview:-1\" \/>\n<link rel=\"canonical\" href=\"https:\/\/visionarymarketing.com\/fr\/2013\/11\/28\/internet-des-objets-nouvelle-ere-de-lelectronique-grand-public-g9plus\/\" \/>\n<meta property=\"og:locale\" content=\"fr_FR\" \/>\n<meta property=\"og:type\" content=\"article\" \/>\n<meta property=\"og:title\" content=\"Internet des objets : &quot;nouvelle \u00e8re de l&#039;\u00e9lectronique grand public&quot; #g9plus\" \/>\n<meta property=\"og:description\" content=\"La &quot;France est bien plac\u00e9e pour devenir leader dans le domaine des objets connnect\u00e9s&quot; a dit Luc Bretones dans son introduction.\" \/>\n<meta property=\"og:url\" content=\"https:\/\/visionarymarketing.com\/fr\/2013\/11\/28\/internet-des-objets-nouvelle-ere-de-lelectronique-grand-public-g9plus\/\" \/>\n<meta property=\"og:site_name\" content=\"Marketing and Innovation\" \/>\n<meta property=\"article:publisher\" content=\"https:\/\/www.facebook.com\/vismktg\" \/>\n<meta property=\"article:author\" content=\"http:\/\/facebook.com\/ygourven\" \/>\n<meta property=\"article:published_time\" content=\"2013-11-28T08:00:10+00:00\" \/>\n<meta property=\"article:modified_time\" content=\"2020-10-05T06:00:24+00:00\" \/>\n<meta property=\"og:image\" content=\"https:\/\/visionarymarketing.com\/wp-content\/uploads\/2019\/11\/48112466196_d8f22da38c_c.jpg\" \/>\n\t<meta property=\"og:image:width\" content=\"644\" \/>\n\t<meta property=\"og:image:height\" content=\"430\" \/>\n\t<meta property=\"og:image:type\" content=\"image\/jpeg\" \/>\n<meta name=\"author\" content=\"Yann Gourvennec\" \/>\n<meta name=\"twitter:card\" content=\"summary_large_image\" \/>\n<meta name=\"twitter:creator\" content=\"@ygourven\" \/>\n<meta name=\"twitter:site\" content=\"@ygourven\" \/>\n<meta name=\"twitter:label1\" content=\"\u00c9crit par\" \/>\n\t<meta name=\"twitter:data1\" content=\"Yann Gourvennec\" \/>\n\t<meta name=\"twitter:label2\" content=\"Dur\u00e9e de lecture estim\u00e9e\" \/>\n\t<meta name=\"twitter:data2\" content=\"8 minutes\" \/>\n<script type=\"application\/ld+json\" class=\"yoast-schema-graph\">{\"@context\":\"https:\\\/\\\/schema.org\",\"@graph\":[{\"@type\":\"NewsArticle\",\"@id\":\"https:\\\/\\\/visionarymarketing.com\\\/fr\\\/2013\\\/11\\\/28\\\/internet-des-objets-nouvelle-ere-de-lelectronique-grand-public-g9plus\\\/#article\",\"isPartOf\":{\"@id\":\"https:\\\/\\\/visionarymarketing.com\\\/fr\\\/2013\\\/11\\\/28\\\/internet-des-objets-nouvelle-ere-de-lelectronique-grand-public-g9plus\\\/\"},\"author\":{\"name\":\"Yann Gourvennec\",\"@id\":\"https:\\\/\\\/visionarymarketing.com\\\/fr\\\/#\\\/schema\\\/person\\\/3754fee1e558f47b8deb46f53c37423e\"},\"headline\":\"Internet des objets : \u00ab\u00a0nouvelle \u00e8re de l&rsquo;\u00e9lectronique grand public\u00a0\u00bb #g9plus\",\"datePublished\":\"2013-11-28T08:00:10+00:00\",\"dateModified\":\"2020-10-05T06:00:24+00:00\",\"mainEntityOfPage\":{\"@id\":\"https:\\\/\\\/visionarymarketing.com\\\/fr\\\/2013\\\/11\\\/28\\\/internet-des-objets-nouvelle-ere-de-lelectronique-grand-public-g9plus\\\/\"},\"wordCount\":1768,\"commentCount\":11,\"image\":{\"@id\":\"https:\\\/\\\/visionarymarketing.com\\\/fr\\\/2013\\\/11\\\/28\\\/internet-des-objets-nouvelle-ere-de-lelectronique-grand-public-g9plus\\\/#primaryimage\"},\"thumbnailUrl\":\"https:\\\/\\\/visionarymarketing.com\\\/wp-content\\\/uploads\\\/2019\\\/11\\\/48112466196_d8f22da38c_c.jpg\",\"articleSection\":[\"Marketing &amp; Innovation\"],\"inLanguage\":\"fr-FR\",\"potentialAction\":[{\"@type\":\"CommentAction\",\"name\":\"Comment\",\"target\":[\"https:\\\/\\\/visionarymarketing.com\\\/fr\\\/2013\\\/11\\\/28\\\/internet-des-objets-nouvelle-ere-de-lelectronique-grand-public-g9plus\\\/#respond\"]}]},{\"@type\":\"WebPage\",\"@id\":\"https:\\\/\\\/visionarymarketing.com\\\/fr\\\/2013\\\/11\\\/28\\\/internet-des-objets-nouvelle-ere-de-lelectronique-grand-public-g9plus\\\/\",\"url\":\"https:\\\/\\\/visionarymarketing.com\\\/fr\\\/2013\\\/11\\\/28\\\/internet-des-objets-nouvelle-ere-de-lelectronique-grand-public-g9plus\\\/\",\"name\":\"Internet des objets : \\\"nouvelle \u00e8re de l'\u00e9lectronique grand public\\\" #g9plus\",\"isPartOf\":{\"@id\":\"https:\\\/\\\/visionarymarketing.com\\\/fr\\\/#website\"},\"primaryImageOfPage\":{\"@id\":\"https:\\\/\\\/visionarymarketing.com\\\/fr\\\/2013\\\/11\\\/28\\\/internet-des-objets-nouvelle-ere-de-lelectronique-grand-public-g9plus\\\/#primaryimage\"},\"image\":{\"@id\":\"https:\\\/\\\/visionarymarketing.com\\\/fr\\\/2013\\\/11\\\/28\\\/internet-des-objets-nouvelle-ere-de-lelectronique-grand-public-g9plus\\\/#primaryimage\"},\"thumbnailUrl\":\"https:\\\/\\\/visionarymarketing.com\\\/wp-content\\\/uploads\\\/2019\\\/11\\\/48112466196_d8f22da38c_c.jpg\",\"datePublished\":\"2013-11-28T08:00:10+00:00\",\"dateModified\":\"2020-10-05T06:00:24+00:00\",\"author\":{\"@id\":\"https:\\\/\\\/visionarymarketing.com\\\/fr\\\/#\\\/schema\\\/person\\\/3754fee1e558f47b8deb46f53c37423e\"},\"description\":\"La \\\"France est bien plac\u00e9e pour devenir leader dans le domaine des objets connnect\u00e9s\\\" a dit Luc Bretones dans son introduction.\",\"breadcrumb\":{\"@id\":\"https:\\\/\\\/visionarymarketing.com\\\/fr\\\/2013\\\/11\\\/28\\\/internet-des-objets-nouvelle-ere-de-lelectronique-grand-public-g9plus\\\/#breadcrumb\"},\"inLanguage\":\"fr-FR\",\"potentialAction\":[{\"@type\":\"ReadAction\",\"target\":[\"https:\\\/\\\/visionarymarketing.com\\\/fr\\\/2013\\\/11\\\/28\\\/internet-des-objets-nouvelle-ere-de-lelectronique-grand-public-g9plus\\\/\"]}]},{\"@type\":\"ImageObject\",\"inLanguage\":\"fr-FR\",\"@id\":\"https:\\\/\\\/visionarymarketing.com\\\/fr\\\/2013\\\/11\\\/28\\\/internet-des-objets-nouvelle-ere-de-lelectronique-grand-public-g9plus\\\/#primaryimage\",\"url\":\"https:\\\/\\\/visionarymarketing.com\\\/wp-content\\\/uploads\\\/2019\\\/11\\\/48112466196_d8f22da38c_c.jpg\",\"contentUrl\":\"https:\\\/\\\/visionarymarketing.com\\\/wp-content\\\/uploads\\\/2019\\\/11\\\/48112466196_d8f22da38c_c.jpg\",\"width\":644,\"height\":430},{\"@type\":\"BreadcrumbList\",\"@id\":\"https:\\\/\\\/visionarymarketing.com\\\/fr\\\/2013\\\/11\\\/28\\\/internet-des-objets-nouvelle-ere-de-lelectronique-grand-public-g9plus\\\/#breadcrumb\",\"itemListElement\":[{\"@type\":\"ListItem\",\"position\":1,\"name\":\"Home\",\"item\":\"https:\\\/\\\/visionarymarketing.com\\\/fr\\\/\"},{\"@type\":\"ListItem\",\"position\":2,\"name\":\"Internet des objets : \u00ab\u00a0nouvelle \u00e8re de l&rsquo;\u00e9lectronique grand public\u00a0\u00bb #g9plus\"}]},{\"@type\":\"WebSite\",\"@id\":\"https:\\\/\\\/visionarymarketing.com\\\/fr\\\/#website\",\"url\":\"https:\\\/\\\/visionarymarketing.com\\\/fr\\\/\",\"name\":\"Marketing and Innovation\",\"description\":\"Site d&#039;infos ind\u00e9pendant, depuis 1996\",\"potentialAction\":[{\"@type\":\"SearchAction\",\"target\":{\"@type\":\"EntryPoint\",\"urlTemplate\":\"https:\\\/\\\/visionarymarketing.com\\\/fr\\\/?s={search_term_string}\"},\"query-input\":{\"@type\":\"PropertyValueSpecification\",\"valueRequired\":true,\"valueName\":\"search_term_string\"}}],\"inLanguage\":\"fr-FR\"},{\"@type\":\"Person\",\"@id\":\"https:\\\/\\\/visionarymarketing.com\\\/fr\\\/#\\\/schema\\\/person\\\/3754fee1e558f47b8deb46f53c37423e\",\"name\":\"Yann Gourvennec\",\"image\":{\"@type\":\"ImageObject\",\"inLanguage\":\"fr-FR\",\"@id\":\"https:\\\/\\\/secure.gravatar.com\\\/avatar\\\/5972001801e8de5692a3e31224e85769f50a55fb8b679749f9c8d1868cceff14?s=96&d=initials&r=g&initials=yg\",\"url\":\"https:\\\/\\\/secure.gravatar.com\\\/avatar\\\/5972001801e8de5692a3e31224e85769f50a55fb8b679749f9c8d1868cceff14?s=96&d=initials&r=g&initials=yg\",\"contentUrl\":\"https:\\\/\\\/secure.gravatar.com\\\/avatar\\\/5972001801e8de5692a3e31224e85769f50a55fb8b679749f9c8d1868cceff14?s=96&d=initials&r=g&initials=yg\",\"caption\":\"Yann Gourvennec\"},\"description\":\"Yann Gourvennec created visionarymarketing.com in 1996. He is a speaker and author of many books. In 2014 he went from intrapreneur to entrepreneur, when he created his digital marketing agency. Yann Gourvennec a cr\u00e9\u00e9 visionarymarketing.com en 1996. Il est conf\u00e9rencier et auteur de plusieurs livres. En 2014, il est pass\u00e9 d'intrapreneur \u00e0 entrepreneur en cr\u00e9ant son agence de marketing num\u00e9rique.\",\"sameAs\":[\"https:\\\/\\\/visionarymarketing.com\",\"http:\\\/\\\/facebook.com\\\/ygourven\",\"http:\\\/\\\/linkedin.com\\\/in\\\/ygourven\",\"https:\\\/\\\/x.com\\\/ygourven\",\"https:\\\/\\\/www.youtube.com\\\/c\\\/visionarymarketingagency\"],\"url\":\"https:\\\/\\\/visionarymarketing.com\\\/fr\\\/author\\\/yann-gourvennec\\\/\"}]}<\/script>\n<!-- \/ Yoast SEO plugin. -->","yoast_head_json":{"title":"Internet des objets : \"nouvelle \u00e8re de l'\u00e9lectronique grand public\" #g9plus","description":"La \"France est bien plac\u00e9e pour devenir leader dans le domaine des objets connnect\u00e9s\" a dit Luc Bretones dans son introduction.","robots":{"index":"index","follow":"follow","max-snippet":"max-snippet:-1","max-image-preview":"max-image-preview:large","max-video-preview":"max-video-preview:-1"},"canonical":"https:\/\/visionarymarketing.com\/fr\/2013\/11\/28\/internet-des-objets-nouvelle-ere-de-lelectronique-grand-public-g9plus\/","og_locale":"fr_FR","og_type":"article","og_title":"Internet des objets : \"nouvelle \u00e8re de l'\u00e9lectronique grand public\" #g9plus","og_description":"La \"France est bien plac\u00e9e pour devenir leader dans le domaine des objets connnect\u00e9s\" a dit Luc Bretones dans son introduction.","og_url":"https:\/\/visionarymarketing.com\/fr\/2013\/11\/28\/internet-des-objets-nouvelle-ere-de-lelectronique-grand-public-g9plus\/","og_site_name":"Marketing and Innovation","article_publisher":"https:\/\/www.facebook.com\/vismktg","article_author":"http:\/\/facebook.com\/ygourven","article_published_time":"2013-11-28T08:00:10+00:00","article_modified_time":"2020-10-05T06:00:24+00:00","og_image":[{"width":644,"height":430,"url":"https:\/\/visionarymarketing.com\/wp-content\/uploads\/2019\/11\/48112466196_d8f22da38c_c.jpg","type":"image\/jpeg"}],"author":"Yann Gourvennec","twitter_card":"summary_large_image","twitter_creator":"@ygourven","twitter_site":"@ygourven","twitter_misc":{"\u00c9crit par":"Yann Gourvennec","Dur\u00e9e de lecture estim\u00e9e":"8 minutes"},"schema":{"@context":"https:\/\/schema.org","@graph":[{"@type":"NewsArticle","@id":"https:\/\/visionarymarketing.com\/fr\/2013\/11\/28\/internet-des-objets-nouvelle-ere-de-lelectronique-grand-public-g9plus\/#article","isPartOf":{"@id":"https:\/\/visionarymarketing.com\/fr\/2013\/11\/28\/internet-des-objets-nouvelle-ere-de-lelectronique-grand-public-g9plus\/"},"author":{"name":"Yann Gourvennec","@id":"https:\/\/visionarymarketing.com\/fr\/#\/schema\/person\/3754fee1e558f47b8deb46f53c37423e"},"headline":"Internet des objets : \u00ab\u00a0nouvelle \u00e8re de l&rsquo;\u00e9lectronique grand public\u00a0\u00bb #g9plus","datePublished":"2013-11-28T08:00:10+00:00","dateModified":"2020-10-05T06:00:24+00:00","mainEntityOfPage":{"@id":"https:\/\/visionarymarketing.com\/fr\/2013\/11\/28\/internet-des-objets-nouvelle-ere-de-lelectronique-grand-public-g9plus\/"},"wordCount":1768,"commentCount":11,"image":{"@id":"https:\/\/visionarymarketing.com\/fr\/2013\/11\/28\/internet-des-objets-nouvelle-ere-de-lelectronique-grand-public-g9plus\/#primaryimage"},"thumbnailUrl":"https:\/\/visionarymarketing.com\/wp-content\/uploads\/2019\/11\/48112466196_d8f22da38c_c.jpg","articleSection":["Marketing &amp; Innovation"],"inLanguage":"fr-FR","potentialAction":[{"@type":"CommentAction","name":"Comment","target":["https:\/\/visionarymarketing.com\/fr\/2013\/11\/28\/internet-des-objets-nouvelle-ere-de-lelectronique-grand-public-g9plus\/#respond"]}]},{"@type":"WebPage","@id":"https:\/\/visionarymarketing.com\/fr\/2013\/11\/28\/internet-des-objets-nouvelle-ere-de-lelectronique-grand-public-g9plus\/","url":"https:\/\/visionarymarketing.com\/fr\/2013\/11\/28\/internet-des-objets-nouvelle-ere-de-lelectronique-grand-public-g9plus\/","name":"Internet des objets : \"nouvelle \u00e8re de l'\u00e9lectronique grand public\" #g9plus","isPartOf":{"@id":"https:\/\/visionarymarketing.com\/fr\/#website"},"primaryImageOfPage":{"@id":"https:\/\/visionarymarketing.com\/fr\/2013\/11\/28\/internet-des-objets-nouvelle-ere-de-lelectronique-grand-public-g9plus\/#primaryimage"},"image":{"@id":"https:\/\/visionarymarketing.com\/fr\/2013\/11\/28\/internet-des-objets-nouvelle-ere-de-lelectronique-grand-public-g9plus\/#primaryimage"},"thumbnailUrl":"https:\/\/visionarymarketing.com\/wp-content\/uploads\/2019\/11\/48112466196_d8f22da38c_c.jpg","datePublished":"2013-11-28T08:00:10+00:00","dateModified":"2020-10-05T06:00:24+00:00","author":{"@id":"https:\/\/visionarymarketing.com\/fr\/#\/schema\/person\/3754fee1e558f47b8deb46f53c37423e"},"description":"La \"France est bien plac\u00e9e pour devenir leader dans le domaine des objets connnect\u00e9s\" a dit Luc Bretones dans son introduction.","breadcrumb":{"@id":"https:\/\/visionarymarketing.com\/fr\/2013\/11\/28\/internet-des-objets-nouvelle-ere-de-lelectronique-grand-public-g9plus\/#breadcrumb"},"inLanguage":"fr-FR","potentialAction":[{"@type":"ReadAction","target":["https:\/\/visionarymarketing.com\/fr\/2013\/11\/28\/internet-des-objets-nouvelle-ere-de-lelectronique-grand-public-g9plus\/"]}]},{"@type":"ImageObject","inLanguage":"fr-FR","@id":"https:\/\/visionarymarketing.com\/fr\/2013\/11\/28\/internet-des-objets-nouvelle-ere-de-lelectronique-grand-public-g9plus\/#primaryimage","url":"https:\/\/visionarymarketing.com\/wp-content\/uploads\/2019\/11\/48112466196_d8f22da38c_c.jpg","contentUrl":"https:\/\/visionarymarketing.com\/wp-content\/uploads\/2019\/11\/48112466196_d8f22da38c_c.jpg","width":644,"height":430},{"@type":"BreadcrumbList","@id":"https:\/\/visionarymarketing.com\/fr\/2013\/11\/28\/internet-des-objets-nouvelle-ere-de-lelectronique-grand-public-g9plus\/#breadcrumb","itemListElement":[{"@type":"ListItem","position":1,"name":"Home","item":"https:\/\/visionarymarketing.com\/fr\/"},{"@type":"ListItem","position":2,"name":"Internet des objets : \u00ab\u00a0nouvelle \u00e8re de l&rsquo;\u00e9lectronique grand public\u00a0\u00bb #g9plus"}]},{"@type":"WebSite","@id":"https:\/\/visionarymarketing.com\/fr\/#website","url":"https:\/\/visionarymarketing.com\/fr\/","name":"Marketing and Innovation","description":"Site d&#039;infos ind\u00e9pendant, depuis 1996","potentialAction":[{"@type":"SearchAction","target":{"@type":"EntryPoint","urlTemplate":"https:\/\/visionarymarketing.com\/fr\/?s={search_term_string}"},"query-input":{"@type":"PropertyValueSpecification","valueRequired":true,"valueName":"search_term_string"}}],"inLanguage":"fr-FR"},{"@type":"Person","@id":"https:\/\/visionarymarketing.com\/fr\/#\/schema\/person\/3754fee1e558f47b8deb46f53c37423e","name":"Yann Gourvennec","image":{"@type":"ImageObject","inLanguage":"fr-FR","@id":"https:\/\/secure.gravatar.com\/avatar\/5972001801e8de5692a3e31224e85769f50a55fb8b679749f9c8d1868cceff14?s=96&d=initials&r=g&initials=yg","url":"https:\/\/secure.gravatar.com\/avatar\/5972001801e8de5692a3e31224e85769f50a55fb8b679749f9c8d1868cceff14?s=96&d=initials&r=g&initials=yg","contentUrl":"https:\/\/secure.gravatar.com\/avatar\/5972001801e8de5692a3e31224e85769f50a55fb8b679749f9c8d1868cceff14?s=96&d=initials&r=g&initials=yg","caption":"Yann Gourvennec"},"description":"Yann Gourvennec created visionarymarketing.com in 1996. He is a speaker and author of many books. In 2014 he went from intrapreneur to entrepreneur, when he created his digital marketing agency. Yann Gourvennec a cr\u00e9\u00e9 visionarymarketing.com en 1996. Il est conf\u00e9rencier et auteur de plusieurs livres. En 2014, il est pass\u00e9 d'intrapreneur \u00e0 entrepreneur en cr\u00e9ant son agence de marketing num\u00e9rique.","sameAs":["https:\/\/visionarymarketing.com","http:\/\/facebook.com\/ygourven","http:\/\/linkedin.com\/in\/ygourven","https:\/\/x.com\/ygourven","https:\/\/www.youtube.com\/c\/visionarymarketingagency"],"url":"https:\/\/visionarymarketing.com\/fr\/author\/yann-gourvennec\/"}]}},"_links":{"self":[{"href":"https:\/\/visionarymarketing.com\/fr\/wp-json\/wp\/v2\/posts\/11466","targetHints":{"allow":["GET"]}}],"collection":[{"href":"https:\/\/visionarymarketing.com\/fr\/wp-json\/wp\/v2\/posts"}],"about":[{"href":"https:\/\/visionarymarketing.com\/fr\/wp-json\/wp\/v2\/types\/post"}],"author":[{"embeddable":true,"href":"https:\/\/visionarymarketing.com\/fr\/wp-json\/wp\/v2\/users\/2"}],"replies":[{"embeddable":true,"href":"https:\/\/visionarymarketing.com\/fr\/wp-json\/wp\/v2\/comments?post=11466"}],"version-history":[{"count":0,"href":"https:\/\/visionarymarketing.com\/fr\/wp-json\/wp\/v2\/posts\/11466\/revisions"}],"wp:featuredmedia":[{"embeddable":true,"href":"https:\/\/visionarymarketing.com\/fr\/wp-json\/wp\/v2\/media\/34062"}],"wp:attachment":[{"href":"https:\/\/visionarymarketing.com\/fr\/wp-json\/wp\/v2\/media?parent=11466"}],"wp:term":[{"taxonomy":"category","embeddable":true,"href":"https:\/\/visionarymarketing.com\/fr\/wp-json\/wp\/v2\/categories?post=11466"},{"taxonomy":"post_tag","embeddable":true,"href":"https:\/\/visionarymarketing.com\/fr\/wp-json\/wp\/v2\/tags?post=11466"}],"curies":[{"name":"wp","href":"https:\/\/api.w.org\/{rel}","templated":true}]}}