{"id":1096,"date":"2008-12-17T08:52:39","date_gmt":"2008-12-17T08:52:39","guid":{"rendered":"http:\/\/visionary.wordpress.com\/?p=1096"},"modified":"2023-09-27T08:59:01","modified_gmt":"2023-09-27T06:59:01","slug":"entreprise-2-0","status":"publish","type":"post","link":"https:\/\/visionarymarketing.com\/fr\/2008\/12\/17\/entreprise-2-0\/","title":{"rendered":"talk show entreprise 2.0 &#8211; mais vous \u00eates libres de choisir un autre nom"},"content":{"rendered":"<figure id=\"attachment_1098\" aria-describedby=\"caption-attachment-1098\" style=\"width: 320px\" class=\"wp-caption alignright\"><img decoding=\"async\" class=\"wp-image-1098 size-full\" title=\"plateau de Wbecastory\" src=\"https:\/\/visionarymarketing.com\/wp-content\/uploads\/2008\/12\/plateau.jpg\" alt=\"plateau de Wbecastory\" width=\"320\" height=\"240\" srcset=\"https:\/\/visionarymarketing.com\/wp-content\/uploads\/2008\/12\/plateau.jpg 320w, https:\/\/visionarymarketing.com\/wp-content\/uploads\/2008\/12\/plateau-300x225.jpg 300w\" sizes=\"(max-width: 320px) 100vw, 320px\" \/><figcaption id=\"caption-attachment-1098\" class=\"wp-caption-text\">le plateau tv de Webcastory<\/figcaption><\/figure>\n<p><em>L&rsquo;entreprise 2.0 fait encore parler d&rsquo;elle. Alors que beaucoup comme <span title=\"http:\/\/pisani.blog.lemonde.fr\/2008\/11\/09\/la-fin-du-web-20\/\">Francis Pisani<\/span>\u00a0ou <a title=\"le web 2.0 est il mort\" href=\"https:\/\/visionarymarketing.com\/fr\/2008\/11\/g9\/\" target=\"_blank\" rel=\"noopener noreferrer\">le G9+<\/a> &#8211; \u00e0 commencer par <a title=\"Web 2.0 is dead long live social media by Yann Gourvennec\" href=\"https:\/\/visionarymarketing.com\/2008\/06\/09\/social-media\/\" target=\"_blank\" rel=\"noopener noreferrer\">moi m\u00eame qui ai relay\u00e9 ce d\u00e9bat<\/a>\u00a0initi\u00e9 par <a title=\"Fr\u00e9d\u00e9ric Cavazza\" href=\"http:\/\/www.fredcavazza.net\/2008\/06\/09\/social-media-landscape\/\" target=\"_blank\" rel=\"noopener noreferrer\">Fr\u00e9d\u00e9ric Cavazza<\/a> il y a 6 mois &#8211; se demandent si le 2.0 n&rsquo;est pas mort, les entreprises se mettent au boulot pour essayer de faire d\u00e9coller le web collaboratif \u00e0 l&rsquo;int\u00e9rieur et \u00e0 l&rsquo;ext\u00e9rieur.<\/em><\/p>\n<h2>talk show entreprise 2.0 &#8211; mais vous \u00eates libres de choisir un autre nom<\/h2>\n<p>Ceci n&rsquo;est pas \u00e9trange, c&rsquo;est un ph\u00e9nom\u00e8ne normal, bien connu et analys\u00e9 par nos amis du <a title=\"Gartner Hype Cycle \" href=\"http:\/\/blog.futurelab.net\/2008\/08\/media_history_through_gartner.html\" target=\"_blank\" rel=\"noopener noreferrer\">Gartner Group sous la forme du Hype Cycle (voir ci-dessous, et en suivant le lien de Futurelab, l&rsquo;analyse de Ilya Vedrashko ici<\/a><a title=\"Gartner Hype Cycle \" href=\"http:\/\/blog.futurelab.net\/2008\/08\/media_history_through_gartner.html\" target=\"_blank\" rel=\"noopener noreferrer\">.<\/a><!--more--><\/p>\n<figure id=\"attachment_1101\" aria-describedby=\"caption-attachment-1101\" style=\"width: 731px\" class=\"wp-caption aligncenter\"><a href=\"https:\/\/visionarymarketing.com\/wp-content\/uploads\/2008\/12\/gartner-hype-cycle20081.jpg\"><img decoding=\"async\" class=\"wp-image-1101 size-full\" src=\"https:\/\/visionarymarketing.com\/wp-content\/uploads\/2008\/12\/gartner-hype-cycle20081.jpg\" alt=\"talk show entreprise 2.0 - mais vous \u00eates libres de choisir un autre nom\" width=\"731\" height=\"573\" srcset=\"https:\/\/visionarymarketing.com\/wp-content\/uploads\/2008\/12\/gartner-hype-cycle20081.jpg 731w, https:\/\/visionarymarketing.com\/wp-content\/uploads\/2008\/12\/gartner-hype-cycle20081-383x300.jpg 383w, https:\/\/visionarymarketing.com\/wp-content\/uploads\/2008\/12\/gartner-hype-cycle20081-300x235.jpg 300w\" sizes=\"(max-width: 731px) 100vw, 731px\" \/><\/a><figcaption id=\"caption-attachment-1101\" class=\"wp-caption-text\">Gartner Hype Cycle<\/figcaption><\/figure>\n<p>C&rsquo;est en effet au moment o\u00f9 la mode commence \u00e0 mourir (regardez o\u00f9 se trouve le Web 2.0 sur le sch\u00e9ma du Gartner) que les gens qui sont s\u00e9rieux commencent \u00e0 faire du business. Exemple, c&rsquo;est au moment de l&rsquo;\u00e9clatement de la bulle que certaines des soci\u00e9t\u00e9s les plus solides de l&rsquo;Internet se sont cr\u00e9\u00e9es, comme <a title=\"Price Minister\" href=\"https:\/\/visionarymarketing.com\/fr\/2006\/09\/priceminister\/\" target=\"_blank\" rel=\"noopener noreferrer\">PriceMinister par exemple<\/a>, mais je connais aussi des agences web comme <a title=\"X-Prime\" href=\"https:\/\/www.wundermanthompson.com\/fr\/france\/\" target=\"_blank\" rel=\"noopener noreferrer\">X-prime<\/a> qui ont suivi le m\u00eame sch\u00e9ma. Que les convaincus se rassurent donc, c&rsquo;est maintenant l&rsquo;an z\u00e9ro du deux point z\u00e9ro, pas 2004 !<\/p>\n<p style=\"text-align: justify;\">C&rsquo;est donc dans ce contexte que ce vendredi 19 d\u00e9cembre 2008,\u00a0Fr\u00e9d\u00e9ric BASCU\u00d1ANA, fondateur de\u00a0<a title=\"Webcastory\" href=\"http:\/\/www.webcastory.com\" target=\"_blank\" rel=\"noopener noreferrer\">WEBCASTORY<\/a> [concepteur de dispositifs WEB-TV et Rich media] organise un \u00a0<a title=\"plateau de Webcastory\" href=\"https:\/\/fbascunana.typepad.com\/blog\/webcastory\/\" target=\"_blank\" rel=\"noopener noreferrer\">TALKSHOW ENTREPRISE 2.0<\/a>\u00a0dans le studio de Webcastory. Un plateau t\u00e9l\u00e9, en mode Talkshow, sur le th\u00e8me de l&rsquo;ENTREPRISE 2.0 a \u00e9t\u00e9 mis en place par Fr\u00e9d\u00e9ric (<a title=\"plateau Webcastory\" href=\"https:\/\/fbascunana.typepad.com\/blog\/webcastory\/\" target=\"_blank\" rel=\"noopener noreferrer\">voir ici<\/a>).<\/p>\n<p style=\"text-align: justify;\">Cet \u00e9v\u00e9nement, auquel je participerai,\u00a0a \u00e9t\u00e9 impuls\u00e9 par sa rencontre avec le fondateur de Bluekiwi Software, Carlos Diaz. \u00ab\u00a0Ce talkshow sera r\u00e9guli\u00e8rement approfondi et d\u00e9velopp\u00e9 dansune s\u00e9rie de plateaux t\u00e9l\u00e9 mensuels dans le droit fil de cette premi\u00e8re \u00e9dition et sur le m\u00eame th\u00e8me.<\/p>\n<p style=\"text-align: justify;\">Ce plateau sera relay\u00e9 et diffus\u00e9 sur les sites Techcrunch, Strat\u00e9gies et Techtoctv, et r\u00e9alis\u00e9 dans nos studios le 19\/12 \u00e0 14h00 (pour diffusion d\u00e9but janvier).\u00a0\u00bb \u00e9crit Fr\u00e9d\u00e9ric Bascu\u00f1ana.<\/p>\n<p style=\"text-align: justify;\"><strong>Les intervenants seront :<\/strong><\/p>\n<ul>\n<li>Carlos Diaz de chez Bluekiwi Software, CEO \/ founder ;<\/li>\n<li>Vanessa Orzechowski de chez Strat\u00e9gies (p\u00f4le Conf\u00e9rences), Responsable de l&rsquo;offre marketing et Web (etinitiatrice du s\u00e9minaire sur l&rsquo;Entreprise 2.0)<\/li>\n<li>Joel Chaudy de chez Microsoft, Community manager ;<\/li>\n<li>Yann Gourvennec de chez Orange, Head of Internet and Digital Media (votre serviteur) ;<\/li>\n<li>Olivier F\u00e9cherolle de chez Viadeo, Directeur G\u00e9n\u00e9ral Viadeo France ;<\/li>\n<li>Vincent BERTHELOT, co-fondateur et animateur du blog d&rsquo;expert B-R-ENT, intervenant strat\u00e9gie web et intranet, responsable intranet RH d&rsquo;un grand groupe fran\u00e7ais.\u00a0;<\/li>\n<li>Gilbert R\u00e9veillon, du groupe LaSer (Lafayette Services), Directeur au sein du p\u00f4le PCMC (ProspectiveCoordination Marketing et Commerciale).<\/li>\n<\/ul>\n<p style=\"text-align: justify;\"><strong>Avec aussi les interventions de :<\/strong><\/p>\n<ul>\n<li>Laurent Lasserre de chez Google France, Responsable de l&rsquo;offre professionnelle ;<\/li>\n<li>Ouriel Ohayon, Techcrunch France<\/li>\n<\/ul>\n<p>Cet \u00e9v\u00e9nement sera relay\u00e9 \u00e9galement sur ce blog et sur les supports d&rsquo;<a title=\"Orange Business Services\" href=\"http:\/\/www.orange-business.com\" target=\"_blank\" rel=\"noopener noreferrer\">Orange Business Services<\/a>, et notamment notre <span class=\"removed_link\" title=\"http:\/\/orange-business.tv\">WEBTV flambant neuve<\/span> (qui pour l&rsquo;occasion sera dot\u00e9e des fonctions collaboratives d\u00e8s le d\u00e9but de Janvier 2009).<\/p>\n","protected":false},"excerpt":{"rendered":"<p>Alors que beaucoup comme Francis Pisani ou le G9+ &#8211; \u00e0 commencer par moi m\u00eame qui ai relay\u00e9 ce d\u00e9bat initi\u00e9 par Fr\u00e9d\u00e9ric Cavazza il y a 6 mois &#8211; se demandent si le 2.0 n&rsquo;est pas mort, les entreprises se mettent au boulot pour essayer de faire d\u00e9coller le web collaboratif \u00e0 l&rsquo;int\u00e9rieur et \u00e0 l&rsquo;ext\u00e9rieur. <\/p>\n","protected":false},"author":2,"featured_media":56589,"comment_status":"open","ping_status":"open","sticky":false,"template":"","format":"standard","meta":{"footnotes":""},"categories":[10,121],"tags":[],"class_list":["post-1096","post","type-post","status-publish","format-standard","has-post-thumbnail","hentry","category-collaboration-et-teletravail","category-e-business"],"yoast_head":"<!-- This site is optimized with the Yoast SEO plugin v27.5 - https:\/\/yoast.com\/product\/yoast-seo-wordpress\/ -->\n<title>talk show entreprise 2.0 - mais vous \u00eates libres de choisir un autre nom<\/title>\n<meta name=\"description\" content=\"L&#039;entreprise 2.0 fait encore parler d&#039;elle. Beaucoup comme Francis Pisani\u00a0ou le G9+ - \u00e0 commencer par moi m\u00eame qui ai relay\u00e9 ce d\u00e9bat\u00a0\" \/>\n<meta name=\"robots\" content=\"index, follow, max-snippet:-1, max-image-preview:large, max-video-preview:-1\" \/>\n<link rel=\"canonical\" href=\"https:\/\/visionarymarketing.com\/fr\/2008\/12\/17\/entreprise-2-0\/\" \/>\n<meta property=\"og:locale\" content=\"fr_FR\" \/>\n<meta property=\"og:type\" content=\"article\" \/>\n<meta property=\"og:title\" content=\"talk show entreprise 2.0 - mais vous \u00eates libres de choisir un autre nom\" \/>\n<meta property=\"og:description\" content=\"L&#039;entreprise 2.0 fait encore parler d&#039;elle. Beaucoup comme Francis Pisani\u00a0ou le G9+ - \u00e0 commencer par moi m\u00eame qui ai relay\u00e9 ce d\u00e9bat\u00a0\" \/>\n<meta property=\"og:url\" content=\"https:\/\/visionarymarketing.com\/fr\/2008\/12\/17\/entreprise-2-0\/\" \/>\n<meta property=\"og:site_name\" content=\"Marketing and Innovation\" \/>\n<meta property=\"article:publisher\" content=\"https:\/\/www.facebook.com\/vismktg\" \/>\n<meta property=\"article:author\" content=\"http:\/\/facebook.com\/ygourven\" \/>\n<meta property=\"article:published_time\" content=\"2008-12-17T08:52:39+00:00\" \/>\n<meta property=\"article:modified_time\" content=\"2023-09-27T06:59:01+00:00\" \/>\n<meta property=\"og:image\" content=\"https:\/\/visionarymarketing.com\/wp-content\/uploads\/2008\/12\/gartner-hype-cycle-e1600229835337.png\" \/>\n\t<meta property=\"og:image:width\" content=\"519\" \/>\n\t<meta property=\"og:image:height\" content=\"340\" \/>\n\t<meta property=\"og:image:type\" content=\"image\/png\" \/>\n<meta name=\"author\" content=\"Yann Gourvennec\" \/>\n<meta name=\"twitter:card\" content=\"summary_large_image\" \/>\n<meta name=\"twitter:creator\" content=\"@ygourven\" \/>\n<meta name=\"twitter:site\" content=\"@ygourven\" \/>\n<meta name=\"twitter:label1\" content=\"\u00c9crit par\" \/>\n\t<meta name=\"twitter:data1\" content=\"Yann Gourvennec\" \/>\n\t<meta name=\"twitter:label2\" content=\"Dur\u00e9e de lecture estim\u00e9e\" \/>\n\t<meta name=\"twitter:data2\" content=\"3 minutes\" \/>\n<script type=\"application\/ld+json\" class=\"yoast-schema-graph\">{\"@context\":\"https:\\\/\\\/schema.org\",\"@graph\":[{\"@type\":\"NewsArticle\",\"@id\":\"https:\\\/\\\/visionarymarketing.com\\\/fr\\\/2008\\\/12\\\/17\\\/entreprise-2-0\\\/#article\",\"isPartOf\":{\"@id\":\"https:\\\/\\\/visionarymarketing.com\\\/fr\\\/2008\\\/12\\\/17\\\/entreprise-2-0\\\/\"},\"author\":{\"name\":\"Yann Gourvennec\",\"@id\":\"https:\\\/\\\/visionarymarketing.com\\\/fr\\\/#\\\/schema\\\/person\\\/3754fee1e558f47b8deb46f53c37423e\"},\"headline\":\"talk show entreprise 2.0 &#8211; mais vous \u00eates libres de choisir un autre nom\",\"datePublished\":\"2008-12-17T08:52:39+00:00\",\"dateModified\":\"2023-09-27T06:59:01+00:00\",\"mainEntityOfPage\":{\"@id\":\"https:\\\/\\\/visionarymarketing.com\\\/fr\\\/2008\\\/12\\\/17\\\/entreprise-2-0\\\/\"},\"wordCount\":579,\"commentCount\":0,\"image\":{\"@id\":\"https:\\\/\\\/visionarymarketing.com\\\/fr\\\/2008\\\/12\\\/17\\\/entreprise-2-0\\\/#primaryimage\"},\"thumbnailUrl\":\"https:\\\/\\\/visionarymarketing.com\\\/wp-content\\\/uploads\\\/2008\\\/12\\\/gartner-hype-cycle-e1600229835337.png\",\"articleSection\":[\"collaboration \\\/ t\u00e9l\u00e9travail\",\"e-business \\\/ e-commerce\"],\"inLanguage\":\"fr-FR\",\"potentialAction\":[{\"@type\":\"CommentAction\",\"name\":\"Comment\",\"target\":[\"https:\\\/\\\/visionarymarketing.com\\\/fr\\\/2008\\\/12\\\/17\\\/entreprise-2-0\\\/#respond\"]}]},{\"@type\":\"WebPage\",\"@id\":\"https:\\\/\\\/visionarymarketing.com\\\/fr\\\/2008\\\/12\\\/17\\\/entreprise-2-0\\\/\",\"url\":\"https:\\\/\\\/visionarymarketing.com\\\/fr\\\/2008\\\/12\\\/17\\\/entreprise-2-0\\\/\",\"name\":\"talk show entreprise 2.0 - mais vous \u00eates libres de choisir un autre nom\",\"isPartOf\":{\"@id\":\"https:\\\/\\\/visionarymarketing.com\\\/fr\\\/#website\"},\"primaryImageOfPage\":{\"@id\":\"https:\\\/\\\/visionarymarketing.com\\\/fr\\\/2008\\\/12\\\/17\\\/entreprise-2-0\\\/#primaryimage\"},\"image\":{\"@id\":\"https:\\\/\\\/visionarymarketing.com\\\/fr\\\/2008\\\/12\\\/17\\\/entreprise-2-0\\\/#primaryimage\"},\"thumbnailUrl\":\"https:\\\/\\\/visionarymarketing.com\\\/wp-content\\\/uploads\\\/2008\\\/12\\\/gartner-hype-cycle-e1600229835337.png\",\"datePublished\":\"2008-12-17T08:52:39+00:00\",\"dateModified\":\"2023-09-27T06:59:01+00:00\",\"author\":{\"@id\":\"https:\\\/\\\/visionarymarketing.com\\\/fr\\\/#\\\/schema\\\/person\\\/3754fee1e558f47b8deb46f53c37423e\"},\"description\":\"L'entreprise 2.0 fait encore parler d'elle. Beaucoup comme Francis Pisani\u00a0ou le G9+ - \u00e0 commencer par moi m\u00eame qui ai relay\u00e9 ce d\u00e9bat\u00a0\",\"breadcrumb\":{\"@id\":\"https:\\\/\\\/visionarymarketing.com\\\/fr\\\/2008\\\/12\\\/17\\\/entreprise-2-0\\\/#breadcrumb\"},\"inLanguage\":\"fr-FR\",\"potentialAction\":[{\"@type\":\"ReadAction\",\"target\":[\"https:\\\/\\\/visionarymarketing.com\\\/fr\\\/2008\\\/12\\\/17\\\/entreprise-2-0\\\/\"]}]},{\"@type\":\"ImageObject\",\"inLanguage\":\"fr-FR\",\"@id\":\"https:\\\/\\\/visionarymarketing.com\\\/fr\\\/2008\\\/12\\\/17\\\/entreprise-2-0\\\/#primaryimage\",\"url\":\"https:\\\/\\\/visionarymarketing.com\\\/wp-content\\\/uploads\\\/2008\\\/12\\\/gartner-hype-cycle-e1600229835337.png\",\"contentUrl\":\"https:\\\/\\\/visionarymarketing.com\\\/wp-content\\\/uploads\\\/2008\\\/12\\\/gartner-hype-cycle-e1600229835337.png\",\"width\":519,\"height\":340},{\"@type\":\"BreadcrumbList\",\"@id\":\"https:\\\/\\\/visionarymarketing.com\\\/fr\\\/2008\\\/12\\\/17\\\/entreprise-2-0\\\/#breadcrumb\",\"itemListElement\":[{\"@type\":\"ListItem\",\"position\":1,\"name\":\"Home\",\"item\":\"https:\\\/\\\/visionarymarketing.com\\\/fr\\\/\"},{\"@type\":\"ListItem\",\"position\":2,\"name\":\"talk show entreprise 2.0 &#8211; mais vous \u00eates libres de choisir un autre nom\"}]},{\"@type\":\"WebSite\",\"@id\":\"https:\\\/\\\/visionarymarketing.com\\\/fr\\\/#website\",\"url\":\"https:\\\/\\\/visionarymarketing.com\\\/fr\\\/\",\"name\":\"Marketing and Innovation\",\"description\":\"Site d&#039;infos ind\u00e9pendant, depuis 1996\",\"potentialAction\":[{\"@type\":\"SearchAction\",\"target\":{\"@type\":\"EntryPoint\",\"urlTemplate\":\"https:\\\/\\\/visionarymarketing.com\\\/fr\\\/?s={search_term_string}\"},\"query-input\":{\"@type\":\"PropertyValueSpecification\",\"valueRequired\":true,\"valueName\":\"search_term_string\"}}],\"inLanguage\":\"fr-FR\"},{\"@type\":\"Person\",\"@id\":\"https:\\\/\\\/visionarymarketing.com\\\/fr\\\/#\\\/schema\\\/person\\\/3754fee1e558f47b8deb46f53c37423e\",\"name\":\"Yann Gourvennec\",\"image\":{\"@type\":\"ImageObject\",\"inLanguage\":\"fr-FR\",\"@id\":\"https:\\\/\\\/secure.gravatar.com\\\/avatar\\\/5972001801e8de5692a3e31224e85769f50a55fb8b679749f9c8d1868cceff14?s=96&d=initials&r=g&initials=yg\",\"url\":\"https:\\\/\\\/secure.gravatar.com\\\/avatar\\\/5972001801e8de5692a3e31224e85769f50a55fb8b679749f9c8d1868cceff14?s=96&d=initials&r=g&initials=yg\",\"contentUrl\":\"https:\\\/\\\/secure.gravatar.com\\\/avatar\\\/5972001801e8de5692a3e31224e85769f50a55fb8b679749f9c8d1868cceff14?s=96&d=initials&r=g&initials=yg\",\"caption\":\"Yann Gourvennec\"},\"description\":\"Yann Gourvennec created visionarymarketing.com in 1996. He is a speaker and author of many books. In 2014 he went from intrapreneur to entrepreneur, when he created his digital marketing agency. Yann Gourvennec a cr\u00e9\u00e9 visionarymarketing.com en 1996. Il est conf\u00e9rencier et auteur de plusieurs livres. En 2014, il est pass\u00e9 d'intrapreneur \u00e0 entrepreneur en cr\u00e9ant son agence de marketing num\u00e9rique.\",\"sameAs\":[\"https:\\\/\\\/visionarymarketing.com\",\"http:\\\/\\\/facebook.com\\\/ygourven\",\"http:\\\/\\\/linkedin.com\\\/in\\\/ygourven\",\"https:\\\/\\\/x.com\\\/ygourven\",\"https:\\\/\\\/www.youtube.com\\\/c\\\/visionarymarketingagency\"],\"url\":\"https:\\\/\\\/visionarymarketing.com\\\/fr\\\/author\\\/yann-gourvennec\\\/\"}]}<\/script>\n<!-- \/ Yoast SEO plugin. -->","yoast_head_json":{"title":"talk show entreprise 2.0 - mais vous \u00eates libres de choisir un autre nom","description":"L'entreprise 2.0 fait encore parler d'elle. Beaucoup comme Francis Pisani\u00a0ou le G9+ - \u00e0 commencer par moi m\u00eame qui ai relay\u00e9 ce d\u00e9bat\u00a0","robots":{"index":"index","follow":"follow","max-snippet":"max-snippet:-1","max-image-preview":"max-image-preview:large","max-video-preview":"max-video-preview:-1"},"canonical":"https:\/\/visionarymarketing.com\/fr\/2008\/12\/17\/entreprise-2-0\/","og_locale":"fr_FR","og_type":"article","og_title":"talk show entreprise 2.0 - mais vous \u00eates libres de choisir un autre nom","og_description":"L'entreprise 2.0 fait encore parler d'elle. Beaucoup comme Francis Pisani\u00a0ou le G9+ - \u00e0 commencer par moi m\u00eame qui ai relay\u00e9 ce d\u00e9bat\u00a0","og_url":"https:\/\/visionarymarketing.com\/fr\/2008\/12\/17\/entreprise-2-0\/","og_site_name":"Marketing and Innovation","article_publisher":"https:\/\/www.facebook.com\/vismktg","article_author":"http:\/\/facebook.com\/ygourven","article_published_time":"2008-12-17T08:52:39+00:00","article_modified_time":"2023-09-27T06:59:01+00:00","og_image":[{"width":519,"height":340,"url":"https:\/\/visionarymarketing.com\/wp-content\/uploads\/2008\/12\/gartner-hype-cycle-e1600229835337.png","type":"image\/png"}],"author":"Yann Gourvennec","twitter_card":"summary_large_image","twitter_creator":"@ygourven","twitter_site":"@ygourven","twitter_misc":{"\u00c9crit par":"Yann Gourvennec","Dur\u00e9e de lecture estim\u00e9e":"3 minutes"},"schema":{"@context":"https:\/\/schema.org","@graph":[{"@type":"NewsArticle","@id":"https:\/\/visionarymarketing.com\/fr\/2008\/12\/17\/entreprise-2-0\/#article","isPartOf":{"@id":"https:\/\/visionarymarketing.com\/fr\/2008\/12\/17\/entreprise-2-0\/"},"author":{"name":"Yann Gourvennec","@id":"https:\/\/visionarymarketing.com\/fr\/#\/schema\/person\/3754fee1e558f47b8deb46f53c37423e"},"headline":"talk show entreprise 2.0 &#8211; mais vous \u00eates libres de choisir un autre nom","datePublished":"2008-12-17T08:52:39+00:00","dateModified":"2023-09-27T06:59:01+00:00","mainEntityOfPage":{"@id":"https:\/\/visionarymarketing.com\/fr\/2008\/12\/17\/entreprise-2-0\/"},"wordCount":579,"commentCount":0,"image":{"@id":"https:\/\/visionarymarketing.com\/fr\/2008\/12\/17\/entreprise-2-0\/#primaryimage"},"thumbnailUrl":"https:\/\/visionarymarketing.com\/wp-content\/uploads\/2008\/12\/gartner-hype-cycle-e1600229835337.png","articleSection":["collaboration \/ t\u00e9l\u00e9travail","e-business \/ e-commerce"],"inLanguage":"fr-FR","potentialAction":[{"@type":"CommentAction","name":"Comment","target":["https:\/\/visionarymarketing.com\/fr\/2008\/12\/17\/entreprise-2-0\/#respond"]}]},{"@type":"WebPage","@id":"https:\/\/visionarymarketing.com\/fr\/2008\/12\/17\/entreprise-2-0\/","url":"https:\/\/visionarymarketing.com\/fr\/2008\/12\/17\/entreprise-2-0\/","name":"talk show entreprise 2.0 - mais vous \u00eates libres de choisir un autre nom","isPartOf":{"@id":"https:\/\/visionarymarketing.com\/fr\/#website"},"primaryImageOfPage":{"@id":"https:\/\/visionarymarketing.com\/fr\/2008\/12\/17\/entreprise-2-0\/#primaryimage"},"image":{"@id":"https:\/\/visionarymarketing.com\/fr\/2008\/12\/17\/entreprise-2-0\/#primaryimage"},"thumbnailUrl":"https:\/\/visionarymarketing.com\/wp-content\/uploads\/2008\/12\/gartner-hype-cycle-e1600229835337.png","datePublished":"2008-12-17T08:52:39+00:00","dateModified":"2023-09-27T06:59:01+00:00","author":{"@id":"https:\/\/visionarymarketing.com\/fr\/#\/schema\/person\/3754fee1e558f47b8deb46f53c37423e"},"description":"L'entreprise 2.0 fait encore parler d'elle. Beaucoup comme Francis Pisani\u00a0ou le G9+ - \u00e0 commencer par moi m\u00eame qui ai relay\u00e9 ce d\u00e9bat\u00a0","breadcrumb":{"@id":"https:\/\/visionarymarketing.com\/fr\/2008\/12\/17\/entreprise-2-0\/#breadcrumb"},"inLanguage":"fr-FR","potentialAction":[{"@type":"ReadAction","target":["https:\/\/visionarymarketing.com\/fr\/2008\/12\/17\/entreprise-2-0\/"]}]},{"@type":"ImageObject","inLanguage":"fr-FR","@id":"https:\/\/visionarymarketing.com\/fr\/2008\/12\/17\/entreprise-2-0\/#primaryimage","url":"https:\/\/visionarymarketing.com\/wp-content\/uploads\/2008\/12\/gartner-hype-cycle-e1600229835337.png","contentUrl":"https:\/\/visionarymarketing.com\/wp-content\/uploads\/2008\/12\/gartner-hype-cycle-e1600229835337.png","width":519,"height":340},{"@type":"BreadcrumbList","@id":"https:\/\/visionarymarketing.com\/fr\/2008\/12\/17\/entreprise-2-0\/#breadcrumb","itemListElement":[{"@type":"ListItem","position":1,"name":"Home","item":"https:\/\/visionarymarketing.com\/fr\/"},{"@type":"ListItem","position":2,"name":"talk show entreprise 2.0 &#8211; mais vous \u00eates libres de choisir un autre nom"}]},{"@type":"WebSite","@id":"https:\/\/visionarymarketing.com\/fr\/#website","url":"https:\/\/visionarymarketing.com\/fr\/","name":"Marketing and Innovation","description":"Site d&#039;infos ind\u00e9pendant, depuis 1996","potentialAction":[{"@type":"SearchAction","target":{"@type":"EntryPoint","urlTemplate":"https:\/\/visionarymarketing.com\/fr\/?s={search_term_string}"},"query-input":{"@type":"PropertyValueSpecification","valueRequired":true,"valueName":"search_term_string"}}],"inLanguage":"fr-FR"},{"@type":"Person","@id":"https:\/\/visionarymarketing.com\/fr\/#\/schema\/person\/3754fee1e558f47b8deb46f53c37423e","name":"Yann Gourvennec","image":{"@type":"ImageObject","inLanguage":"fr-FR","@id":"https:\/\/secure.gravatar.com\/avatar\/5972001801e8de5692a3e31224e85769f50a55fb8b679749f9c8d1868cceff14?s=96&d=initials&r=g&initials=yg","url":"https:\/\/secure.gravatar.com\/avatar\/5972001801e8de5692a3e31224e85769f50a55fb8b679749f9c8d1868cceff14?s=96&d=initials&r=g&initials=yg","contentUrl":"https:\/\/secure.gravatar.com\/avatar\/5972001801e8de5692a3e31224e85769f50a55fb8b679749f9c8d1868cceff14?s=96&d=initials&r=g&initials=yg","caption":"Yann Gourvennec"},"description":"Yann Gourvennec created visionarymarketing.com in 1996. He is a speaker and author of many books. In 2014 he went from intrapreneur to entrepreneur, when he created his digital marketing agency. Yann Gourvennec a cr\u00e9\u00e9 visionarymarketing.com en 1996. Il est conf\u00e9rencier et auteur de plusieurs livres. En 2014, il est pass\u00e9 d'intrapreneur \u00e0 entrepreneur en cr\u00e9ant son agence de marketing num\u00e9rique.","sameAs":["https:\/\/visionarymarketing.com","http:\/\/facebook.com\/ygourven","http:\/\/linkedin.com\/in\/ygourven","https:\/\/x.com\/ygourven","https:\/\/www.youtube.com\/c\/visionarymarketingagency"],"url":"https:\/\/visionarymarketing.com\/fr\/author\/yann-gourvennec\/"}]}},"_links":{"self":[{"href":"https:\/\/visionarymarketing.com\/fr\/wp-json\/wp\/v2\/posts\/1096","targetHints":{"allow":["GET"]}}],"collection":[{"href":"https:\/\/visionarymarketing.com\/fr\/wp-json\/wp\/v2\/posts"}],"about":[{"href":"https:\/\/visionarymarketing.com\/fr\/wp-json\/wp\/v2\/types\/post"}],"author":[{"embeddable":true,"href":"https:\/\/visionarymarketing.com\/fr\/wp-json\/wp\/v2\/users\/2"}],"replies":[{"embeddable":true,"href":"https:\/\/visionarymarketing.com\/fr\/wp-json\/wp\/v2\/comments?post=1096"}],"version-history":[{"count":0,"href":"https:\/\/visionarymarketing.com\/fr\/wp-json\/wp\/v2\/posts\/1096\/revisions"}],"wp:featuredmedia":[{"embeddable":true,"href":"https:\/\/visionarymarketing.com\/fr\/wp-json\/wp\/v2\/media\/56589"}],"wp:attachment":[{"href":"https:\/\/visionarymarketing.com\/fr\/wp-json\/wp\/v2\/media?parent=1096"}],"wp:term":[{"taxonomy":"category","embeddable":true,"href":"https:\/\/visionarymarketing.com\/fr\/wp-json\/wp\/v2\/categories?post=1096"},{"taxonomy":"post_tag","embeddable":true,"href":"https:\/\/visionarymarketing.com\/fr\/wp-json\/wp\/v2\/tags?post=1096"}],"curies":[{"name":"wp","href":"https:\/\/api.w.org\/{rel}","templated":true}]}}