{"id":1010,"date":"2008-11-19T05:00:46","date_gmt":"2008-11-19T05:00:46","guid":{"rendered":"http:\/\/visionary.wordpress.com\/?p=1010"},"modified":"2020-09-17T16:52:41","modified_gmt":"2020-09-17T14:52:41","slug":"innovation-collective","status":"publish","type":"post","link":"https:\/\/visionarymarketing.com\/fr\/2008\/11\/19\/innovation-collective\/","title":{"rendered":"Comment manager pour plus d&rsquo;efficacit\u00e9 dans l&rsquo;innovation collective ?"},"content":{"rendered":"<p><a href=\"https:\/\/visionarymarketing.com\/wp-content\/uploads\/2008\/11\/anvie-logo.jpg\"><img decoding=\"async\" class=\"alignright\" title=\"anvie-logo\" src=\"https:\/\/visionarymarketing.com\/wp-content\/uploads\/2008\/11\/anvie-logo.jpg\" alt=\"innovation collective\" width=\"106\" height=\"100\" \/><\/a>Comment manager pour plus d&rsquo;efficacit\u00e9 dans l&rsquo;innovation collective ? Tel \u00e9tait le titre du <span title=\"http:\/\/www.tecoman.info\/article-22547873.html\">s\u00e9minaire du jeudi 13 novembre 2008<\/span> organis\u00e9 par l&rsquo;<a title=\"ANVIE\" href=\"http:\/\/anvie.fr\/\" target=\"_blank\" rel=\"noopener noreferrer\">ANVIE<\/a> sur les sujets de l&rsquo;entreprise 2.0. Ce s\u00e9minaire \u00e9tait co-organis\u00e9 par Richard Collin, professeur de l&rsquo;\u00e9cole de management de Grenoble, et directeur de l&rsquo;institut de l&rsquo;entreprise 2.0 ainsi que <span title=\"http:\/\/www.nextmodernity.com\/equipe.php\">partenaire de notre ami Yves Duron de Next Mordernity<\/span>.<\/p>\n<h2>Comment manager pour plus d&rsquo;efficacit\u00e9 dans l&rsquo;innovation collective ?<\/h2>\n<figure id=\"attachment_17756\" aria-describedby=\"caption-attachment-17756\" style=\"width: 720px\" class=\"wp-caption alignright\"><a href=\"https:\/\/visionarymarketing.com\/wp-content\/uploads\/2015\/04\/Meditel-innovation-V3-2.jpg\"><img decoding=\"async\" class=\"wp-image-17756 size-full\" src=\"https:\/\/visionarymarketing.com\/wp-content\/uploads\/2015\/04\/Meditel-innovation-V3-2.jpg\" alt=\"Comment manager pour plus d'efficacit\u00e9 dans l'innovation collective ?\" width=\"720\" height=\"540\" srcset=\"https:\/\/visionarymarketing.com\/wp-content\/uploads\/2015\/04\/Meditel-innovation-V3-2.jpg 720w, https:\/\/visionarymarketing.com\/wp-content\/uploads\/2015\/04\/Meditel-innovation-V3-2-400x300.jpg 400w, https:\/\/visionarymarketing.com\/wp-content\/uploads\/2015\/04\/Meditel-innovation-V3-2-300x225.jpg 300w\" sizes=\"(max-width: 720px) 100vw, 720px\" \/><\/a><figcaption id=\"caption-attachment-17756\" class=\"wp-caption-text\"><em>Comment manager pour plus d&rsquo;efficacit\u00e9 dans l&rsquo;innovation collective ? Les 4 mod\u00e8les plus r\u00e9pandus de l&rsquo;organisation de l&rsquo;innovation dans les entreprises (visuel issu de mon cours \u00e0 Dauphine sur le management de l&rsquo;innovation)<\/em><\/figcaption><\/figure>\n<p>Parmi les intervenants citons notamment notre ami Henri Isaac de l&rsquo;universit\u00e9 Paris-Dauphine responsable scientifique de l&rsquo;observatoire du e-management dont nous avons eu l&rsquo;occasion de commenter <a title=\"Livre de Henri Isaac sur le e-commerce\" href=\"https:\/\/visionarymarketing.com\/2008\/08\/26\/e-commerce\/\" target=\"_blank\" rel=\"noopener noreferrer\">le livre sur le e-commerce il y a quelques mois<\/a>. J&rsquo;intervenais dans le cadre de cette r\u00e9union devant un panel assez large de repr\u00e9sentants des principaux grands comptes fran\u00e7ais parmi lesquels nous pouvons citer le CEA, la Banque de France, Total, L&rsquo;Or\u00e9al, SNCF, La Poste, AXA et un bon nombre de banque dont le Cr\u00e9dit Agricole, la Soci\u00e9t\u00e9 G\u00e9n\u00e9rale et la Caisse Nationale des Caisses d&rsquo;Epargne, entre autres.<\/p>\n<p style=\"text-align: left;\">J&rsquo;intervenais \u00e0 double titre, d&rsquo;une part au titre de directeur de l&rsquo;Internet et des m\u00e9dias num\u00e9riques d&rsquo;Orange Business Services et \u00e9galement avec ma casquette 2.0, issue de mon exp\u00e9rience au travers de <a href=\"https:\/\/visionarymarketing.com\/\">https:\/\/visionarymarketing.com<\/a>.\u00a0 La pr\u00e9sentation que je mets en ligne ici ne repr\u00e9sente en fait qu&rsquo;une part minime des sujets dont nous avons d\u00e9battu, puisque l&rsquo;essentiel de la pr\u00e9sentation s&rsquo;est faite en ligne, avec notamment le retour d&rsquo;exp\u00e9rience sur le d\u00e9marrage des blogs chez Orange Business Services, et plus r\u00e9cemment le d\u00e9collage de la WebTV sur les entreprises que nous avons lanc\u00e9e la semaine derni\u00e8re. J&rsquo;aurai d&rsquo;ailleurs l&rsquo;occasion de revenir bient\u00f4t sur ce sujet puisqu&rsquo;un article pour le Journal du Net est en pr\u00e9paration.<\/p>\n<p>https:\/\/visionarymarketing.com\/wp-content\/uploads\/2008\/11\/anvieinnovationv3-1227016530794726-9.pdf<\/p>\n<p style=\"text-align: left;\"><a title=\"slideshare.net \" href=\"https:\/\/www.slideshare.net\/ygourven\" target=\"_blank\" rel=\"noopener noreferrer\">La pr\u00e9sentation est \u00e9galement mise en acc\u00e8s libre sur Slideshare.net<\/a><\/p>\n","protected":false},"excerpt":{"rendered":"<p>Tel (voir le titre de cet article) \u00e9tait le titre du s\u00e9minaire du jeudi 13 novembre 2008 organis\u00e9 par l&rsquo;ANVIE sur les sujets de l&rsquo;entreprise 2.0. Ce s\u00e9minaire \u00e9tait co-organis\u00e9 par Richard Collin, professeur de l&rsquo;\u00e9cole de management de Grenoble, et directeur de l&rsquo;institut de l&rsquo;entreprise 2.0 ainsi que partenaire de notre ami Yves Duron de Next Mordernity. Parmi les intervenants citons notamment notre ami Henri Isaac de l&rsquo;universit\u00e9 Paris-Dauphine responsable scientifique de l&rsquo;observatoire du e-management dont nous avons eu l&rsquo;occasion de commenter le livre sur le e-commerce il y a quelques mois.<\/p>\n","protected":false},"author":2,"featured_media":34063,"comment_status":"open","ping_status":"open","sticky":false,"template":"","format":"standard","meta":{"footnotes":""},"categories":[10],"tags":[],"class_list":["post-1010","post","type-post","status-publish","format-standard","has-post-thumbnail","hentry","category-collaboration-et-teletravail"],"yoast_head":"<!-- This site is optimized with the Yoast SEO plugin v27.4 - https:\/\/yoast.com\/product\/yoast-seo-wordpress\/ -->\n<title>Comment manager pour plus d&#039;efficacit\u00e9 dans l&#039;innovation collective ?<\/title>\n<meta name=\"description\" content=\"Tel (voir le titre de cet article) \u00e9tait le titre du s\u00e9minaire du jeudi 13 novembre 2008 organis\u00e9 par l&#039;ANVIE sur les sujets de l&#039;entreprise 2.0. Ce s\u00e9minaire \u00e9tait co-organis\u00e9 par Richard Collin, professeur de l&#039;\u00e9cole de management de Grenoble, et directeur de l&#039;institut de l&#039;entreprise 2.0 ainsi que partenaire de notre ami Yves Duron de Next Mordernity. Parmi les intervenants citons notamment notre ami Henri Isaac de l&#039;universit\u00e9 Paris-Dauphine responsable scientifique de l&#039;observatoire du e-management dont nous avons eu l&#039;occasion de commenter le livre sur le e-commerce il y a quelques mois.\" \/>\n<meta name=\"robots\" content=\"index, follow, max-snippet:-1, max-image-preview:large, max-video-preview:-1\" \/>\n<link rel=\"canonical\" href=\"https:\/\/visionarymarketing.com\/fr\/2008\/11\/19\/innovation-collective\/\" \/>\n<meta property=\"og:locale\" content=\"fr_FR\" \/>\n<meta property=\"og:type\" content=\"article\" \/>\n<meta property=\"og:title\" content=\"Comment manager pour plus d&#039;efficacit\u00e9 dans l&#039;innovation collective ?\" \/>\n<meta property=\"og:description\" content=\"Tel (voir le titre de cet article) \u00e9tait le titre du s\u00e9minaire du jeudi 13 novembre 2008 organis\u00e9 par l&#039;ANVIE sur les sujets de l&#039;entreprise 2.0. Ce s\u00e9minaire \u00e9tait co-organis\u00e9 par Richard Collin, professeur de l&#039;\u00e9cole de management de Grenoble, et directeur de l&#039;institut de l&#039;entreprise 2.0 ainsi que partenaire de notre ami Yves Duron de Next Mordernity. Parmi les intervenants citons notamment notre ami Henri Isaac de l&#039;universit\u00e9 Paris-Dauphine responsable scientifique de l&#039;observatoire du e-management dont nous avons eu l&#039;occasion de commenter le livre sur le e-commerce il y a quelques mois.\" \/>\n<meta property=\"og:url\" content=\"https:\/\/visionarymarketing.com\/fr\/2008\/11\/19\/innovation-collective\/\" \/>\n<meta property=\"og:site_name\" content=\"Marketing and Innovation\" \/>\n<meta property=\"article:publisher\" content=\"https:\/\/www.facebook.com\/vismktg\" \/>\n<meta property=\"article:author\" content=\"http:\/\/facebook.com\/ygourven\" \/>\n<meta property=\"article:published_time\" content=\"2008-11-19T05:00:46+00:00\" \/>\n<meta property=\"article:modified_time\" content=\"2020-09-17T14:52:41+00:00\" \/>\n<meta property=\"og:image\" content=\"https:\/\/visionarymarketing.com\/wp-content\/uploads\/2019\/11\/48112460011_0d38a2b2a9_k.jpg\" \/>\n\t<meta property=\"og:image:width\" content=\"644\" \/>\n\t<meta property=\"og:image:height\" content=\"430\" \/>\n\t<meta property=\"og:image:type\" content=\"image\/jpeg\" \/>\n<meta name=\"author\" content=\"Yann Gourvennec\" \/>\n<meta name=\"twitter:card\" content=\"summary_large_image\" \/>\n<meta name=\"twitter:creator\" content=\"@ygourven\" \/>\n<meta name=\"twitter:site\" content=\"@ygourven\" \/>\n<meta name=\"twitter:label1\" content=\"\u00c9crit par\" \/>\n\t<meta name=\"twitter:data1\" content=\"Yann Gourvennec\" \/>\n\t<meta name=\"twitter:label2\" content=\"Dur\u00e9e de lecture estim\u00e9e\" \/>\n\t<meta name=\"twitter:data2\" content=\"2 minutes\" \/>\n<script type=\"application\/ld+json\" class=\"yoast-schema-graph\">{\"@context\":\"https:\\\/\\\/schema.org\",\"@graph\":[{\"@type\":\"NewsArticle\",\"@id\":\"https:\\\/\\\/visionarymarketing.com\\\/fr\\\/2008\\\/11\\\/19\\\/innovation-collective\\\/#article\",\"isPartOf\":{\"@id\":\"https:\\\/\\\/visionarymarketing.com\\\/fr\\\/2008\\\/11\\\/19\\\/innovation-collective\\\/\"},\"author\":{\"name\":\"Yann Gourvennec\",\"@id\":\"https:\\\/\\\/visionarymarketing.com\\\/fr\\\/#\\\/schema\\\/person\\\/3754fee1e558f47b8deb46f53c37423e\"},\"headline\":\"Comment manager pour plus d&rsquo;efficacit\u00e9 dans l&rsquo;innovation collective ?\",\"datePublished\":\"2008-11-19T05:00:46+00:00\",\"dateModified\":\"2020-09-17T14:52:41+00:00\",\"mainEntityOfPage\":{\"@id\":\"https:\\\/\\\/visionarymarketing.com\\\/fr\\\/2008\\\/11\\\/19\\\/innovation-collective\\\/\"},\"wordCount\":399,\"commentCount\":0,\"image\":{\"@id\":\"https:\\\/\\\/visionarymarketing.com\\\/fr\\\/2008\\\/11\\\/19\\\/innovation-collective\\\/#primaryimage\"},\"thumbnailUrl\":\"https:\\\/\\\/visionarymarketing.com\\\/wp-content\\\/uploads\\\/2019\\\/11\\\/48112460011_0d38a2b2a9_k.jpg\",\"articleSection\":[\"collaboration \\\/ t\u00e9l\u00e9travail\"],\"inLanguage\":\"fr-FR\",\"potentialAction\":[{\"@type\":\"CommentAction\",\"name\":\"Comment\",\"target\":[\"https:\\\/\\\/visionarymarketing.com\\\/fr\\\/2008\\\/11\\\/19\\\/innovation-collective\\\/#respond\"]}]},{\"@type\":\"WebPage\",\"@id\":\"https:\\\/\\\/visionarymarketing.com\\\/fr\\\/2008\\\/11\\\/19\\\/innovation-collective\\\/\",\"url\":\"https:\\\/\\\/visionarymarketing.com\\\/fr\\\/2008\\\/11\\\/19\\\/innovation-collective\\\/\",\"name\":\"Comment manager pour plus d'efficacit\u00e9 dans l'innovation collective ?\",\"isPartOf\":{\"@id\":\"https:\\\/\\\/visionarymarketing.com\\\/fr\\\/#website\"},\"primaryImageOfPage\":{\"@id\":\"https:\\\/\\\/visionarymarketing.com\\\/fr\\\/2008\\\/11\\\/19\\\/innovation-collective\\\/#primaryimage\"},\"image\":{\"@id\":\"https:\\\/\\\/visionarymarketing.com\\\/fr\\\/2008\\\/11\\\/19\\\/innovation-collective\\\/#primaryimage\"},\"thumbnailUrl\":\"https:\\\/\\\/visionarymarketing.com\\\/wp-content\\\/uploads\\\/2019\\\/11\\\/48112460011_0d38a2b2a9_k.jpg\",\"datePublished\":\"2008-11-19T05:00:46+00:00\",\"dateModified\":\"2020-09-17T14:52:41+00:00\",\"author\":{\"@id\":\"https:\\\/\\\/visionarymarketing.com\\\/fr\\\/#\\\/schema\\\/person\\\/3754fee1e558f47b8deb46f53c37423e\"},\"description\":\"Tel (voir le titre de cet article) \u00e9tait le titre du s\u00e9minaire du jeudi 13 novembre 2008 organis\u00e9 par l'ANVIE sur les sujets de l'entreprise 2.0. Ce s\u00e9minaire \u00e9tait co-organis\u00e9 par Richard Collin, professeur de l'\u00e9cole de management de Grenoble, et directeur de l'institut de l'entreprise 2.0 ainsi que partenaire de notre ami Yves Duron de Next Mordernity. Parmi les intervenants citons notamment notre ami Henri Isaac de l'universit\u00e9 Paris-Dauphine responsable scientifique de l'observatoire du e-management dont nous avons eu l'occasion de commenter le livre sur le e-commerce il y a quelques mois.\",\"breadcrumb\":{\"@id\":\"https:\\\/\\\/visionarymarketing.com\\\/fr\\\/2008\\\/11\\\/19\\\/innovation-collective\\\/#breadcrumb\"},\"inLanguage\":\"fr-FR\",\"potentialAction\":[{\"@type\":\"ReadAction\",\"target\":[\"https:\\\/\\\/visionarymarketing.com\\\/fr\\\/2008\\\/11\\\/19\\\/innovation-collective\\\/\"]}]},{\"@type\":\"ImageObject\",\"inLanguage\":\"fr-FR\",\"@id\":\"https:\\\/\\\/visionarymarketing.com\\\/fr\\\/2008\\\/11\\\/19\\\/innovation-collective\\\/#primaryimage\",\"url\":\"https:\\\/\\\/visionarymarketing.com\\\/wp-content\\\/uploads\\\/2019\\\/11\\\/48112460011_0d38a2b2a9_k.jpg\",\"contentUrl\":\"https:\\\/\\\/visionarymarketing.com\\\/wp-content\\\/uploads\\\/2019\\\/11\\\/48112460011_0d38a2b2a9_k.jpg\",\"width\":644,\"height\":430},{\"@type\":\"BreadcrumbList\",\"@id\":\"https:\\\/\\\/visionarymarketing.com\\\/fr\\\/2008\\\/11\\\/19\\\/innovation-collective\\\/#breadcrumb\",\"itemListElement\":[{\"@type\":\"ListItem\",\"position\":1,\"name\":\"Home\",\"item\":\"https:\\\/\\\/visionarymarketing.com\\\/fr\\\/\"},{\"@type\":\"ListItem\",\"position\":2,\"name\":\"Comment manager pour plus d&rsquo;efficacit\u00e9 dans l&rsquo;innovation collective ?\"}]},{\"@type\":\"WebSite\",\"@id\":\"https:\\\/\\\/visionarymarketing.com\\\/fr\\\/#website\",\"url\":\"https:\\\/\\\/visionarymarketing.com\\\/fr\\\/\",\"name\":\"Marketing and Innovation\",\"description\":\"Site d&#039;infos ind\u00e9pendant, depuis 1996\",\"potentialAction\":[{\"@type\":\"SearchAction\",\"target\":{\"@type\":\"EntryPoint\",\"urlTemplate\":\"https:\\\/\\\/visionarymarketing.com\\\/fr\\\/?s={search_term_string}\"},\"query-input\":{\"@type\":\"PropertyValueSpecification\",\"valueRequired\":true,\"valueName\":\"search_term_string\"}}],\"inLanguage\":\"fr-FR\"},{\"@type\":\"Person\",\"@id\":\"https:\\\/\\\/visionarymarketing.com\\\/fr\\\/#\\\/schema\\\/person\\\/3754fee1e558f47b8deb46f53c37423e\",\"name\":\"Yann Gourvennec\",\"image\":{\"@type\":\"ImageObject\",\"inLanguage\":\"fr-FR\",\"@id\":\"https:\\\/\\\/secure.gravatar.com\\\/avatar\\\/5972001801e8de5692a3e31224e85769f50a55fb8b679749f9c8d1868cceff14?s=96&d=initials&r=g&initials=yg\",\"url\":\"https:\\\/\\\/secure.gravatar.com\\\/avatar\\\/5972001801e8de5692a3e31224e85769f50a55fb8b679749f9c8d1868cceff14?s=96&d=initials&r=g&initials=yg\",\"contentUrl\":\"https:\\\/\\\/secure.gravatar.com\\\/avatar\\\/5972001801e8de5692a3e31224e85769f50a55fb8b679749f9c8d1868cceff14?s=96&d=initials&r=g&initials=yg\",\"caption\":\"Yann Gourvennec\"},\"description\":\"Yann Gourvennec created visionarymarketing.com in 1996. He is a speaker and author of many books. In 2014 he went from intrapreneur to entrepreneur, when he created his digital marketing agency. Yann Gourvennec a cr\u00e9\u00e9 visionarymarketing.com en 1996. Il est conf\u00e9rencier et auteur de plusieurs livres. En 2014, il est pass\u00e9 d'intrapreneur \u00e0 entrepreneur en cr\u00e9ant son agence de marketing num\u00e9rique.\",\"sameAs\":[\"https:\\\/\\\/visionarymarketing.com\",\"http:\\\/\\\/facebook.com\\\/ygourven\",\"http:\\\/\\\/linkedin.com\\\/in\\\/ygourven\",\"https:\\\/\\\/x.com\\\/ygourven\",\"https:\\\/\\\/www.youtube.com\\\/c\\\/visionarymarketingagency\"],\"url\":\"https:\\\/\\\/visionarymarketing.com\\\/fr\\\/author\\\/yann-gourvennec\\\/\"}]}<\/script>\n<!-- \/ Yoast SEO plugin. -->","yoast_head_json":{"title":"Comment manager pour plus d'efficacit\u00e9 dans l'innovation collective ?","description":"Tel (voir le titre de cet article) \u00e9tait le titre du s\u00e9minaire du jeudi 13 novembre 2008 organis\u00e9 par l'ANVIE sur les sujets de l'entreprise 2.0. Ce s\u00e9minaire \u00e9tait co-organis\u00e9 par Richard Collin, professeur de l'\u00e9cole de management de Grenoble, et directeur de l'institut de l'entreprise 2.0 ainsi que partenaire de notre ami Yves Duron de Next Mordernity. Parmi les intervenants citons notamment notre ami Henri Isaac de l'universit\u00e9 Paris-Dauphine responsable scientifique de l'observatoire du e-management dont nous avons eu l'occasion de commenter le livre sur le e-commerce il y a quelques mois.","robots":{"index":"index","follow":"follow","max-snippet":"max-snippet:-1","max-image-preview":"max-image-preview:large","max-video-preview":"max-video-preview:-1"},"canonical":"https:\/\/visionarymarketing.com\/fr\/2008\/11\/19\/innovation-collective\/","og_locale":"fr_FR","og_type":"article","og_title":"Comment manager pour plus d'efficacit\u00e9 dans l'innovation collective ?","og_description":"Tel (voir le titre de cet article) \u00e9tait le titre du s\u00e9minaire du jeudi 13 novembre 2008 organis\u00e9 par l'ANVIE sur les sujets de l'entreprise 2.0. Ce s\u00e9minaire \u00e9tait co-organis\u00e9 par Richard Collin, professeur de l'\u00e9cole de management de Grenoble, et directeur de l'institut de l'entreprise 2.0 ainsi que partenaire de notre ami Yves Duron de Next Mordernity. Parmi les intervenants citons notamment notre ami Henri Isaac de l'universit\u00e9 Paris-Dauphine responsable scientifique de l'observatoire du e-management dont nous avons eu l'occasion de commenter le livre sur le e-commerce il y a quelques mois.","og_url":"https:\/\/visionarymarketing.com\/fr\/2008\/11\/19\/innovation-collective\/","og_site_name":"Marketing and Innovation","article_publisher":"https:\/\/www.facebook.com\/vismktg","article_author":"http:\/\/facebook.com\/ygourven","article_published_time":"2008-11-19T05:00:46+00:00","article_modified_time":"2020-09-17T14:52:41+00:00","og_image":[{"width":644,"height":430,"url":"https:\/\/visionarymarketing.com\/wp-content\/uploads\/2019\/11\/48112460011_0d38a2b2a9_k.jpg","type":"image\/jpeg"}],"author":"Yann Gourvennec","twitter_card":"summary_large_image","twitter_creator":"@ygourven","twitter_site":"@ygourven","twitter_misc":{"\u00c9crit par":"Yann Gourvennec","Dur\u00e9e de lecture estim\u00e9e":"2 minutes"},"schema":{"@context":"https:\/\/schema.org","@graph":[{"@type":"NewsArticle","@id":"https:\/\/visionarymarketing.com\/fr\/2008\/11\/19\/innovation-collective\/#article","isPartOf":{"@id":"https:\/\/visionarymarketing.com\/fr\/2008\/11\/19\/innovation-collective\/"},"author":{"name":"Yann Gourvennec","@id":"https:\/\/visionarymarketing.com\/fr\/#\/schema\/person\/3754fee1e558f47b8deb46f53c37423e"},"headline":"Comment manager pour plus d&rsquo;efficacit\u00e9 dans l&rsquo;innovation collective ?","datePublished":"2008-11-19T05:00:46+00:00","dateModified":"2020-09-17T14:52:41+00:00","mainEntityOfPage":{"@id":"https:\/\/visionarymarketing.com\/fr\/2008\/11\/19\/innovation-collective\/"},"wordCount":399,"commentCount":0,"image":{"@id":"https:\/\/visionarymarketing.com\/fr\/2008\/11\/19\/innovation-collective\/#primaryimage"},"thumbnailUrl":"https:\/\/visionarymarketing.com\/wp-content\/uploads\/2019\/11\/48112460011_0d38a2b2a9_k.jpg","articleSection":["collaboration \/ t\u00e9l\u00e9travail"],"inLanguage":"fr-FR","potentialAction":[{"@type":"CommentAction","name":"Comment","target":["https:\/\/visionarymarketing.com\/fr\/2008\/11\/19\/innovation-collective\/#respond"]}]},{"@type":"WebPage","@id":"https:\/\/visionarymarketing.com\/fr\/2008\/11\/19\/innovation-collective\/","url":"https:\/\/visionarymarketing.com\/fr\/2008\/11\/19\/innovation-collective\/","name":"Comment manager pour plus d'efficacit\u00e9 dans l'innovation collective ?","isPartOf":{"@id":"https:\/\/visionarymarketing.com\/fr\/#website"},"primaryImageOfPage":{"@id":"https:\/\/visionarymarketing.com\/fr\/2008\/11\/19\/innovation-collective\/#primaryimage"},"image":{"@id":"https:\/\/visionarymarketing.com\/fr\/2008\/11\/19\/innovation-collective\/#primaryimage"},"thumbnailUrl":"https:\/\/visionarymarketing.com\/wp-content\/uploads\/2019\/11\/48112460011_0d38a2b2a9_k.jpg","datePublished":"2008-11-19T05:00:46+00:00","dateModified":"2020-09-17T14:52:41+00:00","author":{"@id":"https:\/\/visionarymarketing.com\/fr\/#\/schema\/person\/3754fee1e558f47b8deb46f53c37423e"},"description":"Tel (voir le titre de cet article) \u00e9tait le titre du s\u00e9minaire du jeudi 13 novembre 2008 organis\u00e9 par l'ANVIE sur les sujets de l'entreprise 2.0. Ce s\u00e9minaire \u00e9tait co-organis\u00e9 par Richard Collin, professeur de l'\u00e9cole de management de Grenoble, et directeur de l'institut de l'entreprise 2.0 ainsi que partenaire de notre ami Yves Duron de Next Mordernity. Parmi les intervenants citons notamment notre ami Henri Isaac de l'universit\u00e9 Paris-Dauphine responsable scientifique de l'observatoire du e-management dont nous avons eu l'occasion de commenter le livre sur le e-commerce il y a quelques mois.","breadcrumb":{"@id":"https:\/\/visionarymarketing.com\/fr\/2008\/11\/19\/innovation-collective\/#breadcrumb"},"inLanguage":"fr-FR","potentialAction":[{"@type":"ReadAction","target":["https:\/\/visionarymarketing.com\/fr\/2008\/11\/19\/innovation-collective\/"]}]},{"@type":"ImageObject","inLanguage":"fr-FR","@id":"https:\/\/visionarymarketing.com\/fr\/2008\/11\/19\/innovation-collective\/#primaryimage","url":"https:\/\/visionarymarketing.com\/wp-content\/uploads\/2019\/11\/48112460011_0d38a2b2a9_k.jpg","contentUrl":"https:\/\/visionarymarketing.com\/wp-content\/uploads\/2019\/11\/48112460011_0d38a2b2a9_k.jpg","width":644,"height":430},{"@type":"BreadcrumbList","@id":"https:\/\/visionarymarketing.com\/fr\/2008\/11\/19\/innovation-collective\/#breadcrumb","itemListElement":[{"@type":"ListItem","position":1,"name":"Home","item":"https:\/\/visionarymarketing.com\/fr\/"},{"@type":"ListItem","position":2,"name":"Comment manager pour plus d&rsquo;efficacit\u00e9 dans l&rsquo;innovation collective ?"}]},{"@type":"WebSite","@id":"https:\/\/visionarymarketing.com\/fr\/#website","url":"https:\/\/visionarymarketing.com\/fr\/","name":"Marketing and Innovation","description":"Site d&#039;infos ind\u00e9pendant, depuis 1996","potentialAction":[{"@type":"SearchAction","target":{"@type":"EntryPoint","urlTemplate":"https:\/\/visionarymarketing.com\/fr\/?s={search_term_string}"},"query-input":{"@type":"PropertyValueSpecification","valueRequired":true,"valueName":"search_term_string"}}],"inLanguage":"fr-FR"},{"@type":"Person","@id":"https:\/\/visionarymarketing.com\/fr\/#\/schema\/person\/3754fee1e558f47b8deb46f53c37423e","name":"Yann Gourvennec","image":{"@type":"ImageObject","inLanguage":"fr-FR","@id":"https:\/\/secure.gravatar.com\/avatar\/5972001801e8de5692a3e31224e85769f50a55fb8b679749f9c8d1868cceff14?s=96&d=initials&r=g&initials=yg","url":"https:\/\/secure.gravatar.com\/avatar\/5972001801e8de5692a3e31224e85769f50a55fb8b679749f9c8d1868cceff14?s=96&d=initials&r=g&initials=yg","contentUrl":"https:\/\/secure.gravatar.com\/avatar\/5972001801e8de5692a3e31224e85769f50a55fb8b679749f9c8d1868cceff14?s=96&d=initials&r=g&initials=yg","caption":"Yann Gourvennec"},"description":"Yann Gourvennec created visionarymarketing.com in 1996. He is a speaker and author of many books. In 2014 he went from intrapreneur to entrepreneur, when he created his digital marketing agency. Yann Gourvennec a cr\u00e9\u00e9 visionarymarketing.com en 1996. Il est conf\u00e9rencier et auteur de plusieurs livres. En 2014, il est pass\u00e9 d'intrapreneur \u00e0 entrepreneur en cr\u00e9ant son agence de marketing num\u00e9rique.","sameAs":["https:\/\/visionarymarketing.com","http:\/\/facebook.com\/ygourven","http:\/\/linkedin.com\/in\/ygourven","https:\/\/x.com\/ygourven","https:\/\/www.youtube.com\/c\/visionarymarketingagency"],"url":"https:\/\/visionarymarketing.com\/fr\/author\/yann-gourvennec\/"}]}},"_links":{"self":[{"href":"https:\/\/visionarymarketing.com\/fr\/wp-json\/wp\/v2\/posts\/1010","targetHints":{"allow":["GET"]}}],"collection":[{"href":"https:\/\/visionarymarketing.com\/fr\/wp-json\/wp\/v2\/posts"}],"about":[{"href":"https:\/\/visionarymarketing.com\/fr\/wp-json\/wp\/v2\/types\/post"}],"author":[{"embeddable":true,"href":"https:\/\/visionarymarketing.com\/fr\/wp-json\/wp\/v2\/users\/2"}],"replies":[{"embeddable":true,"href":"https:\/\/visionarymarketing.com\/fr\/wp-json\/wp\/v2\/comments?post=1010"}],"version-history":[{"count":0,"href":"https:\/\/visionarymarketing.com\/fr\/wp-json\/wp\/v2\/posts\/1010\/revisions"}],"wp:featuredmedia":[{"embeddable":true,"href":"https:\/\/visionarymarketing.com\/fr\/wp-json\/wp\/v2\/media\/34063"}],"wp:attachment":[{"href":"https:\/\/visionarymarketing.com\/fr\/wp-json\/wp\/v2\/media?parent=1010"}],"wp:term":[{"taxonomy":"category","embeddable":true,"href":"https:\/\/visionarymarketing.com\/fr\/wp-json\/wp\/v2\/categories?post=1010"},{"taxonomy":"post_tag","embeddable":true,"href":"https:\/\/visionarymarketing.com\/fr\/wp-json\/wp\/v2\/tags?post=1010"}],"curies":[{"name":"wp","href":"https:\/\/api.w.org\/{rel}","templated":true}]}}