{"id":81314,"date":"2024-09-20T20:01:57","date_gmt":"2024-09-20T18:01:57","guid":{"rendered":"https:\/\/visionarymarketing.com\/?p=81314"},"modified":"2025-10-29T09:11:58","modified_gmt":"2025-10-29T08:11:58","slug":"nrf-europe-retails-big-show","status":"publish","type":"post","link":"https:\/\/visionarymarketing.com\/en\/2024\/09\/20\/nrf-europe-retails-big-show\/","title":{"rendered":"NRF Europe: a new name for Paris Retail Week"},"content":{"rendered":"<p class=\"p2\"><em>Paris Retail Week is soon to be rebranded as NRF Europe. Matthew Shay, president and CEO of the NRF and Laurent Noel, Divisional Managing Director of France\u2019s B2B event giant Comexposium made a surprise announcement on the main stage of the Paris Retail Week exhibition show in Paris on September 17, 2024. Visionary Marketing is a media partner of Comexposium and the <a href=\"https:\/\/www.parisretailweek.com\/en\" target=\"_blank\" rel=\"noopener\">Paris Retail Week Show<\/a>.<\/em><\/p>\n<h2 class=\"p2\">PRW and NRF Join forces to create worldwide set of events dedicated to retail<\/h2>\n<p><img decoding=\"async\" class=\"aligncenter wp-image-81302 size-full\" src=\"https:\/\/visionarymarketing.com\/wp-content\/uploads\/2024\/09\/prw-yag-1-paris-retail-week-logo.jpg\" alt=\"NRF EUrope\" width=\"1029\" height=\"686\" srcset=\"https:\/\/visionarymarketing.com\/wp-content\/uploads\/2024\/09\/prw-yag-1-paris-retail-week-logo.jpg 1029w, https:\/\/visionarymarketing.com\/wp-content\/uploads\/2024\/09\/prw-yag-1-paris-retail-week-logo-450x300.jpg 450w, https:\/\/visionarymarketing.com\/wp-content\/uploads\/2024\/09\/prw-yag-1-paris-retail-week-logo-1024x683.jpg 1024w, https:\/\/visionarymarketing.com\/wp-content\/uploads\/2024\/09\/prw-yag-1-paris-retail-week-logo-768x512.jpg 768w\" sizes=\"(max-width: 1029px) 100vw, 1029px\" \/><\/p>\n<p class=\"p2\">The <a href=\"https:\/\/nrf.com\" target=\"_blank\" rel=\"noopener\">National Retail Federation<\/a> is the association in the United States that represents the retail industry, Shay declared. \u201cWe have members from around the world. And we conduct events in a number of markets, either in New York each January. We have almost 50,000 attendees and 40,000 exhibitors,\u201d he added.<!--more--><\/p>\n<figure id=\"attachment_81320\" aria-describedby=\"caption-attachment-81320\" style=\"width: 1029px\" class=\"wp-caption aligncenter\"><img decoding=\"async\" class=\"size-full wp-image-81320\" src=\"https:\/\/visionarymarketing.com\/wp-content\/uploads\/2024\/09\/prw-yag-5.jpg\" alt=\"From lefT to right, Comexposium's Noel, Matt Shay (NRF) and Arnaud Galler (Event director for PRW)\" width=\"1029\" height=\"686\" srcset=\"https:\/\/visionarymarketing.com\/wp-content\/uploads\/2024\/09\/prw-yag-5.jpg 1029w, https:\/\/visionarymarketing.com\/wp-content\/uploads\/2024\/09\/prw-yag-5-450x300.jpg 450w, https:\/\/visionarymarketing.com\/wp-content\/uploads\/2024\/09\/prw-yag-5-1024x683.jpg 1024w, https:\/\/visionarymarketing.com\/wp-content\/uploads\/2024\/09\/prw-yag-5-768x512.jpg 768w\" sizes=\"(max-width: 1029px) 100vw, 1029px\" \/><figcaption id=\"caption-attachment-81320\" class=\"wp-caption-text\">From LEFT to right, Comexposium&#8217;s Noel, Matt Shay (NRF) and Arnaud Gallet (Event director for PRW)<\/figcaption><\/figure>\n<p class=\"p2\">Paris Retail Week and the National Retail Federation have already worked collaboratively to launch the NRF retail event in Singapore, dedicated to Asia Pacific.<\/p>\n<p class=\"p2\">\u201cSo we decided to take our relationship further and are very excited that Paris Retail Week 2025 will be rebranded as the NRF 25 retail\u2019s Big Show, Europe. And we will continue to expand the events together in Paris and France and across Europe,\u201d he concluded.<\/p>\n<p class=\"p2\">In the meantime, we will go on reporting on some of the most interesting stories regarding the PRW 2024 show.<\/p>\n<div id='gallery-1' class='gallery galleryid-81314 gallery-columns-3 gallery-size-thumbnail'><figure class='gallery-item'>\n\t\t\t<div class='gallery-icon landscape'>\n\t\t\t\t<a href='https:\/\/visionarymarketing.com\/en\/prw-yag-3\/'><img decoding=\"async\" width=\"150\" height=\"150\" src=\"https:\/\/visionarymarketing.com\/wp-content\/uploads\/2024\/09\/prw-yag-3-150x150.jpg\" class=\"attachment-thumbnail size-thumbnail\" alt=\"\" \/><\/a>\n\t\t\t<\/div><\/figure><figure class='gallery-item'>\n\t\t\t<div class='gallery-icon landscape'>\n\t\t\t\t<a href='https:\/\/visionarymarketing.com\/en\/prw-yag-2\/'><img decoding=\"async\" width=\"150\" height=\"150\" src=\"https:\/\/visionarymarketing.com\/wp-content\/uploads\/2024\/09\/prw-yag-2-150x150.jpg\" class=\"attachment-thumbnail size-thumbnail\" alt=\"\" \/><\/a>\n\t\t\t<\/div><\/figure><figure class='gallery-item'>\n\t\t\t<div class='gallery-icon landscape'>\n\t\t\t\t<a href='https:\/\/visionarymarketing.com\/en\/prw-yag-1-paris-retail-week-logo\/'><img decoding=\"async\" width=\"150\" height=\"150\" src=\"https:\/\/visionarymarketing.com\/wp-content\/uploads\/2024\/09\/prw-yag-1-paris-retail-week-logo-1-150x150.jpg\" class=\"attachment-thumbnail size-thumbnail\" alt=\"\" \/><\/a>\n\t\t\t<\/div><\/figure><figure class='gallery-item'>\n\t\t\t<div class='gallery-icon landscape'>\n\t\t\t\t<a href='https:\/\/visionarymarketing.com\/en\/2024\/09\/20\/nrf-europe-retails-big-show\/prw-yag-5\/'><img decoding=\"async\" width=\"150\" height=\"150\" src=\"https:\/\/visionarymarketing.com\/wp-content\/uploads\/2024\/09\/prw-yag-5-150x150.jpg\" class=\"attachment-thumbnail size-thumbnail\" alt=\"From lefT to right, Comexposium&#039;s Noel, Matt Shay (NRF) and Arnaud Galler (Event director for PRW)\" aria-describedby=\"gallery-1-81320\" \/><\/a>\n\t\t\t<\/div>\n\t\t\t\t<figcaption class='wp-caption-text gallery-caption' id='gallery-1-81320'>\n\t\t\t\tFrom lefT to right, Comexposium&#8217;s Noel, Matt Shay (NRF) and Arnaud Galler (Event director for PRW)\n\t\t\t\t<\/figcaption><\/figure><figure class='gallery-item'>\n\t\t\t<div class='gallery-icon landscape'>\n\t\t\t\t<a href='https:\/\/visionarymarketing.com\/en\/2024\/09\/20\/nrf-europe-retails-big-show\/prw-yag-4\/'><img decoding=\"async\" width=\"150\" height=\"150\" src=\"https:\/\/visionarymarketing.com\/wp-content\/uploads\/2024\/09\/prw-yag-4-150x150.jpg\" class=\"attachment-thumbnail size-thumbnail\" alt=\"\" \/><\/a>\n\t\t\t<\/div><\/figure>\n\t\t<\/div>\n\n<p>&nbsp;<\/p>\n","protected":false},"excerpt":{"rendered":"<p>Paris Retail Week is soon to be rebranded as NRF Europe. Matthew Shay, president and CEO of the NRF and Laurent Noel, Divisional Managing Director of France\u2019s B2B event giant Comexposium made a surprise announcement on the main stage of the Paris Retail Week exhibition show in Paris on September 17, 2024. Visionary Marketing is &hellip;<\/p>\n","protected":false},"author":2,"featured_media":81316,"comment_status":"open","ping_status":"open","sticky":false,"template":"","format":"standard","meta":{"footnotes":""},"categories":[5128],"tags":[],"class_list":["post-81314","post","type-post","status-publish","format-standard","has-post-thumbnail","hentry","category-breaking-news"],"yoast_head":"<!-- This site is optimized with the Yoast SEO plugin v27.5 - https:\/\/yoast.com\/product\/yoast-seo-wordpress\/ -->\n<title>NRF Europe: a new name for Paris Retail Week<\/title>\n<meta name=\"description\" content=\"Paris Retail Week is soon to be rebranded as NRF Europe. Matthew Shay, president and CEO of the NRF and Laurent Noel, Divisional Managing Director of\" \/>\n<meta name=\"robots\" content=\"index, follow, max-snippet:-1, max-image-preview:large, max-video-preview:-1\" \/>\n<link rel=\"canonical\" href=\"https:\/\/visionarymarketing.com\/en\/2024\/09\/20\/nrf-europe-retails-big-show\/\" \/>\n<meta property=\"og:locale\" content=\"en_US\" \/>\n<meta property=\"og:type\" content=\"article\" \/>\n<meta property=\"og:title\" content=\"NRF Europe: a new name for Paris Retail Week\" \/>\n<meta property=\"og:description\" content=\"Paris Retail Week is soon to be rebranded as NRF Europe. Matthew Shay, president and CEO of the NRF and Laurent Noel, Divisional Managing Director of\" \/>\n<meta property=\"og:url\" content=\"https:\/\/visionarymarketing.com\/en\/2024\/09\/20\/nrf-europe-retails-big-show\/\" \/>\n<meta property=\"og:site_name\" content=\"Marketing and Innovation\" \/>\n<meta property=\"article:publisher\" content=\"https:\/\/www.facebook.com\/vismktg\" \/>\n<meta property=\"article:author\" content=\"http:\/\/facebook.com\/ygourven\" \/>\n<meta property=\"article:published_time\" content=\"2024-09-20T18:01:57+00:00\" \/>\n<meta property=\"article:modified_time\" content=\"2025-10-29T08:11:58+00:00\" \/>\n<meta property=\"og:image\" content=\"https:\/\/visionarymarketing.com\/wp-content\/uploads\/2024\/09\/prw-yag-1-paris-retail-week-logo-1.jpg\" \/>\n\t<meta property=\"og:image:width\" content=\"1029\" \/>\n\t<meta property=\"og:image:height\" content=\"686\" \/>\n\t<meta property=\"og:image:type\" content=\"image\/jpeg\" \/>\n<meta name=\"author\" content=\"Yann Gourvennec\" \/>\n<meta name=\"twitter:card\" content=\"summary_large_image\" \/>\n<meta name=\"twitter:creator\" content=\"@ygourven\" \/>\n<meta name=\"twitter:site\" content=\"@ygourven\" \/>\n<meta name=\"twitter:label1\" content=\"Written by\" \/>\n\t<meta name=\"twitter:data1\" content=\"Yann Gourvennec\" \/>\n\t<meta name=\"twitter:label2\" content=\"Est. reading time\" \/>\n\t<meta name=\"twitter:data2\" content=\"2 minutes\" \/>\n<script type=\"application\/ld+json\" class=\"yoast-schema-graph\">{\"@context\":\"https:\\\/\\\/schema.org\",\"@graph\":[{\"@type\":\"NewsArticle\",\"@id\":\"https:\\\/\\\/visionarymarketing.com\\\/en\\\/2024\\\/09\\\/20\\\/nrf-europe-retails-big-show\\\/#article\",\"isPartOf\":{\"@id\":\"https:\\\/\\\/visionarymarketing.com\\\/en\\\/2024\\\/09\\\/20\\\/nrf-europe-retails-big-show\\\/\"},\"author\":{\"name\":\"Yann Gourvennec\",\"@id\":\"https:\\\/\\\/visionarymarketing.com\\\/en\\\/#\\\/schema\\\/person\\\/3754fee1e558f47b8deb46f53c37423e\"},\"headline\":\"NRF Europe: a new name for Paris Retail Week\",\"datePublished\":\"2024-09-20T18:01:57+00:00\",\"dateModified\":\"2025-10-29T08:11:58+00:00\",\"mainEntityOfPage\":{\"@id\":\"https:\\\/\\\/visionarymarketing.com\\\/en\\\/2024\\\/09\\\/20\\\/nrf-europe-retails-big-show\\\/\"},\"wordCount\":252,\"commentCount\":0,\"image\":{\"@id\":\"https:\\\/\\\/visionarymarketing.com\\\/en\\\/2024\\\/09\\\/20\\\/nrf-europe-retails-big-show\\\/#primaryimage\"},\"thumbnailUrl\":\"https:\\\/\\\/visionarymarketing.com\\\/wp-content\\\/uploads\\\/2024\\\/09\\\/prw-yag-1-paris-retail-week-logo-1.jpg\",\"articleSection\":[\"Breaking News\"],\"inLanguage\":\"en-US\",\"potentialAction\":[{\"@type\":\"CommentAction\",\"name\":\"Comment\",\"target\":[\"https:\\\/\\\/visionarymarketing.com\\\/en\\\/2024\\\/09\\\/20\\\/nrf-europe-retails-big-show\\\/#respond\"]}]},{\"@type\":\"WebPage\",\"@id\":\"https:\\\/\\\/visionarymarketing.com\\\/en\\\/2024\\\/09\\\/20\\\/nrf-europe-retails-big-show\\\/\",\"url\":\"https:\\\/\\\/visionarymarketing.com\\\/en\\\/2024\\\/09\\\/20\\\/nrf-europe-retails-big-show\\\/\",\"name\":\"NRF Europe: a new name for Paris Retail Week\",\"isPartOf\":{\"@id\":\"https:\\\/\\\/visionarymarketing.com\\\/en\\\/#website\"},\"primaryImageOfPage\":{\"@id\":\"https:\\\/\\\/visionarymarketing.com\\\/en\\\/2024\\\/09\\\/20\\\/nrf-europe-retails-big-show\\\/#primaryimage\"},\"image\":{\"@id\":\"https:\\\/\\\/visionarymarketing.com\\\/en\\\/2024\\\/09\\\/20\\\/nrf-europe-retails-big-show\\\/#primaryimage\"},\"thumbnailUrl\":\"https:\\\/\\\/visionarymarketing.com\\\/wp-content\\\/uploads\\\/2024\\\/09\\\/prw-yag-1-paris-retail-week-logo-1.jpg\",\"datePublished\":\"2024-09-20T18:01:57+00:00\",\"dateModified\":\"2025-10-29T08:11:58+00:00\",\"author\":{\"@id\":\"https:\\\/\\\/visionarymarketing.com\\\/en\\\/#\\\/schema\\\/person\\\/3754fee1e558f47b8deb46f53c37423e\"},\"description\":\"Paris Retail Week is soon to be rebranded as NRF Europe. Matthew Shay, president and CEO of the NRF and Laurent Noel, Divisional Managing Director of\",\"breadcrumb\":{\"@id\":\"https:\\\/\\\/visionarymarketing.com\\\/en\\\/2024\\\/09\\\/20\\\/nrf-europe-retails-big-show\\\/#breadcrumb\"},\"inLanguage\":\"en-US\",\"potentialAction\":[{\"@type\":\"ReadAction\",\"target\":[\"https:\\\/\\\/visionarymarketing.com\\\/en\\\/2024\\\/09\\\/20\\\/nrf-europe-retails-big-show\\\/\"]}]},{\"@type\":\"ImageObject\",\"inLanguage\":\"en-US\",\"@id\":\"https:\\\/\\\/visionarymarketing.com\\\/en\\\/2024\\\/09\\\/20\\\/nrf-europe-retails-big-show\\\/#primaryimage\",\"url\":\"https:\\\/\\\/visionarymarketing.com\\\/wp-content\\\/uploads\\\/2024\\\/09\\\/prw-yag-1-paris-retail-week-logo-1.jpg\",\"contentUrl\":\"https:\\\/\\\/visionarymarketing.com\\\/wp-content\\\/uploads\\\/2024\\\/09\\\/prw-yag-1-paris-retail-week-logo-1.jpg\",\"width\":1029,\"height\":686},{\"@type\":\"BreadcrumbList\",\"@id\":\"https:\\\/\\\/visionarymarketing.com\\\/en\\\/2024\\\/09\\\/20\\\/nrf-europe-retails-big-show\\\/#breadcrumb\",\"itemListElement\":[{\"@type\":\"ListItem\",\"position\":1,\"name\":\"Home\",\"item\":\"https:\\\/\\\/visionarymarketing.com\\\/en\\\/\"},{\"@type\":\"ListItem\",\"position\":2,\"name\":\"NRF Europe: a new name for Paris Retail Week\"}]},{\"@type\":\"WebSite\",\"@id\":\"https:\\\/\\\/visionarymarketing.com\\\/en\\\/#website\",\"url\":\"https:\\\/\\\/visionarymarketing.com\\\/en\\\/\",\"name\":\"Marketing and Innovation\",\"description\":\"Independent News Website, Since 1996\",\"potentialAction\":[{\"@type\":\"SearchAction\",\"target\":{\"@type\":\"EntryPoint\",\"urlTemplate\":\"https:\\\/\\\/visionarymarketing.com\\\/en\\\/?s={search_term_string}\"},\"query-input\":{\"@type\":\"PropertyValueSpecification\",\"valueRequired\":true,\"valueName\":\"search_term_string\"}}],\"inLanguage\":\"en-US\"},{\"@type\":\"Person\",\"@id\":\"https:\\\/\\\/visionarymarketing.com\\\/en\\\/#\\\/schema\\\/person\\\/3754fee1e558f47b8deb46f53c37423e\",\"name\":\"Yann Gourvennec\",\"image\":{\"@type\":\"ImageObject\",\"inLanguage\":\"en-US\",\"@id\":\"https:\\\/\\\/secure.gravatar.com\\\/avatar\\\/5972001801e8de5692a3e31224e85769f50a55fb8b679749f9c8d1868cceff14?s=96&d=initials&r=g&initials=yg\",\"url\":\"https:\\\/\\\/secure.gravatar.com\\\/avatar\\\/5972001801e8de5692a3e31224e85769f50a55fb8b679749f9c8d1868cceff14?s=96&d=initials&r=g&initials=yg\",\"contentUrl\":\"https:\\\/\\\/secure.gravatar.com\\\/avatar\\\/5972001801e8de5692a3e31224e85769f50a55fb8b679749f9c8d1868cceff14?s=96&d=initials&r=g&initials=yg\",\"caption\":\"Yann Gourvennec\"},\"description\":\"Yann Gourvennec created visionarymarketing.com in 1996. He is a speaker and author of many books. In 2014 he went from intrapreneur to entrepreneur, when he created his digital marketing agency. Yann Gourvennec a cr\u00e9\u00e9 visionarymarketing.com en 1996. Il est conf\u00e9rencier et auteur de plusieurs livres. En 2014, il est pass\u00e9 d'intrapreneur \u00e0 entrepreneur en cr\u00e9ant son agence de marketing num\u00e9rique.\",\"sameAs\":[\"https:\\\/\\\/visionarymarketing.com\",\"http:\\\/\\\/facebook.com\\\/ygourven\",\"http:\\\/\\\/linkedin.com\\\/in\\\/ygourven\",\"https:\\\/\\\/x.com\\\/ygourven\",\"https:\\\/\\\/www.youtube.com\\\/c\\\/visionarymarketingagency\"],\"url\":\"https:\\\/\\\/visionarymarketing.com\\\/en\\\/author\\\/yann-gourvennec\\\/\"}]}<\/script>\n<!-- \/ Yoast SEO plugin. -->","yoast_head_json":{"title":"NRF Europe: a new name for Paris Retail Week","description":"Paris Retail Week is soon to be rebranded as NRF Europe. Matthew Shay, president and CEO of the NRF and Laurent Noel, Divisional Managing Director of","robots":{"index":"index","follow":"follow","max-snippet":"max-snippet:-1","max-image-preview":"max-image-preview:large","max-video-preview":"max-video-preview:-1"},"canonical":"https:\/\/visionarymarketing.com\/en\/2024\/09\/20\/nrf-europe-retails-big-show\/","og_locale":"en_US","og_type":"article","og_title":"NRF Europe: a new name for Paris Retail Week","og_description":"Paris Retail Week is soon to be rebranded as NRF Europe. Matthew Shay, president and CEO of the NRF and Laurent Noel, Divisional Managing Director of","og_url":"https:\/\/visionarymarketing.com\/en\/2024\/09\/20\/nrf-europe-retails-big-show\/","og_site_name":"Marketing and Innovation","article_publisher":"https:\/\/www.facebook.com\/vismktg","article_author":"http:\/\/facebook.com\/ygourven","article_published_time":"2024-09-20T18:01:57+00:00","article_modified_time":"2025-10-29T08:11:58+00:00","og_image":[{"width":1029,"height":686,"url":"https:\/\/visionarymarketing.com\/wp-content\/uploads\/2024\/09\/prw-yag-1-paris-retail-week-logo-1.jpg","type":"image\/jpeg"}],"author":"Yann Gourvennec","twitter_card":"summary_large_image","twitter_creator":"@ygourven","twitter_site":"@ygourven","twitter_misc":{"Written by":"Yann Gourvennec","Est. reading time":"2 minutes"},"schema":{"@context":"https:\/\/schema.org","@graph":[{"@type":"NewsArticle","@id":"https:\/\/visionarymarketing.com\/en\/2024\/09\/20\/nrf-europe-retails-big-show\/#article","isPartOf":{"@id":"https:\/\/visionarymarketing.com\/en\/2024\/09\/20\/nrf-europe-retails-big-show\/"},"author":{"name":"Yann Gourvennec","@id":"https:\/\/visionarymarketing.com\/en\/#\/schema\/person\/3754fee1e558f47b8deb46f53c37423e"},"headline":"NRF Europe: a new name for Paris Retail Week","datePublished":"2024-09-20T18:01:57+00:00","dateModified":"2025-10-29T08:11:58+00:00","mainEntityOfPage":{"@id":"https:\/\/visionarymarketing.com\/en\/2024\/09\/20\/nrf-europe-retails-big-show\/"},"wordCount":252,"commentCount":0,"image":{"@id":"https:\/\/visionarymarketing.com\/en\/2024\/09\/20\/nrf-europe-retails-big-show\/#primaryimage"},"thumbnailUrl":"https:\/\/visionarymarketing.com\/wp-content\/uploads\/2024\/09\/prw-yag-1-paris-retail-week-logo-1.jpg","articleSection":["Breaking News"],"inLanguage":"en-US","potentialAction":[{"@type":"CommentAction","name":"Comment","target":["https:\/\/visionarymarketing.com\/en\/2024\/09\/20\/nrf-europe-retails-big-show\/#respond"]}]},{"@type":"WebPage","@id":"https:\/\/visionarymarketing.com\/en\/2024\/09\/20\/nrf-europe-retails-big-show\/","url":"https:\/\/visionarymarketing.com\/en\/2024\/09\/20\/nrf-europe-retails-big-show\/","name":"NRF Europe: a new name for Paris Retail Week","isPartOf":{"@id":"https:\/\/visionarymarketing.com\/en\/#website"},"primaryImageOfPage":{"@id":"https:\/\/visionarymarketing.com\/en\/2024\/09\/20\/nrf-europe-retails-big-show\/#primaryimage"},"image":{"@id":"https:\/\/visionarymarketing.com\/en\/2024\/09\/20\/nrf-europe-retails-big-show\/#primaryimage"},"thumbnailUrl":"https:\/\/visionarymarketing.com\/wp-content\/uploads\/2024\/09\/prw-yag-1-paris-retail-week-logo-1.jpg","datePublished":"2024-09-20T18:01:57+00:00","dateModified":"2025-10-29T08:11:58+00:00","author":{"@id":"https:\/\/visionarymarketing.com\/en\/#\/schema\/person\/3754fee1e558f47b8deb46f53c37423e"},"description":"Paris Retail Week is soon to be rebranded as NRF Europe. Matthew Shay, president and CEO of the NRF and Laurent Noel, Divisional Managing Director of","breadcrumb":{"@id":"https:\/\/visionarymarketing.com\/en\/2024\/09\/20\/nrf-europe-retails-big-show\/#breadcrumb"},"inLanguage":"en-US","potentialAction":[{"@type":"ReadAction","target":["https:\/\/visionarymarketing.com\/en\/2024\/09\/20\/nrf-europe-retails-big-show\/"]}]},{"@type":"ImageObject","inLanguage":"en-US","@id":"https:\/\/visionarymarketing.com\/en\/2024\/09\/20\/nrf-europe-retails-big-show\/#primaryimage","url":"https:\/\/visionarymarketing.com\/wp-content\/uploads\/2024\/09\/prw-yag-1-paris-retail-week-logo-1.jpg","contentUrl":"https:\/\/visionarymarketing.com\/wp-content\/uploads\/2024\/09\/prw-yag-1-paris-retail-week-logo-1.jpg","width":1029,"height":686},{"@type":"BreadcrumbList","@id":"https:\/\/visionarymarketing.com\/en\/2024\/09\/20\/nrf-europe-retails-big-show\/#breadcrumb","itemListElement":[{"@type":"ListItem","position":1,"name":"Home","item":"https:\/\/visionarymarketing.com\/en\/"},{"@type":"ListItem","position":2,"name":"NRF Europe: a new name for Paris Retail Week"}]},{"@type":"WebSite","@id":"https:\/\/visionarymarketing.com\/en\/#website","url":"https:\/\/visionarymarketing.com\/en\/","name":"Marketing and Innovation","description":"Independent News Website, Since 1996","potentialAction":[{"@type":"SearchAction","target":{"@type":"EntryPoint","urlTemplate":"https:\/\/visionarymarketing.com\/en\/?s={search_term_string}"},"query-input":{"@type":"PropertyValueSpecification","valueRequired":true,"valueName":"search_term_string"}}],"inLanguage":"en-US"},{"@type":"Person","@id":"https:\/\/visionarymarketing.com\/en\/#\/schema\/person\/3754fee1e558f47b8deb46f53c37423e","name":"Yann Gourvennec","image":{"@type":"ImageObject","inLanguage":"en-US","@id":"https:\/\/secure.gravatar.com\/avatar\/5972001801e8de5692a3e31224e85769f50a55fb8b679749f9c8d1868cceff14?s=96&d=initials&r=g&initials=yg","url":"https:\/\/secure.gravatar.com\/avatar\/5972001801e8de5692a3e31224e85769f50a55fb8b679749f9c8d1868cceff14?s=96&d=initials&r=g&initials=yg","contentUrl":"https:\/\/secure.gravatar.com\/avatar\/5972001801e8de5692a3e31224e85769f50a55fb8b679749f9c8d1868cceff14?s=96&d=initials&r=g&initials=yg","caption":"Yann Gourvennec"},"description":"Yann Gourvennec created visionarymarketing.com in 1996. He is a speaker and author of many books. In 2014 he went from intrapreneur to entrepreneur, when he created his digital marketing agency. Yann Gourvennec a cr\u00e9\u00e9 visionarymarketing.com en 1996. Il est conf\u00e9rencier et auteur de plusieurs livres. En 2014, il est pass\u00e9 d'intrapreneur \u00e0 entrepreneur en cr\u00e9ant son agence de marketing num\u00e9rique.","sameAs":["https:\/\/visionarymarketing.com","http:\/\/facebook.com\/ygourven","http:\/\/linkedin.com\/in\/ygourven","https:\/\/x.com\/ygourven","https:\/\/www.youtube.com\/c\/visionarymarketingagency"],"url":"https:\/\/visionarymarketing.com\/en\/author\/yann-gourvennec\/"}]}},"_links":{"self":[{"href":"https:\/\/visionarymarketing.com\/en\/wp-json\/wp\/v2\/posts\/81314","targetHints":{"allow":["GET"]}}],"collection":[{"href":"https:\/\/visionarymarketing.com\/en\/wp-json\/wp\/v2\/posts"}],"about":[{"href":"https:\/\/visionarymarketing.com\/en\/wp-json\/wp\/v2\/types\/post"}],"author":[{"embeddable":true,"href":"https:\/\/visionarymarketing.com\/en\/wp-json\/wp\/v2\/users\/2"}],"replies":[{"embeddable":true,"href":"https:\/\/visionarymarketing.com\/en\/wp-json\/wp\/v2\/comments?post=81314"}],"version-history":[{"count":0,"href":"https:\/\/visionarymarketing.com\/en\/wp-json\/wp\/v2\/posts\/81314\/revisions"}],"wp:featuredmedia":[{"embeddable":true,"href":"https:\/\/visionarymarketing.com\/en\/wp-json\/wp\/v2\/media\/81316"}],"wp:attachment":[{"href":"https:\/\/visionarymarketing.com\/en\/wp-json\/wp\/v2\/media?parent=81314"}],"wp:term":[{"taxonomy":"category","embeddable":true,"href":"https:\/\/visionarymarketing.com\/en\/wp-json\/wp\/v2\/categories?post=81314"},{"taxonomy":"post_tag","embeddable":true,"href":"https:\/\/visionarymarketing.com\/en\/wp-json\/wp\/v2\/tags?post=81314"}],"curies":[{"name":"wp","href":"https:\/\/api.w.org\/{rel}","templated":true}]}}