{"id":69540,"date":"2022-10-03T13:23:30","date_gmt":"2022-10-03T11:23:30","guid":{"rendered":"https:\/\/visionarymarketing.com\/?p=69540"},"modified":"2023-06-05T16:46:06","modified_gmt":"2023-06-05T14:46:06","slug":"consumer-data-europeans-are-concerned-about-their-data","status":"publish","type":"post","link":"https:\/\/visionarymarketing.com\/en\/2022\/10\/03\/consumer-data-europeans-are-concerned-about-their-data\/","title":{"rendered":"European consumers are concerned about how brands are using their data"},"content":{"rendered":"<p><em>Companies have been driving a wedge between them and their customers by misusing the personal consumer data they&#8217;ve collected. This generates a level of mistrust and has even caused many consumers to avoid these brands. To give us a better understanding of this situation, we look into the <a href=\"https:\/\/visionarymarketing.com\/wp-content\/uploads\/2022\/06\/trust-report-emea-fr-incl.pdf\">Adobe Trust Report<\/a>* and an interview conducted with <a href=\"https:\/\/www.linkedin.com\/in\/claudia-senik-12919220\/\">Claudia Senik<\/a>, a professor at the Paris School of Economics.<\/em><\/p>\n<h2><strong>European consumers are concerned about how brands are using their data<\/strong><\/h2>\n<p><img decoding=\"async\" class=\"size-full wp-image-69513\" src=\"https:\/\/visionarymarketing.com\/wp-content\/uploads\/2022\/06\/jumpstory-download20220607-191201.jpg\" alt=\"data usage\" width=\"640\" height=\"414\" \/><\/p>\n<p><i style=\"color: darkblue; font-size: 15px;\">* Disclosure, Adobe is a client of Visionary Marketing<\/i><\/p>\n<p><!--more--><\/p>\n<h3><strong>The Data Concern of the European Consumer<\/strong><\/h3>\n<figure id=\"attachment_69517\" aria-describedby=\"caption-attachment-69517\" style=\"width: 169px\" class=\"wp-caption alignright\"><img decoding=\"async\" class=\"wp-image-69517 \" src=\"https:\/\/visionarymarketing.com\/wp-content\/uploads\/2022\/06\/b3640ab-21375-io9puttjgx-e1654629994315.jpg\" alt=\"\" width=\"169\" height=\"169\" srcset=\"https:\/\/visionarymarketing.com\/wp-content\/uploads\/2022\/06\/b3640ab-21375-io9puttjgx-e1654629994315.jpg 250w, https:\/\/visionarymarketing.com\/wp-content\/uploads\/2022\/06\/b3640ab-21375-io9puttjgx-e1654629994315-150x150.jpg 150w\" sizes=\"(max-width: 169px) 100vw, 169px\" \/><figcaption id=\"caption-attachment-69517\" class=\"wp-caption-text\">Claudia Senik (drawing)<\/figcaption><\/figure>\n<p>The <strong>Adobe Trust Report EMEA research study<\/strong> focuses on seven countries including <strong>Belgium, Denmark, France, Germany, Netherlands, Sweden, <\/strong>and the<strong> UK<\/strong>. Evidently,\u00a0<strong>75%<\/strong> of consumers are <strong>concerned<\/strong> with the <strong>personal data<\/strong> that is being collected and how their data is being <strong>used<\/strong>.<\/p>\n<p><strong>Claudia Senik\u00a0<\/strong>The study found that <strong>most<\/strong> <strong>European consumers<\/strong> worry about how brands will use their data and care <strong>even more<\/strong> about having the <strong>ability to control<\/strong>\u00a0how the data is being used by these companies.<\/p>\n<blockquote class=\"quote-light\"><p><span style=\"font-size: 1.25rem;\">71% of European consumers are concerned with how their data is being used<\/span><\/p>\n<p>78% of European consumers say it is important to be able to choose how companies use their data<\/p><\/blockquote>\n<h3><strong>Are Consumers Giving Consent Too Quickly?<\/strong><\/h3>\n<p style=\"font-weight: 400;\"><strong>Claudia Senik\u00a0<\/strong>The fact of the matter is that most consumers care about how their data will be used, but when it comes to <strong>taking action<\/strong>, they tend to simply click &#8220;<strong>I agree<\/strong>&#8221; without much forethought. In contrast, unconsciously <strong>giving up<\/strong> <strong>that care<\/strong>\u00a0when entering a site.<\/p>\n<blockquote class=\"quote-light\"><p>The cost imposed by frequently checking the conditions attached to the data usage of a site is less than the time saved by blindly accepting it<\/p><\/blockquote>\n<p>This is a <strong>phenomenon<\/strong> that <strong><a href=\"https:\/\/www.exploring-economics.org\/en\/orientation\/behavioral-economics\/\">behavioural economics<\/a><\/strong> has highlighted. In fact, people tend to take the path of <strong>least resistance<\/strong> especially when there are <strong>time<\/strong> or <strong>cognitive restraints<\/strong>. In this case, most people tend to <strong>blindly<\/strong> enter sites rather than <strong>reading through the allowances<\/strong> to select which data they are willing to share <strong>beforehand<\/strong>.<\/p>\n<h3><strong>Is Consumer Data Privacy a Concern for Companies?<\/strong><\/h3>\n<p>Great <strong>trust<\/strong>\u00a0is granted by the consumer. Companies are expected to keep the collected data <strong>secure and private<\/strong>\u00a0and treated with <strong>great<\/strong> <strong>importance<\/strong>.<\/p>\n<blockquote class=\"quote-light\"><p>The study found that only <strong>43%\u00a0<\/strong>of executives declare that having strong data privacy is a top priority for their company<\/p><\/blockquote>\n<p style=\"font-weight: 400;\"><strong>66%<\/strong> of these executives believe that the <strong>benefits<\/strong> the consumers will receive will <strong>outweigh<\/strong> the potential<strong> risks<\/strong>.<\/p>\n<p style=\"font-weight: 400;\"><strong>Consumers don&#8217;t feel the same.<\/strong><\/p>\n<blockquote class=\"quote-light\">\n<div class=\"page\" title=\"Page 10\">\n<div class=\"section\">\n<div class=\"layoutArea\">\n<div class=\"column\">\n<p>Only 25% of consumers agree that the potential benefits will outweigh the potential risks<\/p>\n<\/div>\n<\/div>\n<\/div>\n<\/div>\n<\/blockquote>\n<figure id=\"attachment_59579\" aria-describedby=\"caption-attachment-59579\" style=\"width: 519px\" class=\"wp-caption aligncenter\"><img decoding=\"async\" class=\"wp-image-59579 size-full\" src=\"https:\/\/visionarymarketing.com\/wp-content\/uploads\/2019\/06\/facebook-bearing-cross.jpg\" alt=\"Facebook ethics bearing cross\" width=\"519\" height=\"340\" srcset=\"https:\/\/visionarymarketing.com\/wp-content\/uploads\/2019\/06\/facebook-bearing-cross.jpg 519w, https:\/\/visionarymarketing.com\/wp-content\/uploads\/2019\/06\/facebook-bearing-cross-458x300.jpg 458w\" sizes=\"(max-width: 519px) 100vw, 519px\" \/><figcaption id=\"caption-attachment-59579\" class=\"wp-caption-text\">Street Art: Zuckerberg bearing his cross &#8211; Paris St Jacques (2019)<\/figcaption><\/figure>\n<blockquote class=\"quote-light\"><p>When I got started in my dorm room at Harvard, the question a lot of people asked was &#8216;why would I want to put any information on the Internet at all? Why would I want to have a website?&#8217;<\/p>\n<p>And then in the last 5 or 6 years, blogging has taken off in a huge way and all these different services that have people sharing all this information. <strong>People have really gotten comfortable not only sharing more information and different kinds, but more openly and with more people.<\/strong> That social norm is just something that has evolved over time.<\/p>\n<ul>\n<li>Mark Zuckerberg<\/li>\n<\/ul>\n<\/blockquote>\n<ul>\n<li>&#8220;Zuckerberg declares the end of the era of private data&#8221; <a href=\"https:\/\/archive.nytimes.com\/www.nytimes.com\/external\/readwriteweb\/2010\/01\/10\/10readwriteweb-facebooks-zuckerberg-says-the-age-of-privac-82963.html\" target=\"_blank\" rel=\"noopener\">New York Times (2010)<\/a><\/li>\n<\/ul>\n<h3><strong>The Price of Trust<\/strong><\/h3>\n<p style=\"font-weight: 400;\"><strong>Claudia Senik\u00a0<\/strong>Trust is a <strong>bet<\/strong> on the behaviour of others.<\/p>\n<p style=\"font-weight: 400;\">This characterizes a <strong>situation<\/strong> where a large number of individuals are <strong>interdependent <\/strong>and\u00a0don&#8217;t exactly know how others will behave. They have simply to <strong>guess<\/strong> or\u00a0<strong>anticipate<\/strong> the behaviour of others and whether that behaviour is going to be <strong>mutual.<\/strong><\/p>\n<blockquote class=\"quote-light\">\n<p style=\"font-weight: 400;\"><span style=\"color: #7e7e7e; font-size: 1.25rem;\">Trust is capital that accumulates over time through experience or through validation<\/span><\/p>\n<\/blockquote>\n<p><strong>Claudia Senik\u00a0<\/strong>The single most important thing a brand can do is earn the trust of its consumers. A brand that betrays its consumers&#8217; trust by using their personal data inappropriately will lose them permanently. This ultimately leads to loss in profit.<\/p>\n<blockquote class=\"quote-light\"><p>57% of consumers state that once a company has violated their trust they will NEVER give them their business again.<\/p><\/blockquote>\n<p>This is called <strong><a href=\"https:\/\/www.igi-global.com\/dictionary\/brand-aversion\/45412\">brand aversion<\/a>, <\/strong>a huge <strong>penalty<\/strong> faced at the cost of a brand.<\/p>\n<p>In the book,\u00a0<strong><em>Crises de Confiance<\/em><\/strong>, there is a study coordinated by <strong>Claudia Senik<\/strong> that showcases this exact phenomenon.<\/p>\n<blockquote class=\"quote-light\">\n<p style=\"font-weight: 400;\">The more trust consumers had in a brand to which they were loyal, the more likely they were to retaliate when the brand violated its commitments<\/p>\n<\/blockquote>\n<h3><strong>Consumer Data: Hearing the Warning<\/strong><\/h3>\n<p style=\"font-weight: 400;\"><strong>Claudia Senik<\/strong> and this <strong>Adobe study<\/strong> have shed light on the <strong>importance<\/strong> of <strong>trust.<\/strong> They display a few of the <strong>consequences<\/strong> businesses receive in <strong>retaliation<\/strong> for <strong>breaking<\/strong> this <strong>trust factor<\/strong>.<\/p>\n<p style=\"font-weight: 400;\"><span style=\"font-weight: 400;\">However, many companies <strong>still<\/strong> do not seem to <strong>understand<\/strong> the <strong>importance<\/strong> <strong>(despite the increasingly strict regulations)<\/strong> of <strong>handling<\/strong> consumers&#8217; personal data.<\/span><\/p>\n<p style=\"font-weight: 400;\">In conclusion, consumers are <strong>complex<\/strong> and <strong>contradictory beings<\/strong>. That said, there still are certain limits to consumer data usage. Although, only time will tell if <strong>the brands that fail to heed this warning will suffer.<\/strong><\/p>\n<div itemscope itemtype=\"http:\/\/schema.org\/AudioObject\"><meta itemprop=\"name\" content=\"European consumers are concerned about how brands are using their data\" \/><meta itemprop=\"uploadDate\" content=\"2022-10-03T13:23:30+02:00\" \/><meta itemprop=\"encodingFormat\" content=\"audio\/mpeg\" \/><meta itemprop=\"duration\" content=\"PT4M33S\" \/><meta itemprop=\"description\" content=\"Companies have been driving a wedge between them and their customers by misusing the personal consumer data they&#039;ve collected. This generates a level of mistrust and has even caused many consumers to avoid these brands. To give us a better understand...\" \/><meta itemprop=\"contentUrl\" content=\"https:\/\/media.blubrry.com\/visionarymarketing_les\/agence.visionarymarketing.com\/files\/podcasts\/2022-10-04-Jared-Adobe-Senick-Final.mp3\" \/><meta itemprop=\"contentSize\" content=\"2.4\" \/><div class=\"powerpress_player\" id=\"powerpress_player_6892\"><audio class=\"wp-audio-shortcode\" id=\"audio-69540-1\" preload=\"none\" style=\"width: 100%;\" controls=\"controls\"><source type=\"audio\/mpeg\" src=\"https:\/\/media.blubrry.com\/visionarymarketing_les\/agence.visionarymarketing.com\/files\/podcasts\/2022-10-04-Jared-Adobe-Senick-Final.mp3?_=1\" \/><a href=\"https:\/\/media.blubrry.com\/visionarymarketing_les\/agence.visionarymarketing.com\/files\/podcasts\/2022-10-04-Jared-Adobe-Senick-Final.mp3\">https:\/\/media.blubrry.com\/visionarymarketing_les\/agence.visionarymarketing.com\/files\/podcasts\/2022-10-04-Jared-Adobe-Senick-Final.mp3<\/a><\/audio><\/div><\/div><p class=\"powerpress_links powerpress_links_mp3\" style=\"margin-bottom: 1px !important;\">Podcast (english): <a href=\"https:\/\/media.blubrry.com\/visionarymarketing_les\/agence.visionarymarketing.com\/files\/podcasts\/2022-10-04-Jared-Adobe-Senick-Final.mp3\" class=\"powerpress_link_pinw\" target=\"_blank\" title=\"Play in new window\" onclick=\"return powerpress_pinw('https:\/\/visionarymarketing.com\/en\/\/?powerpress_pinw=69540-english');\" rel=\"nofollow\">Play in new window<\/a> | <a href=\"https:\/\/media.blubrry.com\/visionarymarketing_les\/agence.visionarymarketing.com\/files\/podcasts\/2022-10-04-Jared-Adobe-Senick-Final.mp3\" class=\"powerpress_link_d\" title=\"Download\" rel=\"nofollow\" download=\"2022-10-04-Jared-Adobe-Senick-Final.mp3\">Download<\/a> (Duration: 4:33 &#8212; 2.4MB)<\/p><p class=\"powerpress_links powerpress_subscribe_links\">Subscribe: <a href=\"https:\/\/podcasts.apple.com\/us\/podcast\/english-language-visionary-marketing-podcasts\/id1566765602?mt=2&amp;ls=1\" class=\"powerpress_link_subscribe powerpress_link_subscribe_itunes\" target=\"_blank\" title=\"Subscribe on Apple Podcasts\" rel=\"nofollow\">Apple Podcasts<\/a> | <a href=\"https:\/\/open.spotify.com\/show\/5NGjHdmMw6xFlAX9MYO0Em\" class=\"powerpress_link_subscribe powerpress_link_subscribe_spotify\" target=\"_blank\" title=\"Subscribe on Spotify\" rel=\"nofollow\">Spotify<\/a> | <a href=\"https:\/\/subscribeonandroid.com\/visionarymarketing.com\/en\/feed\/english\/\" class=\"powerpress_link_subscribe powerpress_link_subscribe_android\" target=\"_blank\" title=\"Subscribe on Android\" rel=\"nofollow\">Android<\/a> | <a href=\"https:\/\/visionarymarketing.com\/en\/feed\/english\/\" class=\"powerpress_link_subscribe powerpress_link_subscribe_rss\" target=\"_blank\" title=\"Subscribe via RSS\" rel=\"nofollow\">RSS<\/a><\/p>","protected":false},"excerpt":{"rendered":"<p>Companies have been driving a wedge between them and their customers by misusing the personal consumer data they&#8217;ve collected. This generates a level of mistrust and has even caused many consumers to avoid these brands. To give us a better understanding of this situation, we look into the Adobe Trust Report* and an interview conducted &hellip;<\/p>\n","protected":false},"author":113,"featured_media":69513,"comment_status":"open","ping_status":"open","sticky":false,"template":"","format":"standard","meta":{"footnotes":""},"categories":[5141,4078],"tags":[],"class_list":["post-69540","post","type-post","status-publish","format-standard","has-post-thumbnail","hentry","category-adobe-marketing-en","category-crm-cx"],"yoast_head":"<!-- This site is optimized with the Yoast SEO plugin v27.5 - https:\/\/yoast.com\/product\/yoast-seo-wordpress\/ -->\n<title>Consumer Data: Europeans are concerned about their data<\/title>\n<meta name=\"description\" content=\"Companies have been driving a wedge between them and their customers by misusing the personal consumer data they&#039;ve collected.\" \/>\n<meta name=\"robots\" content=\"index, follow, max-snippet:-1, max-image-preview:large, max-video-preview:-1\" \/>\n<link rel=\"canonical\" href=\"https:\/\/visionarymarketing.com\/en\/2022\/10\/03\/consumer-data-europeans-are-concerned-about-their-data\/\" \/>\n<meta property=\"og:locale\" content=\"en_US\" \/>\n<meta property=\"og:type\" content=\"article\" \/>\n<meta property=\"og:title\" content=\"Consumer Data: Europeans are concerned about their data\" \/>\n<meta property=\"og:description\" content=\"Companies have been driving a wedge between them and their customers by misusing the personal consumer data they&#039;ve collected.\" \/>\n<meta property=\"og:url\" content=\"https:\/\/visionarymarketing.com\/en\/2022\/10\/03\/consumer-data-europeans-are-concerned-about-their-data\/\" \/>\n<meta property=\"og:site_name\" content=\"Marketing and Innovation\" \/>\n<meta property=\"article:publisher\" content=\"https:\/\/www.facebook.com\/vismktg\" \/>\n<meta property=\"article:published_time\" content=\"2022-10-03T11:23:30+00:00\" \/>\n<meta property=\"article:modified_time\" content=\"2023-06-05T14:46:06+00:00\" \/>\n<meta property=\"og:image\" content=\"https:\/\/visionarymarketing.com\/wp-content\/uploads\/2022\/06\/jumpstory-download20220607-191201-e1663329077209.jpg\" \/>\n\t<meta property=\"og:image:width\" content=\"519\" \/>\n\t<meta property=\"og:image:height\" content=\"340\" \/>\n\t<meta property=\"og:image:type\" content=\"image\/jpeg\" \/>\n<meta name=\"author\" content=\"Jared Roth\" \/>\n<meta name=\"twitter:card\" content=\"summary_large_image\" \/>\n<meta name=\"twitter:creator\" content=\"@ygourven\" \/>\n<meta name=\"twitter:site\" content=\"@ygourven\" \/>\n<meta name=\"twitter:label1\" content=\"Written by\" \/>\n\t<meta name=\"twitter:data1\" content=\"Jared Roth\" \/>\n\t<meta name=\"twitter:label2\" content=\"Est. reading time\" \/>\n\t<meta name=\"twitter:data2\" content=\"5 minutes\" \/>\n<script type=\"application\/ld+json\" class=\"yoast-schema-graph\">{\"@context\":\"https:\\\/\\\/schema.org\",\"@graph\":[{\"@type\":\"NewsArticle\",\"@id\":\"https:\\\/\\\/visionarymarketing.com\\\/en\\\/2022\\\/10\\\/03\\\/consumer-data-europeans-are-concerned-about-their-data\\\/#article\",\"isPartOf\":{\"@id\":\"https:\\\/\\\/visionarymarketing.com\\\/en\\\/2022\\\/10\\\/03\\\/consumer-data-europeans-are-concerned-about-their-data\\\/\"},\"author\":{\"name\":\"Jared Roth\",\"@id\":\"https:\\\/\\\/visionarymarketing.com\\\/en\\\/#\\\/schema\\\/person\\\/e23f1eac819560e74eb1732823263d7e\"},\"headline\":\"European consumers are concerned about how brands are using their data\",\"datePublished\":\"2022-10-03T11:23:30+00:00\",\"dateModified\":\"2023-06-05T14:46:06+00:00\",\"mainEntityOfPage\":{\"@id\":\"https:\\\/\\\/visionarymarketing.com\\\/en\\\/2022\\\/10\\\/03\\\/consumer-data-europeans-are-concerned-about-their-data\\\/\"},\"wordCount\":848,\"commentCount\":0,\"image\":{\"@id\":\"https:\\\/\\\/visionarymarketing.com\\\/en\\\/2022\\\/10\\\/03\\\/consumer-data-europeans-are-concerned-about-their-data\\\/#primaryimage\"},\"thumbnailUrl\":\"https:\\\/\\\/visionarymarketing.com\\\/wp-content\\\/uploads\\\/2022\\\/06\\\/jumpstory-download20220607-191201-e1663329077209.jpg\",\"articleSection\":[\"Adobe marketing\",\"CRM and CX\"],\"inLanguage\":\"en-US\",\"potentialAction\":[{\"@type\":\"CommentAction\",\"name\":\"Comment\",\"target\":[\"https:\\\/\\\/visionarymarketing.com\\\/en\\\/2022\\\/10\\\/03\\\/consumer-data-europeans-are-concerned-about-their-data\\\/#respond\"]}]},{\"@type\":\"WebPage\",\"@id\":\"https:\\\/\\\/visionarymarketing.com\\\/en\\\/2022\\\/10\\\/03\\\/consumer-data-europeans-are-concerned-about-their-data\\\/\",\"url\":\"https:\\\/\\\/visionarymarketing.com\\\/en\\\/2022\\\/10\\\/03\\\/consumer-data-europeans-are-concerned-about-their-data\\\/\",\"name\":\"Consumer Data: Europeans are concerned about their data\",\"isPartOf\":{\"@id\":\"https:\\\/\\\/visionarymarketing.com\\\/en\\\/#website\"},\"primaryImageOfPage\":{\"@id\":\"https:\\\/\\\/visionarymarketing.com\\\/en\\\/2022\\\/10\\\/03\\\/consumer-data-europeans-are-concerned-about-their-data\\\/#primaryimage\"},\"image\":{\"@id\":\"https:\\\/\\\/visionarymarketing.com\\\/en\\\/2022\\\/10\\\/03\\\/consumer-data-europeans-are-concerned-about-their-data\\\/#primaryimage\"},\"thumbnailUrl\":\"https:\\\/\\\/visionarymarketing.com\\\/wp-content\\\/uploads\\\/2022\\\/06\\\/jumpstory-download20220607-191201-e1663329077209.jpg\",\"datePublished\":\"2022-10-03T11:23:30+00:00\",\"dateModified\":\"2023-06-05T14:46:06+00:00\",\"author\":{\"@id\":\"https:\\\/\\\/visionarymarketing.com\\\/en\\\/#\\\/schema\\\/person\\\/e23f1eac819560e74eb1732823263d7e\"},\"description\":\"Companies have been driving a wedge between them and their customers by misusing the personal consumer data they've collected.\",\"breadcrumb\":{\"@id\":\"https:\\\/\\\/visionarymarketing.com\\\/en\\\/2022\\\/10\\\/03\\\/consumer-data-europeans-are-concerned-about-their-data\\\/#breadcrumb\"},\"inLanguage\":\"en-US\",\"potentialAction\":[{\"@type\":\"ReadAction\",\"target\":[\"https:\\\/\\\/visionarymarketing.com\\\/en\\\/2022\\\/10\\\/03\\\/consumer-data-europeans-are-concerned-about-their-data\\\/\"]}]},{\"@type\":\"ImageObject\",\"inLanguage\":\"en-US\",\"@id\":\"https:\\\/\\\/visionarymarketing.com\\\/en\\\/2022\\\/10\\\/03\\\/consumer-data-europeans-are-concerned-about-their-data\\\/#primaryimage\",\"url\":\"https:\\\/\\\/visionarymarketing.com\\\/wp-content\\\/uploads\\\/2022\\\/06\\\/jumpstory-download20220607-191201-e1663329077209.jpg\",\"contentUrl\":\"https:\\\/\\\/visionarymarketing.com\\\/wp-content\\\/uploads\\\/2022\\\/06\\\/jumpstory-download20220607-191201-e1663329077209.jpg\",\"width\":519,\"height\":340,\"caption\":\"utilisation des donn\u00e9es Les trois quarts des consommateurs sont inquiets de l'utilisation des donn\u00e9es qui est faite par les marques. Cette crainte est-elle rationnelle et les comportements des utilisateurs sont-ils toujours exemplaires ? Un tableau clair et tout en nuance est dress\u00e9 par Claudia Senik, Directrice de l'observatoire du bien-\u00eatre et professeur \u00e0 Paris School of Economics, qui nous aide \u00e0 mieux comprendre la situation.\"},{\"@type\":\"BreadcrumbList\",\"@id\":\"https:\\\/\\\/visionarymarketing.com\\\/en\\\/2022\\\/10\\\/03\\\/consumer-data-europeans-are-concerned-about-their-data\\\/#breadcrumb\",\"itemListElement\":[{\"@type\":\"ListItem\",\"position\":1,\"name\":\"Home\",\"item\":\"https:\\\/\\\/visionarymarketing.com\\\/en\\\/\"},{\"@type\":\"ListItem\",\"position\":2,\"name\":\"European consumers are concerned about how brands are using their data\"}]},{\"@type\":\"WebSite\",\"@id\":\"https:\\\/\\\/visionarymarketing.com\\\/en\\\/#website\",\"url\":\"https:\\\/\\\/visionarymarketing.com\\\/en\\\/\",\"name\":\"Marketing and Innovation\",\"description\":\"Independent News Website, Since 1996\",\"potentialAction\":[{\"@type\":\"SearchAction\",\"target\":{\"@type\":\"EntryPoint\",\"urlTemplate\":\"https:\\\/\\\/visionarymarketing.com\\\/en\\\/?s={search_term_string}\"},\"query-input\":{\"@type\":\"PropertyValueSpecification\",\"valueRequired\":true,\"valueName\":\"search_term_string\"}}],\"inLanguage\":\"en-US\"},{\"@type\":\"Person\",\"@id\":\"https:\\\/\\\/visionarymarketing.com\\\/en\\\/#\\\/schema\\\/person\\\/e23f1eac819560e74eb1732823263d7e\",\"name\":\"Jared Roth\",\"image\":{\"@type\":\"ImageObject\",\"inLanguage\":\"en-US\",\"@id\":\"https:\\\/\\\/secure.gravatar.com\\\/avatar\\\/1d9476080f2941fd807d4b5a5633068dfbf67dfa1cd92f41db4be5ddb41779be?s=96&d=initials&r=g&initials=ja\",\"url\":\"https:\\\/\\\/secure.gravatar.com\\\/avatar\\\/1d9476080f2941fd807d4b5a5633068dfbf67dfa1cd92f41db4be5ddb41779be?s=96&d=initials&r=g&initials=ja\",\"contentUrl\":\"https:\\\/\\\/secure.gravatar.com\\\/avatar\\\/1d9476080f2941fd807d4b5a5633068dfbf67dfa1cd92f41db4be5ddb41779be?s=96&d=initials&r=g&initials=ja\",\"caption\":\"Jared Roth\"},\"description\":\"Jared is a senior Business Administration major with a focus on Supply Chain Management and Logistics at Arizona State University. Based in Milwaukee, Wisconsin currently located in Paris, France with Visionary Marketing.\",\"sameAs\":[\"http:\\\/\\\/visionarymarketing.com\",\"https:\\\/\\\/www.linkedin.com\\\/in\\\/jaredroth0429\\\/\"],\"url\":\"https:\\\/\\\/visionarymarketing.com\\\/en\\\/author\\\/jared\\\/\"}]}<\/script>\n<!-- \/ Yoast SEO plugin. -->","yoast_head_json":{"title":"Consumer Data: Europeans are concerned about their data","description":"Companies have been driving a wedge between them and their customers by misusing the personal consumer data they've collected.","robots":{"index":"index","follow":"follow","max-snippet":"max-snippet:-1","max-image-preview":"max-image-preview:large","max-video-preview":"max-video-preview:-1"},"canonical":"https:\/\/visionarymarketing.com\/en\/2022\/10\/03\/consumer-data-europeans-are-concerned-about-their-data\/","og_locale":"en_US","og_type":"article","og_title":"Consumer Data: Europeans are concerned about their data","og_description":"Companies have been driving a wedge between them and their customers by misusing the personal consumer data they've collected.","og_url":"https:\/\/visionarymarketing.com\/en\/2022\/10\/03\/consumer-data-europeans-are-concerned-about-their-data\/","og_site_name":"Marketing and Innovation","article_publisher":"https:\/\/www.facebook.com\/vismktg","article_published_time":"2022-10-03T11:23:30+00:00","article_modified_time":"2023-06-05T14:46:06+00:00","og_image":[{"width":519,"height":340,"url":"https:\/\/visionarymarketing.com\/wp-content\/uploads\/2022\/06\/jumpstory-download20220607-191201-e1663329077209.jpg","type":"image\/jpeg"}],"author":"Jared Roth","twitter_card":"summary_large_image","twitter_creator":"@ygourven","twitter_site":"@ygourven","twitter_misc":{"Written by":"Jared Roth","Est. reading time":"5 minutes"},"schema":{"@context":"https:\/\/schema.org","@graph":[{"@type":"NewsArticle","@id":"https:\/\/visionarymarketing.com\/en\/2022\/10\/03\/consumer-data-europeans-are-concerned-about-their-data\/#article","isPartOf":{"@id":"https:\/\/visionarymarketing.com\/en\/2022\/10\/03\/consumer-data-europeans-are-concerned-about-their-data\/"},"author":{"name":"Jared Roth","@id":"https:\/\/visionarymarketing.com\/en\/#\/schema\/person\/e23f1eac819560e74eb1732823263d7e"},"headline":"European consumers are concerned about how brands are using their data","datePublished":"2022-10-03T11:23:30+00:00","dateModified":"2023-06-05T14:46:06+00:00","mainEntityOfPage":{"@id":"https:\/\/visionarymarketing.com\/en\/2022\/10\/03\/consumer-data-europeans-are-concerned-about-their-data\/"},"wordCount":848,"commentCount":0,"image":{"@id":"https:\/\/visionarymarketing.com\/en\/2022\/10\/03\/consumer-data-europeans-are-concerned-about-their-data\/#primaryimage"},"thumbnailUrl":"https:\/\/visionarymarketing.com\/wp-content\/uploads\/2022\/06\/jumpstory-download20220607-191201-e1663329077209.jpg","articleSection":["Adobe marketing","CRM and CX"],"inLanguage":"en-US","potentialAction":[{"@type":"CommentAction","name":"Comment","target":["https:\/\/visionarymarketing.com\/en\/2022\/10\/03\/consumer-data-europeans-are-concerned-about-their-data\/#respond"]}]},{"@type":"WebPage","@id":"https:\/\/visionarymarketing.com\/en\/2022\/10\/03\/consumer-data-europeans-are-concerned-about-their-data\/","url":"https:\/\/visionarymarketing.com\/en\/2022\/10\/03\/consumer-data-europeans-are-concerned-about-their-data\/","name":"Consumer Data: Europeans are concerned about their data","isPartOf":{"@id":"https:\/\/visionarymarketing.com\/en\/#website"},"primaryImageOfPage":{"@id":"https:\/\/visionarymarketing.com\/en\/2022\/10\/03\/consumer-data-europeans-are-concerned-about-their-data\/#primaryimage"},"image":{"@id":"https:\/\/visionarymarketing.com\/en\/2022\/10\/03\/consumer-data-europeans-are-concerned-about-their-data\/#primaryimage"},"thumbnailUrl":"https:\/\/visionarymarketing.com\/wp-content\/uploads\/2022\/06\/jumpstory-download20220607-191201-e1663329077209.jpg","datePublished":"2022-10-03T11:23:30+00:00","dateModified":"2023-06-05T14:46:06+00:00","author":{"@id":"https:\/\/visionarymarketing.com\/en\/#\/schema\/person\/e23f1eac819560e74eb1732823263d7e"},"description":"Companies have been driving a wedge between them and their customers by misusing the personal consumer data they've collected.","breadcrumb":{"@id":"https:\/\/visionarymarketing.com\/en\/2022\/10\/03\/consumer-data-europeans-are-concerned-about-their-data\/#breadcrumb"},"inLanguage":"en-US","potentialAction":[{"@type":"ReadAction","target":["https:\/\/visionarymarketing.com\/en\/2022\/10\/03\/consumer-data-europeans-are-concerned-about-their-data\/"]}]},{"@type":"ImageObject","inLanguage":"en-US","@id":"https:\/\/visionarymarketing.com\/en\/2022\/10\/03\/consumer-data-europeans-are-concerned-about-their-data\/#primaryimage","url":"https:\/\/visionarymarketing.com\/wp-content\/uploads\/2022\/06\/jumpstory-download20220607-191201-e1663329077209.jpg","contentUrl":"https:\/\/visionarymarketing.com\/wp-content\/uploads\/2022\/06\/jumpstory-download20220607-191201-e1663329077209.jpg","width":519,"height":340,"caption":"utilisation des donn\u00e9es Les trois quarts des consommateurs sont inquiets de l'utilisation des donn\u00e9es qui est faite par les marques. Cette crainte est-elle rationnelle et les comportements des utilisateurs sont-ils toujours exemplaires ? Un tableau clair et tout en nuance est dress\u00e9 par Claudia Senik, Directrice de l'observatoire du bien-\u00eatre et professeur \u00e0 Paris School of Economics, qui nous aide \u00e0 mieux comprendre la situation."},{"@type":"BreadcrumbList","@id":"https:\/\/visionarymarketing.com\/en\/2022\/10\/03\/consumer-data-europeans-are-concerned-about-their-data\/#breadcrumb","itemListElement":[{"@type":"ListItem","position":1,"name":"Home","item":"https:\/\/visionarymarketing.com\/en\/"},{"@type":"ListItem","position":2,"name":"European consumers are concerned about how brands are using their data"}]},{"@type":"WebSite","@id":"https:\/\/visionarymarketing.com\/en\/#website","url":"https:\/\/visionarymarketing.com\/en\/","name":"Marketing and Innovation","description":"Independent News Website, Since 1996","potentialAction":[{"@type":"SearchAction","target":{"@type":"EntryPoint","urlTemplate":"https:\/\/visionarymarketing.com\/en\/?s={search_term_string}"},"query-input":{"@type":"PropertyValueSpecification","valueRequired":true,"valueName":"search_term_string"}}],"inLanguage":"en-US"},{"@type":"Person","@id":"https:\/\/visionarymarketing.com\/en\/#\/schema\/person\/e23f1eac819560e74eb1732823263d7e","name":"Jared Roth","image":{"@type":"ImageObject","inLanguage":"en-US","@id":"https:\/\/secure.gravatar.com\/avatar\/1d9476080f2941fd807d4b5a5633068dfbf67dfa1cd92f41db4be5ddb41779be?s=96&d=initials&r=g&initials=ja","url":"https:\/\/secure.gravatar.com\/avatar\/1d9476080f2941fd807d4b5a5633068dfbf67dfa1cd92f41db4be5ddb41779be?s=96&d=initials&r=g&initials=ja","contentUrl":"https:\/\/secure.gravatar.com\/avatar\/1d9476080f2941fd807d4b5a5633068dfbf67dfa1cd92f41db4be5ddb41779be?s=96&d=initials&r=g&initials=ja","caption":"Jared Roth"},"description":"Jared is a senior Business Administration major with a focus on Supply Chain Management and Logistics at Arizona State University. Based in Milwaukee, Wisconsin currently located in Paris, France with Visionary Marketing.","sameAs":["http:\/\/visionarymarketing.com","https:\/\/www.linkedin.com\/in\/jaredroth0429\/"],"url":"https:\/\/visionarymarketing.com\/en\/author\/jared\/"}]}},"_links":{"self":[{"href":"https:\/\/visionarymarketing.com\/en\/wp-json\/wp\/v2\/posts\/69540","targetHints":{"allow":["GET"]}}],"collection":[{"href":"https:\/\/visionarymarketing.com\/en\/wp-json\/wp\/v2\/posts"}],"about":[{"href":"https:\/\/visionarymarketing.com\/en\/wp-json\/wp\/v2\/types\/post"}],"author":[{"embeddable":true,"href":"https:\/\/visionarymarketing.com\/en\/wp-json\/wp\/v2\/users\/113"}],"replies":[{"embeddable":true,"href":"https:\/\/visionarymarketing.com\/en\/wp-json\/wp\/v2\/comments?post=69540"}],"version-history":[{"count":0,"href":"https:\/\/visionarymarketing.com\/en\/wp-json\/wp\/v2\/posts\/69540\/revisions"}],"wp:featuredmedia":[{"embeddable":true,"href":"https:\/\/visionarymarketing.com\/en\/wp-json\/wp\/v2\/media\/69513"}],"wp:attachment":[{"href":"https:\/\/visionarymarketing.com\/en\/wp-json\/wp\/v2\/media?parent=69540"}],"wp:term":[{"taxonomy":"category","embeddable":true,"href":"https:\/\/visionarymarketing.com\/en\/wp-json\/wp\/v2\/categories?post=69540"},{"taxonomy":"post_tag","embeddable":true,"href":"https:\/\/visionarymarketing.com\/en\/wp-json\/wp\/v2\/tags?post=69540"}],"curies":[{"name":"wp","href":"https:\/\/api.w.org\/{rel}","templated":true}]}}