{"id":57569,"date":"2020-10-05T08:30:40","date_gmt":"2020-10-05T06:30:40","guid":{"rendered":"https:\/\/visionarymarketing.com\/?p=57569"},"modified":"2021-10-16T09:15:04","modified_gmt":"2021-10-16T07:15:04","slug":"digital-workplace-implementation","status":"publish","type":"post","link":"https:\/\/visionarymarketing.com\/en\/2020\/10\/05\/digital-workplace-implementation\/","title":{"rendered":"3 challenges for digital workplace implementation in businesses"},"content":{"rendered":"<p><span class=\"removed_link\" title=\"https:\/\/www.linkedin.com\/in\/andre-wei-3541069\/\"><em>Andr\u00e9 Wei is one of Europe&#8217;s leading IT directors and the CTO of French lingerie manufacturer Chantelle. Earlier this year he\u00a0<\/em><\/span><em>described the challenges of Digital Workplace implementation within businesses at an IT conference I attended in Paris, one of the few before the dreaded lockdown and its consequences. The Coronavirus crisis, if anything else, has turned the digital workplace from nice-to-have into a must-have. Andr\u00e9&#8217;s tips will come in handy for all those businesses wanting to catch up with their digital workplace implementation.<\/em><\/p>\n<h2>3 challenges for digital workplace implementation in businesses<\/h2>\n<figure id=\"attachment_50992\" aria-describedby=\"caption-attachment-50992\" style=\"width: 1024px\" class=\"wp-caption aligncenter\"><a href=\"https:\/\/visionarymarketing.com\/wp-content\/uploads\/2020\/03\/IT4Biz-2602207531-scaled-1-e1601445513610.jpeg\"><img decoding=\"async\" class=\"wp-image-50992 size-large\" src=\"https:\/\/visionarymarketing.com\/wp-content\/uploads\/2020\/03\/IT4Biz-2602207531-scaled-1-1024x768.jpeg\" alt=\"Digital Workplace implementation\" width=\"1024\" height=\"768\" \/><\/a><figcaption id=\"caption-attachment-50992\" class=\"wp-caption-text\">The challenges surrounding the implementation of a Digital Workplace are manifold. Chantelle&#8217;s Andr\u00e9 Wei described them to us at the IT for Business morning event on February 26th in Paris<\/figcaption><\/figure>\n<p>Very often, we are still witnessing the difficulties encountered by users in sharing information, accessing their information systems, connecting to video conferences &#8230; &#8220;there are many pain-points related to the Digital Workplace&#8221; said Andr\u00e9 Wei, CTO of Chantelle in his introduction to the February 2020 IT for business morning conference. Many other CTOs, and IT users, will readily agree with him.<\/p>\n<p>Let&#8217;s face the music, we may well be in the twenty-first century, but all these challenges have been around for ages.<\/p>\n<h3><!--more-->Digital Workplace: different things to different people<\/h3>\n<p>The term &#8216;Digital Workplace&#8217; means different things to different people. At a time where most businesses and users if not all, are moving en masse to online collaboration, there are still, however, quite a few open questions surrounding its implementation.<\/p>\n<p>&#8220;Before, the focus was on workstations, but now it&#8217;s the Digital Workplace,&#8221; added Andr\u00e9 Wei. Now I understand. Beyond the name change, the onus is on IT departments to foster new ways of working and the fact that everyone, or nearly everyone, in the business environment, is concerned.<\/p>\n<p>As a result, I noticed that the term sometimes was related to the IT infrastructure, at other times collaborative work, or even human and organisational issues. Bottom line, the Digital Workplace is at the heart of all business matters.<\/p>\n<h3><strong>Digital Workplace: When the rubber meets the ground field-proofed<\/strong><\/h3>\n<p>Thus, Andr\u00e9 Wei shared with us his experience upon his arrival at Chantelle in 2017, after a stint with a very agile consulting firm (Bain). Arriving at the time of the budgets, he witnessed a &#8220;high mass based on XL files&#8221;.<\/p>\n<p>It was for him a &#8220;return to the 90s&#8221;, and he worked to change that. &#8220;The user has applications on his phone and he is used to communicating, so how can we imagine a return to the corporate world? &#8220;he added, echoing <a href=\"https:\/\/visionarymarketing.com\/fr\/2020\/02\/critiques-dsi\/\">a post we published earlier<\/a>.<br \/>\n&lt;3 main reasons for working with Digital Workplace<br \/>\nAccording to Chantelle&#8217;s CTO, there are 3 main challenges to implementing a Digital Workplace, improving business processes and instilling new ways of working.<br \/>\n<i><\/i><\/p>\n<ul>\n<li><i>First the <strong> efficiency and productivity: we can no longer arrive 30 minutes before the conference to make sure it works. It may sound strange, but collaborators always have trouble with collaboration.<\/strong><\/i><\/li>\n<\/ul>\n<p>&nbsp;<\/p>\n<p>&lt;Thirdly, a <strong> HR<\/strong> game: for a new employee, going backwards does not look good. When recruiting new talent in marketing and IT, there is a retention issue. During job interviews we are asked: &#8220;What is your teleworking policy&#8221;, we are competing with these HR issues as well. &#8220;Making an ally of HR is a good tactic,&#8221; explained Andr\u00e9 Wei.<\/p>\n<p>In summary, according to Andr\u00e9 Wei, the implementation of a Digital Workplace goes further than the &#8220;simple&#8221; transformation of the IS (if one can find it simple at all):<\/p>\n<ul>\n<li>It can&#8217;t be the whim of a CIO or a CTO &#8211; it&#8217;s a business issue linked to the technological environment (e-commerce, omnicanality, data, etc.),&#8221; described Chantelle&#8217;s IT manager, who succeeded in getting things moving by getting a speaker to talk about digital transformation without talking about technology. &#8220;This really made things move,&#8221; he explained.<\/li>\n<li>\n<p>In order to successfully implement its Digital Workplace, upstream transformation work will also be necessary. It is an effort on the prerequisites that is absolutely mandatory, explained Andr\u00e9 Wei. In particular on the network: &#8220;Without a network, nothing will work and membership will be minimal&#8221;. It is a work of infrastructure, but also of data circulation, RPA and automation for the uses. The challenge is to become the IT department that says &#8220;yes&#8221; and not the IT department that says &#8220;no&#8221;. &#8220;&#8221;. A good way of looking at things, in my opinion.<\/p>\n<\/li>\n<li>\n<p><strong>Finally, and above all, change management<\/strong>. This is even the heart of the project according to Andr\u00e9 Wei.<\/p>\n<\/li>\n<\/ul>\n<h3>The crucial points of the project<\/h3>\n<p>According to Andr\u00e9 Wei, a project of <a href=\"https:\/\/visionarymarketing.com\/fr\/2020\/02\/digital-workplace\/\">Digital Workplace<\/a> goes through the following phases :<\/p>\n<p>1) <strong>commitment of Comex<\/strong> as project sponsor in order to allocate means. &#8220;They are the first to convince, and it is not necessarily easy to convey the understanding of the importance of the subject.<\/p>\n<p>2) <strong> the commitment of the teams<\/strong> who must be behind the project. In particular, the service-desk must follow, it must be in phase with the project and &#8220;it is not a small problem&#8221;.<\/p>\n<p>3) <strong> change support for users<\/strong> (e.g. with champion programmes). &#8220;I like to say that there is a story of tone&#8221; concluded Mr. Wei, &#8220;ISD must add an image to the HR aspect, bring pedagogy and simplicity&#8221;.<\/p>\n<p>And as always when we talk about simplicity, it is a very difficult task.<\/p>\n","protected":false},"excerpt":{"rendered":"<p>Andr\u00e9 Wei is one of Europe&#8217;s leading IT directors and the CTO of French lingerie manufacturer Chantelle. Earlier this year he\u00a0described the challenges of Digital Workplace implementation within businesses at an IT conference I attended in Paris, one of the few before the dreaded lockdown and its consequences. The Coronavirus crisis, if anything else, has &hellip;<\/p>\n","protected":false},"author":2,"featured_media":50992,"comment_status":"closed","ping_status":"closed","sticky":false,"template":"","format":"standard","meta":{"footnotes":""},"categories":[4079,4071],"tags":[],"class_list":["post-57569","post","type-post","status-publish","format-standard","has-post-thumbnail","hentry","category-digital-technology","category-featured-articles"],"yoast_head":"<!-- This site is optimized with the Yoast SEO plugin v27.4 - https:\/\/yoast.com\/product\/yoast-seo-wordpress\/ -->\n<title>3 challenges for digital workplace implementation in businesses<\/title>\n<meta name=\"description\" content=\"Andr\u00e9 Wei is one of Europe&#039;s leading IT directors and the CTO of French lingerie manufacturer Chantelle. Earlier this year he\u00a0described the challenges of\" \/>\n<meta name=\"robots\" content=\"index, follow, max-snippet:-1, max-image-preview:large, max-video-preview:-1\" \/>\n<link rel=\"canonical\" href=\"https:\/\/visionarymarketing.com\/en\/2020\/10\/05\/digital-workplace-implementation\/\" \/>\n<meta property=\"og:locale\" content=\"en_US\" \/>\n<meta property=\"og:type\" content=\"article\" \/>\n<meta property=\"og:title\" content=\"3 challenges for digital workplace implementation in businesses\" \/>\n<meta property=\"og:description\" content=\"Andr\u00e9 Wei is one of Europe&#039;s leading IT directors and the CTO of French lingerie manufacturer Chantelle. Earlier this year he\u00a0described the challenges of\" \/>\n<meta property=\"og:url\" content=\"https:\/\/visionarymarketing.com\/en\/2020\/10\/05\/digital-workplace-implementation\/\" \/>\n<meta property=\"og:site_name\" content=\"Marketing and Innovation\" \/>\n<meta property=\"article:publisher\" content=\"https:\/\/www.facebook.com\/vismktg\" \/>\n<meta property=\"article:author\" content=\"http:\/\/facebook.com\/ygourven\" \/>\n<meta property=\"article:published_time\" content=\"2020-10-05T06:30:40+00:00\" \/>\n<meta property=\"article:modified_time\" content=\"2021-10-16T07:15:04+00:00\" \/>\n<meta property=\"og:image\" content=\"https:\/\/visionarymarketing.com\/wp-content\/uploads\/2020\/03\/IT4Biz-2602207531-scaled-1-e1601445513610.jpeg\" \/>\n\t<meta property=\"og:image:width\" content=\"519\" \/>\n\t<meta property=\"og:image:height\" content=\"340\" \/>\n\t<meta property=\"og:image:type\" content=\"image\/jpeg\" \/>\n<meta name=\"author\" content=\"Yann Gourvennec\" \/>\n<meta name=\"twitter:card\" content=\"summary_large_image\" \/>\n<meta name=\"twitter:creator\" content=\"@ygourven\" \/>\n<meta name=\"twitter:site\" content=\"@ygourven\" \/>\n<meta name=\"twitter:label1\" content=\"Written by\" \/>\n\t<meta name=\"twitter:data1\" content=\"Yann Gourvennec\" \/>\n\t<meta name=\"twitter:label2\" content=\"Est. reading time\" \/>\n\t<meta name=\"twitter:data2\" content=\"4 minutes\" \/>\n<script type=\"application\/ld+json\" class=\"yoast-schema-graph\">{\"@context\":\"https:\\\/\\\/schema.org\",\"@graph\":[{\"@type\":\"NewsArticle\",\"@id\":\"https:\\\/\\\/visionarymarketing.com\\\/en\\\/2020\\\/10\\\/05\\\/digital-workplace-implementation\\\/#article\",\"isPartOf\":{\"@id\":\"https:\\\/\\\/visionarymarketing.com\\\/en\\\/2020\\\/10\\\/05\\\/digital-workplace-implementation\\\/\"},\"author\":{\"name\":\"Yann Gourvennec\",\"@id\":\"https:\\\/\\\/visionarymarketing.com\\\/en\\\/#\\\/schema\\\/person\\\/3754fee1e558f47b8deb46f53c37423e\"},\"headline\":\"3 challenges for digital workplace implementation in businesses\",\"datePublished\":\"2020-10-05T06:30:40+00:00\",\"dateModified\":\"2021-10-16T07:15:04+00:00\",\"mainEntityOfPage\":{\"@id\":\"https:\\\/\\\/visionarymarketing.com\\\/en\\\/2020\\\/10\\\/05\\\/digital-workplace-implementation\\\/\"},\"wordCount\":903,\"image\":{\"@id\":\"https:\\\/\\\/visionarymarketing.com\\\/en\\\/2020\\\/10\\\/05\\\/digital-workplace-implementation\\\/#primaryimage\"},\"thumbnailUrl\":\"https:\\\/\\\/visionarymarketing.com\\\/wp-content\\\/uploads\\\/2020\\\/03\\\/IT4Biz-2602207531-scaled-1-e1601445513610.jpeg\",\"articleSection\":[\"Digital technology\",\"Featured articles\"],\"inLanguage\":\"en-US\"},{\"@type\":\"WebPage\",\"@id\":\"https:\\\/\\\/visionarymarketing.com\\\/en\\\/2020\\\/10\\\/05\\\/digital-workplace-implementation\\\/\",\"url\":\"https:\\\/\\\/visionarymarketing.com\\\/en\\\/2020\\\/10\\\/05\\\/digital-workplace-implementation\\\/\",\"name\":\"3 challenges for digital workplace implementation in businesses\",\"isPartOf\":{\"@id\":\"https:\\\/\\\/visionarymarketing.com\\\/en\\\/#website\"},\"primaryImageOfPage\":{\"@id\":\"https:\\\/\\\/visionarymarketing.com\\\/en\\\/2020\\\/10\\\/05\\\/digital-workplace-implementation\\\/#primaryimage\"},\"image\":{\"@id\":\"https:\\\/\\\/visionarymarketing.com\\\/en\\\/2020\\\/10\\\/05\\\/digital-workplace-implementation\\\/#primaryimage\"},\"thumbnailUrl\":\"https:\\\/\\\/visionarymarketing.com\\\/wp-content\\\/uploads\\\/2020\\\/03\\\/IT4Biz-2602207531-scaled-1-e1601445513610.jpeg\",\"datePublished\":\"2020-10-05T06:30:40+00:00\",\"dateModified\":\"2021-10-16T07:15:04+00:00\",\"author\":{\"@id\":\"https:\\\/\\\/visionarymarketing.com\\\/en\\\/#\\\/schema\\\/person\\\/3754fee1e558f47b8deb46f53c37423e\"},\"description\":\"Andr\u00e9 Wei is one of Europe's leading IT directors and the CTO of French lingerie manufacturer Chantelle. Earlier this year he\u00a0described the challenges of\",\"breadcrumb\":{\"@id\":\"https:\\\/\\\/visionarymarketing.com\\\/en\\\/2020\\\/10\\\/05\\\/digital-workplace-implementation\\\/#breadcrumb\"},\"inLanguage\":\"en-US\",\"potentialAction\":[{\"@type\":\"ReadAction\",\"target\":[\"https:\\\/\\\/visionarymarketing.com\\\/en\\\/2020\\\/10\\\/05\\\/digital-workplace-implementation\\\/\"]}]},{\"@type\":\"ImageObject\",\"inLanguage\":\"en-US\",\"@id\":\"https:\\\/\\\/visionarymarketing.com\\\/en\\\/2020\\\/10\\\/05\\\/digital-workplace-implementation\\\/#primaryimage\",\"url\":\"https:\\\/\\\/visionarymarketing.com\\\/wp-content\\\/uploads\\\/2020\\\/03\\\/IT4Biz-2602207531-scaled-1-e1601445513610.jpeg\",\"contentUrl\":\"https:\\\/\\\/visionarymarketing.com\\\/wp-content\\\/uploads\\\/2020\\\/03\\\/IT4Biz-2602207531-scaled-1-e1601445513610.jpeg\",\"width\":519,\"height\":340},{\"@type\":\"BreadcrumbList\",\"@id\":\"https:\\\/\\\/visionarymarketing.com\\\/en\\\/2020\\\/10\\\/05\\\/digital-workplace-implementation\\\/#breadcrumb\",\"itemListElement\":[{\"@type\":\"ListItem\",\"position\":1,\"name\":\"Home\",\"item\":\"https:\\\/\\\/visionarymarketing.com\\\/en\\\/\"},{\"@type\":\"ListItem\",\"position\":2,\"name\":\"3 challenges for digital workplace implementation in businesses\"}]},{\"@type\":\"WebSite\",\"@id\":\"https:\\\/\\\/visionarymarketing.com\\\/en\\\/#website\",\"url\":\"https:\\\/\\\/visionarymarketing.com\\\/en\\\/\",\"name\":\"Marketing and Innovation\",\"description\":\"Independent News Website, Since 1996\",\"potentialAction\":[{\"@type\":\"SearchAction\",\"target\":{\"@type\":\"EntryPoint\",\"urlTemplate\":\"https:\\\/\\\/visionarymarketing.com\\\/en\\\/?s={search_term_string}\"},\"query-input\":{\"@type\":\"PropertyValueSpecification\",\"valueRequired\":true,\"valueName\":\"search_term_string\"}}],\"inLanguage\":\"en-US\"},{\"@type\":\"Person\",\"@id\":\"https:\\\/\\\/visionarymarketing.com\\\/en\\\/#\\\/schema\\\/person\\\/3754fee1e558f47b8deb46f53c37423e\",\"name\":\"Yann Gourvennec\",\"image\":{\"@type\":\"ImageObject\",\"inLanguage\":\"en-US\",\"@id\":\"https:\\\/\\\/secure.gravatar.com\\\/avatar\\\/5972001801e8de5692a3e31224e85769f50a55fb8b679749f9c8d1868cceff14?s=96&d=initials&r=g&initials=yg\",\"url\":\"https:\\\/\\\/secure.gravatar.com\\\/avatar\\\/5972001801e8de5692a3e31224e85769f50a55fb8b679749f9c8d1868cceff14?s=96&d=initials&r=g&initials=yg\",\"contentUrl\":\"https:\\\/\\\/secure.gravatar.com\\\/avatar\\\/5972001801e8de5692a3e31224e85769f50a55fb8b679749f9c8d1868cceff14?s=96&d=initials&r=g&initials=yg\",\"caption\":\"Yann Gourvennec\"},\"description\":\"Yann Gourvennec created visionarymarketing.com in 1996. He is a speaker and author of many books. In 2014 he went from intrapreneur to entrepreneur, when he created his digital marketing agency. Yann Gourvennec a cr\u00e9\u00e9 visionarymarketing.com en 1996. Il est conf\u00e9rencier et auteur de plusieurs livres. En 2014, il est pass\u00e9 d'intrapreneur \u00e0 entrepreneur en cr\u00e9ant son agence de marketing num\u00e9rique.\",\"sameAs\":[\"https:\\\/\\\/visionarymarketing.com\",\"http:\\\/\\\/facebook.com\\\/ygourven\",\"http:\\\/\\\/linkedin.com\\\/in\\\/ygourven\",\"https:\\\/\\\/x.com\\\/ygourven\",\"https:\\\/\\\/www.youtube.com\\\/c\\\/visionarymarketingagency\"],\"url\":\"https:\\\/\\\/visionarymarketing.com\\\/en\\\/author\\\/yann-gourvennec\\\/\"}]}<\/script>\n<!-- \/ Yoast SEO plugin. -->","yoast_head_json":{"title":"3 challenges for digital workplace implementation in businesses","description":"Andr\u00e9 Wei is one of Europe's leading IT directors and the CTO of French lingerie manufacturer Chantelle. Earlier this year he\u00a0described the challenges of","robots":{"index":"index","follow":"follow","max-snippet":"max-snippet:-1","max-image-preview":"max-image-preview:large","max-video-preview":"max-video-preview:-1"},"canonical":"https:\/\/visionarymarketing.com\/en\/2020\/10\/05\/digital-workplace-implementation\/","og_locale":"en_US","og_type":"article","og_title":"3 challenges for digital workplace implementation in businesses","og_description":"Andr\u00e9 Wei is one of Europe's leading IT directors and the CTO of French lingerie manufacturer Chantelle. Earlier this year he\u00a0described the challenges of","og_url":"https:\/\/visionarymarketing.com\/en\/2020\/10\/05\/digital-workplace-implementation\/","og_site_name":"Marketing and Innovation","article_publisher":"https:\/\/www.facebook.com\/vismktg","article_author":"http:\/\/facebook.com\/ygourven","article_published_time":"2020-10-05T06:30:40+00:00","article_modified_time":"2021-10-16T07:15:04+00:00","og_image":[{"width":519,"height":340,"url":"https:\/\/visionarymarketing.com\/wp-content\/uploads\/2020\/03\/IT4Biz-2602207531-scaled-1-e1601445513610.jpeg","type":"image\/jpeg"}],"author":"Yann Gourvennec","twitter_card":"summary_large_image","twitter_creator":"@ygourven","twitter_site":"@ygourven","twitter_misc":{"Written by":"Yann Gourvennec","Est. reading time":"4 minutes"},"schema":{"@context":"https:\/\/schema.org","@graph":[{"@type":"NewsArticle","@id":"https:\/\/visionarymarketing.com\/en\/2020\/10\/05\/digital-workplace-implementation\/#article","isPartOf":{"@id":"https:\/\/visionarymarketing.com\/en\/2020\/10\/05\/digital-workplace-implementation\/"},"author":{"name":"Yann Gourvennec","@id":"https:\/\/visionarymarketing.com\/en\/#\/schema\/person\/3754fee1e558f47b8deb46f53c37423e"},"headline":"3 challenges for digital workplace implementation in businesses","datePublished":"2020-10-05T06:30:40+00:00","dateModified":"2021-10-16T07:15:04+00:00","mainEntityOfPage":{"@id":"https:\/\/visionarymarketing.com\/en\/2020\/10\/05\/digital-workplace-implementation\/"},"wordCount":903,"image":{"@id":"https:\/\/visionarymarketing.com\/en\/2020\/10\/05\/digital-workplace-implementation\/#primaryimage"},"thumbnailUrl":"https:\/\/visionarymarketing.com\/wp-content\/uploads\/2020\/03\/IT4Biz-2602207531-scaled-1-e1601445513610.jpeg","articleSection":["Digital technology","Featured articles"],"inLanguage":"en-US"},{"@type":"WebPage","@id":"https:\/\/visionarymarketing.com\/en\/2020\/10\/05\/digital-workplace-implementation\/","url":"https:\/\/visionarymarketing.com\/en\/2020\/10\/05\/digital-workplace-implementation\/","name":"3 challenges for digital workplace implementation in businesses","isPartOf":{"@id":"https:\/\/visionarymarketing.com\/en\/#website"},"primaryImageOfPage":{"@id":"https:\/\/visionarymarketing.com\/en\/2020\/10\/05\/digital-workplace-implementation\/#primaryimage"},"image":{"@id":"https:\/\/visionarymarketing.com\/en\/2020\/10\/05\/digital-workplace-implementation\/#primaryimage"},"thumbnailUrl":"https:\/\/visionarymarketing.com\/wp-content\/uploads\/2020\/03\/IT4Biz-2602207531-scaled-1-e1601445513610.jpeg","datePublished":"2020-10-05T06:30:40+00:00","dateModified":"2021-10-16T07:15:04+00:00","author":{"@id":"https:\/\/visionarymarketing.com\/en\/#\/schema\/person\/3754fee1e558f47b8deb46f53c37423e"},"description":"Andr\u00e9 Wei is one of Europe's leading IT directors and the CTO of French lingerie manufacturer Chantelle. Earlier this year he\u00a0described the challenges of","breadcrumb":{"@id":"https:\/\/visionarymarketing.com\/en\/2020\/10\/05\/digital-workplace-implementation\/#breadcrumb"},"inLanguage":"en-US","potentialAction":[{"@type":"ReadAction","target":["https:\/\/visionarymarketing.com\/en\/2020\/10\/05\/digital-workplace-implementation\/"]}]},{"@type":"ImageObject","inLanguage":"en-US","@id":"https:\/\/visionarymarketing.com\/en\/2020\/10\/05\/digital-workplace-implementation\/#primaryimage","url":"https:\/\/visionarymarketing.com\/wp-content\/uploads\/2020\/03\/IT4Biz-2602207531-scaled-1-e1601445513610.jpeg","contentUrl":"https:\/\/visionarymarketing.com\/wp-content\/uploads\/2020\/03\/IT4Biz-2602207531-scaled-1-e1601445513610.jpeg","width":519,"height":340},{"@type":"BreadcrumbList","@id":"https:\/\/visionarymarketing.com\/en\/2020\/10\/05\/digital-workplace-implementation\/#breadcrumb","itemListElement":[{"@type":"ListItem","position":1,"name":"Home","item":"https:\/\/visionarymarketing.com\/en\/"},{"@type":"ListItem","position":2,"name":"3 challenges for digital workplace implementation in businesses"}]},{"@type":"WebSite","@id":"https:\/\/visionarymarketing.com\/en\/#website","url":"https:\/\/visionarymarketing.com\/en\/","name":"Marketing and Innovation","description":"Independent News Website, Since 1996","potentialAction":[{"@type":"SearchAction","target":{"@type":"EntryPoint","urlTemplate":"https:\/\/visionarymarketing.com\/en\/?s={search_term_string}"},"query-input":{"@type":"PropertyValueSpecification","valueRequired":true,"valueName":"search_term_string"}}],"inLanguage":"en-US"},{"@type":"Person","@id":"https:\/\/visionarymarketing.com\/en\/#\/schema\/person\/3754fee1e558f47b8deb46f53c37423e","name":"Yann Gourvennec","image":{"@type":"ImageObject","inLanguage":"en-US","@id":"https:\/\/secure.gravatar.com\/avatar\/5972001801e8de5692a3e31224e85769f50a55fb8b679749f9c8d1868cceff14?s=96&d=initials&r=g&initials=yg","url":"https:\/\/secure.gravatar.com\/avatar\/5972001801e8de5692a3e31224e85769f50a55fb8b679749f9c8d1868cceff14?s=96&d=initials&r=g&initials=yg","contentUrl":"https:\/\/secure.gravatar.com\/avatar\/5972001801e8de5692a3e31224e85769f50a55fb8b679749f9c8d1868cceff14?s=96&d=initials&r=g&initials=yg","caption":"Yann Gourvennec"},"description":"Yann Gourvennec created visionarymarketing.com in 1996. He is a speaker and author of many books. In 2014 he went from intrapreneur to entrepreneur, when he created his digital marketing agency. Yann Gourvennec a cr\u00e9\u00e9 visionarymarketing.com en 1996. Il est conf\u00e9rencier et auteur de plusieurs livres. En 2014, il est pass\u00e9 d'intrapreneur \u00e0 entrepreneur en cr\u00e9ant son agence de marketing num\u00e9rique.","sameAs":["https:\/\/visionarymarketing.com","http:\/\/facebook.com\/ygourven","http:\/\/linkedin.com\/in\/ygourven","https:\/\/x.com\/ygourven","https:\/\/www.youtube.com\/c\/visionarymarketingagency"],"url":"https:\/\/visionarymarketing.com\/en\/author\/yann-gourvennec\/"}]}},"_links":{"self":[{"href":"https:\/\/visionarymarketing.com\/en\/wp-json\/wp\/v2\/posts\/57569","targetHints":{"allow":["GET"]}}],"collection":[{"href":"https:\/\/visionarymarketing.com\/en\/wp-json\/wp\/v2\/posts"}],"about":[{"href":"https:\/\/visionarymarketing.com\/en\/wp-json\/wp\/v2\/types\/post"}],"author":[{"embeddable":true,"href":"https:\/\/visionarymarketing.com\/en\/wp-json\/wp\/v2\/users\/2"}],"replies":[{"embeddable":true,"href":"https:\/\/visionarymarketing.com\/en\/wp-json\/wp\/v2\/comments?post=57569"}],"version-history":[{"count":0,"href":"https:\/\/visionarymarketing.com\/en\/wp-json\/wp\/v2\/posts\/57569\/revisions"}],"wp:featuredmedia":[{"embeddable":true,"href":"https:\/\/visionarymarketing.com\/en\/wp-json\/wp\/v2\/media\/50992"}],"wp:attachment":[{"href":"https:\/\/visionarymarketing.com\/en\/wp-json\/wp\/v2\/media?parent=57569"}],"wp:term":[{"taxonomy":"category","embeddable":true,"href":"https:\/\/visionarymarketing.com\/en\/wp-json\/wp\/v2\/categories?post=57569"},{"taxonomy":"post_tag","embeddable":true,"href":"https:\/\/visionarymarketing.com\/en\/wp-json\/wp\/v2\/tags?post=57569"}],"curies":[{"name":"wp","href":"https:\/\/api.w.org\/{rel}","templated":true}]}}