{"id":5628,"date":"2016-09-13T09:40:12","date_gmt":"2016-09-13T07:40:12","guid":{"rendered":"http:\/\/visionarymarketing.com\/en\/blog\/?p=5628"},"modified":"2020-01-29T19:55:44","modified_gmt":"2020-01-29T18:55:44","slug":"must-businesses-have-a-social-media-presence","status":"publish","type":"post","link":"https:\/\/visionarymarketing.com\/en\/2016\/09\/13\/must-businesses-have-a-social-media-presence\/","title":{"rendered":"Must businesses have a social media presence?"},"content":{"rendered":"<p><em>Some think that B2B and social media don&#8217;t mix. That is wrong:\u00a0They perfectly do. It is very interesting to look at this aspect of social media presence. There are many questions that people ask themselves when it comes to B2B and social media. Must businesses have a social media presence? Can a major business avoid being on social networks today? Does that concerne businesses in the manufacturing sector? In your opinion, is Space a trending topic on social networks? All these questions are answered by Yann Gourvennec in this article, during his visit at Thales Alenia Space.\u00a0<\/em><\/p>\n<h2>Must businesses have a social media presence?<\/h2>\n<p><a href=\"http:\/\/www.mckinsey.com\/business-functions\/marketing-and-sales\/our-insights\/being-b2b-social-a-conversation-with-maersk-lines-head-of-social-media\" target=\"_blank\" rel=\"noopener noreferrer\">Most B2B brands are deemed &#8220;under the radar&#8221;.<\/a> This means that there are few or no spontaneous conversations on the Web about them. <a href=\"https:\/\/www.entrepreneur.com\/article\/252733\">Social Media makes it possible for small hyperactive communities of like minded professionals to engage in passionate discussions about their subjects<\/a>.Is is important to creating conversation and content on social media. Why? <a href=\"https:\/\/www.entrepreneur.com\/article\/243034\">Because it can help you motivate your community to discuss different interesting aspects about your company.<\/a> Possibilities are endless: the future of your business, best practices, the evolution of your services etc. Imagination is the limit.<br \/>\nThere is one intriguing\u00a0paradox in this: the less you&#8217;ll talk about your products, the more clients will buy from you.<br \/>\n&nbsp;<br \/>\n<iframe title=\"[En]\u00a0Social Media, B2B and the Manufacturing Sector\" width=\"500\" height=\"281\" src=\"https:\/\/www.youtube.com\/embed\/eceJoorCMHA?feature=oembed\" frameborder=\"0\" allow=\"accelerometer; autoplay; clipboard-write; encrypted-media; gyroscope; picture-in-picture; web-share\" referrerpolicy=\"strict-origin-when-cross-origin\" allowfullscreen><\/iframe><\/p>\n<h2>Can a major business avoid being on social networks today?<\/h2>\n<p><!--more--><br \/>\nIt has nothing to do with &#8220;today&#8221;. I have practiced social media in businesses for 13 years now. It seems rather difficult indeed. Besides, it would be a shame to miss all these opportunities offered by Social Media. The most important opportunity being engagement. A\u00a0company that has no social media presence is a company that is missing out on a lot.<\/p>\n<h2>Does that concern businesses in the manufacturing sector?<\/h2>\n<p>I have repeated time and time again for 10 years than B2B is the future of social media. The manufacturing sector is no exception to this rule. B2B is made of exciting subjects share amongst passionate professionals who are not afraid of bad publicity because they mostly exchange between themselves.<br \/>\nAs manufacturing is a technical sphere, there is a huge potential to be extracted from it: exchanging and explaining some technicalities to<\/p>\n<h2>In your opinion, is Space a trending topic on social networks?<\/h2>\n<p><figure id=\"attachment_5694\" aria-describedby=\"caption-attachment-5694\" style=\"width: 640px\" class=\"wp-caption aligncenter\"><a href=\"https:\/\/visionarymarketing.com\/wp-content\/uploads\/2016\/09\/29158416091_feccee589b_z.jpg\"><img decoding=\"async\" class=\"size-full wp-image-5694\" src=\"https:\/\/visionarymarketing.com\/wp-content\/uploads\/2016\/09\/29158416091_feccee589b_z.jpg\" alt=\"Seattle Space Needle\" width=\"640\" height=\"427\" srcset=\"https:\/\/visionarymarketing.com\/wp-content\/uploads\/2016\/09\/29158416091_feccee589b_z.jpg 640w, https:\/\/visionarymarketing.com\/wp-content\/uploads\/2016\/09\/29158416091_feccee589b_z-450x300.jpg 450w\" sizes=\"(max-width: 640px) 100vw, 640px\" \/><\/a><figcaption id=\"caption-attachment-5694\" class=\"wp-caption-text\">Space is always an interesting topic that creates curiosity<\/figcaption><\/figure><br \/>\nI find your question rather strange to be honest. Space is a huge subject on social media. It makes it possible for you to address the general public. Think about Regis McKenna&#8217;s mantra: &#8220;think about your clients&#8217; clients&#8221;. Opportunities abound with such a brilliant topic at hand. Space is a topic that draws the attention of\u00a0everyone.\u00a0No matter how old we\u00a0are, this is something that makes us all curious.<\/p>\n","protected":false},"excerpt":{"rendered":"<p>Some think that B2B and social media don&#8217;t mix. That is wrong:\u00a0They perfectly do. It is very interesting to look at this aspect of social media presence. There are many questions that people ask themselves when it comes to B2B and social media. Must businesses have a social media presence? Can a major business avoid &hellip;<\/p>\n","protected":false},"author":2,"featured_media":10644,"comment_status":"open","ping_status":"open","sticky":false,"template":"","format":"standard","meta":{"footnotes":""},"categories":[4069],"tags":[],"class_list":["post-5628","post","type-post","status-publish","format-standard","has-post-thumbnail","hentry","category-digital-marketing"],"yoast_head":"<!-- This site is optimized with the Yoast SEO plugin v27.4 - https:\/\/yoast.com\/product\/yoast-seo-wordpress\/ -->\n<title>Must businesses have a social media presence?<\/title>\n<meta name=\"description\" content=\"Some think that B2B and social media don&#039;t mix. That is wrong: They perfectly do. It is very interesting to look at this aspect of social media presence.\" \/>\n<meta name=\"robots\" content=\"index, follow, max-snippet:-1, max-image-preview:large, max-video-preview:-1\" \/>\n<link rel=\"canonical\" href=\"https:\/\/visionarymarketing.com\/en\/2016\/09\/13\/must-businesses-have-a-social-media-presence\/\" \/>\n<meta property=\"og:locale\" content=\"en_US\" \/>\n<meta property=\"og:type\" content=\"article\" \/>\n<meta property=\"og:title\" content=\"Must businesses have a social media presence?\" \/>\n<meta property=\"og:description\" content=\"Some think that B2B and social media don&#039;t mix. That is wrong: They perfectly do. It is very interesting to look at this aspect of social media presence.\" \/>\n<meta property=\"og:url\" content=\"https:\/\/visionarymarketing.com\/en\/2016\/09\/13\/must-businesses-have-a-social-media-presence\/\" \/>\n<meta property=\"og:site_name\" content=\"Marketing and Innovation\" \/>\n<meta property=\"article:publisher\" content=\"https:\/\/www.facebook.com\/vismktg\" \/>\n<meta property=\"article:author\" content=\"http:\/\/facebook.com\/ygourven\" \/>\n<meta property=\"article:published_time\" content=\"2016-09-13T07:40:12+00:00\" \/>\n<meta property=\"article:modified_time\" content=\"2020-01-29T18:55:44+00:00\" \/>\n<meta property=\"og:image\" content=\"https:\/\/visionarymarketing.com\/wp-content\/uploads\/2019\/11\/48891809521_5d2516aa19_c-1.jpg\" \/>\n\t<meta property=\"og:image:width\" content=\"644\" \/>\n\t<meta property=\"og:image:height\" content=\"430\" \/>\n\t<meta property=\"og:image:type\" content=\"image\/jpeg\" \/>\n<meta name=\"author\" content=\"Yann Gourvennec\" \/>\n<meta name=\"twitter:card\" content=\"summary_large_image\" \/>\n<meta name=\"twitter:creator\" content=\"@ygourven\" \/>\n<meta name=\"twitter:site\" content=\"@ygourven\" \/>\n<meta name=\"twitter:label1\" content=\"Written by\" \/>\n\t<meta name=\"twitter:data1\" content=\"Yann Gourvennec\" \/>\n\t<meta name=\"twitter:label2\" content=\"Est. reading time\" \/>\n\t<meta name=\"twitter:data2\" content=\"2 minutes\" \/>\n<script type=\"application\/ld+json\" class=\"yoast-schema-graph\">{\"@context\":\"https:\\\/\\\/schema.org\",\"@graph\":[{\"@type\":\"NewsArticle\",\"@id\":\"https:\\\/\\\/visionarymarketing.com\\\/en\\\/2016\\\/09\\\/13\\\/must-businesses-have-a-social-media-presence\\\/#article\",\"isPartOf\":{\"@id\":\"https:\\\/\\\/visionarymarketing.com\\\/en\\\/2016\\\/09\\\/13\\\/must-businesses-have-a-social-media-presence\\\/\"},\"author\":{\"name\":\"Yann Gourvennec\",\"@id\":\"https:\\\/\\\/visionarymarketing.com\\\/en\\\/#\\\/schema\\\/person\\\/3754fee1e558f47b8deb46f53c37423e\"},\"headline\":\"Must businesses have a social media presence?\",\"datePublished\":\"2016-09-13T07:40:12+00:00\",\"dateModified\":\"2020-01-29T18:55:44+00:00\",\"mainEntityOfPage\":{\"@id\":\"https:\\\/\\\/visionarymarketing.com\\\/en\\\/2016\\\/09\\\/13\\\/must-businesses-have-a-social-media-presence\\\/\"},\"wordCount\":491,\"commentCount\":0,\"image\":{\"@id\":\"https:\\\/\\\/visionarymarketing.com\\\/en\\\/2016\\\/09\\\/13\\\/must-businesses-have-a-social-media-presence\\\/#primaryimage\"},\"thumbnailUrl\":\"https:\\\/\\\/visionarymarketing.com\\\/wp-content\\\/uploads\\\/2019\\\/11\\\/48891809521_5d2516aa19_c-1.jpg\",\"articleSection\":[\"digital marketing\"],\"inLanguage\":\"en-US\",\"potentialAction\":[{\"@type\":\"CommentAction\",\"name\":\"Comment\",\"target\":[\"https:\\\/\\\/visionarymarketing.com\\\/en\\\/2016\\\/09\\\/13\\\/must-businesses-have-a-social-media-presence\\\/#respond\"]}]},{\"@type\":\"WebPage\",\"@id\":\"https:\\\/\\\/visionarymarketing.com\\\/en\\\/2016\\\/09\\\/13\\\/must-businesses-have-a-social-media-presence\\\/\",\"url\":\"https:\\\/\\\/visionarymarketing.com\\\/en\\\/2016\\\/09\\\/13\\\/must-businesses-have-a-social-media-presence\\\/\",\"name\":\"Must businesses have a social media presence?\",\"isPartOf\":{\"@id\":\"https:\\\/\\\/visionarymarketing.com\\\/en\\\/#website\"},\"primaryImageOfPage\":{\"@id\":\"https:\\\/\\\/visionarymarketing.com\\\/en\\\/2016\\\/09\\\/13\\\/must-businesses-have-a-social-media-presence\\\/#primaryimage\"},\"image\":{\"@id\":\"https:\\\/\\\/visionarymarketing.com\\\/en\\\/2016\\\/09\\\/13\\\/must-businesses-have-a-social-media-presence\\\/#primaryimage\"},\"thumbnailUrl\":\"https:\\\/\\\/visionarymarketing.com\\\/wp-content\\\/uploads\\\/2019\\\/11\\\/48891809521_5d2516aa19_c-1.jpg\",\"datePublished\":\"2016-09-13T07:40:12+00:00\",\"dateModified\":\"2020-01-29T18:55:44+00:00\",\"author\":{\"@id\":\"https:\\\/\\\/visionarymarketing.com\\\/en\\\/#\\\/schema\\\/person\\\/3754fee1e558f47b8deb46f53c37423e\"},\"description\":\"Some think that B2B and social media don't mix. That is wrong: They perfectly do. It is very interesting to look at this aspect of social media presence.\",\"breadcrumb\":{\"@id\":\"https:\\\/\\\/visionarymarketing.com\\\/en\\\/2016\\\/09\\\/13\\\/must-businesses-have-a-social-media-presence\\\/#breadcrumb\"},\"inLanguage\":\"en-US\",\"potentialAction\":[{\"@type\":\"ReadAction\",\"target\":[\"https:\\\/\\\/visionarymarketing.com\\\/en\\\/2016\\\/09\\\/13\\\/must-businesses-have-a-social-media-presence\\\/\"]}]},{\"@type\":\"ImageObject\",\"inLanguage\":\"en-US\",\"@id\":\"https:\\\/\\\/visionarymarketing.com\\\/en\\\/2016\\\/09\\\/13\\\/must-businesses-have-a-social-media-presence\\\/#primaryimage\",\"url\":\"https:\\\/\\\/visionarymarketing.com\\\/wp-content\\\/uploads\\\/2019\\\/11\\\/48891809521_5d2516aa19_c-1.jpg\",\"contentUrl\":\"https:\\\/\\\/visionarymarketing.com\\\/wp-content\\\/uploads\\\/2019\\\/11\\\/48891809521_5d2516aa19_c-1.jpg\",\"width\":644,\"height\":430},{\"@type\":\"BreadcrumbList\",\"@id\":\"https:\\\/\\\/visionarymarketing.com\\\/en\\\/2016\\\/09\\\/13\\\/must-businesses-have-a-social-media-presence\\\/#breadcrumb\",\"itemListElement\":[{\"@type\":\"ListItem\",\"position\":1,\"name\":\"Home\",\"item\":\"https:\\\/\\\/visionarymarketing.com\\\/en\\\/\"},{\"@type\":\"ListItem\",\"position\":2,\"name\":\"Must businesses have a social media presence?\"}]},{\"@type\":\"WebSite\",\"@id\":\"https:\\\/\\\/visionarymarketing.com\\\/en\\\/#website\",\"url\":\"https:\\\/\\\/visionarymarketing.com\\\/en\\\/\",\"name\":\"Marketing and Innovation\",\"description\":\"Independent News Website, Since 1996\",\"potentialAction\":[{\"@type\":\"SearchAction\",\"target\":{\"@type\":\"EntryPoint\",\"urlTemplate\":\"https:\\\/\\\/visionarymarketing.com\\\/en\\\/?s={search_term_string}\"},\"query-input\":{\"@type\":\"PropertyValueSpecification\",\"valueRequired\":true,\"valueName\":\"search_term_string\"}}],\"inLanguage\":\"en-US\"},{\"@type\":\"Person\",\"@id\":\"https:\\\/\\\/visionarymarketing.com\\\/en\\\/#\\\/schema\\\/person\\\/3754fee1e558f47b8deb46f53c37423e\",\"name\":\"Yann Gourvennec\",\"image\":{\"@type\":\"ImageObject\",\"inLanguage\":\"en-US\",\"@id\":\"https:\\\/\\\/secure.gravatar.com\\\/avatar\\\/5972001801e8de5692a3e31224e85769f50a55fb8b679749f9c8d1868cceff14?s=96&d=initials&r=g&initials=yg\",\"url\":\"https:\\\/\\\/secure.gravatar.com\\\/avatar\\\/5972001801e8de5692a3e31224e85769f50a55fb8b679749f9c8d1868cceff14?s=96&d=initials&r=g&initials=yg\",\"contentUrl\":\"https:\\\/\\\/secure.gravatar.com\\\/avatar\\\/5972001801e8de5692a3e31224e85769f50a55fb8b679749f9c8d1868cceff14?s=96&d=initials&r=g&initials=yg\",\"caption\":\"Yann Gourvennec\"},\"description\":\"Yann Gourvennec created visionarymarketing.com in 1996. He is a speaker and author of many books. In 2014 he went from intrapreneur to entrepreneur, when he created his digital marketing agency. Yann Gourvennec a cr\u00e9\u00e9 visionarymarketing.com en 1996. Il est conf\u00e9rencier et auteur de plusieurs livres. En 2014, il est pass\u00e9 d'intrapreneur \u00e0 entrepreneur en cr\u00e9ant son agence de marketing num\u00e9rique.\",\"sameAs\":[\"https:\\\/\\\/visionarymarketing.com\",\"http:\\\/\\\/facebook.com\\\/ygourven\",\"http:\\\/\\\/linkedin.com\\\/in\\\/ygourven\",\"https:\\\/\\\/x.com\\\/ygourven\",\"https:\\\/\\\/www.youtube.com\\\/c\\\/visionarymarketingagency\"],\"url\":\"https:\\\/\\\/visionarymarketing.com\\\/en\\\/author\\\/yann-gourvennec\\\/\"}]}<\/script>\n<!-- \/ Yoast SEO plugin. -->","yoast_head_json":{"title":"Must businesses have a social media presence?","description":"Some think that B2B and social media don't mix. That is wrong: They perfectly do. It is very interesting to look at this aspect of social media presence.","robots":{"index":"index","follow":"follow","max-snippet":"max-snippet:-1","max-image-preview":"max-image-preview:large","max-video-preview":"max-video-preview:-1"},"canonical":"https:\/\/visionarymarketing.com\/en\/2016\/09\/13\/must-businesses-have-a-social-media-presence\/","og_locale":"en_US","og_type":"article","og_title":"Must businesses have a social media presence?","og_description":"Some think that B2B and social media don't mix. That is wrong: They perfectly do. It is very interesting to look at this aspect of social media presence.","og_url":"https:\/\/visionarymarketing.com\/en\/2016\/09\/13\/must-businesses-have-a-social-media-presence\/","og_site_name":"Marketing and Innovation","article_publisher":"https:\/\/www.facebook.com\/vismktg","article_author":"http:\/\/facebook.com\/ygourven","article_published_time":"2016-09-13T07:40:12+00:00","article_modified_time":"2020-01-29T18:55:44+00:00","og_image":[{"width":644,"height":430,"url":"https:\/\/visionarymarketing.com\/wp-content\/uploads\/2019\/11\/48891809521_5d2516aa19_c-1.jpg","type":"image\/jpeg"}],"author":"Yann Gourvennec","twitter_card":"summary_large_image","twitter_creator":"@ygourven","twitter_site":"@ygourven","twitter_misc":{"Written by":"Yann Gourvennec","Est. reading time":"2 minutes"},"schema":{"@context":"https:\/\/schema.org","@graph":[{"@type":"NewsArticle","@id":"https:\/\/visionarymarketing.com\/en\/2016\/09\/13\/must-businesses-have-a-social-media-presence\/#article","isPartOf":{"@id":"https:\/\/visionarymarketing.com\/en\/2016\/09\/13\/must-businesses-have-a-social-media-presence\/"},"author":{"name":"Yann Gourvennec","@id":"https:\/\/visionarymarketing.com\/en\/#\/schema\/person\/3754fee1e558f47b8deb46f53c37423e"},"headline":"Must businesses have a social media presence?","datePublished":"2016-09-13T07:40:12+00:00","dateModified":"2020-01-29T18:55:44+00:00","mainEntityOfPage":{"@id":"https:\/\/visionarymarketing.com\/en\/2016\/09\/13\/must-businesses-have-a-social-media-presence\/"},"wordCount":491,"commentCount":0,"image":{"@id":"https:\/\/visionarymarketing.com\/en\/2016\/09\/13\/must-businesses-have-a-social-media-presence\/#primaryimage"},"thumbnailUrl":"https:\/\/visionarymarketing.com\/wp-content\/uploads\/2019\/11\/48891809521_5d2516aa19_c-1.jpg","articleSection":["digital marketing"],"inLanguage":"en-US","potentialAction":[{"@type":"CommentAction","name":"Comment","target":["https:\/\/visionarymarketing.com\/en\/2016\/09\/13\/must-businesses-have-a-social-media-presence\/#respond"]}]},{"@type":"WebPage","@id":"https:\/\/visionarymarketing.com\/en\/2016\/09\/13\/must-businesses-have-a-social-media-presence\/","url":"https:\/\/visionarymarketing.com\/en\/2016\/09\/13\/must-businesses-have-a-social-media-presence\/","name":"Must businesses have a social media presence?","isPartOf":{"@id":"https:\/\/visionarymarketing.com\/en\/#website"},"primaryImageOfPage":{"@id":"https:\/\/visionarymarketing.com\/en\/2016\/09\/13\/must-businesses-have-a-social-media-presence\/#primaryimage"},"image":{"@id":"https:\/\/visionarymarketing.com\/en\/2016\/09\/13\/must-businesses-have-a-social-media-presence\/#primaryimage"},"thumbnailUrl":"https:\/\/visionarymarketing.com\/wp-content\/uploads\/2019\/11\/48891809521_5d2516aa19_c-1.jpg","datePublished":"2016-09-13T07:40:12+00:00","dateModified":"2020-01-29T18:55:44+00:00","author":{"@id":"https:\/\/visionarymarketing.com\/en\/#\/schema\/person\/3754fee1e558f47b8deb46f53c37423e"},"description":"Some think that B2B and social media don't mix. That is wrong: They perfectly do. It is very interesting to look at this aspect of social media presence.","breadcrumb":{"@id":"https:\/\/visionarymarketing.com\/en\/2016\/09\/13\/must-businesses-have-a-social-media-presence\/#breadcrumb"},"inLanguage":"en-US","potentialAction":[{"@type":"ReadAction","target":["https:\/\/visionarymarketing.com\/en\/2016\/09\/13\/must-businesses-have-a-social-media-presence\/"]}]},{"@type":"ImageObject","inLanguage":"en-US","@id":"https:\/\/visionarymarketing.com\/en\/2016\/09\/13\/must-businesses-have-a-social-media-presence\/#primaryimage","url":"https:\/\/visionarymarketing.com\/wp-content\/uploads\/2019\/11\/48891809521_5d2516aa19_c-1.jpg","contentUrl":"https:\/\/visionarymarketing.com\/wp-content\/uploads\/2019\/11\/48891809521_5d2516aa19_c-1.jpg","width":644,"height":430},{"@type":"BreadcrumbList","@id":"https:\/\/visionarymarketing.com\/en\/2016\/09\/13\/must-businesses-have-a-social-media-presence\/#breadcrumb","itemListElement":[{"@type":"ListItem","position":1,"name":"Home","item":"https:\/\/visionarymarketing.com\/en\/"},{"@type":"ListItem","position":2,"name":"Must businesses have a social media presence?"}]},{"@type":"WebSite","@id":"https:\/\/visionarymarketing.com\/en\/#website","url":"https:\/\/visionarymarketing.com\/en\/","name":"Marketing and Innovation","description":"Independent News Website, Since 1996","potentialAction":[{"@type":"SearchAction","target":{"@type":"EntryPoint","urlTemplate":"https:\/\/visionarymarketing.com\/en\/?s={search_term_string}"},"query-input":{"@type":"PropertyValueSpecification","valueRequired":true,"valueName":"search_term_string"}}],"inLanguage":"en-US"},{"@type":"Person","@id":"https:\/\/visionarymarketing.com\/en\/#\/schema\/person\/3754fee1e558f47b8deb46f53c37423e","name":"Yann Gourvennec","image":{"@type":"ImageObject","inLanguage":"en-US","@id":"https:\/\/secure.gravatar.com\/avatar\/5972001801e8de5692a3e31224e85769f50a55fb8b679749f9c8d1868cceff14?s=96&d=initials&r=g&initials=yg","url":"https:\/\/secure.gravatar.com\/avatar\/5972001801e8de5692a3e31224e85769f50a55fb8b679749f9c8d1868cceff14?s=96&d=initials&r=g&initials=yg","contentUrl":"https:\/\/secure.gravatar.com\/avatar\/5972001801e8de5692a3e31224e85769f50a55fb8b679749f9c8d1868cceff14?s=96&d=initials&r=g&initials=yg","caption":"Yann Gourvennec"},"description":"Yann Gourvennec created visionarymarketing.com in 1996. He is a speaker and author of many books. In 2014 he went from intrapreneur to entrepreneur, when he created his digital marketing agency. Yann Gourvennec a cr\u00e9\u00e9 visionarymarketing.com en 1996. Il est conf\u00e9rencier et auteur de plusieurs livres. En 2014, il est pass\u00e9 d'intrapreneur \u00e0 entrepreneur en cr\u00e9ant son agence de marketing num\u00e9rique.","sameAs":["https:\/\/visionarymarketing.com","http:\/\/facebook.com\/ygourven","http:\/\/linkedin.com\/in\/ygourven","https:\/\/x.com\/ygourven","https:\/\/www.youtube.com\/c\/visionarymarketingagency"],"url":"https:\/\/visionarymarketing.com\/en\/author\/yann-gourvennec\/"}]}},"_links":{"self":[{"href":"https:\/\/visionarymarketing.com\/en\/wp-json\/wp\/v2\/posts\/5628","targetHints":{"allow":["GET"]}}],"collection":[{"href":"https:\/\/visionarymarketing.com\/en\/wp-json\/wp\/v2\/posts"}],"about":[{"href":"https:\/\/visionarymarketing.com\/en\/wp-json\/wp\/v2\/types\/post"}],"author":[{"embeddable":true,"href":"https:\/\/visionarymarketing.com\/en\/wp-json\/wp\/v2\/users\/2"}],"replies":[{"embeddable":true,"href":"https:\/\/visionarymarketing.com\/en\/wp-json\/wp\/v2\/comments?post=5628"}],"version-history":[{"count":0,"href":"https:\/\/visionarymarketing.com\/en\/wp-json\/wp\/v2\/posts\/5628\/revisions"}],"wp:featuredmedia":[{"embeddable":true,"href":"https:\/\/visionarymarketing.com\/en\/wp-json\/wp\/v2\/media\/10644"}],"wp:attachment":[{"href":"https:\/\/visionarymarketing.com\/en\/wp-json\/wp\/v2\/media?parent=5628"}],"wp:term":[{"taxonomy":"category","embeddable":true,"href":"https:\/\/visionarymarketing.com\/en\/wp-json\/wp\/v2\/categories?post=5628"},{"taxonomy":"post_tag","embeddable":true,"href":"https:\/\/visionarymarketing.com\/en\/wp-json\/wp\/v2\/tags?post=5628"}],"curies":[{"name":"wp","href":"https:\/\/api.w.org\/{rel}","templated":true}]}}