{"id":42771,"date":"2014-06-24T09:11:28","date_gmt":"2014-06-24T07:11:28","guid":{"rendered":"http:\/\/visionarymarketing.com\/en\/blog\/?p=4300"},"modified":"2024-08-08T22:11:04","modified_gmt":"2024-08-08T20:11:04","slug":"global-social-media-event-live-400-pm-cet-smday","status":"publish","type":"post","link":"https:\/\/visionarymarketing.com\/en\/2014\/06\/24\/global-social-media-event-live-400-pm-cet-smday\/","title":{"rendered":"Global Social Media Event (Live at 4:00 pm CET) #SMDay"},"content":{"rendered":"<p><!--?xml version=\"1.0\" encoding=\"UTF-8\" standalone=\"no\"?--> <span style=\"font-family: Arial;\"><em><span style=\"color: #005493;\">On June 24, visionary marketing will take part in a social media day hangout with <a class=\"zem_slink\" title=\"Mashable\" href=\"http:\/\/twitter.com\/mashable\" target=\"_blank\" rel=\"twitter noopener noreferrer\">Mashable<\/a> and my community manager (US). The subject will be that of the global Web. There is a great deal to say about the <a class=\"zem_slink\" title=\"Social web\" href=\"https:\/\/en.wikipedia.org\/wiki\/Social_web\" target=\"_blank\" rel=\"wikipedia noopener noreferrer\">social Web<\/a> being global. Think about it: in <a class=\"zem_slink\" title=\"Twitter\" href=\"https:\/\/blog.x.com\/\" target=\"_blank\" rel=\"blog noopener noreferrer\">Twitter<\/a>, you are not allowed, 8 years after it&#8217;s inception, to have a multilingual account in which you can publish content in different languages and share that content based on location or language preferences! Whereas Facebook has made strides in that direction, many sociali media platforms (even blogs to an extent) are lagging behind.\u00a0<\/span><\/em><\/span><\/p>\n<h1 style=\"font-family: Arial;\">Global Social Media or Globalised Social Media<\/h1>\n<p>That is the question &#8230;<br \/>\n<img decoding=\"async\" style=\"float: right;\" title=\"book-new-small.gif\" src=\"https:\/\/visionarymarketing.com\/wp-content\/uploads\/2014\/06\/book-new-small1.gif\" alt=\"Global Social Media\" width=\"187\" height=\"153\" border=\"0\" \/><br \/>\nThe fact of the matter is that Europe is a very strange animal. With at least 15 official <a title=\"Languages of the European Union\" href=\"https:\/\/en.wikipedia.org\/wiki\/Languages_of_the_European_Union\" target=\"_blank\" rel=\"wikipedia noopener noreferrer\">languages in the European Union<\/a>, managing Social over here is a bit of a nightmare unless you are safe behind your borders and never address a foreign market or assume cultural discrepancies in Europe are a prewar memory. I\u2019m not saying that this is good or bad, mind you, this is just a fact. Mind you, looking at platforms like Twitter and <a title=\"LinkedIn\" href=\"http:\/\/www.linkedin.com\/\" target=\"_blank\" rel=\"homepage noopener noreferrer\">LinkedIn,<\/a> you\u2019d really think these guys believe the whole speaks English. In the case of LinkedIn, the CTO who built the platform was a Frenchman from Marseilles living in San Francisco. I still wonder, to this day, why it took him 3 to 4 years to localise the tool, and even so \u2026 it\u2019s still impossible for bilingual profiles to be created\u2026 And Twitter won\u2019t have it either: it\u2019s either French, German or English, but bi or trilingual users can well go see somewhere else.<\/p>\n<div>The result is clear: All <a title=\"German language\" href=\"https:\/\/en.wikipedia.org\/wiki\/German_language\" target=\"_blank\" rel=\"wikipedia noopener noreferrer\">German-speaking<\/a> users use Xing, most French professional, until recently, used <a title=\"Viadeo\" href=\"http:\/\/twitter.com\/viadeo\" target=\"_blank\" rel=\"twitter noopener noreferrer\">Viadeo<\/a>, and Russia is using Vkontakte. I think a lot could be done to alter this self-centred view of social media and improve on the process.<\/div>\n<div><\/div>\n<h2>Tune in to this live broadcast of the event on Youtube at 4:00 pm CET<\/h2>\n<blockquote class=\"quote-light\"><p>June 30 marks the fifth annual Social Media Day, and in preparation for that, Mashable and Hootsuite are leading a global discussion about the digital revolution and growth of social media. Joining the Hangout on Air are users of global social networks including <span class=\"removed_link\" title=\"http:\/\/www.wechat.com\/\">WeChat<\/span>, <a title=\"Sina Weibo\" href=\"https:\/\/en.wikipedia.org\/wiki\/Sina_Weibo\" target=\"_blank\" rel=\"wikipedia noopener noreferrer\">Sina Weibo<\/a>, VK, <a title=\"XING\" href=\"http:\/\/www.xing.com\" target=\"_blank\" rel=\"homepage noopener noreferrer\">XING<\/a>, ask.fm and Viadeo. Share your questions in the comments or tweet using #SMDay.<\/p><\/blockquote>\n<div style=\"font-family: Arial;\"><\/div>\n<div style=\"font-family: Arial;\"><iframe src=\"\/\/www.youtube.com\/embed\/JQyqh7BphuY\" width=\"560\" height=\"315\" frameborder=\"0\"><\/iframe><\/div>\n<div style=\"font-family: Arial;\"><\/div>\n<div>The speakers were\u00a0Crystal from Singapore, Vitaly from Russia, Markus from Germany, Israel from Brasil and Yann Gourvennec from France<\/div>\n<div><\/div>\n<h3 class=\"zemanta-related-title\" style=\"margin: 0 0 10px 0; padding: 0; clear: both;\">Related articles<\/h3>\n<ul class=\"zemanta-article-ul zemanta-article-ul-image\" style=\"margin: 0; padding: 0; overflow: hidden;\">\n<li class=\"zemanta-article-ul-li-image zemanta-article-ul-li\" style=\"padding: 0; background: none; list-style: none; display: block; float: left; vertical-align: top; text-align: left; width: 104px; font-size: 12px; margin: 0 5px 10px 0;\"><a style=\"padding: 2px; display: block; text-decoration: none;\" href=\"https:\/\/web.archive.org\/web\/20210416155108\/https:\/\/mashable.com\/2014\/06\/13\/1connection-social-media-day\/\" target=\"_blank\" rel=\"noopener noreferrer\"><\/a><a style=\"display: block; overflow: hidden; text-decoration: none; line-height: 12pt; height: 80px; padding: 5px 2px 0 2px;\" href=\"https:\/\/web.archive.org\/web\/20210416155108\/https:\/\/mashable.com\/2014\/06\/13\/1connection-social-media-day\/\" target=\"_blank\" rel=\"noopener noreferrer\">The Power of Expanding Your Network by One<\/a><\/li>\n<li class=\"zemanta-article-ul-li-image zemanta-article-ul-li\" style=\"padding: 0; background: none; list-style: none; display: block; float: left; vertical-align: top; text-align: left; width: 104px; font-size: 12px; margin: 0 5px 10px 0;\"><span class=\"removed_link\" title=\"http:\/\/wiredprworks.com\/mashable-smday-dupage\/\"><\/span><span class=\"removed_link\" title=\"http:\/\/wiredprworks.com\/mashable-smday-dupage\/\">Celebrate Mashable #SMDay in DuPage<\/span><\/li>\n<li class=\"zemanta-article-ul-li-image zemanta-article-ul-li\" style=\"padding: 0; background: none; list-style: none; display: block; float: left; vertical-align: top; text-align: left; width: 104px; font-size: 12px; margin: 0 5px 10px 0;\">The winter (transfer window) is coming<\/li>\n<li class=\"zemanta-article-ul-li-image zemanta-article-ul-li\" style=\"padding: 0; background: none; list-style: none; display: block; float: left; vertical-align: top; text-align: left; width: 104px; font-size: 12px; margin: 0 5px 10px 0;\">Are You Joining In For Social Media Day Celebrations In Pune #SMDayPune<\/li>\n<li class=\"zemanta-article-ul-li-image zemanta-article-ul-li\" style=\"padding: 0; background: none; list-style: none; display: block; float: left; vertical-align: top; text-align: left; width: 104px; font-size: 12px; margin: 0 5px 10px 0;\"><a style=\"padding: 2px; display: block; text-decoration: none;\" href=\"http:\/\/theloveoftech.wordpress.com\/2014\/06\/22\/7-global-social-media-day-events-you-should-attend\/\" target=\"_blank\" rel=\"noopener noreferrer\"><\/a><a style=\"display: block; overflow: hidden; text-decoration: none; line-height: 12pt; height: 80px; padding: 5px 2px 0 2px;\" href=\"http:\/\/theloveoftech.wordpress.com\/2014\/06\/22\/7-global-social-media-day-events-you-should-attend\/\" target=\"_blank\" rel=\"noopener noreferrer\">7 Global Social Media Day Events You Should Attend<\/a><\/li>\n<\/ul>\n","protected":false},"excerpt":{"rendered":"<p>On June 24, visionary marketing will take part in a social media day hangout with Mashable and my community manager (US). The subject will be that of the global Web. There is a great deal to say about the social Web being global. Think about it: in Twitter, you are not allowed, 8 years after &hellip;<\/p>\n","protected":false},"author":2,"featured_media":10647,"comment_status":"open","ping_status":"open","sticky":false,"template":"","format":"standard","meta":{"footnotes":""},"categories":[4073],"tags":[4435,4770,4891],"class_list":["post-42771","post","type-post","status-publish","format-standard","has-post-thumbnail","hentry","category-social-media","tag-global","tag-platforms","tag-social-media"],"yoast_head":"<!-- This site is optimized with the Yoast SEO plugin v27.5 - https:\/\/yoast.com\/product\/yoast-seo-wordpress\/ -->\n<title>Global Social Media Event (Live at 4:00 pm CET) #SMDay<\/title>\n<meta name=\"description\" content=\"Global Social Media or Globalised Social Media That is the question ... The fact of the matter is that Europe is a very strange animal with 15+ languages\" \/>\n<meta name=\"robots\" content=\"index, follow, max-snippet:-1, max-image-preview:large, max-video-preview:-1\" \/>\n<link rel=\"canonical\" href=\"https:\/\/visionarymarketing.com\/en\/2014\/06\/24\/global-social-media-event-live-400-pm-cet-smday\/\" \/>\n<meta property=\"og:locale\" content=\"en_US\" \/>\n<meta property=\"og:type\" content=\"article\" \/>\n<meta property=\"og:title\" content=\"Global Social Media Event (Live at 4:00 pm CET) #SMDay\" \/>\n<meta property=\"og:description\" content=\"Global Social Media or Globalised Social Media That is the question ... The fact of the matter is that Europe is a very strange animal with 15+ languages\" \/>\n<meta property=\"og:url\" content=\"https:\/\/visionarymarketing.com\/en\/2014\/06\/24\/global-social-media-event-live-400-pm-cet-smday\/\" \/>\n<meta property=\"og:site_name\" content=\"Marketing and Innovation\" \/>\n<meta property=\"article:publisher\" content=\"https:\/\/www.facebook.com\/vismktg\" \/>\n<meta property=\"article:author\" content=\"http:\/\/facebook.com\/ygourven\" \/>\n<meta property=\"article:published_time\" content=\"2014-06-24T07:11:28+00:00\" \/>\n<meta property=\"article:modified_time\" content=\"2024-08-08T20:11:04+00:00\" \/>\n<meta property=\"og:image\" content=\"https:\/\/visionarymarketing.com\/wp-content\/uploads\/2019\/11\/48112466196_d8f22da38c_c-1.jpg\" \/>\n\t<meta property=\"og:image:width\" content=\"644\" \/>\n\t<meta property=\"og:image:height\" content=\"430\" \/>\n\t<meta property=\"og:image:type\" content=\"image\/jpeg\" \/>\n<meta name=\"author\" content=\"Yann Gourvennec\" \/>\n<meta name=\"twitter:card\" content=\"summary_large_image\" \/>\n<meta name=\"twitter:creator\" content=\"@ygourven\" \/>\n<meta name=\"twitter:site\" content=\"@ygourven\" \/>\n<meta name=\"twitter:label1\" content=\"Written by\" \/>\n\t<meta name=\"twitter:data1\" content=\"Yann Gourvennec\" \/>\n\t<meta name=\"twitter:label2\" content=\"Est. reading time\" \/>\n\t<meta name=\"twitter:data2\" content=\"2 minutes\" \/>\n<script type=\"application\/ld+json\" class=\"yoast-schema-graph\">{\"@context\":\"https:\\\/\\\/schema.org\",\"@graph\":[{\"@type\":\"NewsArticle\",\"@id\":\"https:\\\/\\\/visionarymarketing.com\\\/en\\\/2014\\\/06\\\/24\\\/global-social-media-event-live-400-pm-cet-smday\\\/#article\",\"isPartOf\":{\"@id\":\"https:\\\/\\\/visionarymarketing.com\\\/en\\\/2014\\\/06\\\/24\\\/global-social-media-event-live-400-pm-cet-smday\\\/\"},\"author\":{\"name\":\"Yann Gourvennec\",\"@id\":\"https:\\\/\\\/visionarymarketing.com\\\/en\\\/#\\\/schema\\\/person\\\/3754fee1e558f47b8deb46f53c37423e\"},\"headline\":\"Global Social Media Event (Live at 4:00 pm CET) #SMDay\",\"datePublished\":\"2014-06-24T07:11:28+00:00\",\"dateModified\":\"2024-08-08T20:11:04+00:00\",\"mainEntityOfPage\":{\"@id\":\"https:\\\/\\\/visionarymarketing.com\\\/en\\\/2014\\\/06\\\/24\\\/global-social-media-event-live-400-pm-cet-smday\\\/\"},\"wordCount\":463,\"commentCount\":0,\"image\":{\"@id\":\"https:\\\/\\\/visionarymarketing.com\\\/en\\\/2014\\\/06\\\/24\\\/global-social-media-event-live-400-pm-cet-smday\\\/#primaryimage\"},\"thumbnailUrl\":\"https:\\\/\\\/visionarymarketing.com\\\/wp-content\\\/uploads\\\/2019\\\/11\\\/48112466196_d8f22da38c_c-1.jpg\",\"keywords\":[\"Global\",\"platforms\",\"social media\"],\"articleSection\":[\"social media &amp; social networks\"],\"inLanguage\":\"en-US\",\"potentialAction\":[{\"@type\":\"CommentAction\",\"name\":\"Comment\",\"target\":[\"https:\\\/\\\/visionarymarketing.com\\\/en\\\/2014\\\/06\\\/24\\\/global-social-media-event-live-400-pm-cet-smday\\\/#respond\"]}]},{\"@type\":\"WebPage\",\"@id\":\"https:\\\/\\\/visionarymarketing.com\\\/en\\\/2014\\\/06\\\/24\\\/global-social-media-event-live-400-pm-cet-smday\\\/\",\"url\":\"https:\\\/\\\/visionarymarketing.com\\\/en\\\/2014\\\/06\\\/24\\\/global-social-media-event-live-400-pm-cet-smday\\\/\",\"name\":\"Global Social Media Event (Live at 4:00 pm CET) #SMDay\",\"isPartOf\":{\"@id\":\"https:\\\/\\\/visionarymarketing.com\\\/en\\\/#website\"},\"primaryImageOfPage\":{\"@id\":\"https:\\\/\\\/visionarymarketing.com\\\/en\\\/2014\\\/06\\\/24\\\/global-social-media-event-live-400-pm-cet-smday\\\/#primaryimage\"},\"image\":{\"@id\":\"https:\\\/\\\/visionarymarketing.com\\\/en\\\/2014\\\/06\\\/24\\\/global-social-media-event-live-400-pm-cet-smday\\\/#primaryimage\"},\"thumbnailUrl\":\"https:\\\/\\\/visionarymarketing.com\\\/wp-content\\\/uploads\\\/2019\\\/11\\\/48112466196_d8f22da38c_c-1.jpg\",\"datePublished\":\"2014-06-24T07:11:28+00:00\",\"dateModified\":\"2024-08-08T20:11:04+00:00\",\"author\":{\"@id\":\"https:\\\/\\\/visionarymarketing.com\\\/en\\\/#\\\/schema\\\/person\\\/3754fee1e558f47b8deb46f53c37423e\"},\"description\":\"Global Social Media or Globalised Social Media That is the question ... The fact of the matter is that Europe is a very strange animal with 15+ languages\",\"breadcrumb\":{\"@id\":\"https:\\\/\\\/visionarymarketing.com\\\/en\\\/2014\\\/06\\\/24\\\/global-social-media-event-live-400-pm-cet-smday\\\/#breadcrumb\"},\"inLanguage\":\"en-US\",\"potentialAction\":[{\"@type\":\"ReadAction\",\"target\":[\"https:\\\/\\\/visionarymarketing.com\\\/en\\\/2014\\\/06\\\/24\\\/global-social-media-event-live-400-pm-cet-smday\\\/\"]}]},{\"@type\":\"ImageObject\",\"inLanguage\":\"en-US\",\"@id\":\"https:\\\/\\\/visionarymarketing.com\\\/en\\\/2014\\\/06\\\/24\\\/global-social-media-event-live-400-pm-cet-smday\\\/#primaryimage\",\"url\":\"https:\\\/\\\/visionarymarketing.com\\\/wp-content\\\/uploads\\\/2019\\\/11\\\/48112466196_d8f22da38c_c-1.jpg\",\"contentUrl\":\"https:\\\/\\\/visionarymarketing.com\\\/wp-content\\\/uploads\\\/2019\\\/11\\\/48112466196_d8f22da38c_c-1.jpg\",\"width\":644,\"height\":430},{\"@type\":\"BreadcrumbList\",\"@id\":\"https:\\\/\\\/visionarymarketing.com\\\/en\\\/2014\\\/06\\\/24\\\/global-social-media-event-live-400-pm-cet-smday\\\/#breadcrumb\",\"itemListElement\":[{\"@type\":\"ListItem\",\"position\":1,\"name\":\"Home\",\"item\":\"https:\\\/\\\/visionarymarketing.com\\\/en\\\/\"},{\"@type\":\"ListItem\",\"position\":2,\"name\":\"Global Social Media Event (Live at 4:00 pm CET) #SMDay\"}]},{\"@type\":\"WebSite\",\"@id\":\"https:\\\/\\\/visionarymarketing.com\\\/en\\\/#website\",\"url\":\"https:\\\/\\\/visionarymarketing.com\\\/en\\\/\",\"name\":\"Marketing and Innovation\",\"description\":\"Independent News Website, Since 1996\",\"potentialAction\":[{\"@type\":\"SearchAction\",\"target\":{\"@type\":\"EntryPoint\",\"urlTemplate\":\"https:\\\/\\\/visionarymarketing.com\\\/en\\\/?s={search_term_string}\"},\"query-input\":{\"@type\":\"PropertyValueSpecification\",\"valueRequired\":true,\"valueName\":\"search_term_string\"}}],\"inLanguage\":\"en-US\"},{\"@type\":\"Person\",\"@id\":\"https:\\\/\\\/visionarymarketing.com\\\/en\\\/#\\\/schema\\\/person\\\/3754fee1e558f47b8deb46f53c37423e\",\"name\":\"Yann Gourvennec\",\"image\":{\"@type\":\"ImageObject\",\"inLanguage\":\"en-US\",\"@id\":\"https:\\\/\\\/secure.gravatar.com\\\/avatar\\\/5972001801e8de5692a3e31224e85769f50a55fb8b679749f9c8d1868cceff14?s=96&d=initials&r=g&initials=yg\",\"url\":\"https:\\\/\\\/secure.gravatar.com\\\/avatar\\\/5972001801e8de5692a3e31224e85769f50a55fb8b679749f9c8d1868cceff14?s=96&d=initials&r=g&initials=yg\",\"contentUrl\":\"https:\\\/\\\/secure.gravatar.com\\\/avatar\\\/5972001801e8de5692a3e31224e85769f50a55fb8b679749f9c8d1868cceff14?s=96&d=initials&r=g&initials=yg\",\"caption\":\"Yann Gourvennec\"},\"description\":\"Yann Gourvennec created visionarymarketing.com in 1996. He is a speaker and author of many books. In 2014 he went from intrapreneur to entrepreneur, when he created his digital marketing agency. Yann Gourvennec a cr\u00e9\u00e9 visionarymarketing.com en 1996. Il est conf\u00e9rencier et auteur de plusieurs livres. En 2014, il est pass\u00e9 d'intrapreneur \u00e0 entrepreneur en cr\u00e9ant son agence de marketing num\u00e9rique.\",\"sameAs\":[\"https:\\\/\\\/visionarymarketing.com\",\"http:\\\/\\\/facebook.com\\\/ygourven\",\"http:\\\/\\\/linkedin.com\\\/in\\\/ygourven\",\"https:\\\/\\\/x.com\\\/ygourven\",\"https:\\\/\\\/www.youtube.com\\\/c\\\/visionarymarketingagency\"],\"url\":\"https:\\\/\\\/visionarymarketing.com\\\/en\\\/author\\\/yann-gourvennec\\\/\"}]}<\/script>\n<!-- \/ Yoast SEO plugin. -->","yoast_head_json":{"title":"Global Social Media Event (Live at 4:00 pm CET) #SMDay","description":"Global Social Media or Globalised Social Media That is the question ... The fact of the matter is that Europe is a very strange animal with 15+ languages","robots":{"index":"index","follow":"follow","max-snippet":"max-snippet:-1","max-image-preview":"max-image-preview:large","max-video-preview":"max-video-preview:-1"},"canonical":"https:\/\/visionarymarketing.com\/en\/2014\/06\/24\/global-social-media-event-live-400-pm-cet-smday\/","og_locale":"en_US","og_type":"article","og_title":"Global Social Media Event (Live at 4:00 pm CET) #SMDay","og_description":"Global Social Media or Globalised Social Media That is the question ... The fact of the matter is that Europe is a very strange animal with 15+ languages","og_url":"https:\/\/visionarymarketing.com\/en\/2014\/06\/24\/global-social-media-event-live-400-pm-cet-smday\/","og_site_name":"Marketing and Innovation","article_publisher":"https:\/\/www.facebook.com\/vismktg","article_author":"http:\/\/facebook.com\/ygourven","article_published_time":"2014-06-24T07:11:28+00:00","article_modified_time":"2024-08-08T20:11:04+00:00","og_image":[{"width":644,"height":430,"url":"https:\/\/visionarymarketing.com\/wp-content\/uploads\/2019\/11\/48112466196_d8f22da38c_c-1.jpg","type":"image\/jpeg"}],"author":"Yann Gourvennec","twitter_card":"summary_large_image","twitter_creator":"@ygourven","twitter_site":"@ygourven","twitter_misc":{"Written by":"Yann Gourvennec","Est. reading time":"2 minutes"},"schema":{"@context":"https:\/\/schema.org","@graph":[{"@type":"NewsArticle","@id":"https:\/\/visionarymarketing.com\/en\/2014\/06\/24\/global-social-media-event-live-400-pm-cet-smday\/#article","isPartOf":{"@id":"https:\/\/visionarymarketing.com\/en\/2014\/06\/24\/global-social-media-event-live-400-pm-cet-smday\/"},"author":{"name":"Yann Gourvennec","@id":"https:\/\/visionarymarketing.com\/en\/#\/schema\/person\/3754fee1e558f47b8deb46f53c37423e"},"headline":"Global Social Media Event (Live at 4:00 pm CET) #SMDay","datePublished":"2014-06-24T07:11:28+00:00","dateModified":"2024-08-08T20:11:04+00:00","mainEntityOfPage":{"@id":"https:\/\/visionarymarketing.com\/en\/2014\/06\/24\/global-social-media-event-live-400-pm-cet-smday\/"},"wordCount":463,"commentCount":0,"image":{"@id":"https:\/\/visionarymarketing.com\/en\/2014\/06\/24\/global-social-media-event-live-400-pm-cet-smday\/#primaryimage"},"thumbnailUrl":"https:\/\/visionarymarketing.com\/wp-content\/uploads\/2019\/11\/48112466196_d8f22da38c_c-1.jpg","keywords":["Global","platforms","social media"],"articleSection":["social media &amp; social networks"],"inLanguage":"en-US","potentialAction":[{"@type":"CommentAction","name":"Comment","target":["https:\/\/visionarymarketing.com\/en\/2014\/06\/24\/global-social-media-event-live-400-pm-cet-smday\/#respond"]}]},{"@type":"WebPage","@id":"https:\/\/visionarymarketing.com\/en\/2014\/06\/24\/global-social-media-event-live-400-pm-cet-smday\/","url":"https:\/\/visionarymarketing.com\/en\/2014\/06\/24\/global-social-media-event-live-400-pm-cet-smday\/","name":"Global Social Media Event (Live at 4:00 pm CET) #SMDay","isPartOf":{"@id":"https:\/\/visionarymarketing.com\/en\/#website"},"primaryImageOfPage":{"@id":"https:\/\/visionarymarketing.com\/en\/2014\/06\/24\/global-social-media-event-live-400-pm-cet-smday\/#primaryimage"},"image":{"@id":"https:\/\/visionarymarketing.com\/en\/2014\/06\/24\/global-social-media-event-live-400-pm-cet-smday\/#primaryimage"},"thumbnailUrl":"https:\/\/visionarymarketing.com\/wp-content\/uploads\/2019\/11\/48112466196_d8f22da38c_c-1.jpg","datePublished":"2014-06-24T07:11:28+00:00","dateModified":"2024-08-08T20:11:04+00:00","author":{"@id":"https:\/\/visionarymarketing.com\/en\/#\/schema\/person\/3754fee1e558f47b8deb46f53c37423e"},"description":"Global Social Media or Globalised Social Media That is the question ... The fact of the matter is that Europe is a very strange animal with 15+ languages","breadcrumb":{"@id":"https:\/\/visionarymarketing.com\/en\/2014\/06\/24\/global-social-media-event-live-400-pm-cet-smday\/#breadcrumb"},"inLanguage":"en-US","potentialAction":[{"@type":"ReadAction","target":["https:\/\/visionarymarketing.com\/en\/2014\/06\/24\/global-social-media-event-live-400-pm-cet-smday\/"]}]},{"@type":"ImageObject","inLanguage":"en-US","@id":"https:\/\/visionarymarketing.com\/en\/2014\/06\/24\/global-social-media-event-live-400-pm-cet-smday\/#primaryimage","url":"https:\/\/visionarymarketing.com\/wp-content\/uploads\/2019\/11\/48112466196_d8f22da38c_c-1.jpg","contentUrl":"https:\/\/visionarymarketing.com\/wp-content\/uploads\/2019\/11\/48112466196_d8f22da38c_c-1.jpg","width":644,"height":430},{"@type":"BreadcrumbList","@id":"https:\/\/visionarymarketing.com\/en\/2014\/06\/24\/global-social-media-event-live-400-pm-cet-smday\/#breadcrumb","itemListElement":[{"@type":"ListItem","position":1,"name":"Home","item":"https:\/\/visionarymarketing.com\/en\/"},{"@type":"ListItem","position":2,"name":"Global Social Media Event (Live at 4:00 pm CET) #SMDay"}]},{"@type":"WebSite","@id":"https:\/\/visionarymarketing.com\/en\/#website","url":"https:\/\/visionarymarketing.com\/en\/","name":"Marketing and Innovation","description":"Independent News Website, Since 1996","potentialAction":[{"@type":"SearchAction","target":{"@type":"EntryPoint","urlTemplate":"https:\/\/visionarymarketing.com\/en\/?s={search_term_string}"},"query-input":{"@type":"PropertyValueSpecification","valueRequired":true,"valueName":"search_term_string"}}],"inLanguage":"en-US"},{"@type":"Person","@id":"https:\/\/visionarymarketing.com\/en\/#\/schema\/person\/3754fee1e558f47b8deb46f53c37423e","name":"Yann Gourvennec","image":{"@type":"ImageObject","inLanguage":"en-US","@id":"https:\/\/secure.gravatar.com\/avatar\/5972001801e8de5692a3e31224e85769f50a55fb8b679749f9c8d1868cceff14?s=96&d=initials&r=g&initials=yg","url":"https:\/\/secure.gravatar.com\/avatar\/5972001801e8de5692a3e31224e85769f50a55fb8b679749f9c8d1868cceff14?s=96&d=initials&r=g&initials=yg","contentUrl":"https:\/\/secure.gravatar.com\/avatar\/5972001801e8de5692a3e31224e85769f50a55fb8b679749f9c8d1868cceff14?s=96&d=initials&r=g&initials=yg","caption":"Yann Gourvennec"},"description":"Yann Gourvennec created visionarymarketing.com in 1996. He is a speaker and author of many books. In 2014 he went from intrapreneur to entrepreneur, when he created his digital marketing agency. Yann Gourvennec a cr\u00e9\u00e9 visionarymarketing.com en 1996. Il est conf\u00e9rencier et auteur de plusieurs livres. En 2014, il est pass\u00e9 d'intrapreneur \u00e0 entrepreneur en cr\u00e9ant son agence de marketing num\u00e9rique.","sameAs":["https:\/\/visionarymarketing.com","http:\/\/facebook.com\/ygourven","http:\/\/linkedin.com\/in\/ygourven","https:\/\/x.com\/ygourven","https:\/\/www.youtube.com\/c\/visionarymarketingagency"],"url":"https:\/\/visionarymarketing.com\/en\/author\/yann-gourvennec\/"}]}},"_links":{"self":[{"href":"https:\/\/visionarymarketing.com\/en\/wp-json\/wp\/v2\/posts\/42771","targetHints":{"allow":["GET"]}}],"collection":[{"href":"https:\/\/visionarymarketing.com\/en\/wp-json\/wp\/v2\/posts"}],"about":[{"href":"https:\/\/visionarymarketing.com\/en\/wp-json\/wp\/v2\/types\/post"}],"author":[{"embeddable":true,"href":"https:\/\/visionarymarketing.com\/en\/wp-json\/wp\/v2\/users\/2"}],"replies":[{"embeddable":true,"href":"https:\/\/visionarymarketing.com\/en\/wp-json\/wp\/v2\/comments?post=42771"}],"version-history":[{"count":0,"href":"https:\/\/visionarymarketing.com\/en\/wp-json\/wp\/v2\/posts\/42771\/revisions"}],"wp:featuredmedia":[{"embeddable":true,"href":"https:\/\/visionarymarketing.com\/en\/wp-json\/wp\/v2\/media\/10647"}],"wp:attachment":[{"href":"https:\/\/visionarymarketing.com\/en\/wp-json\/wp\/v2\/media?parent=42771"}],"wp:term":[{"taxonomy":"category","embeddable":true,"href":"https:\/\/visionarymarketing.com\/en\/wp-json\/wp\/v2\/categories?post=42771"},{"taxonomy":"post_tag","embeddable":true,"href":"https:\/\/visionarymarketing.com\/en\/wp-json\/wp\/v2\/tags?post=42771"}],"curies":[{"name":"wp","href":"https:\/\/api.w.org\/{rel}","templated":true}]}}