{"id":42759,"date":"2013-02-25T09:00:02","date_gmt":"2013-02-25T08:00:02","guid":{"rendered":"http:\/\/visionarymarketing.wordpress.com\/?p=3304"},"modified":"2020-09-19T09:29:04","modified_gmt":"2020-09-19T07:29:04","slug":"synthesio-report-on-social-media-week-2013-puts-nigeria-on-the-map-smw13","status":"publish","type":"post","link":"https:\/\/visionarymarketing.com\/en\/2013\/02\/25\/synthesio-report-on-social-media-week-2013-puts-nigeria-on-the-map-smw13\/","title":{"rendered":"Synthesio report on Social Media Week puts me and Nigeria on the map"},"content":{"rendered":"<p><em>It&#8217;s very flattering that my name appears on the list of \u201cinfluencers\u201d who took part in the social media week events of last week. Synthesio has put together this report which is very interesting and shows some of the countries and cities which are head and shoulders above the rest in terms of twittering and social media usage. Strangely enough though, Italy shows up on top of the list, above France and\u2026 even more surprisingly, England. Even more strange, we see Nigeria in the list of the most important countries of that social media week. I would have thought that people in Lagos had far too many fishes to fry at this very moment in order to become Twitteratis . Or is it that there is a glitch in the report? Identifying and measuring \u201cinfluence\u201d is definitely a very difficult and risky sport which contrasts with its apparent obviousness.<\/em><\/p>\n<p>Social Media Week is a worldwide event connecting people and organizations globally, through collaboration, learning and sharing ideas. This week, 10 cities around the world celebrate the tremendous social, cultural and economic impact of social media.<\/p>\n<p>Social Media Week has become an incredible platform and community that has grown to more than 100k members \u2013 this year, SMW celebrates its fifth birthday and marks this milestone with a unifying global theme that represents the connectedness and openness of the collaborative, digital world. This global theme is evident when examining overwhelming buzz around the event all across the map.<\/p>\n<p>At Synthesio, we eagerly jump on the opportunity to track global conversations around an event of this magnitude with such a web frenzy surrounding it, so we decided to take a sip from our Twitter Firehose and track all Twitter conversations surrounding Social Media Week 2013, to provide you with engaging insights into the overall reach of the event, trending topics, and finally, our list of top influencers driving the conversations.<\/p>\n<p>So, now it\u2019s halftime for SMW13 and we invite you to stand up, stretch, grab a drink, and enjoy the Synthesio SMW Halftime Report. Congrats to the top influencers in the U.S., France, UK and Singapore, and don\u2019t forget to check back for the full Post-Game Analysis!<\/p>\n<p>via Social Media Week 2013 &#8211; Halftime Report &#8211; Synthesio #SMW13.<br \/>\n<a href=\"https:\/\/visionarymarketing.com\/wp-content\/uploads\/2013\/02\/socialmediaweekinfluencers20131.jpg\"><img decoding=\"async\" style=\"background-image: none; padding-left: 0; padding-right: 0; display: inline; padding-top: 0; border: 0;\" title=\"socialmediaweekinfluencers2013\" src=\"https:\/\/visionarymarketing.com\/wp-content\/uploads\/2013\/02\/socialmediaweekinfluencers2013_thumb1.jpg\" alt=\"socialmediaweekinfluencers2013\" width=\"554\" height=\"2486\" border=\"0\" \/><\/a><\/p>\n","protected":false},"excerpt":{"rendered":"<p>It&#8217;s very flattering that my name appears on the list of \u201cinfluencers\u201d who took part in the social media week events of last week. Synthesio has put together this report which is very interesting and shows some of the countries and cities which are head and shoulders above the rest in terms of twittering and &hellip;<\/p>\n","protected":false},"author":2,"featured_media":42497,"comment_status":"open","ping_status":"open","sticky":false,"template":"","format":"standard","meta":{"footnotes":""},"categories":[4073],"tags":[4527,4706,4815,4946],"class_list":["post-42759","post","type-post","status-publish","format-standard","has-post-thumbnail","hentry","category-social-media","tag-intelligence","tag-nigeria","tag-report","tag-synthesio"],"yoast_head":"<!-- This site is optimized with the Yoast SEO plugin v27.5 - https:\/\/yoast.com\/product\/yoast-seo-wordpress\/ -->\n<title>Synthesio report on Social Media Week puts me and Nigeria on the map<\/title>\n<meta name=\"description\" content=\"It&#039;s very flattering that my name appears on the list of \u201cinfluencers\u201d who took part in the social media week events of last week. Synthesio has put\" \/>\n<meta name=\"robots\" content=\"index, follow, max-snippet:-1, max-image-preview:large, max-video-preview:-1\" \/>\n<link rel=\"canonical\" href=\"https:\/\/visionarymarketing.com\/en\/2013\/02\/25\/synthesio-report-on-social-media-week-2013-puts-nigeria-on-the-map-smw13\/\" \/>\n<meta property=\"og:locale\" content=\"en_US\" \/>\n<meta property=\"og:type\" content=\"article\" \/>\n<meta property=\"og:title\" content=\"Synthesio report on Social Media Week puts me and Nigeria on the map\" \/>\n<meta property=\"og:description\" content=\"It&#039;s very flattering that my name appears on the list of \u201cinfluencers\u201d who took part in the social media week events of last week. Synthesio has put\" \/>\n<meta property=\"og:url\" content=\"https:\/\/visionarymarketing.com\/en\/2013\/02\/25\/synthesio-report-on-social-media-week-2013-puts-nigeria-on-the-map-smw13\/\" \/>\n<meta property=\"og:site_name\" content=\"Marketing and Innovation\" \/>\n<meta property=\"article:publisher\" content=\"https:\/\/www.facebook.com\/vismktg\" \/>\n<meta property=\"article:author\" content=\"http:\/\/facebook.com\/ygourven\" \/>\n<meta property=\"article:published_time\" content=\"2013-02-25T08:00:02+00:00\" \/>\n<meta property=\"article:modified_time\" content=\"2020-09-19T07:29:04+00:00\" \/>\n<meta property=\"og:image\" content=\"https:\/\/visionarymarketing.com\/wp-content\/uploads\/2017\/10\/Untitled-1-e1651918511158.jpg\" \/>\n\t<meta property=\"og:image:width\" content=\"1040\" \/>\n\t<meta property=\"og:image:height\" content=\"680\" \/>\n\t<meta property=\"og:image:type\" content=\"image\/jpeg\" \/>\n<meta name=\"author\" content=\"Yann Gourvennec\" \/>\n<meta name=\"twitter:card\" content=\"summary_large_image\" \/>\n<meta name=\"twitter:creator\" content=\"@ygourven\" \/>\n<meta name=\"twitter:site\" content=\"@ygourven\" \/>\n<meta name=\"twitter:label1\" content=\"Written by\" \/>\n\t<meta name=\"twitter:data1\" content=\"Yann Gourvennec\" \/>\n\t<meta name=\"twitter:label2\" content=\"Est. reading time\" \/>\n\t<meta name=\"twitter:data2\" content=\"2 minutes\" \/>\n<script type=\"application\/ld+json\" class=\"yoast-schema-graph\">{\"@context\":\"https:\\\/\\\/schema.org\",\"@graph\":[{\"@type\":\"NewsArticle\",\"@id\":\"https:\\\/\\\/visionarymarketing.com\\\/en\\\/2013\\\/02\\\/25\\\/synthesio-report-on-social-media-week-2013-puts-nigeria-on-the-map-smw13\\\/#article\",\"isPartOf\":{\"@id\":\"https:\\\/\\\/visionarymarketing.com\\\/en\\\/2013\\\/02\\\/25\\\/synthesio-report-on-social-media-week-2013-puts-nigeria-on-the-map-smw13\\\/\"},\"author\":{\"name\":\"Yann Gourvennec\",\"@id\":\"https:\\\/\\\/visionarymarketing.com\\\/en\\\/#\\\/schema\\\/person\\\/3754fee1e558f47b8deb46f53c37423e\"},\"headline\":\"Synthesio report on Social Media Week puts me and Nigeria on the map\",\"datePublished\":\"2013-02-25T08:00:02+00:00\",\"dateModified\":\"2020-09-19T07:29:04+00:00\",\"mainEntityOfPage\":{\"@id\":\"https:\\\/\\\/visionarymarketing.com\\\/en\\\/2013\\\/02\\\/25\\\/synthesio-report-on-social-media-week-2013-puts-nigeria-on-the-map-smw13\\\/\"},\"wordCount\":388,\"commentCount\":2,\"image\":{\"@id\":\"https:\\\/\\\/visionarymarketing.com\\\/en\\\/2013\\\/02\\\/25\\\/synthesio-report-on-social-media-week-2013-puts-nigeria-on-the-map-smw13\\\/#primaryimage\"},\"thumbnailUrl\":\"https:\\\/\\\/visionarymarketing.com\\\/wp-content\\\/uploads\\\/2017\\\/10\\\/Untitled-1-e1651918511158.jpg\",\"keywords\":[\"Intelligence\",\"Nigeria\",\"report\",\"Synthesio\"],\"articleSection\":[\"social media &amp; social networks\"],\"inLanguage\":\"en-US\",\"potentialAction\":[{\"@type\":\"CommentAction\",\"name\":\"Comment\",\"target\":[\"https:\\\/\\\/visionarymarketing.com\\\/en\\\/2013\\\/02\\\/25\\\/synthesio-report-on-social-media-week-2013-puts-nigeria-on-the-map-smw13\\\/#respond\"]}]},{\"@type\":\"WebPage\",\"@id\":\"https:\\\/\\\/visionarymarketing.com\\\/en\\\/2013\\\/02\\\/25\\\/synthesio-report-on-social-media-week-2013-puts-nigeria-on-the-map-smw13\\\/\",\"url\":\"https:\\\/\\\/visionarymarketing.com\\\/en\\\/2013\\\/02\\\/25\\\/synthesio-report-on-social-media-week-2013-puts-nigeria-on-the-map-smw13\\\/\",\"name\":\"Synthesio report on Social Media Week puts me and Nigeria on the map\",\"isPartOf\":{\"@id\":\"https:\\\/\\\/visionarymarketing.com\\\/en\\\/#website\"},\"primaryImageOfPage\":{\"@id\":\"https:\\\/\\\/visionarymarketing.com\\\/en\\\/2013\\\/02\\\/25\\\/synthesio-report-on-social-media-week-2013-puts-nigeria-on-the-map-smw13\\\/#primaryimage\"},\"image\":{\"@id\":\"https:\\\/\\\/visionarymarketing.com\\\/en\\\/2013\\\/02\\\/25\\\/synthesio-report-on-social-media-week-2013-puts-nigeria-on-the-map-smw13\\\/#primaryimage\"},\"thumbnailUrl\":\"https:\\\/\\\/visionarymarketing.com\\\/wp-content\\\/uploads\\\/2017\\\/10\\\/Untitled-1-e1651918511158.jpg\",\"datePublished\":\"2013-02-25T08:00:02+00:00\",\"dateModified\":\"2020-09-19T07:29:04+00:00\",\"author\":{\"@id\":\"https:\\\/\\\/visionarymarketing.com\\\/en\\\/#\\\/schema\\\/person\\\/3754fee1e558f47b8deb46f53c37423e\"},\"description\":\"It's very flattering that my name appears on the list of \u201cinfluencers\u201d who took part in the social media week events of last week. Synthesio has put\",\"breadcrumb\":{\"@id\":\"https:\\\/\\\/visionarymarketing.com\\\/en\\\/2013\\\/02\\\/25\\\/synthesio-report-on-social-media-week-2013-puts-nigeria-on-the-map-smw13\\\/#breadcrumb\"},\"inLanguage\":\"en-US\",\"potentialAction\":[{\"@type\":\"ReadAction\",\"target\":[\"https:\\\/\\\/visionarymarketing.com\\\/en\\\/2013\\\/02\\\/25\\\/synthesio-report-on-social-media-week-2013-puts-nigeria-on-the-map-smw13\\\/\"]}]},{\"@type\":\"ImageObject\",\"inLanguage\":\"en-US\",\"@id\":\"https:\\\/\\\/visionarymarketing.com\\\/en\\\/2013\\\/02\\\/25\\\/synthesio-report-on-social-media-week-2013-puts-nigeria-on-the-map-smw13\\\/#primaryimage\",\"url\":\"https:\\\/\\\/visionarymarketing.com\\\/wp-content\\\/uploads\\\/2017\\\/10\\\/Untitled-1-e1651918511158.jpg\",\"contentUrl\":\"https:\\\/\\\/visionarymarketing.com\\\/wp-content\\\/uploads\\\/2017\\\/10\\\/Untitled-1-e1651918511158.jpg\",\"width\":1040,\"height\":680,\"caption\":\"Digital Marketing can make a huge impact in B2B\"},{\"@type\":\"BreadcrumbList\",\"@id\":\"https:\\\/\\\/visionarymarketing.com\\\/en\\\/2013\\\/02\\\/25\\\/synthesio-report-on-social-media-week-2013-puts-nigeria-on-the-map-smw13\\\/#breadcrumb\",\"itemListElement\":[{\"@type\":\"ListItem\",\"position\":1,\"name\":\"Home\",\"item\":\"https:\\\/\\\/visionarymarketing.com\\\/en\\\/\"},{\"@type\":\"ListItem\",\"position\":2,\"name\":\"Synthesio report on Social Media Week puts me and Nigeria on the map\"}]},{\"@type\":\"WebSite\",\"@id\":\"https:\\\/\\\/visionarymarketing.com\\\/en\\\/#website\",\"url\":\"https:\\\/\\\/visionarymarketing.com\\\/en\\\/\",\"name\":\"Marketing and Innovation\",\"description\":\"Independent News Website, Since 1996\",\"potentialAction\":[{\"@type\":\"SearchAction\",\"target\":{\"@type\":\"EntryPoint\",\"urlTemplate\":\"https:\\\/\\\/visionarymarketing.com\\\/en\\\/?s={search_term_string}\"},\"query-input\":{\"@type\":\"PropertyValueSpecification\",\"valueRequired\":true,\"valueName\":\"search_term_string\"}}],\"inLanguage\":\"en-US\"},{\"@type\":\"Person\",\"@id\":\"https:\\\/\\\/visionarymarketing.com\\\/en\\\/#\\\/schema\\\/person\\\/3754fee1e558f47b8deb46f53c37423e\",\"name\":\"Yann Gourvennec\",\"image\":{\"@type\":\"ImageObject\",\"inLanguage\":\"en-US\",\"@id\":\"https:\\\/\\\/secure.gravatar.com\\\/avatar\\\/5972001801e8de5692a3e31224e85769f50a55fb8b679749f9c8d1868cceff14?s=96&d=initials&r=g&initials=yg\",\"url\":\"https:\\\/\\\/secure.gravatar.com\\\/avatar\\\/5972001801e8de5692a3e31224e85769f50a55fb8b679749f9c8d1868cceff14?s=96&d=initials&r=g&initials=yg\",\"contentUrl\":\"https:\\\/\\\/secure.gravatar.com\\\/avatar\\\/5972001801e8de5692a3e31224e85769f50a55fb8b679749f9c8d1868cceff14?s=96&d=initials&r=g&initials=yg\",\"caption\":\"Yann Gourvennec\"},\"description\":\"Yann Gourvennec created visionarymarketing.com in 1996. He is a speaker and author of many books. In 2014 he went from intrapreneur to entrepreneur, when he created his digital marketing agency. Yann Gourvennec a cr\u00e9\u00e9 visionarymarketing.com en 1996. Il est conf\u00e9rencier et auteur de plusieurs livres. En 2014, il est pass\u00e9 d'intrapreneur \u00e0 entrepreneur en cr\u00e9ant son agence de marketing num\u00e9rique.\",\"sameAs\":[\"https:\\\/\\\/visionarymarketing.com\",\"http:\\\/\\\/facebook.com\\\/ygourven\",\"http:\\\/\\\/linkedin.com\\\/in\\\/ygourven\",\"https:\\\/\\\/x.com\\\/ygourven\",\"https:\\\/\\\/www.youtube.com\\\/c\\\/visionarymarketingagency\"],\"url\":\"https:\\\/\\\/visionarymarketing.com\\\/en\\\/author\\\/yann-gourvennec\\\/\"}]}<\/script>\n<!-- \/ Yoast SEO plugin. -->","yoast_head_json":{"title":"Synthesio report on Social Media Week puts me and Nigeria on the map","description":"It's very flattering that my name appears on the list of \u201cinfluencers\u201d who took part in the social media week events of last week. Synthesio has put","robots":{"index":"index","follow":"follow","max-snippet":"max-snippet:-1","max-image-preview":"max-image-preview:large","max-video-preview":"max-video-preview:-1"},"canonical":"https:\/\/visionarymarketing.com\/en\/2013\/02\/25\/synthesio-report-on-social-media-week-2013-puts-nigeria-on-the-map-smw13\/","og_locale":"en_US","og_type":"article","og_title":"Synthesio report on Social Media Week puts me and Nigeria on the map","og_description":"It's very flattering that my name appears on the list of \u201cinfluencers\u201d who took part in the social media week events of last week. Synthesio has put","og_url":"https:\/\/visionarymarketing.com\/en\/2013\/02\/25\/synthesio-report-on-social-media-week-2013-puts-nigeria-on-the-map-smw13\/","og_site_name":"Marketing and Innovation","article_publisher":"https:\/\/www.facebook.com\/vismktg","article_author":"http:\/\/facebook.com\/ygourven","article_published_time":"2013-02-25T08:00:02+00:00","article_modified_time":"2020-09-19T07:29:04+00:00","og_image":[{"width":1040,"height":680,"url":"https:\/\/visionarymarketing.com\/wp-content\/uploads\/2017\/10\/Untitled-1-e1651918511158.jpg","type":"image\/jpeg"}],"author":"Yann Gourvennec","twitter_card":"summary_large_image","twitter_creator":"@ygourven","twitter_site":"@ygourven","twitter_misc":{"Written by":"Yann Gourvennec","Est. reading time":"2 minutes"},"schema":{"@context":"https:\/\/schema.org","@graph":[{"@type":"NewsArticle","@id":"https:\/\/visionarymarketing.com\/en\/2013\/02\/25\/synthesio-report-on-social-media-week-2013-puts-nigeria-on-the-map-smw13\/#article","isPartOf":{"@id":"https:\/\/visionarymarketing.com\/en\/2013\/02\/25\/synthesio-report-on-social-media-week-2013-puts-nigeria-on-the-map-smw13\/"},"author":{"name":"Yann Gourvennec","@id":"https:\/\/visionarymarketing.com\/en\/#\/schema\/person\/3754fee1e558f47b8deb46f53c37423e"},"headline":"Synthesio report on Social Media Week puts me and Nigeria on the map","datePublished":"2013-02-25T08:00:02+00:00","dateModified":"2020-09-19T07:29:04+00:00","mainEntityOfPage":{"@id":"https:\/\/visionarymarketing.com\/en\/2013\/02\/25\/synthesio-report-on-social-media-week-2013-puts-nigeria-on-the-map-smw13\/"},"wordCount":388,"commentCount":2,"image":{"@id":"https:\/\/visionarymarketing.com\/en\/2013\/02\/25\/synthesio-report-on-social-media-week-2013-puts-nigeria-on-the-map-smw13\/#primaryimage"},"thumbnailUrl":"https:\/\/visionarymarketing.com\/wp-content\/uploads\/2017\/10\/Untitled-1-e1651918511158.jpg","keywords":["Intelligence","Nigeria","report","Synthesio"],"articleSection":["social media &amp; social networks"],"inLanguage":"en-US","potentialAction":[{"@type":"CommentAction","name":"Comment","target":["https:\/\/visionarymarketing.com\/en\/2013\/02\/25\/synthesio-report-on-social-media-week-2013-puts-nigeria-on-the-map-smw13\/#respond"]}]},{"@type":"WebPage","@id":"https:\/\/visionarymarketing.com\/en\/2013\/02\/25\/synthesio-report-on-social-media-week-2013-puts-nigeria-on-the-map-smw13\/","url":"https:\/\/visionarymarketing.com\/en\/2013\/02\/25\/synthesio-report-on-social-media-week-2013-puts-nigeria-on-the-map-smw13\/","name":"Synthesio report on Social Media Week puts me and Nigeria on the map","isPartOf":{"@id":"https:\/\/visionarymarketing.com\/en\/#website"},"primaryImageOfPage":{"@id":"https:\/\/visionarymarketing.com\/en\/2013\/02\/25\/synthesio-report-on-social-media-week-2013-puts-nigeria-on-the-map-smw13\/#primaryimage"},"image":{"@id":"https:\/\/visionarymarketing.com\/en\/2013\/02\/25\/synthesio-report-on-social-media-week-2013-puts-nigeria-on-the-map-smw13\/#primaryimage"},"thumbnailUrl":"https:\/\/visionarymarketing.com\/wp-content\/uploads\/2017\/10\/Untitled-1-e1651918511158.jpg","datePublished":"2013-02-25T08:00:02+00:00","dateModified":"2020-09-19T07:29:04+00:00","author":{"@id":"https:\/\/visionarymarketing.com\/en\/#\/schema\/person\/3754fee1e558f47b8deb46f53c37423e"},"description":"It's very flattering that my name appears on the list of \u201cinfluencers\u201d who took part in the social media week events of last week. Synthesio has put","breadcrumb":{"@id":"https:\/\/visionarymarketing.com\/en\/2013\/02\/25\/synthesio-report-on-social-media-week-2013-puts-nigeria-on-the-map-smw13\/#breadcrumb"},"inLanguage":"en-US","potentialAction":[{"@type":"ReadAction","target":["https:\/\/visionarymarketing.com\/en\/2013\/02\/25\/synthesio-report-on-social-media-week-2013-puts-nigeria-on-the-map-smw13\/"]}]},{"@type":"ImageObject","inLanguage":"en-US","@id":"https:\/\/visionarymarketing.com\/en\/2013\/02\/25\/synthesio-report-on-social-media-week-2013-puts-nigeria-on-the-map-smw13\/#primaryimage","url":"https:\/\/visionarymarketing.com\/wp-content\/uploads\/2017\/10\/Untitled-1-e1651918511158.jpg","contentUrl":"https:\/\/visionarymarketing.com\/wp-content\/uploads\/2017\/10\/Untitled-1-e1651918511158.jpg","width":1040,"height":680,"caption":"Digital Marketing can make a huge impact in B2B"},{"@type":"BreadcrumbList","@id":"https:\/\/visionarymarketing.com\/en\/2013\/02\/25\/synthesio-report-on-social-media-week-2013-puts-nigeria-on-the-map-smw13\/#breadcrumb","itemListElement":[{"@type":"ListItem","position":1,"name":"Home","item":"https:\/\/visionarymarketing.com\/en\/"},{"@type":"ListItem","position":2,"name":"Synthesio report on Social Media Week puts me and Nigeria on the map"}]},{"@type":"WebSite","@id":"https:\/\/visionarymarketing.com\/en\/#website","url":"https:\/\/visionarymarketing.com\/en\/","name":"Marketing and Innovation","description":"Independent News Website, Since 1996","potentialAction":[{"@type":"SearchAction","target":{"@type":"EntryPoint","urlTemplate":"https:\/\/visionarymarketing.com\/en\/?s={search_term_string}"},"query-input":{"@type":"PropertyValueSpecification","valueRequired":true,"valueName":"search_term_string"}}],"inLanguage":"en-US"},{"@type":"Person","@id":"https:\/\/visionarymarketing.com\/en\/#\/schema\/person\/3754fee1e558f47b8deb46f53c37423e","name":"Yann Gourvennec","image":{"@type":"ImageObject","inLanguage":"en-US","@id":"https:\/\/secure.gravatar.com\/avatar\/5972001801e8de5692a3e31224e85769f50a55fb8b679749f9c8d1868cceff14?s=96&d=initials&r=g&initials=yg","url":"https:\/\/secure.gravatar.com\/avatar\/5972001801e8de5692a3e31224e85769f50a55fb8b679749f9c8d1868cceff14?s=96&d=initials&r=g&initials=yg","contentUrl":"https:\/\/secure.gravatar.com\/avatar\/5972001801e8de5692a3e31224e85769f50a55fb8b679749f9c8d1868cceff14?s=96&d=initials&r=g&initials=yg","caption":"Yann Gourvennec"},"description":"Yann Gourvennec created visionarymarketing.com in 1996. He is a speaker and author of many books. In 2014 he went from intrapreneur to entrepreneur, when he created his digital marketing agency. Yann Gourvennec a cr\u00e9\u00e9 visionarymarketing.com en 1996. Il est conf\u00e9rencier et auteur de plusieurs livres. En 2014, il est pass\u00e9 d'intrapreneur \u00e0 entrepreneur en cr\u00e9ant son agence de marketing num\u00e9rique.","sameAs":["https:\/\/visionarymarketing.com","http:\/\/facebook.com\/ygourven","http:\/\/linkedin.com\/in\/ygourven","https:\/\/x.com\/ygourven","https:\/\/www.youtube.com\/c\/visionarymarketingagency"],"url":"https:\/\/visionarymarketing.com\/en\/author\/yann-gourvennec\/"}]}},"_links":{"self":[{"href":"https:\/\/visionarymarketing.com\/en\/wp-json\/wp\/v2\/posts\/42759","targetHints":{"allow":["GET"]}}],"collection":[{"href":"https:\/\/visionarymarketing.com\/en\/wp-json\/wp\/v2\/posts"}],"about":[{"href":"https:\/\/visionarymarketing.com\/en\/wp-json\/wp\/v2\/types\/post"}],"author":[{"embeddable":true,"href":"https:\/\/visionarymarketing.com\/en\/wp-json\/wp\/v2\/users\/2"}],"replies":[{"embeddable":true,"href":"https:\/\/visionarymarketing.com\/en\/wp-json\/wp\/v2\/comments?post=42759"}],"version-history":[{"count":0,"href":"https:\/\/visionarymarketing.com\/en\/wp-json\/wp\/v2\/posts\/42759\/revisions"}],"wp:featuredmedia":[{"embeddable":true,"href":"https:\/\/visionarymarketing.com\/en\/wp-json\/wp\/v2\/media\/42497"}],"wp:attachment":[{"href":"https:\/\/visionarymarketing.com\/en\/wp-json\/wp\/v2\/media?parent=42759"}],"wp:term":[{"taxonomy":"category","embeddable":true,"href":"https:\/\/visionarymarketing.com\/en\/wp-json\/wp\/v2\/categories?post=42759"},{"taxonomy":"post_tag","embeddable":true,"href":"https:\/\/visionarymarketing.com\/en\/wp-json\/wp\/v2\/tags?post=42759"}],"curies":[{"name":"wp","href":"https:\/\/api.w.org\/{rel}","templated":true}]}}