{"id":42752,"date":"2012-09-06T05:51:22","date_gmt":"2012-09-06T04:51:22","guid":{"rendered":"http:\/\/visionarymarketing.wordpress.com\/?p=3018"},"modified":"2020-10-05T11:12:32","modified_gmt":"2020-10-05T09:12:32","slug":"blogger-bus-tour-2","status":"publish","type":"post","link":"https:\/\/visionarymarketing.com\/en\/2012\/09\/06\/blogger-bus-tour-2\/","title":{"rendered":"What I&#8217;m expecting of the September 2012 Silicon Valley Blogger Bus tour"},"content":{"rendered":"<p><em><span style=\"color: #646b86;\">For those who don\u2019t know yet, I (as Director, Web &amp; Social Media at <\/span><\/em><em><span style=\"color: #646b86;\">Orange<\/span><\/em><em><span style=\"color: #646b86;\">), I will be part of the Silicon Valley Blogger Bus Tour 2012, which will take place in September (17-22) as a blogger \u2026 and the organiser of that tour. Here is my take on why I am participating and what I am expecting to do\/see there.<\/span><\/em><\/p>\n<h2>What I&#8217;m expecting of the September 2012 Silicon Valley Blogger Bus tour<\/h2>\n<figure id=\"attachment_40980\" aria-describedby=\"caption-attachment-40980\" style=\"width: 519px\" class=\"wp-caption aligncenter\"><a href=\"https:\/\/visionarymarketing.com\/wp-content\/uploads\/2018\/01\/Yann-Andre-Gourvennec-was-live-mp4-image.jpg\"><img decoding=\"async\" class=\"wp-image-40980 size-full\" src=\"https:\/\/visionarymarketing.com\/wp-content\/uploads\/2018\/01\/Yann-Andre-Gourvennec-was-live-mp4-image-e1601889114370.jpg\" alt=\"What I'm expecting of the September 2012 Silicon Valley Blogger Bus tour\" width=\"519\" height=\"339\" srcset=\"https:\/\/visionarymarketing.com\/wp-content\/uploads\/2018\/01\/Yann-Andre-Gourvennec-was-live-mp4-image-e1601889114370.jpg 519w, https:\/\/visionarymarketing.com\/wp-content\/uploads\/2018\/01\/Yann-Andre-Gourvennec-was-live-mp4-image-e1601889114370-459x300.jpg 459w\" sizes=\"(max-width: 519px) 100vw, 519px\" \/><\/a><figcaption id=\"caption-attachment-40980\" class=\"wp-caption-text\">What I&#8217;m expecting of the September 2012 Silicon Valley Blogger Bus tour<\/figcaption><\/figure>\n<p>I\u2019m a Jack of all trades. I\u2019m not just a blogger, I\u2019m also the organizer of the Tour. On this Tour, we\u2019re dealing with blogger PR in a different way than it usually is done in big companies like this.<!--more--><\/p>\n<p>What we do here is we partner with the bloggers: we work together as a team, and the fact that I\u2019m also a blogger makes it possible. It\u2019s a matter of us going over there together, reporting and sharing our enthusiasm and content.<br \/>\nTo me this is very important: it\u2019s how good content is produced and engrossing stories started. And I\u2019m not even talking about the friendships that are being initiated between members. Undoubtedly those who are taking part in these tours are invited to other tours, depending on their skills and focus.<\/p>\n<div id=\"scid:5737277B-5D6D-4f48-ABFC-DD9C333F4C5D:28501bd8-f2ee-4c7a-b60e-8de5dff000d1\" class=\"wlWriterEditableSmartContent\" style=\"margin: 0; display: inline; float: none; padding: 0;\">\n<div>\n<div style=\"width: 960px;\" class=\"wp-video\"><video class=\"wp-video-shortcode\" id=\"video-42752-1\" width=\"960\" height=\"544\" preload=\"metadata\" controls=\"controls\"><source type=\"video\/mp4\" src=\"https:\/\/visionarymarketing.com\/wp-content\/uploads\/2012\/09\/my-views-on-the-sf-blogger-bus-tour-2012-by-ygourven-2-2.mp4?_=1\" \/><a href=\"https:\/\/visionarymarketing.com\/wp-content\/uploads\/2012\/09\/my-views-on-the-sf-blogger-bus-tour-2012-by-ygourven-2-2.mp4\">https:\/\/visionarymarketing.com\/wp-content\/uploads\/2012\/09\/my-views-on-the-sf-blogger-bus-tour-2012-by-ygourven-2-2.mp4<\/a><\/video><\/div>\n<\/div>\n<div style=\"width: 448px; clear: both; font-size: .8em; text-align: center;\">my views on the Silicon Valley Blogger Bus tour 20 \u00a0 \u00a012 as an organiser<\/div>\n<\/div>\n<p>&nbsp;<\/p>\n<p>We also want to look at the way we organise the tour. A member of my team is going to have a subjective look at what other bloggers are seeing, through their blogs and contents. So we\u2019ll be able to tell a story about the story as well.<\/p>\n<p>And finally, how are we going to tackle the main subject, which is innovation in the Valley? I really wanted to give a different angle about this SoLoMo (social, local, mobile) approach in the Valley, so we\u2019re going to see many innovators to understand whether or not innovation is still thriving in the Valley although I don\u2019t have much doubt about that, knowing how it is over there.<\/p>\n<p>It\u2019s my seventh\u00a0time there and I\u2019m sure we\u2019re going to have an exciting time. So stay tuned to the live.orange.com and don\u2019t miss a thing about the Orange Blogger Bus tour 2012.<\/p>\n","protected":false},"excerpt":{"rendered":"<p>For those who don\u2019t know yet, I (as Director, Web &amp; Social Media at Orange), I will be part of the Silicon Valley Blogger Bus Tour 2012, which will take place in September (17-22) as a blogger \u2026 and the organiser of that tour. Here is my take on why I am participating and what &hellip;<\/p>\n","protected":false},"author":2,"featured_media":40980,"comment_status":"open","ping_status":"open","sticky":false,"template":"","format":"standard","meta":{"footnotes":""},"categories":[5064],"tags":[4080,4163,4463,4733,4843,4875],"class_list":["post-42752","post","type-post","status-publish","format-standard","has-post-thumbnail","hentry","category-content-marketing-en","tag-blogbus","tag-blogger-bus-tour","tag-high-tech","tag-orange","tag-san-francisco","tag-silicon-valley"],"yoast_head":"<!-- This site is optimized with the Yoast SEO plugin v27.5 - https:\/\/yoast.com\/product\/yoast-seo-wordpress\/ -->\n<title>What I&#039;m expecting of the September 2012 Silicon Valley Blogger Bus tour<\/title>\n<meta name=\"description\" content=\"I will be part of the Silicon Valley Blogger Bus Tour 2012, which willtake place in September (17-22) as a blogger \u2026 and the organiser\" \/>\n<meta name=\"robots\" content=\"index, follow, max-snippet:-1, max-image-preview:large, max-video-preview:-1\" \/>\n<link rel=\"canonical\" href=\"https:\/\/visionarymarketing.com\/en\/2012\/09\/06\/blogger-bus-tour-2\/\" \/>\n<meta property=\"og:locale\" content=\"en_US\" \/>\n<meta property=\"og:type\" content=\"article\" \/>\n<meta property=\"og:title\" content=\"What I&#039;m expecting of the September 2012 Silicon Valley Blogger Bus tour\" \/>\n<meta property=\"og:description\" content=\"I will be part of the Silicon Valley Blogger Bus Tour 2012, which willtake place in September (17-22) as a blogger \u2026 and the organiser\" \/>\n<meta property=\"og:url\" content=\"https:\/\/visionarymarketing.com\/en\/2012\/09\/06\/blogger-bus-tour-2\/\" \/>\n<meta property=\"og:site_name\" content=\"Marketing and Innovation\" \/>\n<meta property=\"article:publisher\" content=\"https:\/\/www.facebook.com\/vismktg\" \/>\n<meta property=\"article:author\" content=\"http:\/\/facebook.com\/ygourven\" \/>\n<meta property=\"article:published_time\" content=\"2012-09-06T04:51:22+00:00\" \/>\n<meta property=\"article:modified_time\" content=\"2020-10-05T09:12:32+00:00\" \/>\n<meta property=\"og:image\" content=\"https:\/\/visionarymarketing.com\/wp-content\/uploads\/2018\/01\/Yann-Andre-Gourvennec-was-live-mp4-image-e1601889114370.jpg\" \/>\n\t<meta property=\"og:image:width\" content=\"519\" \/>\n\t<meta property=\"og:image:height\" content=\"339\" \/>\n\t<meta property=\"og:image:type\" content=\"image\/jpeg\" \/>\n<meta name=\"author\" content=\"Yann Gourvennec\" \/>\n<meta name=\"twitter:card\" content=\"summary_large_image\" \/>\n<meta name=\"twitter:creator\" content=\"@ygourven\" \/>\n<meta name=\"twitter:site\" content=\"@ygourven\" \/>\n<meta name=\"twitter:label1\" content=\"Written by\" \/>\n\t<meta name=\"twitter:data1\" content=\"Yann Gourvennec\" \/>\n\t<meta name=\"twitter:label2\" content=\"Est. reading time\" \/>\n\t<meta name=\"twitter:data2\" content=\"2 minutes\" \/>\n<script type=\"application\/ld+json\" class=\"yoast-schema-graph\">{\"@context\":\"https:\\\/\\\/schema.org\",\"@graph\":[{\"@type\":\"NewsArticle\",\"@id\":\"https:\\\/\\\/visionarymarketing.com\\\/en\\\/2012\\\/09\\\/06\\\/blogger-bus-tour-2\\\/#article\",\"isPartOf\":{\"@id\":\"https:\\\/\\\/visionarymarketing.com\\\/en\\\/2012\\\/09\\\/06\\\/blogger-bus-tour-2\\\/\"},\"author\":{\"name\":\"Yann Gourvennec\",\"@id\":\"https:\\\/\\\/visionarymarketing.com\\\/en\\\/#\\\/schema\\\/person\\\/3754fee1e558f47b8deb46f53c37423e\"},\"headline\":\"What I&#8217;m expecting of the September 2012 Silicon Valley Blogger Bus tour\",\"datePublished\":\"2012-09-06T04:51:22+00:00\",\"dateModified\":\"2020-10-05T09:12:32+00:00\",\"mainEntityOfPage\":{\"@id\":\"https:\\\/\\\/visionarymarketing.com\\\/en\\\/2012\\\/09\\\/06\\\/blogger-bus-tour-2\\\/\"},\"wordCount\":429,\"commentCount\":0,\"image\":{\"@id\":\"https:\\\/\\\/visionarymarketing.com\\\/en\\\/2012\\\/09\\\/06\\\/blogger-bus-tour-2\\\/#primaryimage\"},\"thumbnailUrl\":\"https:\\\/\\\/visionarymarketing.com\\\/wp-content\\\/uploads\\\/2018\\\/01\\\/Yann-Andre-Gourvennec-was-live-mp4-image-e1601889114370.jpg\",\"keywords\":[\"#blogbus\",\"Blogger Bus tour\",\"high tech\",\"Orange\",\"San Francisco\",\"silicon valley\"],\"articleSection\":[\"Content Marketing\"],\"inLanguage\":\"en-US\",\"potentialAction\":[{\"@type\":\"CommentAction\",\"name\":\"Comment\",\"target\":[\"https:\\\/\\\/visionarymarketing.com\\\/en\\\/2012\\\/09\\\/06\\\/blogger-bus-tour-2\\\/#respond\"]}]},{\"@type\":\"WebPage\",\"@id\":\"https:\\\/\\\/visionarymarketing.com\\\/en\\\/2012\\\/09\\\/06\\\/blogger-bus-tour-2\\\/\",\"url\":\"https:\\\/\\\/visionarymarketing.com\\\/en\\\/2012\\\/09\\\/06\\\/blogger-bus-tour-2\\\/\",\"name\":\"What I'm expecting of the September 2012 Silicon Valley Blogger Bus tour\",\"isPartOf\":{\"@id\":\"https:\\\/\\\/visionarymarketing.com\\\/en\\\/#website\"},\"primaryImageOfPage\":{\"@id\":\"https:\\\/\\\/visionarymarketing.com\\\/en\\\/2012\\\/09\\\/06\\\/blogger-bus-tour-2\\\/#primaryimage\"},\"image\":{\"@id\":\"https:\\\/\\\/visionarymarketing.com\\\/en\\\/2012\\\/09\\\/06\\\/blogger-bus-tour-2\\\/#primaryimage\"},\"thumbnailUrl\":\"https:\\\/\\\/visionarymarketing.com\\\/wp-content\\\/uploads\\\/2018\\\/01\\\/Yann-Andre-Gourvennec-was-live-mp4-image-e1601889114370.jpg\",\"datePublished\":\"2012-09-06T04:51:22+00:00\",\"dateModified\":\"2020-10-05T09:12:32+00:00\",\"author\":{\"@id\":\"https:\\\/\\\/visionarymarketing.com\\\/en\\\/#\\\/schema\\\/person\\\/3754fee1e558f47b8deb46f53c37423e\"},\"description\":\"I will be part of the Silicon Valley Blogger Bus Tour 2012, which willtake place in September (17-22) as a blogger \u2026 and the organiser\",\"breadcrumb\":{\"@id\":\"https:\\\/\\\/visionarymarketing.com\\\/en\\\/2012\\\/09\\\/06\\\/blogger-bus-tour-2\\\/#breadcrumb\"},\"inLanguage\":\"en-US\",\"potentialAction\":[{\"@type\":\"ReadAction\",\"target\":[\"https:\\\/\\\/visionarymarketing.com\\\/en\\\/2012\\\/09\\\/06\\\/blogger-bus-tour-2\\\/\"]}]},{\"@type\":\"ImageObject\",\"inLanguage\":\"en-US\",\"@id\":\"https:\\\/\\\/visionarymarketing.com\\\/en\\\/2012\\\/09\\\/06\\\/blogger-bus-tour-2\\\/#primaryimage\",\"url\":\"https:\\\/\\\/visionarymarketing.com\\\/wp-content\\\/uploads\\\/2018\\\/01\\\/Yann-Andre-Gourvennec-was-live-mp4-image-e1601889114370.jpg\",\"contentUrl\":\"https:\\\/\\\/visionarymarketing.com\\\/wp-content\\\/uploads\\\/2018\\\/01\\\/Yann-Andre-Gourvennec-was-live-mp4-image-e1601889114370.jpg\",\"width\":519,\"height\":339},{\"@type\":\"BreadcrumbList\",\"@id\":\"https:\\\/\\\/visionarymarketing.com\\\/en\\\/2012\\\/09\\\/06\\\/blogger-bus-tour-2\\\/#breadcrumb\",\"itemListElement\":[{\"@type\":\"ListItem\",\"position\":1,\"name\":\"Home\",\"item\":\"https:\\\/\\\/visionarymarketing.com\\\/en\\\/\"},{\"@type\":\"ListItem\",\"position\":2,\"name\":\"What I&rsquo;m expecting of the September 2012 Silicon Valley Blogger Bus tour\"}]},{\"@type\":\"WebSite\",\"@id\":\"https:\\\/\\\/visionarymarketing.com\\\/en\\\/#website\",\"url\":\"https:\\\/\\\/visionarymarketing.com\\\/en\\\/\",\"name\":\"Marketing and Innovation\",\"description\":\"Independent News Website, Since 1996\",\"potentialAction\":[{\"@type\":\"SearchAction\",\"target\":{\"@type\":\"EntryPoint\",\"urlTemplate\":\"https:\\\/\\\/visionarymarketing.com\\\/en\\\/?s={search_term_string}\"},\"query-input\":{\"@type\":\"PropertyValueSpecification\",\"valueRequired\":true,\"valueName\":\"search_term_string\"}}],\"inLanguage\":\"en-US\"},{\"@type\":\"Person\",\"@id\":\"https:\\\/\\\/visionarymarketing.com\\\/en\\\/#\\\/schema\\\/person\\\/3754fee1e558f47b8deb46f53c37423e\",\"name\":\"Yann Gourvennec\",\"image\":{\"@type\":\"ImageObject\",\"inLanguage\":\"en-US\",\"@id\":\"https:\\\/\\\/secure.gravatar.com\\\/avatar\\\/5972001801e8de5692a3e31224e85769f50a55fb8b679749f9c8d1868cceff14?s=96&d=initials&r=g&initials=yg\",\"url\":\"https:\\\/\\\/secure.gravatar.com\\\/avatar\\\/5972001801e8de5692a3e31224e85769f50a55fb8b679749f9c8d1868cceff14?s=96&d=initials&r=g&initials=yg\",\"contentUrl\":\"https:\\\/\\\/secure.gravatar.com\\\/avatar\\\/5972001801e8de5692a3e31224e85769f50a55fb8b679749f9c8d1868cceff14?s=96&d=initials&r=g&initials=yg\",\"caption\":\"Yann Gourvennec\"},\"description\":\"Yann Gourvennec created visionarymarketing.com in 1996. He is a speaker and author of many books. In 2014 he went from intrapreneur to entrepreneur, when he created his digital marketing agency. Yann Gourvennec a cr\u00e9\u00e9 visionarymarketing.com en 1996. Il est conf\u00e9rencier et auteur de plusieurs livres. En 2014, il est pass\u00e9 d'intrapreneur \u00e0 entrepreneur en cr\u00e9ant son agence de marketing num\u00e9rique.\",\"sameAs\":[\"https:\\\/\\\/visionarymarketing.com\",\"http:\\\/\\\/facebook.com\\\/ygourven\",\"http:\\\/\\\/linkedin.com\\\/in\\\/ygourven\",\"https:\\\/\\\/x.com\\\/ygourven\",\"https:\\\/\\\/www.youtube.com\\\/c\\\/visionarymarketingagency\"],\"url\":\"https:\\\/\\\/visionarymarketing.com\\\/en\\\/author\\\/yann-gourvennec\\\/\"}]}<\/script>\n<!-- \/ Yoast SEO plugin. -->","yoast_head_json":{"title":"What I'm expecting of the September 2012 Silicon Valley Blogger Bus tour","description":"I will be part of the Silicon Valley Blogger Bus Tour 2012, which willtake place in September (17-22) as a blogger \u2026 and the organiser","robots":{"index":"index","follow":"follow","max-snippet":"max-snippet:-1","max-image-preview":"max-image-preview:large","max-video-preview":"max-video-preview:-1"},"canonical":"https:\/\/visionarymarketing.com\/en\/2012\/09\/06\/blogger-bus-tour-2\/","og_locale":"en_US","og_type":"article","og_title":"What I'm expecting of the September 2012 Silicon Valley Blogger Bus tour","og_description":"I will be part of the Silicon Valley Blogger Bus Tour 2012, which willtake place in September (17-22) as a blogger \u2026 and the organiser","og_url":"https:\/\/visionarymarketing.com\/en\/2012\/09\/06\/blogger-bus-tour-2\/","og_site_name":"Marketing and Innovation","article_publisher":"https:\/\/www.facebook.com\/vismktg","article_author":"http:\/\/facebook.com\/ygourven","article_published_time":"2012-09-06T04:51:22+00:00","article_modified_time":"2020-10-05T09:12:32+00:00","og_image":[{"width":519,"height":339,"url":"https:\/\/visionarymarketing.com\/wp-content\/uploads\/2018\/01\/Yann-Andre-Gourvennec-was-live-mp4-image-e1601889114370.jpg","type":"image\/jpeg"}],"author":"Yann Gourvennec","twitter_card":"summary_large_image","twitter_creator":"@ygourven","twitter_site":"@ygourven","twitter_misc":{"Written by":"Yann Gourvennec","Est. reading time":"2 minutes"},"schema":{"@context":"https:\/\/schema.org","@graph":[{"@type":"NewsArticle","@id":"https:\/\/visionarymarketing.com\/en\/2012\/09\/06\/blogger-bus-tour-2\/#article","isPartOf":{"@id":"https:\/\/visionarymarketing.com\/en\/2012\/09\/06\/blogger-bus-tour-2\/"},"author":{"name":"Yann Gourvennec","@id":"https:\/\/visionarymarketing.com\/en\/#\/schema\/person\/3754fee1e558f47b8deb46f53c37423e"},"headline":"What I&#8217;m expecting of the September 2012 Silicon Valley Blogger Bus tour","datePublished":"2012-09-06T04:51:22+00:00","dateModified":"2020-10-05T09:12:32+00:00","mainEntityOfPage":{"@id":"https:\/\/visionarymarketing.com\/en\/2012\/09\/06\/blogger-bus-tour-2\/"},"wordCount":429,"commentCount":0,"image":{"@id":"https:\/\/visionarymarketing.com\/en\/2012\/09\/06\/blogger-bus-tour-2\/#primaryimage"},"thumbnailUrl":"https:\/\/visionarymarketing.com\/wp-content\/uploads\/2018\/01\/Yann-Andre-Gourvennec-was-live-mp4-image-e1601889114370.jpg","keywords":["#blogbus","Blogger Bus tour","high tech","Orange","San Francisco","silicon valley"],"articleSection":["Content Marketing"],"inLanguage":"en-US","potentialAction":[{"@type":"CommentAction","name":"Comment","target":["https:\/\/visionarymarketing.com\/en\/2012\/09\/06\/blogger-bus-tour-2\/#respond"]}]},{"@type":"WebPage","@id":"https:\/\/visionarymarketing.com\/en\/2012\/09\/06\/blogger-bus-tour-2\/","url":"https:\/\/visionarymarketing.com\/en\/2012\/09\/06\/blogger-bus-tour-2\/","name":"What I'm expecting of the September 2012 Silicon Valley Blogger Bus tour","isPartOf":{"@id":"https:\/\/visionarymarketing.com\/en\/#website"},"primaryImageOfPage":{"@id":"https:\/\/visionarymarketing.com\/en\/2012\/09\/06\/blogger-bus-tour-2\/#primaryimage"},"image":{"@id":"https:\/\/visionarymarketing.com\/en\/2012\/09\/06\/blogger-bus-tour-2\/#primaryimage"},"thumbnailUrl":"https:\/\/visionarymarketing.com\/wp-content\/uploads\/2018\/01\/Yann-Andre-Gourvennec-was-live-mp4-image-e1601889114370.jpg","datePublished":"2012-09-06T04:51:22+00:00","dateModified":"2020-10-05T09:12:32+00:00","author":{"@id":"https:\/\/visionarymarketing.com\/en\/#\/schema\/person\/3754fee1e558f47b8deb46f53c37423e"},"description":"I will be part of the Silicon Valley Blogger Bus Tour 2012, which willtake place in September (17-22) as a blogger \u2026 and the organiser","breadcrumb":{"@id":"https:\/\/visionarymarketing.com\/en\/2012\/09\/06\/blogger-bus-tour-2\/#breadcrumb"},"inLanguage":"en-US","potentialAction":[{"@type":"ReadAction","target":["https:\/\/visionarymarketing.com\/en\/2012\/09\/06\/blogger-bus-tour-2\/"]}]},{"@type":"ImageObject","inLanguage":"en-US","@id":"https:\/\/visionarymarketing.com\/en\/2012\/09\/06\/blogger-bus-tour-2\/#primaryimage","url":"https:\/\/visionarymarketing.com\/wp-content\/uploads\/2018\/01\/Yann-Andre-Gourvennec-was-live-mp4-image-e1601889114370.jpg","contentUrl":"https:\/\/visionarymarketing.com\/wp-content\/uploads\/2018\/01\/Yann-Andre-Gourvennec-was-live-mp4-image-e1601889114370.jpg","width":519,"height":339},{"@type":"BreadcrumbList","@id":"https:\/\/visionarymarketing.com\/en\/2012\/09\/06\/blogger-bus-tour-2\/#breadcrumb","itemListElement":[{"@type":"ListItem","position":1,"name":"Home","item":"https:\/\/visionarymarketing.com\/en\/"},{"@type":"ListItem","position":2,"name":"What I&rsquo;m expecting of the September 2012 Silicon Valley Blogger Bus tour"}]},{"@type":"WebSite","@id":"https:\/\/visionarymarketing.com\/en\/#website","url":"https:\/\/visionarymarketing.com\/en\/","name":"Marketing and Innovation","description":"Independent News Website, Since 1996","potentialAction":[{"@type":"SearchAction","target":{"@type":"EntryPoint","urlTemplate":"https:\/\/visionarymarketing.com\/en\/?s={search_term_string}"},"query-input":{"@type":"PropertyValueSpecification","valueRequired":true,"valueName":"search_term_string"}}],"inLanguage":"en-US"},{"@type":"Person","@id":"https:\/\/visionarymarketing.com\/en\/#\/schema\/person\/3754fee1e558f47b8deb46f53c37423e","name":"Yann Gourvennec","image":{"@type":"ImageObject","inLanguage":"en-US","@id":"https:\/\/secure.gravatar.com\/avatar\/5972001801e8de5692a3e31224e85769f50a55fb8b679749f9c8d1868cceff14?s=96&d=initials&r=g&initials=yg","url":"https:\/\/secure.gravatar.com\/avatar\/5972001801e8de5692a3e31224e85769f50a55fb8b679749f9c8d1868cceff14?s=96&d=initials&r=g&initials=yg","contentUrl":"https:\/\/secure.gravatar.com\/avatar\/5972001801e8de5692a3e31224e85769f50a55fb8b679749f9c8d1868cceff14?s=96&d=initials&r=g&initials=yg","caption":"Yann Gourvennec"},"description":"Yann Gourvennec created visionarymarketing.com in 1996. He is a speaker and author of many books. In 2014 he went from intrapreneur to entrepreneur, when he created his digital marketing agency. Yann Gourvennec a cr\u00e9\u00e9 visionarymarketing.com en 1996. Il est conf\u00e9rencier et auteur de plusieurs livres. En 2014, il est pass\u00e9 d'intrapreneur \u00e0 entrepreneur en cr\u00e9ant son agence de marketing num\u00e9rique.","sameAs":["https:\/\/visionarymarketing.com","http:\/\/facebook.com\/ygourven","http:\/\/linkedin.com\/in\/ygourven","https:\/\/x.com\/ygourven","https:\/\/www.youtube.com\/c\/visionarymarketingagency"],"url":"https:\/\/visionarymarketing.com\/en\/author\/yann-gourvennec\/"}]}},"_links":{"self":[{"href":"https:\/\/visionarymarketing.com\/en\/wp-json\/wp\/v2\/posts\/42752","targetHints":{"allow":["GET"]}}],"collection":[{"href":"https:\/\/visionarymarketing.com\/en\/wp-json\/wp\/v2\/posts"}],"about":[{"href":"https:\/\/visionarymarketing.com\/en\/wp-json\/wp\/v2\/types\/post"}],"author":[{"embeddable":true,"href":"https:\/\/visionarymarketing.com\/en\/wp-json\/wp\/v2\/users\/2"}],"replies":[{"embeddable":true,"href":"https:\/\/visionarymarketing.com\/en\/wp-json\/wp\/v2\/comments?post=42752"}],"version-history":[{"count":0,"href":"https:\/\/visionarymarketing.com\/en\/wp-json\/wp\/v2\/posts\/42752\/revisions"}],"wp:featuredmedia":[{"embeddable":true,"href":"https:\/\/visionarymarketing.com\/en\/wp-json\/wp\/v2\/media\/40980"}],"wp:attachment":[{"href":"https:\/\/visionarymarketing.com\/en\/wp-json\/wp\/v2\/media?parent=42752"}],"wp:term":[{"taxonomy":"category","embeddable":true,"href":"https:\/\/visionarymarketing.com\/en\/wp-json\/wp\/v2\/categories?post=42752"},{"taxonomy":"post_tag","embeddable":true,"href":"https:\/\/visionarymarketing.com\/en\/wp-json\/wp\/v2\/tags?post=42752"}],"curies":[{"name":"wp","href":"https:\/\/api.w.org\/{rel}","templated":true}]}}