{"id":42736,"date":"2012-05-31T08:30:00","date_gmt":"2012-05-31T07:30:00","guid":{"rendered":"https:\/\/visionarymarketing.wordpress.com\/?p=2763"},"modified":"2020-10-16T10:59:32","modified_gmt":"2020-10-16T08:59:32","slug":"social-marketing-the-age-of-self","status":"publish","type":"post","link":"https:\/\/visionarymarketing.com\/en\/2012\/05\/31\/social-marketing-the-age-of-self\/","title":{"rendered":"Social Marketing: This is the Age of Self"},"content":{"rendered":"<p><em><span style=\"color: #646b86;\">Social marketing sounds like the age of Self \u201cThere\u2019s people doing frightfully well, there\u2019s others on the shelf [\u2026] this is the age of Self\u201d Robert Wyatt<\/span><\/em><\/p>\n<h2>Social Marketing: What if it were the Age of Self<\/h2>\n<figure id=\"attachment_57853\" aria-describedby=\"caption-attachment-57853\" style=\"width: 519px\" class=\"wp-caption aligncenter\"><a href=\"https:\/\/visionarymarketing.com\/wp-content\/uploads\/2012\/05\/jumpstory-download20201010-172856-e1602350995205.jpg\"><img decoding=\"async\" class=\"wp-image-57853 size-full\" src=\"https:\/\/visionarymarketing.com\/wp-content\/uploads\/2012\/05\/jumpstory-download20201010-172856-e1602350995205.jpg\" alt=\"Social Marketing: What if it were the Age of Self\" width=\"519\" height=\"340\" srcset=\"https:\/\/visionarymarketing.com\/wp-content\/uploads\/2012\/05\/jumpstory-download20201010-172856-e1602350995205.jpg 519w, https:\/\/visionarymarketing.com\/wp-content\/uploads\/2012\/05\/jumpstory-download20201010-172856-e1602350995205-458x300.jpg 458w\" sizes=\"(max-width: 519px) 100vw, 519px\" \/><\/a><figcaption id=\"caption-attachment-57853\" class=\"wp-caption-text\">Social Marketing: What if it were the Age of Self<\/figcaption><\/figure>\n<p><em><span style=\"color: #646b86;\">We\u2019re in 2012 and 8 years after O\u2019Reilly coined the 2.0 moniker, I still find people who are asking me whether \u2018social\u2019 is new in marketing. Yet, while certain people are still asking themselves questions, the world is moving fast; even though the path may be chaotic. <\/span><\/em><\/p>\n<p><em><span style=\"color: #646b86;\">More than anything else, brands will have to work on their social capital and what Edouard Austin (who works in my team at Orange) is calling the \u2018<strong>digital self\u2019<\/strong>. This is the modern marketing conundrum: how to be oneself and develop one\u2019s digital self without being self-absorbed and self-obsessed. More with Edouard\u2019s report of the Adobe Digital Marketing Summit which took place in London a few days ago<\/span><\/em><\/p>\n<h3>Adobe Digital Marketing Summit London 2012 : The Digital Self<\/h3>\n<p>For its 2012 edition, the Adobe Digital Marketing Summit saw roughly 2000 enthusiasts converge in London, in the heart of the soothing Battersea Park, for two days of learning, sharing and discovering of new, more efficient ways for digital marketers, publishers and advertisers to reach out to their customers.<\/p>\n<div class=\"row\">\n<div class=\"col-xs-12 article-main-content\">\n<p>Alongside a passionate team of French bloggers, including <a title=\"Fred Cavazza\" href=\"https:\/\/web.archive.org\/web\/20140614171448\/http:\/\/www.fredcavazza.net\/\">Fred Cavazza<\/a>, <a title=\"Nicolas Malo\" href=\"https:\/\/web.archive.org\/web\/20140614171448\/http:\/\/www.nicolasmalo.com\/web_analytics_ecommerce_e\/\">Nicolas Malo<\/a>, <a title=\"Carole Da Silva\" href=\"https:\/\/web.archive.org\/web\/20140614171448\/http:\/\/www.analyticsandco.com\/\">Carole Da Silva<\/a>,<a title=\"Laurent Evain\" href=\"https:\/\/web.archive.org\/web\/20140614171448\/http:\/\/www.ilove-web.com\/\"> Laurent\u00a0Evain<\/a>and <a title=\"Florian Guidicelli\" href=\"https:\/\/web.archive.org\/web\/20140614171448\/http:\/\/www.emarketingtuner.com\/\">Florian Giudicelli<\/a>, I arrived at the impressive venue and was immediately stunned by the scale of the event : 37 countries represented, 30 partners co-sponsoring the event, members of the press from all over the world and a future-like decoration which led me to think I was embarking on some kind of out-of-this-world experience. And actually, it wasn\u2019t far from it !<\/p>\n<p>Brad Rencher, Senior Vice President and General Manager for Digital Marketing at Adobe, got the ball rolling inside the imposing \u201cLondon 2012\u201d conference hall with an opening speech about the main theme of this Summit : the Digital Self. We are in an era where we are constantly defining and redefining ourselves, with over 1.5 billion people online sharing information about themselves with others on a daily basis. It\u2019s the digital marketers\u2019 job to read the signals we are sending out, map the patterns which are emerging and deploy the adequate strategies to reach out to customers, all this in a specific timeframe, as \u201cit has to mater right now, or it doesn\u2019t matter\u201d.<\/p>\n<p>In that respect, real-time personalization has become a key aspect of digital marketing, as companies have to send out messages which will resonate amongst their customers at that point in time. The digital self has gone from being talked about by academics to actionable, and three fundamentals emerge :<\/p>\n<p>Data : the essence of digital. Data is not actionable alone however; it\u2019s the left hand of digital marketing and is the enabler that amplifies the content.<\/p>\n<h3>Content : elemental to digital, bringing experience to life.<\/h3>\n<p>Optimization : identifying data in order to send the relevant message\/content using the adequate technology at hand.<\/p>\n<p>And such technologies were then introduced on stage as we were able to hear more about tools such as Adobe CQ 5 (5.5) for example, a web experience management solution which makes the old content management systems I used to work on look like prehistoric toys ! Here, you can personalize the content on your website with regards to customer data, making the message much more efficient, and the interface is simply\u2026 simple (!), as most of the work is done by drag and drop !<\/p>\n<p>A number of other tools were also introduced, amongst others : Adobe Discover (path analysis), <a title=\"Adobe Insight\" href=\"https:\/\/web.archive.org\/web\/20140614171448\/http:\/\/www.omniture.com\/en\/products\/multi-channel-analytics\/insight\">Adobe Insight<\/a> (data analysis which enables companies to make quick, informed strategic decisions) and <a title=\"Adobe Social\" href=\"https:\/\/web.archive.org\/web\/20140614171448\/http:\/\/www.adobe.com\/products\/social.html\">Adobe Social<\/a> (a platform integrating social advertising, monitoring and analytics to your marketing tools), the latter being launched later this year.<\/p>\n<p>Several guests were then invited on stage to share their experience : Chris Popple, Managing Director at the Royal Bank of Scotland, talked about the importance of staying in touch with customers via social networks, and referred to the Twitter idea bank, where customers can leave comments and tell them what they want. Also on stage was Chris McShane, Director of Content and Social Media at<a title=\"Live Nation\" href=\"https:\/\/web.archive.org\/web\/20140614171448\/http:\/\/www.livenation.co.uk\/\"> Live Nation<\/a>, who insisted on the fact that in the quest to inspire people, personalization is key. People\u2019s data is constantly changing and in order to stay in touch, we have to change our position along with them.<\/p>\n<p>And that is what really came out of this first day at this Adobe Digital Marketing Summit : times are changing ever so rapidly, companies\u2019 relationships with customers are shifting dramatically, and Adobe provide a set of tools to respond swiftly and efficiently to these new demands. Unlike individuals who choose, companies must have a digital self, which is in itself a challenge, with regards to the forever expanding landscape. The next five years will be crucial, as the appearance of social sub-networks, or social niches, will give customers even more opportunities to express themselves. And thats\u2019 why, as McShane mentioned, \u201cbusinesses need to get tech-savvy very quickly\u201d. Or else\u2026<\/p>\n<p>Stay tuned for more news about the event in London !<\/p>\n<\/div>\n<\/div>\n<div class=\"row\">\n<div class=\"col-xs-12\">\n<div class=\"meta h5 gray-light\">by <a class=\"gray-light underline\" href=\"https:\/\/web.archive.org\/web\/20140614171448\/http:\/\/live.orange.com\/en\/adobe-digital-summit-london\/#auteur\" rel=\"author\" data-toggle=\"modal\"><span class=\"author\"><strong>Edouard Austin<\/strong><\/span><\/a><\/div>\n<\/div>\n<\/div>\n","protected":false},"excerpt":{"rendered":"<p>Social marketing sounds like the age of Self \u201cThere\u2019s people doing frightfully well, there\u2019s others on the shelf [\u2026] this is the age of Self\u201d Robert Wyatt Social Marketing: What if it were the Age of Self We\u2019re in 2012 and 8 years after O\u2019Reilly coined the 2.0 moniker, I still find people who are &hellip;<\/p>\n","protected":false},"author":2,"featured_media":57853,"comment_status":"open","ping_status":"open","sticky":false,"template":"","format":"standard","meta":{"footnotes":""},"categories":[4073],"tags":[4102,4733],"class_list":["post-42736","post","type-post","status-publish","format-standard","has-post-thumbnail","hentry","category-social-media","tag-adobe-digital-summit","tag-orange"],"yoast_head":"<!-- This site is optimized with the Yoast SEO plugin v27.5 - https:\/\/yoast.com\/product\/yoast-seo-wordpress\/ -->\n<title>Social Marketing: This is the Age of Self - Adobe Summit report<\/title>\n<meta name=\"description\" content=\"Social marketing sounds like the age of Self \u201cpeople doing frightfully well, there\u2019s others on the shelf - this is the age of Self\u201d R. Wyatt\" \/>\n<meta name=\"robots\" content=\"index, follow, max-snippet:-1, max-image-preview:large, max-video-preview:-1\" \/>\n<link rel=\"canonical\" href=\"https:\/\/visionarymarketing.com\/en\/2012\/05\/31\/social-marketing-the-age-of-self\/\" \/>\n<meta property=\"og:locale\" content=\"en_US\" \/>\n<meta property=\"og:type\" content=\"article\" \/>\n<meta property=\"og:title\" content=\"Social Marketing: This is the Age of Self - Adobe Summit report\" \/>\n<meta property=\"og:description\" content=\"Social marketing sounds like the age of Self \u201cpeople doing frightfully well, there\u2019s others on the shelf - this is the age of Self\u201d R. Wyatt\" \/>\n<meta property=\"og:url\" content=\"https:\/\/visionarymarketing.com\/en\/2012\/05\/31\/social-marketing-the-age-of-self\/\" \/>\n<meta property=\"og:site_name\" content=\"Marketing and Innovation\" \/>\n<meta property=\"article:publisher\" content=\"https:\/\/www.facebook.com\/vismktg\" \/>\n<meta property=\"article:author\" content=\"http:\/\/facebook.com\/ygourven\" \/>\n<meta property=\"article:published_time\" content=\"2012-05-31T07:30:00+00:00\" \/>\n<meta property=\"article:modified_time\" content=\"2020-10-16T08:59:32+00:00\" \/>\n<meta property=\"og:image\" content=\"https:\/\/visionarymarketing.com\/wp-content\/uploads\/2012\/05\/jumpstory-download20201010-172856-e1602350995205.jpg\" \/>\n\t<meta property=\"og:image:width\" content=\"519\" \/>\n\t<meta property=\"og:image:height\" content=\"340\" \/>\n\t<meta property=\"og:image:type\" content=\"image\/jpeg\" \/>\n<meta name=\"author\" content=\"Yann Gourvennec\" \/>\n<meta name=\"twitter:card\" content=\"summary_large_image\" \/>\n<meta name=\"twitter:creator\" content=\"@ygourven\" \/>\n<meta name=\"twitter:site\" content=\"@ygourven\" \/>\n<meta name=\"twitter:label1\" content=\"Written by\" \/>\n\t<meta name=\"twitter:data1\" content=\"Yann Gourvennec\" \/>\n\t<meta name=\"twitter:label2\" content=\"Est. reading time\" \/>\n\t<meta name=\"twitter:data2\" content=\"4 minutes\" \/>\n<script type=\"application\/ld+json\" class=\"yoast-schema-graph\">{\"@context\":\"https:\\\/\\\/schema.org\",\"@graph\":[{\"@type\":\"NewsArticle\",\"@id\":\"https:\\\/\\\/visionarymarketing.com\\\/en\\\/2012\\\/05\\\/31\\\/social-marketing-the-age-of-self\\\/#article\",\"isPartOf\":{\"@id\":\"https:\\\/\\\/visionarymarketing.com\\\/en\\\/2012\\\/05\\\/31\\\/social-marketing-the-age-of-self\\\/\"},\"author\":{\"name\":\"Yann Gourvennec\",\"@id\":\"https:\\\/\\\/visionarymarketing.com\\\/en\\\/#\\\/schema\\\/person\\\/3754fee1e558f47b8deb46f53c37423e\"},\"headline\":\"Social Marketing: This is the Age of Self\",\"datePublished\":\"2012-05-31T07:30:00+00:00\",\"dateModified\":\"2020-10-16T08:59:32+00:00\",\"mainEntityOfPage\":{\"@id\":\"https:\\\/\\\/visionarymarketing.com\\\/en\\\/2012\\\/05\\\/31\\\/social-marketing-the-age-of-self\\\/\"},\"wordCount\":879,\"commentCount\":0,\"image\":{\"@id\":\"https:\\\/\\\/visionarymarketing.com\\\/en\\\/2012\\\/05\\\/31\\\/social-marketing-the-age-of-self\\\/#primaryimage\"},\"thumbnailUrl\":\"https:\\\/\\\/visionarymarketing.com\\\/wp-content\\\/uploads\\\/2012\\\/05\\\/jumpstory-download20201010-172856-e1602350995205.jpg\",\"keywords\":[\"Adobe digital summit\",\"Orange\"],\"articleSection\":[\"social media &amp; social networks\"],\"inLanguage\":\"en-US\",\"potentialAction\":[{\"@type\":\"CommentAction\",\"name\":\"Comment\",\"target\":[\"https:\\\/\\\/visionarymarketing.com\\\/en\\\/2012\\\/05\\\/31\\\/social-marketing-the-age-of-self\\\/#respond\"]}]},{\"@type\":\"WebPage\",\"@id\":\"https:\\\/\\\/visionarymarketing.com\\\/en\\\/2012\\\/05\\\/31\\\/social-marketing-the-age-of-self\\\/\",\"url\":\"https:\\\/\\\/visionarymarketing.com\\\/en\\\/2012\\\/05\\\/31\\\/social-marketing-the-age-of-self\\\/\",\"name\":\"Social Marketing: This is the Age of Self - Adobe Summit report\",\"isPartOf\":{\"@id\":\"https:\\\/\\\/visionarymarketing.com\\\/en\\\/#website\"},\"primaryImageOfPage\":{\"@id\":\"https:\\\/\\\/visionarymarketing.com\\\/en\\\/2012\\\/05\\\/31\\\/social-marketing-the-age-of-self\\\/#primaryimage\"},\"image\":{\"@id\":\"https:\\\/\\\/visionarymarketing.com\\\/en\\\/2012\\\/05\\\/31\\\/social-marketing-the-age-of-self\\\/#primaryimage\"},\"thumbnailUrl\":\"https:\\\/\\\/visionarymarketing.com\\\/wp-content\\\/uploads\\\/2012\\\/05\\\/jumpstory-download20201010-172856-e1602350995205.jpg\",\"datePublished\":\"2012-05-31T07:30:00+00:00\",\"dateModified\":\"2020-10-16T08:59:32+00:00\",\"author\":{\"@id\":\"https:\\\/\\\/visionarymarketing.com\\\/en\\\/#\\\/schema\\\/person\\\/3754fee1e558f47b8deb46f53c37423e\"},\"description\":\"Social marketing sounds like the age of Self \u201cpeople doing frightfully well, there\u2019s others on the shelf - this is the age of Self\u201d R. Wyatt\",\"breadcrumb\":{\"@id\":\"https:\\\/\\\/visionarymarketing.com\\\/en\\\/2012\\\/05\\\/31\\\/social-marketing-the-age-of-self\\\/#breadcrumb\"},\"inLanguage\":\"en-US\",\"potentialAction\":[{\"@type\":\"ReadAction\",\"target\":[\"https:\\\/\\\/visionarymarketing.com\\\/en\\\/2012\\\/05\\\/31\\\/social-marketing-the-age-of-self\\\/\"]}]},{\"@type\":\"ImageObject\",\"inLanguage\":\"en-US\",\"@id\":\"https:\\\/\\\/visionarymarketing.com\\\/en\\\/2012\\\/05\\\/31\\\/social-marketing-the-age-of-self\\\/#primaryimage\",\"url\":\"https:\\\/\\\/visionarymarketing.com\\\/wp-content\\\/uploads\\\/2012\\\/05\\\/jumpstory-download20201010-172856-e1602350995205.jpg\",\"contentUrl\":\"https:\\\/\\\/visionarymarketing.com\\\/wp-content\\\/uploads\\\/2012\\\/05\\\/jumpstory-download20201010-172856-e1602350995205.jpg\",\"width\":519,\"height\":340},{\"@type\":\"BreadcrumbList\",\"@id\":\"https:\\\/\\\/visionarymarketing.com\\\/en\\\/2012\\\/05\\\/31\\\/social-marketing-the-age-of-self\\\/#breadcrumb\",\"itemListElement\":[{\"@type\":\"ListItem\",\"position\":1,\"name\":\"Home\",\"item\":\"https:\\\/\\\/visionarymarketing.com\\\/en\\\/\"},{\"@type\":\"ListItem\",\"position\":2,\"name\":\"Social Marketing: This is the Age of Self\"}]},{\"@type\":\"WebSite\",\"@id\":\"https:\\\/\\\/visionarymarketing.com\\\/en\\\/#website\",\"url\":\"https:\\\/\\\/visionarymarketing.com\\\/en\\\/\",\"name\":\"Marketing and Innovation\",\"description\":\"Independent News Website, Since 1996\",\"potentialAction\":[{\"@type\":\"SearchAction\",\"target\":{\"@type\":\"EntryPoint\",\"urlTemplate\":\"https:\\\/\\\/visionarymarketing.com\\\/en\\\/?s={search_term_string}\"},\"query-input\":{\"@type\":\"PropertyValueSpecification\",\"valueRequired\":true,\"valueName\":\"search_term_string\"}}],\"inLanguage\":\"en-US\"},{\"@type\":\"Person\",\"@id\":\"https:\\\/\\\/visionarymarketing.com\\\/en\\\/#\\\/schema\\\/person\\\/3754fee1e558f47b8deb46f53c37423e\",\"name\":\"Yann Gourvennec\",\"image\":{\"@type\":\"ImageObject\",\"inLanguage\":\"en-US\",\"@id\":\"https:\\\/\\\/secure.gravatar.com\\\/avatar\\\/5972001801e8de5692a3e31224e85769f50a55fb8b679749f9c8d1868cceff14?s=96&d=initials&r=g&initials=yg\",\"url\":\"https:\\\/\\\/secure.gravatar.com\\\/avatar\\\/5972001801e8de5692a3e31224e85769f50a55fb8b679749f9c8d1868cceff14?s=96&d=initials&r=g&initials=yg\",\"contentUrl\":\"https:\\\/\\\/secure.gravatar.com\\\/avatar\\\/5972001801e8de5692a3e31224e85769f50a55fb8b679749f9c8d1868cceff14?s=96&d=initials&r=g&initials=yg\",\"caption\":\"Yann Gourvennec\"},\"description\":\"Yann Gourvennec created visionarymarketing.com in 1996. He is a speaker and author of many books. In 2014 he went from intrapreneur to entrepreneur, when he created his digital marketing agency. Yann Gourvennec a cr\u00e9\u00e9 visionarymarketing.com en 1996. Il est conf\u00e9rencier et auteur de plusieurs livres. En 2014, il est pass\u00e9 d'intrapreneur \u00e0 entrepreneur en cr\u00e9ant son agence de marketing num\u00e9rique.\",\"sameAs\":[\"https:\\\/\\\/visionarymarketing.com\",\"http:\\\/\\\/facebook.com\\\/ygourven\",\"http:\\\/\\\/linkedin.com\\\/in\\\/ygourven\",\"https:\\\/\\\/x.com\\\/ygourven\",\"https:\\\/\\\/www.youtube.com\\\/c\\\/visionarymarketingagency\"],\"url\":\"https:\\\/\\\/visionarymarketing.com\\\/en\\\/author\\\/yann-gourvennec\\\/\"}]}<\/script>\n<!-- \/ Yoast SEO plugin. -->","yoast_head_json":{"title":"Social Marketing: This is the Age of Self - Adobe Summit report","description":"Social marketing sounds like the age of Self \u201cpeople doing frightfully well, there\u2019s others on the shelf - this is the age of Self\u201d R. Wyatt","robots":{"index":"index","follow":"follow","max-snippet":"max-snippet:-1","max-image-preview":"max-image-preview:large","max-video-preview":"max-video-preview:-1"},"canonical":"https:\/\/visionarymarketing.com\/en\/2012\/05\/31\/social-marketing-the-age-of-self\/","og_locale":"en_US","og_type":"article","og_title":"Social Marketing: This is the Age of Self - Adobe Summit report","og_description":"Social marketing sounds like the age of Self \u201cpeople doing frightfully well, there\u2019s others on the shelf - this is the age of Self\u201d R. Wyatt","og_url":"https:\/\/visionarymarketing.com\/en\/2012\/05\/31\/social-marketing-the-age-of-self\/","og_site_name":"Marketing and Innovation","article_publisher":"https:\/\/www.facebook.com\/vismktg","article_author":"http:\/\/facebook.com\/ygourven","article_published_time":"2012-05-31T07:30:00+00:00","article_modified_time":"2020-10-16T08:59:32+00:00","og_image":[{"width":519,"height":340,"url":"https:\/\/visionarymarketing.com\/wp-content\/uploads\/2012\/05\/jumpstory-download20201010-172856-e1602350995205.jpg","type":"image\/jpeg"}],"author":"Yann Gourvennec","twitter_card":"summary_large_image","twitter_creator":"@ygourven","twitter_site":"@ygourven","twitter_misc":{"Written by":"Yann Gourvennec","Est. reading time":"4 minutes"},"schema":{"@context":"https:\/\/schema.org","@graph":[{"@type":"NewsArticle","@id":"https:\/\/visionarymarketing.com\/en\/2012\/05\/31\/social-marketing-the-age-of-self\/#article","isPartOf":{"@id":"https:\/\/visionarymarketing.com\/en\/2012\/05\/31\/social-marketing-the-age-of-self\/"},"author":{"name":"Yann Gourvennec","@id":"https:\/\/visionarymarketing.com\/en\/#\/schema\/person\/3754fee1e558f47b8deb46f53c37423e"},"headline":"Social Marketing: This is the Age of Self","datePublished":"2012-05-31T07:30:00+00:00","dateModified":"2020-10-16T08:59:32+00:00","mainEntityOfPage":{"@id":"https:\/\/visionarymarketing.com\/en\/2012\/05\/31\/social-marketing-the-age-of-self\/"},"wordCount":879,"commentCount":0,"image":{"@id":"https:\/\/visionarymarketing.com\/en\/2012\/05\/31\/social-marketing-the-age-of-self\/#primaryimage"},"thumbnailUrl":"https:\/\/visionarymarketing.com\/wp-content\/uploads\/2012\/05\/jumpstory-download20201010-172856-e1602350995205.jpg","keywords":["Adobe digital summit","Orange"],"articleSection":["social media &amp; social networks"],"inLanguage":"en-US","potentialAction":[{"@type":"CommentAction","name":"Comment","target":["https:\/\/visionarymarketing.com\/en\/2012\/05\/31\/social-marketing-the-age-of-self\/#respond"]}]},{"@type":"WebPage","@id":"https:\/\/visionarymarketing.com\/en\/2012\/05\/31\/social-marketing-the-age-of-self\/","url":"https:\/\/visionarymarketing.com\/en\/2012\/05\/31\/social-marketing-the-age-of-self\/","name":"Social Marketing: This is the Age of Self - Adobe Summit report","isPartOf":{"@id":"https:\/\/visionarymarketing.com\/en\/#website"},"primaryImageOfPage":{"@id":"https:\/\/visionarymarketing.com\/en\/2012\/05\/31\/social-marketing-the-age-of-self\/#primaryimage"},"image":{"@id":"https:\/\/visionarymarketing.com\/en\/2012\/05\/31\/social-marketing-the-age-of-self\/#primaryimage"},"thumbnailUrl":"https:\/\/visionarymarketing.com\/wp-content\/uploads\/2012\/05\/jumpstory-download20201010-172856-e1602350995205.jpg","datePublished":"2012-05-31T07:30:00+00:00","dateModified":"2020-10-16T08:59:32+00:00","author":{"@id":"https:\/\/visionarymarketing.com\/en\/#\/schema\/person\/3754fee1e558f47b8deb46f53c37423e"},"description":"Social marketing sounds like the age of Self \u201cpeople doing frightfully well, there\u2019s others on the shelf - this is the age of Self\u201d R. Wyatt","breadcrumb":{"@id":"https:\/\/visionarymarketing.com\/en\/2012\/05\/31\/social-marketing-the-age-of-self\/#breadcrumb"},"inLanguage":"en-US","potentialAction":[{"@type":"ReadAction","target":["https:\/\/visionarymarketing.com\/en\/2012\/05\/31\/social-marketing-the-age-of-self\/"]}]},{"@type":"ImageObject","inLanguage":"en-US","@id":"https:\/\/visionarymarketing.com\/en\/2012\/05\/31\/social-marketing-the-age-of-self\/#primaryimage","url":"https:\/\/visionarymarketing.com\/wp-content\/uploads\/2012\/05\/jumpstory-download20201010-172856-e1602350995205.jpg","contentUrl":"https:\/\/visionarymarketing.com\/wp-content\/uploads\/2012\/05\/jumpstory-download20201010-172856-e1602350995205.jpg","width":519,"height":340},{"@type":"BreadcrumbList","@id":"https:\/\/visionarymarketing.com\/en\/2012\/05\/31\/social-marketing-the-age-of-self\/#breadcrumb","itemListElement":[{"@type":"ListItem","position":1,"name":"Home","item":"https:\/\/visionarymarketing.com\/en\/"},{"@type":"ListItem","position":2,"name":"Social Marketing: This is the Age of Self"}]},{"@type":"WebSite","@id":"https:\/\/visionarymarketing.com\/en\/#website","url":"https:\/\/visionarymarketing.com\/en\/","name":"Marketing and Innovation","description":"Independent News Website, Since 1996","potentialAction":[{"@type":"SearchAction","target":{"@type":"EntryPoint","urlTemplate":"https:\/\/visionarymarketing.com\/en\/?s={search_term_string}"},"query-input":{"@type":"PropertyValueSpecification","valueRequired":true,"valueName":"search_term_string"}}],"inLanguage":"en-US"},{"@type":"Person","@id":"https:\/\/visionarymarketing.com\/en\/#\/schema\/person\/3754fee1e558f47b8deb46f53c37423e","name":"Yann Gourvennec","image":{"@type":"ImageObject","inLanguage":"en-US","@id":"https:\/\/secure.gravatar.com\/avatar\/5972001801e8de5692a3e31224e85769f50a55fb8b679749f9c8d1868cceff14?s=96&d=initials&r=g&initials=yg","url":"https:\/\/secure.gravatar.com\/avatar\/5972001801e8de5692a3e31224e85769f50a55fb8b679749f9c8d1868cceff14?s=96&d=initials&r=g&initials=yg","contentUrl":"https:\/\/secure.gravatar.com\/avatar\/5972001801e8de5692a3e31224e85769f50a55fb8b679749f9c8d1868cceff14?s=96&d=initials&r=g&initials=yg","caption":"Yann Gourvennec"},"description":"Yann Gourvennec created visionarymarketing.com in 1996. He is a speaker and author of many books. In 2014 he went from intrapreneur to entrepreneur, when he created his digital marketing agency. Yann Gourvennec a cr\u00e9\u00e9 visionarymarketing.com en 1996. Il est conf\u00e9rencier et auteur de plusieurs livres. En 2014, il est pass\u00e9 d'intrapreneur \u00e0 entrepreneur en cr\u00e9ant son agence de marketing num\u00e9rique.","sameAs":["https:\/\/visionarymarketing.com","http:\/\/facebook.com\/ygourven","http:\/\/linkedin.com\/in\/ygourven","https:\/\/x.com\/ygourven","https:\/\/www.youtube.com\/c\/visionarymarketingagency"],"url":"https:\/\/visionarymarketing.com\/en\/author\/yann-gourvennec\/"}]}},"_links":{"self":[{"href":"https:\/\/visionarymarketing.com\/en\/wp-json\/wp\/v2\/posts\/42736","targetHints":{"allow":["GET"]}}],"collection":[{"href":"https:\/\/visionarymarketing.com\/en\/wp-json\/wp\/v2\/posts"}],"about":[{"href":"https:\/\/visionarymarketing.com\/en\/wp-json\/wp\/v2\/types\/post"}],"author":[{"embeddable":true,"href":"https:\/\/visionarymarketing.com\/en\/wp-json\/wp\/v2\/users\/2"}],"replies":[{"embeddable":true,"href":"https:\/\/visionarymarketing.com\/en\/wp-json\/wp\/v2\/comments?post=42736"}],"version-history":[{"count":0,"href":"https:\/\/visionarymarketing.com\/en\/wp-json\/wp\/v2\/posts\/42736\/revisions"}],"wp:featuredmedia":[{"embeddable":true,"href":"https:\/\/visionarymarketing.com\/en\/wp-json\/wp\/v2\/media\/57853"}],"wp:attachment":[{"href":"https:\/\/visionarymarketing.com\/en\/wp-json\/wp\/v2\/media?parent=42736"}],"wp:term":[{"taxonomy":"category","embeddable":true,"href":"https:\/\/visionarymarketing.com\/en\/wp-json\/wp\/v2\/categories?post=42736"},{"taxonomy":"post_tag","embeddable":true,"href":"https:\/\/visionarymarketing.com\/en\/wp-json\/wp\/v2\/tags?post=42736"}],"curies":[{"name":"wp","href":"https:\/\/api.w.org\/{rel}","templated":true}]}}