{"id":42688,"date":"2011-06-22T16:13:57","date_gmt":"2011-06-22T15:13:57","guid":{"rendered":"http:\/\/visionarymarketing.wordpress.com\/?p=1808"},"modified":"2020-10-27T19:17:11","modified_gmt":"2020-10-27T18:17:11","slug":"social-media-book","status":"publish","type":"post","link":"https:\/\/visionarymarketing.com\/en\/2011\/06\/22\/social-media-book\/","title":{"rendered":"Title of my new social media book to be announced on Blogtalkradio"},"content":{"rendered":"<p><em>I will soon unveil the title of my new social media book. <a href=\"https:\/\/www.blogtalkradio.com:443\/socialmediafortheceo\/2011\/06\/24\/social-media-and-orange-group-france-telecom\" target=\"_blank\" rel=\"noopener noreferrer\">I have been invited by Eve Mayer Osburn (aka Linkedin Queen) and Mary B. Adams for a chat at Blogtalkradio.<\/a>\u00a0Here&#8217;s an introductory video to the show (due to take place on Friday June 24th at 5.00pm CET) and below the video, a dump from the Blogtalkradio page&#8217;s introductory text. In the video I am describing the four main items which I will talk about on the show.<\/em><\/p>\n<p>Scoop: I will also make an announcement about the forthcoming adaptation \u00a0of <a href=\"https:\/\/amonboss.com\/\" target=\"_blank\" rel=\"noopener noreferrer\">our best-selling French book<\/a> &#8220;social media taught to my boss&#8221;<\/p>\n<h2>Title of my new social media book to be announced on Blogtalkradio<\/h2>\n<p><iframe title=\"[En] the Orange experience in a Blogtalkradio show on June 24\" src=\"https:\/\/player.vimeo.com\/video\/25446424?dnt=1&amp;app_id=122963\" width=\"500\" height=\"281\" frameborder=\"0\" allow=\"autoplay; fullscreen; picture-in-picture; clipboard-write\"><\/iframe><\/p>\n<p>[<em>note:\u00a0intro by the organisers<\/em>] Summer\u2019s sizzling on the Social Media for the CEO Radio show. Friday 24th June 2011 please join us at 10 am US Central time \/ 17:00 European central time when hosts Eve Mayer Orsburn and Mary B. Adams speak to\u00a0Yann Gourvennec, Director, Web, Digital &amp; Social Media at\u00a0<a href=\"https:\/\/www.orange.com\/fr\/accueil\" target=\"_blank\" rel=\"nofollow noopener noreferrer\">Orange<\/a>, the key brand of France Telecom, one of the world\u2019s leading telecommunications operators.<!--more--><\/p>\n<p>Our guest is also co-founder at\u00a0Media Aces, a non-profit organization whose aim is to promote the usage of social media for business, to help members to help each other. In his spare time, our guest is also blogging on Marketing and Innovation and is a lecturer atUniversit\u00e9 Paris Dauphine.<\/p>\n<p>Looking to pick up some tips on internet strategy and Web 2.0 implementation, social media for business, or corporate blogging, don\u2019t miss this show.<br \/>\nOur show is broadcast live from Dallas, Texas and Paris, France while simulcasting a Twitter chat on<a href=\"https:\/\/mobile.twitter.com\/LinkedInQueen\" rel=\"nofollow\">Twitter.com\/LinkedInQueen<\/a>\u00a0and onTwitter.com\/SocialMediaDel.<\/p>\n<p>Join us by calling +1 (347) 850-8614 to listen or to ask a question on air. Orm Tweet your questions and comments to @LinkedInQueen or @SocialMediaDel using #SM4CEO.<\/p>\n","protected":false},"excerpt":{"rendered":"<p>I will soon unveil the title of my new social media book. I have been invited by Eve Mayer Osburn (aka Linkedin Queen) and Mary B. Adams for a chat at Blogtalkradio.\u00a0Here&#8217;s an introductory video to the show (due to take place on Friday June 24th at 5.00pm CET) and below the video, a dump &hellip;<\/p>\n","protected":false},"author":2,"featured_media":44623,"comment_status":"open","ping_status":"open","sticky":false,"template":"","format":"standard","meta":{"footnotes":""},"categories":[4073],"tags":[4806,4891],"class_list":["post-42688","post","type-post","status-publish","format-standard","has-post-thumbnail","hentry","category-social-media","tag-radio","tag-social-media"],"yoast_head":"<!-- This site is optimized with the Yoast SEO plugin v27.5 - https:\/\/yoast.com\/product\/yoast-seo-wordpress\/ -->\n<title>Title of my new social media book to be announced on Blogtalkradio<\/title>\n<meta name=\"description\" content=\"I will soon unveil the title of my new social media book. I have been invited by Eve Mayer Osburn (aka Linkedin Queen) and Mary B. Adams for a chat at\" \/>\n<meta name=\"robots\" content=\"index, follow, max-snippet:-1, max-image-preview:large, max-video-preview:-1\" \/>\n<link rel=\"canonical\" href=\"https:\/\/visionarymarketing.com\/en\/2011\/06\/22\/social-media-book\/\" \/>\n<meta property=\"og:locale\" content=\"en_US\" \/>\n<meta property=\"og:type\" content=\"article\" \/>\n<meta property=\"og:title\" content=\"Title of my new social media book to be announced on Blogtalkradio\" \/>\n<meta property=\"og:description\" content=\"I will soon unveil the title of my new social media book. I have been invited by Eve Mayer Osburn (aka Linkedin Queen) and Mary B. Adams for a chat at\" \/>\n<meta property=\"og:url\" content=\"https:\/\/visionarymarketing.com\/en\/2011\/06\/22\/social-media-book\/\" \/>\n<meta property=\"og:site_name\" content=\"Marketing and Innovation\" \/>\n<meta property=\"article:publisher\" content=\"https:\/\/www.facebook.com\/vismktg\" \/>\n<meta property=\"article:author\" content=\"http:\/\/facebook.com\/ygourven\" \/>\n<meta property=\"article:published_time\" content=\"2011-06-22T15:13:57+00:00\" \/>\n<meta property=\"article:modified_time\" content=\"2020-10-27T18:17:11+00:00\" \/>\n<meta property=\"og:image\" content=\"https:\/\/visionarymarketing.com\/wp-content\/uploads\/2018\/12\/Yann-e1603822561304.jpg\" \/>\n\t<meta property=\"og:image:width\" content=\"519\" \/>\n\t<meta property=\"og:image:height\" content=\"340\" \/>\n\t<meta property=\"og:image:type\" content=\"image\/jpeg\" \/>\n<meta name=\"author\" content=\"Yann Gourvennec\" \/>\n<meta name=\"twitter:card\" content=\"summary_large_image\" \/>\n<meta name=\"twitter:creator\" content=\"@ygourven\" \/>\n<meta name=\"twitter:site\" content=\"@ygourven\" \/>\n<meta name=\"twitter:label1\" content=\"Written by\" \/>\n\t<meta name=\"twitter:data1\" content=\"Yann Gourvennec\" \/>\n\t<meta name=\"twitter:label2\" content=\"Est. reading time\" \/>\n\t<meta name=\"twitter:data2\" content=\"2 minutes\" \/>\n<script type=\"application\/ld+json\" class=\"yoast-schema-graph\">{\"@context\":\"https:\\\/\\\/schema.org\",\"@graph\":[{\"@type\":\"NewsArticle\",\"@id\":\"https:\\\/\\\/visionarymarketing.com\\\/en\\\/2011\\\/06\\\/22\\\/social-media-book\\\/#article\",\"isPartOf\":{\"@id\":\"https:\\\/\\\/visionarymarketing.com\\\/en\\\/2011\\\/06\\\/22\\\/social-media-book\\\/\"},\"author\":{\"name\":\"Yann Gourvennec\",\"@id\":\"https:\\\/\\\/visionarymarketing.com\\\/en\\\/#\\\/schema\\\/person\\\/3754fee1e558f47b8deb46f53c37423e\"},\"headline\":\"Title of my new social media book to be announced on Blogtalkradio\",\"datePublished\":\"2011-06-22T15:13:57+00:00\",\"dateModified\":\"2020-10-27T18:17:11+00:00\",\"mainEntityOfPage\":{\"@id\":\"https:\\\/\\\/visionarymarketing.com\\\/en\\\/2011\\\/06\\\/22\\\/social-media-book\\\/\"},\"wordCount\":321,\"commentCount\":0,\"image\":{\"@id\":\"https:\\\/\\\/visionarymarketing.com\\\/en\\\/2011\\\/06\\\/22\\\/social-media-book\\\/#primaryimage\"},\"thumbnailUrl\":\"https:\\\/\\\/visionarymarketing.com\\\/wp-content\\\/uploads\\\/2018\\\/12\\\/Yann-e1603822561304.jpg\",\"keywords\":[\"radio\",\"social media\"],\"articleSection\":[\"social media &amp; social networks\"],\"inLanguage\":\"en-US\",\"potentialAction\":[{\"@type\":\"CommentAction\",\"name\":\"Comment\",\"target\":[\"https:\\\/\\\/visionarymarketing.com\\\/en\\\/2011\\\/06\\\/22\\\/social-media-book\\\/#respond\"]}]},{\"@type\":\"WebPage\",\"@id\":\"https:\\\/\\\/visionarymarketing.com\\\/en\\\/2011\\\/06\\\/22\\\/social-media-book\\\/\",\"url\":\"https:\\\/\\\/visionarymarketing.com\\\/en\\\/2011\\\/06\\\/22\\\/social-media-book\\\/\",\"name\":\"Title of my new social media book to be announced on Blogtalkradio\",\"isPartOf\":{\"@id\":\"https:\\\/\\\/visionarymarketing.com\\\/en\\\/#website\"},\"primaryImageOfPage\":{\"@id\":\"https:\\\/\\\/visionarymarketing.com\\\/en\\\/2011\\\/06\\\/22\\\/social-media-book\\\/#primaryimage\"},\"image\":{\"@id\":\"https:\\\/\\\/visionarymarketing.com\\\/en\\\/2011\\\/06\\\/22\\\/social-media-book\\\/#primaryimage\"},\"thumbnailUrl\":\"https:\\\/\\\/visionarymarketing.com\\\/wp-content\\\/uploads\\\/2018\\\/12\\\/Yann-e1603822561304.jpg\",\"datePublished\":\"2011-06-22T15:13:57+00:00\",\"dateModified\":\"2020-10-27T18:17:11+00:00\",\"author\":{\"@id\":\"https:\\\/\\\/visionarymarketing.com\\\/en\\\/#\\\/schema\\\/person\\\/3754fee1e558f47b8deb46f53c37423e\"},\"description\":\"I will soon unveil the title of my new social media book. I have been invited by Eve Mayer Osburn (aka Linkedin Queen) and Mary B. Adams for a chat at\",\"breadcrumb\":{\"@id\":\"https:\\\/\\\/visionarymarketing.com\\\/en\\\/2011\\\/06\\\/22\\\/social-media-book\\\/#breadcrumb\"},\"inLanguage\":\"en-US\",\"potentialAction\":[{\"@type\":\"ReadAction\",\"target\":[\"https:\\\/\\\/visionarymarketing.com\\\/en\\\/2011\\\/06\\\/22\\\/social-media-book\\\/\"]}]},{\"@type\":\"ImageObject\",\"inLanguage\":\"en-US\",\"@id\":\"https:\\\/\\\/visionarymarketing.com\\\/en\\\/2011\\\/06\\\/22\\\/social-media-book\\\/#primaryimage\",\"url\":\"https:\\\/\\\/visionarymarketing.com\\\/wp-content\\\/uploads\\\/2018\\\/12\\\/Yann-e1603822561304.jpg\",\"contentUrl\":\"https:\\\/\\\/visionarymarketing.com\\\/wp-content\\\/uploads\\\/2018\\\/12\\\/Yann-e1603822561304.jpg\",\"width\":519,\"height\":340},{\"@type\":\"BreadcrumbList\",\"@id\":\"https:\\\/\\\/visionarymarketing.com\\\/en\\\/2011\\\/06\\\/22\\\/social-media-book\\\/#breadcrumb\",\"itemListElement\":[{\"@type\":\"ListItem\",\"position\":1,\"name\":\"Home\",\"item\":\"https:\\\/\\\/visionarymarketing.com\\\/en\\\/\"},{\"@type\":\"ListItem\",\"position\":2,\"name\":\"Title of my new social media book to be announced on Blogtalkradio\"}]},{\"@type\":\"WebSite\",\"@id\":\"https:\\\/\\\/visionarymarketing.com\\\/en\\\/#website\",\"url\":\"https:\\\/\\\/visionarymarketing.com\\\/en\\\/\",\"name\":\"Marketing and Innovation\",\"description\":\"Independent News Website, Since 1996\",\"potentialAction\":[{\"@type\":\"SearchAction\",\"target\":{\"@type\":\"EntryPoint\",\"urlTemplate\":\"https:\\\/\\\/visionarymarketing.com\\\/en\\\/?s={search_term_string}\"},\"query-input\":{\"@type\":\"PropertyValueSpecification\",\"valueRequired\":true,\"valueName\":\"search_term_string\"}}],\"inLanguage\":\"en-US\"},{\"@type\":\"Person\",\"@id\":\"https:\\\/\\\/visionarymarketing.com\\\/en\\\/#\\\/schema\\\/person\\\/3754fee1e558f47b8deb46f53c37423e\",\"name\":\"Yann Gourvennec\",\"image\":{\"@type\":\"ImageObject\",\"inLanguage\":\"en-US\",\"@id\":\"https:\\\/\\\/secure.gravatar.com\\\/avatar\\\/5972001801e8de5692a3e31224e85769f50a55fb8b679749f9c8d1868cceff14?s=96&d=initials&r=g&initials=yg\",\"url\":\"https:\\\/\\\/secure.gravatar.com\\\/avatar\\\/5972001801e8de5692a3e31224e85769f50a55fb8b679749f9c8d1868cceff14?s=96&d=initials&r=g&initials=yg\",\"contentUrl\":\"https:\\\/\\\/secure.gravatar.com\\\/avatar\\\/5972001801e8de5692a3e31224e85769f50a55fb8b679749f9c8d1868cceff14?s=96&d=initials&r=g&initials=yg\",\"caption\":\"Yann Gourvennec\"},\"description\":\"Yann Gourvennec created visionarymarketing.com in 1996. He is a speaker and author of many books. In 2014 he went from intrapreneur to entrepreneur, when he created his digital marketing agency. Yann Gourvennec a cr\u00e9\u00e9 visionarymarketing.com en 1996. Il est conf\u00e9rencier et auteur de plusieurs livres. En 2014, il est pass\u00e9 d'intrapreneur \u00e0 entrepreneur en cr\u00e9ant son agence de marketing num\u00e9rique.\",\"sameAs\":[\"https:\\\/\\\/visionarymarketing.com\",\"http:\\\/\\\/facebook.com\\\/ygourven\",\"http:\\\/\\\/linkedin.com\\\/in\\\/ygourven\",\"https:\\\/\\\/x.com\\\/ygourven\",\"https:\\\/\\\/www.youtube.com\\\/c\\\/visionarymarketingagency\"],\"url\":\"https:\\\/\\\/visionarymarketing.com\\\/en\\\/author\\\/yann-gourvennec\\\/\"}]}<\/script>\n<!-- \/ Yoast SEO plugin. -->","yoast_head_json":{"title":"Title of my new social media book to be announced on Blogtalkradio","description":"I will soon unveil the title of my new social media book. I have been invited by Eve Mayer Osburn (aka Linkedin Queen) and Mary B. Adams for a chat at","robots":{"index":"index","follow":"follow","max-snippet":"max-snippet:-1","max-image-preview":"max-image-preview:large","max-video-preview":"max-video-preview:-1"},"canonical":"https:\/\/visionarymarketing.com\/en\/2011\/06\/22\/social-media-book\/","og_locale":"en_US","og_type":"article","og_title":"Title of my new social media book to be announced on Blogtalkradio","og_description":"I will soon unveil the title of my new social media book. I have been invited by Eve Mayer Osburn (aka Linkedin Queen) and Mary B. Adams for a chat at","og_url":"https:\/\/visionarymarketing.com\/en\/2011\/06\/22\/social-media-book\/","og_site_name":"Marketing and Innovation","article_publisher":"https:\/\/www.facebook.com\/vismktg","article_author":"http:\/\/facebook.com\/ygourven","article_published_time":"2011-06-22T15:13:57+00:00","article_modified_time":"2020-10-27T18:17:11+00:00","og_image":[{"width":519,"height":340,"url":"https:\/\/visionarymarketing.com\/wp-content\/uploads\/2018\/12\/Yann-e1603822561304.jpg","type":"image\/jpeg"}],"author":"Yann Gourvennec","twitter_card":"summary_large_image","twitter_creator":"@ygourven","twitter_site":"@ygourven","twitter_misc":{"Written by":"Yann Gourvennec","Est. reading time":"2 minutes"},"schema":{"@context":"https:\/\/schema.org","@graph":[{"@type":"NewsArticle","@id":"https:\/\/visionarymarketing.com\/en\/2011\/06\/22\/social-media-book\/#article","isPartOf":{"@id":"https:\/\/visionarymarketing.com\/en\/2011\/06\/22\/social-media-book\/"},"author":{"name":"Yann Gourvennec","@id":"https:\/\/visionarymarketing.com\/en\/#\/schema\/person\/3754fee1e558f47b8deb46f53c37423e"},"headline":"Title of my new social media book to be announced on Blogtalkradio","datePublished":"2011-06-22T15:13:57+00:00","dateModified":"2020-10-27T18:17:11+00:00","mainEntityOfPage":{"@id":"https:\/\/visionarymarketing.com\/en\/2011\/06\/22\/social-media-book\/"},"wordCount":321,"commentCount":0,"image":{"@id":"https:\/\/visionarymarketing.com\/en\/2011\/06\/22\/social-media-book\/#primaryimage"},"thumbnailUrl":"https:\/\/visionarymarketing.com\/wp-content\/uploads\/2018\/12\/Yann-e1603822561304.jpg","keywords":["radio","social media"],"articleSection":["social media &amp; social networks"],"inLanguage":"en-US","potentialAction":[{"@type":"CommentAction","name":"Comment","target":["https:\/\/visionarymarketing.com\/en\/2011\/06\/22\/social-media-book\/#respond"]}]},{"@type":"WebPage","@id":"https:\/\/visionarymarketing.com\/en\/2011\/06\/22\/social-media-book\/","url":"https:\/\/visionarymarketing.com\/en\/2011\/06\/22\/social-media-book\/","name":"Title of my new social media book to be announced on Blogtalkradio","isPartOf":{"@id":"https:\/\/visionarymarketing.com\/en\/#website"},"primaryImageOfPage":{"@id":"https:\/\/visionarymarketing.com\/en\/2011\/06\/22\/social-media-book\/#primaryimage"},"image":{"@id":"https:\/\/visionarymarketing.com\/en\/2011\/06\/22\/social-media-book\/#primaryimage"},"thumbnailUrl":"https:\/\/visionarymarketing.com\/wp-content\/uploads\/2018\/12\/Yann-e1603822561304.jpg","datePublished":"2011-06-22T15:13:57+00:00","dateModified":"2020-10-27T18:17:11+00:00","author":{"@id":"https:\/\/visionarymarketing.com\/en\/#\/schema\/person\/3754fee1e558f47b8deb46f53c37423e"},"description":"I will soon unveil the title of my new social media book. I have been invited by Eve Mayer Osburn (aka Linkedin Queen) and Mary B. Adams for a chat at","breadcrumb":{"@id":"https:\/\/visionarymarketing.com\/en\/2011\/06\/22\/social-media-book\/#breadcrumb"},"inLanguage":"en-US","potentialAction":[{"@type":"ReadAction","target":["https:\/\/visionarymarketing.com\/en\/2011\/06\/22\/social-media-book\/"]}]},{"@type":"ImageObject","inLanguage":"en-US","@id":"https:\/\/visionarymarketing.com\/en\/2011\/06\/22\/social-media-book\/#primaryimage","url":"https:\/\/visionarymarketing.com\/wp-content\/uploads\/2018\/12\/Yann-e1603822561304.jpg","contentUrl":"https:\/\/visionarymarketing.com\/wp-content\/uploads\/2018\/12\/Yann-e1603822561304.jpg","width":519,"height":340},{"@type":"BreadcrumbList","@id":"https:\/\/visionarymarketing.com\/en\/2011\/06\/22\/social-media-book\/#breadcrumb","itemListElement":[{"@type":"ListItem","position":1,"name":"Home","item":"https:\/\/visionarymarketing.com\/en\/"},{"@type":"ListItem","position":2,"name":"Title of my new social media book to be announced on Blogtalkradio"}]},{"@type":"WebSite","@id":"https:\/\/visionarymarketing.com\/en\/#website","url":"https:\/\/visionarymarketing.com\/en\/","name":"Marketing and Innovation","description":"Independent News Website, Since 1996","potentialAction":[{"@type":"SearchAction","target":{"@type":"EntryPoint","urlTemplate":"https:\/\/visionarymarketing.com\/en\/?s={search_term_string}"},"query-input":{"@type":"PropertyValueSpecification","valueRequired":true,"valueName":"search_term_string"}}],"inLanguage":"en-US"},{"@type":"Person","@id":"https:\/\/visionarymarketing.com\/en\/#\/schema\/person\/3754fee1e558f47b8deb46f53c37423e","name":"Yann Gourvennec","image":{"@type":"ImageObject","inLanguage":"en-US","@id":"https:\/\/secure.gravatar.com\/avatar\/5972001801e8de5692a3e31224e85769f50a55fb8b679749f9c8d1868cceff14?s=96&d=initials&r=g&initials=yg","url":"https:\/\/secure.gravatar.com\/avatar\/5972001801e8de5692a3e31224e85769f50a55fb8b679749f9c8d1868cceff14?s=96&d=initials&r=g&initials=yg","contentUrl":"https:\/\/secure.gravatar.com\/avatar\/5972001801e8de5692a3e31224e85769f50a55fb8b679749f9c8d1868cceff14?s=96&d=initials&r=g&initials=yg","caption":"Yann Gourvennec"},"description":"Yann Gourvennec created visionarymarketing.com in 1996. He is a speaker and author of many books. In 2014 he went from intrapreneur to entrepreneur, when he created his digital marketing agency. Yann Gourvennec a cr\u00e9\u00e9 visionarymarketing.com en 1996. Il est conf\u00e9rencier et auteur de plusieurs livres. En 2014, il est pass\u00e9 d'intrapreneur \u00e0 entrepreneur en cr\u00e9ant son agence de marketing num\u00e9rique.","sameAs":["https:\/\/visionarymarketing.com","http:\/\/facebook.com\/ygourven","http:\/\/linkedin.com\/in\/ygourven","https:\/\/x.com\/ygourven","https:\/\/www.youtube.com\/c\/visionarymarketingagency"],"url":"https:\/\/visionarymarketing.com\/en\/author\/yann-gourvennec\/"}]}},"_links":{"self":[{"href":"https:\/\/visionarymarketing.com\/en\/wp-json\/wp\/v2\/posts\/42688","targetHints":{"allow":["GET"]}}],"collection":[{"href":"https:\/\/visionarymarketing.com\/en\/wp-json\/wp\/v2\/posts"}],"about":[{"href":"https:\/\/visionarymarketing.com\/en\/wp-json\/wp\/v2\/types\/post"}],"author":[{"embeddable":true,"href":"https:\/\/visionarymarketing.com\/en\/wp-json\/wp\/v2\/users\/2"}],"replies":[{"embeddable":true,"href":"https:\/\/visionarymarketing.com\/en\/wp-json\/wp\/v2\/comments?post=42688"}],"version-history":[{"count":0,"href":"https:\/\/visionarymarketing.com\/en\/wp-json\/wp\/v2\/posts\/42688\/revisions"}],"wp:featuredmedia":[{"embeddable":true,"href":"https:\/\/visionarymarketing.com\/en\/wp-json\/wp\/v2\/media\/44623"}],"wp:attachment":[{"href":"https:\/\/visionarymarketing.com\/en\/wp-json\/wp\/v2\/media?parent=42688"}],"wp:term":[{"taxonomy":"category","embeddable":true,"href":"https:\/\/visionarymarketing.com\/en\/wp-json\/wp\/v2\/categories?post=42688"},{"taxonomy":"post_tag","embeddable":true,"href":"https:\/\/visionarymarketing.com\/en\/wp-json\/wp\/v2\/tags?post=42688"}],"curies":[{"name":"wp","href":"https:\/\/api.w.org\/{rel}","templated":true}]}}