{"id":3640,"date":"2013-02-25T10:10:46","date_gmt":"2013-02-25T09:10:46","guid":{"rendered":"https:\/\/visionarymarketing.wordpress.com\/?p=3311"},"modified":"2020-09-19T09:27:09","modified_gmt":"2020-09-19T07:27:09","slug":"mobile-world-congress","status":"publish","type":"post","link":"https:\/\/visionarymarketing.com\/en\/2013\/02\/25\/mobile-world-congress\/","title":{"rendered":"Barcelona, World&#8217;s mobile capital city for 4 days: Mobile World Congress"},"content":{"rendered":"<p>On February 24<sup>th<\/sup>, 2013, we paid a visit to the Grand Fira which is the brand new venue for the Mobile World Congress conference in Barcelona. Everything here is brand new and even though they built dummy columns at the entrance to remind visitors of the old place it is certainly lacking the lustre of the old romantic buildings at the end of the old Fira convention centre, situated in Plaza de Espanya.<\/p>\n<h2>Barcelona, World&#8217;s mobile capital city for 4 days: Mobile World Congress<\/h2>\n<figure id=\"attachment_3307\" aria-describedby=\"caption-attachment-3307\" style=\"width: 520px\" class=\"wp-caption aligncenter\"><a href=\"https:\/\/visionarymarketing.com\/wp-content\/uploads\/2013\/02\/dsc2575_thumb1-1-e1600500338511.jpg\"><img decoding=\"async\" class=\"wp-image-3307 size-full\" src=\"https:\/\/visionarymarketing.com\/wp-content\/uploads\/2013\/02\/dsc2575_thumb1-1-e1600500338511.jpg\" alt=\"Barcelona, World's mobile capital city for 4 days: Mobile World Congress\" width=\"520\" height=\"349\" \/><\/a><figcaption id=\"caption-attachment-3307\" class=\"wp-caption-text\">Barcelona, World&#8217;s mobile capital city for 4 days: Mobile World Congress<\/figcaption><\/figure>\n<p><em><span style=\"color: #0000ff;\">[Polishing the signs while speakers are polishing their pitches]<\/span><\/em><\/p>\n<p>Nonetheless, the new venue is &#8211; as the name goes &#8211; even bigger, and we can expect a lot to happen by way of innovation on the stands. The promise is that <b>a new horizon for telecommunications is ahead of us<\/b>.<\/p>\n<p><!--more-->One, mostly, where NFC will be playing a role since the three letter acronym is absolutely ubiquitous. The press is even asked to check in through NFC gates exclusively and I was quite disappointed that I hadn&#8217;t taken the time to renew my phone and buy a brand new Galaxy SIII for instance.<\/p>\n<p><a href=\"https:\/\/visionarymarketing.com\/wp-content\/uploads\/2013\/02\/dsc2569_thumb1.jpg\"><img decoding=\"async\" style=\"background-image: none; padding-left: 0; padding-right: 0; display: inline; padding-top: 0; border: 0;\" title=\"_DSC2569_thumb1\" src=\"https:\/\/visionarymarketing.com\/wp-content\/uploads\/2013\/02\/dsc2569_thumb1_thumb.jpg\" alt=\"_DSC2569_thumb1\" width=\"644\" height=\"432\" border=\"0\" \/><\/a><br \/>\n<em><span style=\"color: #0000ff;\">[nothing is shown at MWC on the eve of the event. All is quiet\u2026 not for long!]<\/span><\/em><\/p>\n<p>Talking about Samsung, we were greeted by a small stand of theirs at the exit of the Fira metro station. This is probably a sign that they are going to show big things this year. On the other hand, so far, we haven&#8217;t seen any signs of Android being at the forefront, but it\u2019s not clear as the venue is always decorated at the last minute to avoid leaks.<\/p>\n<p>Last year was definitely an Android year. Does it mean that Google &#8211; I heard that rumoured yesterday &#8211; would toy with the idea of renaming its mobile OS by using its main brand (as they did with Google Play which replaced the former Android Market)? Or does it mean that new big guys, like the Mozilla foundation for instance, are sticking their guns this year.<\/p>\n<p>A new OS in the mobile environment is a possibility. Time will tell, I am all set for the press conference on new mobile Operating systems as well as the much expected Zte announcement. Stay tuned to the live Orange blog!<\/p>\n","protected":false},"excerpt":{"rendered":"<p>On February 24th, 2013, we paid a visit to the Grand Fira which is the brand new venue for the Mobile World Congress conference in Barcelona. Everything here is brand new and even though they built dummy columns at the entrance to remind visitors of the old place it is certainly lacking the lustre of &hellip;<\/p>\n","protected":false},"author":2,"featured_media":3307,"comment_status":"open","ping_status":"open","sticky":false,"template":"","format":"standard","meta":{"footnotes":""},"categories":[4079],"tags":[4088,4151,4676,4678,5048],"class_list":["post-3640","post","type-post","status-publish","format-standard","has-post-thumbnail","hentry","category-digital-technology","tag-mwc13","tag-barcelona","tag-mobile-world-congress","tag-mobility","tag-world-mobile-capital"],"yoast_head":"<!-- This site is optimized with the Yoast SEO plugin v27.5 - https:\/\/yoast.com\/product\/yoast-seo-wordpress\/ -->\n<title>Barcelona, World&#039;s mobile capital city for 4 days: Mobile World Congress<\/title>\n<meta name=\"description\" content=\"On February 24th, 2013, we paid a visit to the Grand Fira which is the brand new venue for the Mobile World Congress conference in Barcelona.\" \/>\n<meta name=\"robots\" content=\"index, follow, max-snippet:-1, max-image-preview:large, max-video-preview:-1\" \/>\n<link rel=\"canonical\" href=\"https:\/\/visionarymarketing.com\/en\/2013\/02\/25\/mobile-world-congress\/\" \/>\n<meta property=\"og:locale\" content=\"en_US\" \/>\n<meta property=\"og:type\" content=\"article\" \/>\n<meta property=\"og:title\" content=\"Barcelona, World&#039;s mobile capital city for 4 days: Mobile World Congress\" \/>\n<meta property=\"og:description\" content=\"On February 24th, 2013, we paid a visit to the Grand Fira which is the brand new venue for the Mobile World Congress conference in Barcelona.\" \/>\n<meta property=\"og:url\" content=\"https:\/\/visionarymarketing.com\/en\/2013\/02\/25\/mobile-world-congress\/\" \/>\n<meta property=\"og:site_name\" content=\"Marketing and Innovation\" \/>\n<meta property=\"article:publisher\" content=\"https:\/\/www.facebook.com\/vismktg\" \/>\n<meta property=\"article:author\" content=\"http:\/\/facebook.com\/ygourven\" \/>\n<meta property=\"article:published_time\" content=\"2013-02-25T09:10:46+00:00\" \/>\n<meta property=\"article:modified_time\" content=\"2020-09-19T07:27:09+00:00\" \/>\n<meta property=\"og:image\" content=\"https:\/\/visionarymarketing.com\/wp-content\/uploads\/2013\/02\/dsc2575_thumb1-1-e1600500338511.jpg\" \/>\n\t<meta property=\"og:image:width\" content=\"520\" \/>\n\t<meta property=\"og:image:height\" content=\"349\" \/>\n\t<meta property=\"og:image:type\" content=\"image\/jpeg\" \/>\n<meta name=\"author\" content=\"Yann Gourvennec\" \/>\n<meta name=\"twitter:card\" content=\"summary_large_image\" \/>\n<meta name=\"twitter:creator\" content=\"@ygourven\" \/>\n<meta name=\"twitter:site\" content=\"@ygourven\" \/>\n<meta name=\"twitter:label1\" content=\"Written by\" \/>\n\t<meta name=\"twitter:data1\" content=\"Yann Gourvennec\" \/>\n\t<meta name=\"twitter:label2\" content=\"Est. reading time\" \/>\n\t<meta name=\"twitter:data2\" content=\"2 minutes\" \/>\n<script type=\"application\/ld+json\" class=\"yoast-schema-graph\">{\"@context\":\"https:\\\/\\\/schema.org\",\"@graph\":[{\"@type\":\"NewsArticle\",\"@id\":\"https:\\\/\\\/visionarymarketing.com\\\/en\\\/2013\\\/02\\\/25\\\/mobile-world-congress\\\/#article\",\"isPartOf\":{\"@id\":\"https:\\\/\\\/visionarymarketing.com\\\/en\\\/2013\\\/02\\\/25\\\/mobile-world-congress\\\/\"},\"author\":{\"name\":\"Yann Gourvennec\",\"@id\":\"https:\\\/\\\/visionarymarketing.com\\\/en\\\/#\\\/schema\\\/person\\\/3754fee1e558f47b8deb46f53c37423e\"},\"headline\":\"Barcelona, World&#8217;s mobile capital city for 4 days: Mobile World Congress\",\"datePublished\":\"2013-02-25T09:10:46+00:00\",\"dateModified\":\"2020-09-19T07:27:09+00:00\",\"mainEntityOfPage\":{\"@id\":\"https:\\\/\\\/visionarymarketing.com\\\/en\\\/2013\\\/02\\\/25\\\/mobile-world-congress\\\/\"},\"wordCount\":411,\"commentCount\":0,\"image\":{\"@id\":\"https:\\\/\\\/visionarymarketing.com\\\/en\\\/2013\\\/02\\\/25\\\/mobile-world-congress\\\/#primaryimage\"},\"thumbnailUrl\":\"https:\\\/\\\/visionarymarketing.com\\\/wp-content\\\/uploads\\\/2013\\\/02\\\/dsc2575_thumb1-1-e1600500338511.jpg\",\"keywords\":[\"#mwc13\",\"barcelona\",\"Mobile World Congress\",\"mobility\",\"world mobile capital\"],\"articleSection\":[\"Digital technology\"],\"inLanguage\":\"en-US\",\"potentialAction\":[{\"@type\":\"CommentAction\",\"name\":\"Comment\",\"target\":[\"https:\\\/\\\/visionarymarketing.com\\\/en\\\/2013\\\/02\\\/25\\\/mobile-world-congress\\\/#respond\"]}]},{\"@type\":\"WebPage\",\"@id\":\"https:\\\/\\\/visionarymarketing.com\\\/en\\\/2013\\\/02\\\/25\\\/mobile-world-congress\\\/\",\"url\":\"https:\\\/\\\/visionarymarketing.com\\\/en\\\/2013\\\/02\\\/25\\\/mobile-world-congress\\\/\",\"name\":\"Barcelona, World's mobile capital city for 4 days: Mobile World Congress\",\"isPartOf\":{\"@id\":\"https:\\\/\\\/visionarymarketing.com\\\/en\\\/#website\"},\"primaryImageOfPage\":{\"@id\":\"https:\\\/\\\/visionarymarketing.com\\\/en\\\/2013\\\/02\\\/25\\\/mobile-world-congress\\\/#primaryimage\"},\"image\":{\"@id\":\"https:\\\/\\\/visionarymarketing.com\\\/en\\\/2013\\\/02\\\/25\\\/mobile-world-congress\\\/#primaryimage\"},\"thumbnailUrl\":\"https:\\\/\\\/visionarymarketing.com\\\/wp-content\\\/uploads\\\/2013\\\/02\\\/dsc2575_thumb1-1-e1600500338511.jpg\",\"datePublished\":\"2013-02-25T09:10:46+00:00\",\"dateModified\":\"2020-09-19T07:27:09+00:00\",\"author\":{\"@id\":\"https:\\\/\\\/visionarymarketing.com\\\/en\\\/#\\\/schema\\\/person\\\/3754fee1e558f47b8deb46f53c37423e\"},\"description\":\"On February 24th, 2013, we paid a visit to the Grand Fira which is the brand new venue for the Mobile World Congress conference in Barcelona.\",\"breadcrumb\":{\"@id\":\"https:\\\/\\\/visionarymarketing.com\\\/en\\\/2013\\\/02\\\/25\\\/mobile-world-congress\\\/#breadcrumb\"},\"inLanguage\":\"en-US\",\"potentialAction\":[{\"@type\":\"ReadAction\",\"target\":[\"https:\\\/\\\/visionarymarketing.com\\\/en\\\/2013\\\/02\\\/25\\\/mobile-world-congress\\\/\"]}]},{\"@type\":\"ImageObject\",\"inLanguage\":\"en-US\",\"@id\":\"https:\\\/\\\/visionarymarketing.com\\\/en\\\/2013\\\/02\\\/25\\\/mobile-world-congress\\\/#primaryimage\",\"url\":\"https:\\\/\\\/visionarymarketing.com\\\/wp-content\\\/uploads\\\/2013\\\/02\\\/dsc2575_thumb1-1-e1600500338511.jpg\",\"contentUrl\":\"https:\\\/\\\/visionarymarketing.com\\\/wp-content\\\/uploads\\\/2013\\\/02\\\/dsc2575_thumb1-1-e1600500338511.jpg\",\"width\":520,\"height\":349},{\"@type\":\"BreadcrumbList\",\"@id\":\"https:\\\/\\\/visionarymarketing.com\\\/en\\\/2013\\\/02\\\/25\\\/mobile-world-congress\\\/#breadcrumb\",\"itemListElement\":[{\"@type\":\"ListItem\",\"position\":1,\"name\":\"Home\",\"item\":\"https:\\\/\\\/visionarymarketing.com\\\/en\\\/\"},{\"@type\":\"ListItem\",\"position\":2,\"name\":\"Barcelona, World&#8217;s mobile capital city for 4 days: Mobile World Congress\"}]},{\"@type\":\"WebSite\",\"@id\":\"https:\\\/\\\/visionarymarketing.com\\\/en\\\/#website\",\"url\":\"https:\\\/\\\/visionarymarketing.com\\\/en\\\/\",\"name\":\"Marketing and Innovation\",\"description\":\"Independent News Website, Since 1996\",\"potentialAction\":[{\"@type\":\"SearchAction\",\"target\":{\"@type\":\"EntryPoint\",\"urlTemplate\":\"https:\\\/\\\/visionarymarketing.com\\\/en\\\/?s={search_term_string}\"},\"query-input\":{\"@type\":\"PropertyValueSpecification\",\"valueRequired\":true,\"valueName\":\"search_term_string\"}}],\"inLanguage\":\"en-US\"},{\"@type\":\"Person\",\"@id\":\"https:\\\/\\\/visionarymarketing.com\\\/en\\\/#\\\/schema\\\/person\\\/3754fee1e558f47b8deb46f53c37423e\",\"name\":\"Yann Gourvennec\",\"image\":{\"@type\":\"ImageObject\",\"inLanguage\":\"en-US\",\"@id\":\"https:\\\/\\\/secure.gravatar.com\\\/avatar\\\/5972001801e8de5692a3e31224e85769f50a55fb8b679749f9c8d1868cceff14?s=96&d=initials&r=g&initials=yg\",\"url\":\"https:\\\/\\\/secure.gravatar.com\\\/avatar\\\/5972001801e8de5692a3e31224e85769f50a55fb8b679749f9c8d1868cceff14?s=96&d=initials&r=g&initials=yg\",\"contentUrl\":\"https:\\\/\\\/secure.gravatar.com\\\/avatar\\\/5972001801e8de5692a3e31224e85769f50a55fb8b679749f9c8d1868cceff14?s=96&d=initials&r=g&initials=yg\",\"caption\":\"Yann Gourvennec\"},\"description\":\"Yann Gourvennec created visionarymarketing.com in 1996. He is a speaker and author of many books. In 2014 he went from intrapreneur to entrepreneur, when he created his digital marketing agency. Yann Gourvennec a cr\u00e9\u00e9 visionarymarketing.com en 1996. Il est conf\u00e9rencier et auteur de plusieurs livres. En 2014, il est pass\u00e9 d'intrapreneur \u00e0 entrepreneur en cr\u00e9ant son agence de marketing num\u00e9rique.\",\"sameAs\":[\"https:\\\/\\\/visionarymarketing.com\",\"http:\\\/\\\/facebook.com\\\/ygourven\",\"http:\\\/\\\/linkedin.com\\\/in\\\/ygourven\",\"https:\\\/\\\/x.com\\\/ygourven\",\"https:\\\/\\\/www.youtube.com\\\/c\\\/visionarymarketingagency\"],\"url\":\"https:\\\/\\\/visionarymarketing.com\\\/en\\\/author\\\/yann-gourvennec\\\/\"}]}<\/script>\n<!-- \/ Yoast SEO plugin. -->","yoast_head_json":{"title":"Barcelona, World's mobile capital city for 4 days: Mobile World Congress","description":"On February 24th, 2013, we paid a visit to the Grand Fira which is the brand new venue for the Mobile World Congress conference in Barcelona.","robots":{"index":"index","follow":"follow","max-snippet":"max-snippet:-1","max-image-preview":"max-image-preview:large","max-video-preview":"max-video-preview:-1"},"canonical":"https:\/\/visionarymarketing.com\/en\/2013\/02\/25\/mobile-world-congress\/","og_locale":"en_US","og_type":"article","og_title":"Barcelona, World's mobile capital city for 4 days: Mobile World Congress","og_description":"On February 24th, 2013, we paid a visit to the Grand Fira which is the brand new venue for the Mobile World Congress conference in Barcelona.","og_url":"https:\/\/visionarymarketing.com\/en\/2013\/02\/25\/mobile-world-congress\/","og_site_name":"Marketing and Innovation","article_publisher":"https:\/\/www.facebook.com\/vismktg","article_author":"http:\/\/facebook.com\/ygourven","article_published_time":"2013-02-25T09:10:46+00:00","article_modified_time":"2020-09-19T07:27:09+00:00","og_image":[{"width":520,"height":349,"url":"https:\/\/visionarymarketing.com\/wp-content\/uploads\/2013\/02\/dsc2575_thumb1-1-e1600500338511.jpg","type":"image\/jpeg"}],"author":"Yann Gourvennec","twitter_card":"summary_large_image","twitter_creator":"@ygourven","twitter_site":"@ygourven","twitter_misc":{"Written by":"Yann Gourvennec","Est. reading time":"2 minutes"},"schema":{"@context":"https:\/\/schema.org","@graph":[{"@type":"NewsArticle","@id":"https:\/\/visionarymarketing.com\/en\/2013\/02\/25\/mobile-world-congress\/#article","isPartOf":{"@id":"https:\/\/visionarymarketing.com\/en\/2013\/02\/25\/mobile-world-congress\/"},"author":{"name":"Yann Gourvennec","@id":"https:\/\/visionarymarketing.com\/en\/#\/schema\/person\/3754fee1e558f47b8deb46f53c37423e"},"headline":"Barcelona, World&#8217;s mobile capital city for 4 days: Mobile World Congress","datePublished":"2013-02-25T09:10:46+00:00","dateModified":"2020-09-19T07:27:09+00:00","mainEntityOfPage":{"@id":"https:\/\/visionarymarketing.com\/en\/2013\/02\/25\/mobile-world-congress\/"},"wordCount":411,"commentCount":0,"image":{"@id":"https:\/\/visionarymarketing.com\/en\/2013\/02\/25\/mobile-world-congress\/#primaryimage"},"thumbnailUrl":"https:\/\/visionarymarketing.com\/wp-content\/uploads\/2013\/02\/dsc2575_thumb1-1-e1600500338511.jpg","keywords":["#mwc13","barcelona","Mobile World Congress","mobility","world mobile capital"],"articleSection":["Digital technology"],"inLanguage":"en-US","potentialAction":[{"@type":"CommentAction","name":"Comment","target":["https:\/\/visionarymarketing.com\/en\/2013\/02\/25\/mobile-world-congress\/#respond"]}]},{"@type":"WebPage","@id":"https:\/\/visionarymarketing.com\/en\/2013\/02\/25\/mobile-world-congress\/","url":"https:\/\/visionarymarketing.com\/en\/2013\/02\/25\/mobile-world-congress\/","name":"Barcelona, World's mobile capital city for 4 days: Mobile World Congress","isPartOf":{"@id":"https:\/\/visionarymarketing.com\/en\/#website"},"primaryImageOfPage":{"@id":"https:\/\/visionarymarketing.com\/en\/2013\/02\/25\/mobile-world-congress\/#primaryimage"},"image":{"@id":"https:\/\/visionarymarketing.com\/en\/2013\/02\/25\/mobile-world-congress\/#primaryimage"},"thumbnailUrl":"https:\/\/visionarymarketing.com\/wp-content\/uploads\/2013\/02\/dsc2575_thumb1-1-e1600500338511.jpg","datePublished":"2013-02-25T09:10:46+00:00","dateModified":"2020-09-19T07:27:09+00:00","author":{"@id":"https:\/\/visionarymarketing.com\/en\/#\/schema\/person\/3754fee1e558f47b8deb46f53c37423e"},"description":"On February 24th, 2013, we paid a visit to the Grand Fira which is the brand new venue for the Mobile World Congress conference in Barcelona.","breadcrumb":{"@id":"https:\/\/visionarymarketing.com\/en\/2013\/02\/25\/mobile-world-congress\/#breadcrumb"},"inLanguage":"en-US","potentialAction":[{"@type":"ReadAction","target":["https:\/\/visionarymarketing.com\/en\/2013\/02\/25\/mobile-world-congress\/"]}]},{"@type":"ImageObject","inLanguage":"en-US","@id":"https:\/\/visionarymarketing.com\/en\/2013\/02\/25\/mobile-world-congress\/#primaryimage","url":"https:\/\/visionarymarketing.com\/wp-content\/uploads\/2013\/02\/dsc2575_thumb1-1-e1600500338511.jpg","contentUrl":"https:\/\/visionarymarketing.com\/wp-content\/uploads\/2013\/02\/dsc2575_thumb1-1-e1600500338511.jpg","width":520,"height":349},{"@type":"BreadcrumbList","@id":"https:\/\/visionarymarketing.com\/en\/2013\/02\/25\/mobile-world-congress\/#breadcrumb","itemListElement":[{"@type":"ListItem","position":1,"name":"Home","item":"https:\/\/visionarymarketing.com\/en\/"},{"@type":"ListItem","position":2,"name":"Barcelona, World&#8217;s mobile capital city for 4 days: Mobile World Congress"}]},{"@type":"WebSite","@id":"https:\/\/visionarymarketing.com\/en\/#website","url":"https:\/\/visionarymarketing.com\/en\/","name":"Marketing and Innovation","description":"Independent News Website, Since 1996","potentialAction":[{"@type":"SearchAction","target":{"@type":"EntryPoint","urlTemplate":"https:\/\/visionarymarketing.com\/en\/?s={search_term_string}"},"query-input":{"@type":"PropertyValueSpecification","valueRequired":true,"valueName":"search_term_string"}}],"inLanguage":"en-US"},{"@type":"Person","@id":"https:\/\/visionarymarketing.com\/en\/#\/schema\/person\/3754fee1e558f47b8deb46f53c37423e","name":"Yann Gourvennec","image":{"@type":"ImageObject","inLanguage":"en-US","@id":"https:\/\/secure.gravatar.com\/avatar\/5972001801e8de5692a3e31224e85769f50a55fb8b679749f9c8d1868cceff14?s=96&d=initials&r=g&initials=yg","url":"https:\/\/secure.gravatar.com\/avatar\/5972001801e8de5692a3e31224e85769f50a55fb8b679749f9c8d1868cceff14?s=96&d=initials&r=g&initials=yg","contentUrl":"https:\/\/secure.gravatar.com\/avatar\/5972001801e8de5692a3e31224e85769f50a55fb8b679749f9c8d1868cceff14?s=96&d=initials&r=g&initials=yg","caption":"Yann Gourvennec"},"description":"Yann Gourvennec created visionarymarketing.com in 1996. He is a speaker and author of many books. In 2014 he went from intrapreneur to entrepreneur, when he created his digital marketing agency. Yann Gourvennec a cr\u00e9\u00e9 visionarymarketing.com en 1996. Il est conf\u00e9rencier et auteur de plusieurs livres. En 2014, il est pass\u00e9 d'intrapreneur \u00e0 entrepreneur en cr\u00e9ant son agence de marketing num\u00e9rique.","sameAs":["https:\/\/visionarymarketing.com","http:\/\/facebook.com\/ygourven","http:\/\/linkedin.com\/in\/ygourven","https:\/\/x.com\/ygourven","https:\/\/www.youtube.com\/c\/visionarymarketingagency"],"url":"https:\/\/visionarymarketing.com\/en\/author\/yann-gourvennec\/"}]}},"_links":{"self":[{"href":"https:\/\/visionarymarketing.com\/en\/wp-json\/wp\/v2\/posts\/3640","targetHints":{"allow":["GET"]}}],"collection":[{"href":"https:\/\/visionarymarketing.com\/en\/wp-json\/wp\/v2\/posts"}],"about":[{"href":"https:\/\/visionarymarketing.com\/en\/wp-json\/wp\/v2\/types\/post"}],"author":[{"embeddable":true,"href":"https:\/\/visionarymarketing.com\/en\/wp-json\/wp\/v2\/users\/2"}],"replies":[{"embeddable":true,"href":"https:\/\/visionarymarketing.com\/en\/wp-json\/wp\/v2\/comments?post=3640"}],"version-history":[{"count":0,"href":"https:\/\/visionarymarketing.com\/en\/wp-json\/wp\/v2\/posts\/3640\/revisions"}],"wp:featuredmedia":[{"embeddable":true,"href":"https:\/\/visionarymarketing.com\/en\/wp-json\/wp\/v2\/media\/3307"}],"wp:attachment":[{"href":"https:\/\/visionarymarketing.com\/en\/wp-json\/wp\/v2\/media?parent=3640"}],"wp:term":[{"taxonomy":"category","embeddable":true,"href":"https:\/\/visionarymarketing.com\/en\/wp-json\/wp\/v2\/categories?post=3640"},{"taxonomy":"post_tag","embeddable":true,"href":"https:\/\/visionarymarketing.com\/en\/wp-json\/wp\/v2\/tags?post=3640"}],"curies":[{"name":"wp","href":"https:\/\/api.w.org\/{rel}","templated":true}]}}