{"id":3584,"date":"2011-06-15T10:07:00","date_gmt":"2011-06-15T09:07:00","guid":{"rendered":"https:\/\/visionarymarketing.wordpress.com\/?p=1793"},"modified":"2020-10-27T19:30:40","modified_gmt":"2020-10-27T18:30:40","slug":"the-workspace-of-the-future","status":"publish","type":"post","link":"https:\/\/visionarymarketing.com\/en\/2011\/06\/15\/the-workspace-of-the-future\/","title":{"rendered":"The workspace of the future will be all about conversations"},"content":{"rendered":"<p><strong>The Workspace of the future, an industry analyst perspective<\/strong><\/p>\n<p>In his introduction, Michael Burrell from Orange Business Services described\u00a0 some of the main market trends include:<\/p>\n<ol>\n<li>Consumerization of IT, tuning the way that IT is working on its head.<\/li>\n<li>The millenials are also changing things in the workplace<\/li>\n<li>Mobility is enabling people to work from anywhere<\/li>\n<li>Cloud technology is changing the ay that IT can be purchased and rolled out<\/li>\n<\/ol>\n<h2>The workspace of the future will be all about conversations<\/h2>\n<figure id=\"attachment_58366\" aria-describedby=\"caption-attachment-58366\" style=\"width: 520px\" class=\"wp-caption aligncenter\"><a href=\"https:\/\/visionarymarketing.com\/wp-content\/uploads\/2011\/06\/46682365695-d2f7994787-c.jpg\"><img decoding=\"async\" class=\"wp-image-58366 size-full\" src=\"https:\/\/visionarymarketing.com\/wp-content\/uploads\/2011\/06\/46682365695-d2f7994787-c.jpg\" alt=\"The workspace of the future will be all about conversations\" width=\"520\" height=\"340\" srcset=\"https:\/\/visionarymarketing.com\/wp-content\/uploads\/2011\/06\/46682365695-d2f7994787-c.jpg 520w, https:\/\/visionarymarketing.com\/wp-content\/uploads\/2011\/06\/46682365695-d2f7994787-c-459x300.jpg 459w\" sizes=\"(max-width: 520px) 100vw, 520px\" \/><\/a><figcaption id=\"caption-attachment-58366\" class=\"wp-caption-text\">The workspace of the future will be all about conversations<\/figcaption><\/figure>\n<p><strong>Conversation isn\u2019t just about Voice<\/strong><\/p>\n<p>Informa\u2019s Camille Mendler (<a href=\"https:\/\/mobile.twitter.com\/cmendler\" target=\"_blank\" rel=\"noopener noreferrer\">@cmendler<\/a> on Twitter) introduced the subject by saying that what she wants to talk about is \u201cconversations\u201d before delving into workspaces of the future. Conversation isn\u2019t about \u201cexchange of thoughts; talk\u201d as Merriam Webster defines it. Conversation isn\u2019t about \u201cvoice\u201d anymore Camille says. We have to rethink what we describe as \u201cconversation\u201d.<\/p>\n<p>One has also to think about who is involved Camille added. One type of conversation doesn\u2019t fit all. All regions have their preferred ways of conversing (re. conversation type slide above). The challenge is to have the flexibility to use whatever tool is best fitted.<\/p>\n<p><strong>BYOC will not be going away<\/strong><\/p>\n<p>BYOC\/BYOT (Bring your own computer\/telephone) she added is no longer a threat in a day and age when Nasa is controlling launches through iPad and iPhones. Camille says that this is not going away and the ability to take an order from a tablet, for instance, is improving business processes.<\/p>\n<p><strong>Conversations \u2026 between things<\/strong><\/p>\n<p>Conversation, is not only taking place between people, it includes things, and even thing to thing (like the Poken experiment which we have carried out at Orange Business Live this year in Munich).<br \/>\nCamille says that we are moving into \u201cconversation as a service\u201d, conversations is moving into mobility, cloud and \u201cas a service\u201d.<\/p>\n","protected":false},"excerpt":{"rendered":"<p>The Workspace of the future, an industry analyst perspective In his introduction, Michael Burrell from Orange Business Services described\u00a0 some of the main market trends include: Consumerization of IT, tuning the way that IT is working on its head. The millenials are also changing things in the workplace Mobility is enabling people to work from &hellip;<\/p>\n","protected":false},"author":2,"featured_media":58366,"comment_status":"open","ping_status":"open","sticky":false,"template":"","format":"standard","meta":{"footnotes":""},"categories":[4072],"tags":[4274,4833,4986,5047],"class_list":["post-3584","post","type-post","status-publish","format-standard","has-post-thumbnail","hentry","category-marketing-innovation","tag-conversations","tag-saas","tag-unifying-communications","tag-workspace-of-the-future"],"yoast_head":"<!-- This site is optimized with the Yoast SEO plugin v27.4 - https:\/\/yoast.com\/product\/yoast-seo-wordpress\/ -->\n<title>The workspace of the future will be all about conversations<\/title>\n<meta name=\"description\" content=\"The Workspace of the future, an industry analyst perspectiveIn his introduction, Michael Burrell described the main trends ...\" \/>\n<meta name=\"robots\" content=\"index, follow, max-snippet:-1, max-image-preview:large, max-video-preview:-1\" \/>\n<link rel=\"canonical\" href=\"https:\/\/visionarymarketing.com\/en\/2011\/06\/15\/the-workspace-of-the-future\/\" \/>\n<meta property=\"og:locale\" content=\"en_US\" \/>\n<meta property=\"og:type\" content=\"article\" \/>\n<meta property=\"og:title\" content=\"The workspace of the future will be all about conversations\" \/>\n<meta property=\"og:description\" content=\"The Workspace of the future, an industry analyst perspectiveIn his introduction, Michael Burrell described the main trends ...\" \/>\n<meta property=\"og:url\" content=\"https:\/\/visionarymarketing.com\/en\/2011\/06\/15\/the-workspace-of-the-future\/\" \/>\n<meta property=\"og:site_name\" content=\"Marketing and Innovation\" \/>\n<meta property=\"article:publisher\" content=\"https:\/\/www.facebook.com\/vismktg\" \/>\n<meta property=\"article:author\" content=\"http:\/\/facebook.com\/ygourven\" \/>\n<meta property=\"article:published_time\" content=\"2011-06-15T09:07:00+00:00\" \/>\n<meta property=\"article:modified_time\" content=\"2020-10-27T18:30:40+00:00\" \/>\n<meta property=\"og:image\" content=\"https:\/\/visionarymarketing.com\/wp-content\/uploads\/2011\/06\/46682365695-d2f7994787-c.jpg\" \/>\n\t<meta property=\"og:image:width\" content=\"520\" \/>\n\t<meta property=\"og:image:height\" content=\"340\" \/>\n\t<meta property=\"og:image:type\" content=\"image\/jpeg\" \/>\n<meta name=\"author\" content=\"Yann Gourvennec\" \/>\n<meta name=\"twitter:card\" content=\"summary_large_image\" \/>\n<meta name=\"twitter:creator\" content=\"@ygourven\" \/>\n<meta name=\"twitter:site\" content=\"@ygourven\" \/>\n<meta name=\"twitter:label1\" content=\"Written by\" \/>\n\t<meta name=\"twitter:data1\" content=\"Yann Gourvennec\" \/>\n\t<meta name=\"twitter:label2\" content=\"Est. reading time\" \/>\n\t<meta name=\"twitter:data2\" content=\"2 minutes\" \/>\n<script type=\"application\/ld+json\" class=\"yoast-schema-graph\">{\"@context\":\"https:\\\/\\\/schema.org\",\"@graph\":[{\"@type\":\"NewsArticle\",\"@id\":\"https:\\\/\\\/visionarymarketing.com\\\/en\\\/2011\\\/06\\\/15\\\/the-workspace-of-the-future\\\/#article\",\"isPartOf\":{\"@id\":\"https:\\\/\\\/visionarymarketing.com\\\/en\\\/2011\\\/06\\\/15\\\/the-workspace-of-the-future\\\/\"},\"author\":{\"name\":\"Yann Gourvennec\",\"@id\":\"https:\\\/\\\/visionarymarketing.com\\\/en\\\/#\\\/schema\\\/person\\\/3754fee1e558f47b8deb46f53c37423e\"},\"headline\":\"The workspace of the future will be all about conversations\",\"datePublished\":\"2011-06-15T09:07:00+00:00\",\"dateModified\":\"2020-10-27T18:30:40+00:00\",\"mainEntityOfPage\":{\"@id\":\"https:\\\/\\\/visionarymarketing.com\\\/en\\\/2011\\\/06\\\/15\\\/the-workspace-of-the-future\\\/\"},\"wordCount\":332,\"commentCount\":0,\"image\":{\"@id\":\"https:\\\/\\\/visionarymarketing.com\\\/en\\\/2011\\\/06\\\/15\\\/the-workspace-of-the-future\\\/#primaryimage\"},\"thumbnailUrl\":\"https:\\\/\\\/visionarymarketing.com\\\/wp-content\\\/uploads\\\/2011\\\/06\\\/46682365695-d2f7994787-c.jpg\",\"keywords\":[\"conversations\",\"SaaS\",\"unifying communications\",\"workspace of the future\"],\"articleSection\":[\"Marketing &amp; Innovation\"],\"inLanguage\":\"en-US\",\"potentialAction\":[{\"@type\":\"CommentAction\",\"name\":\"Comment\",\"target\":[\"https:\\\/\\\/visionarymarketing.com\\\/en\\\/2011\\\/06\\\/15\\\/the-workspace-of-the-future\\\/#respond\"]}]},{\"@type\":\"WebPage\",\"@id\":\"https:\\\/\\\/visionarymarketing.com\\\/en\\\/2011\\\/06\\\/15\\\/the-workspace-of-the-future\\\/\",\"url\":\"https:\\\/\\\/visionarymarketing.com\\\/en\\\/2011\\\/06\\\/15\\\/the-workspace-of-the-future\\\/\",\"name\":\"The workspace of the future will be all about conversations\",\"isPartOf\":{\"@id\":\"https:\\\/\\\/visionarymarketing.com\\\/en\\\/#website\"},\"primaryImageOfPage\":{\"@id\":\"https:\\\/\\\/visionarymarketing.com\\\/en\\\/2011\\\/06\\\/15\\\/the-workspace-of-the-future\\\/#primaryimage\"},\"image\":{\"@id\":\"https:\\\/\\\/visionarymarketing.com\\\/en\\\/2011\\\/06\\\/15\\\/the-workspace-of-the-future\\\/#primaryimage\"},\"thumbnailUrl\":\"https:\\\/\\\/visionarymarketing.com\\\/wp-content\\\/uploads\\\/2011\\\/06\\\/46682365695-d2f7994787-c.jpg\",\"datePublished\":\"2011-06-15T09:07:00+00:00\",\"dateModified\":\"2020-10-27T18:30:40+00:00\",\"author\":{\"@id\":\"https:\\\/\\\/visionarymarketing.com\\\/en\\\/#\\\/schema\\\/person\\\/3754fee1e558f47b8deb46f53c37423e\"},\"description\":\"The Workspace of the future, an industry analyst perspectiveIn his introduction, Michael Burrell described the main trends ...\",\"breadcrumb\":{\"@id\":\"https:\\\/\\\/visionarymarketing.com\\\/en\\\/2011\\\/06\\\/15\\\/the-workspace-of-the-future\\\/#breadcrumb\"},\"inLanguage\":\"en-US\",\"potentialAction\":[{\"@type\":\"ReadAction\",\"target\":[\"https:\\\/\\\/visionarymarketing.com\\\/en\\\/2011\\\/06\\\/15\\\/the-workspace-of-the-future\\\/\"]}]},{\"@type\":\"ImageObject\",\"inLanguage\":\"en-US\",\"@id\":\"https:\\\/\\\/visionarymarketing.com\\\/en\\\/2011\\\/06\\\/15\\\/the-workspace-of-the-future\\\/#primaryimage\",\"url\":\"https:\\\/\\\/visionarymarketing.com\\\/wp-content\\\/uploads\\\/2011\\\/06\\\/46682365695-d2f7994787-c.jpg\",\"contentUrl\":\"https:\\\/\\\/visionarymarketing.com\\\/wp-content\\\/uploads\\\/2011\\\/06\\\/46682365695-d2f7994787-c.jpg\",\"width\":520,\"height\":340},{\"@type\":\"BreadcrumbList\",\"@id\":\"https:\\\/\\\/visionarymarketing.com\\\/en\\\/2011\\\/06\\\/15\\\/the-workspace-of-the-future\\\/#breadcrumb\",\"itemListElement\":[{\"@type\":\"ListItem\",\"position\":1,\"name\":\"Home\",\"item\":\"https:\\\/\\\/visionarymarketing.com\\\/en\\\/\"},{\"@type\":\"ListItem\",\"position\":2,\"name\":\"The workspace of the future will be all about conversations\"}]},{\"@type\":\"WebSite\",\"@id\":\"https:\\\/\\\/visionarymarketing.com\\\/en\\\/#website\",\"url\":\"https:\\\/\\\/visionarymarketing.com\\\/en\\\/\",\"name\":\"Marketing and Innovation\",\"description\":\"Independent News Website, Since 1996\",\"potentialAction\":[{\"@type\":\"SearchAction\",\"target\":{\"@type\":\"EntryPoint\",\"urlTemplate\":\"https:\\\/\\\/visionarymarketing.com\\\/en\\\/?s={search_term_string}\"},\"query-input\":{\"@type\":\"PropertyValueSpecification\",\"valueRequired\":true,\"valueName\":\"search_term_string\"}}],\"inLanguage\":\"en-US\"},{\"@type\":\"Person\",\"@id\":\"https:\\\/\\\/visionarymarketing.com\\\/en\\\/#\\\/schema\\\/person\\\/3754fee1e558f47b8deb46f53c37423e\",\"name\":\"Yann Gourvennec\",\"image\":{\"@type\":\"ImageObject\",\"inLanguage\":\"en-US\",\"@id\":\"https:\\\/\\\/secure.gravatar.com\\\/avatar\\\/5972001801e8de5692a3e31224e85769f50a55fb8b679749f9c8d1868cceff14?s=96&d=initials&r=g&initials=yg\",\"url\":\"https:\\\/\\\/secure.gravatar.com\\\/avatar\\\/5972001801e8de5692a3e31224e85769f50a55fb8b679749f9c8d1868cceff14?s=96&d=initials&r=g&initials=yg\",\"contentUrl\":\"https:\\\/\\\/secure.gravatar.com\\\/avatar\\\/5972001801e8de5692a3e31224e85769f50a55fb8b679749f9c8d1868cceff14?s=96&d=initials&r=g&initials=yg\",\"caption\":\"Yann Gourvennec\"},\"description\":\"Yann Gourvennec created visionarymarketing.com in 1996. He is a speaker and author of many books. In 2014 he went from intrapreneur to entrepreneur, when he created his digital marketing agency. Yann Gourvennec a cr\u00e9\u00e9 visionarymarketing.com en 1996. Il est conf\u00e9rencier et auteur de plusieurs livres. En 2014, il est pass\u00e9 d'intrapreneur \u00e0 entrepreneur en cr\u00e9ant son agence de marketing num\u00e9rique.\",\"sameAs\":[\"https:\\\/\\\/visionarymarketing.com\",\"http:\\\/\\\/facebook.com\\\/ygourven\",\"http:\\\/\\\/linkedin.com\\\/in\\\/ygourven\",\"https:\\\/\\\/x.com\\\/ygourven\",\"https:\\\/\\\/www.youtube.com\\\/c\\\/visionarymarketingagency\"],\"url\":\"https:\\\/\\\/visionarymarketing.com\\\/en\\\/author\\\/yann-gourvennec\\\/\"}]}<\/script>\n<!-- \/ Yoast SEO plugin. -->","yoast_head_json":{"title":"The workspace of the future will be all about conversations","description":"The Workspace of the future, an industry analyst perspectiveIn his introduction, Michael Burrell described the main trends ...","robots":{"index":"index","follow":"follow","max-snippet":"max-snippet:-1","max-image-preview":"max-image-preview:large","max-video-preview":"max-video-preview:-1"},"canonical":"https:\/\/visionarymarketing.com\/en\/2011\/06\/15\/the-workspace-of-the-future\/","og_locale":"en_US","og_type":"article","og_title":"The workspace of the future will be all about conversations","og_description":"The Workspace of the future, an industry analyst perspectiveIn his introduction, Michael Burrell described the main trends ...","og_url":"https:\/\/visionarymarketing.com\/en\/2011\/06\/15\/the-workspace-of-the-future\/","og_site_name":"Marketing and Innovation","article_publisher":"https:\/\/www.facebook.com\/vismktg","article_author":"http:\/\/facebook.com\/ygourven","article_published_time":"2011-06-15T09:07:00+00:00","article_modified_time":"2020-10-27T18:30:40+00:00","og_image":[{"width":520,"height":340,"url":"https:\/\/visionarymarketing.com\/wp-content\/uploads\/2011\/06\/46682365695-d2f7994787-c.jpg","type":"image\/jpeg"}],"author":"Yann Gourvennec","twitter_card":"summary_large_image","twitter_creator":"@ygourven","twitter_site":"@ygourven","twitter_misc":{"Written by":"Yann Gourvennec","Est. reading time":"2 minutes"},"schema":{"@context":"https:\/\/schema.org","@graph":[{"@type":"NewsArticle","@id":"https:\/\/visionarymarketing.com\/en\/2011\/06\/15\/the-workspace-of-the-future\/#article","isPartOf":{"@id":"https:\/\/visionarymarketing.com\/en\/2011\/06\/15\/the-workspace-of-the-future\/"},"author":{"name":"Yann Gourvennec","@id":"https:\/\/visionarymarketing.com\/en\/#\/schema\/person\/3754fee1e558f47b8deb46f53c37423e"},"headline":"The workspace of the future will be all about conversations","datePublished":"2011-06-15T09:07:00+00:00","dateModified":"2020-10-27T18:30:40+00:00","mainEntityOfPage":{"@id":"https:\/\/visionarymarketing.com\/en\/2011\/06\/15\/the-workspace-of-the-future\/"},"wordCount":332,"commentCount":0,"image":{"@id":"https:\/\/visionarymarketing.com\/en\/2011\/06\/15\/the-workspace-of-the-future\/#primaryimage"},"thumbnailUrl":"https:\/\/visionarymarketing.com\/wp-content\/uploads\/2011\/06\/46682365695-d2f7994787-c.jpg","keywords":["conversations","SaaS","unifying communications","workspace of the future"],"articleSection":["Marketing &amp; Innovation"],"inLanguage":"en-US","potentialAction":[{"@type":"CommentAction","name":"Comment","target":["https:\/\/visionarymarketing.com\/en\/2011\/06\/15\/the-workspace-of-the-future\/#respond"]}]},{"@type":"WebPage","@id":"https:\/\/visionarymarketing.com\/en\/2011\/06\/15\/the-workspace-of-the-future\/","url":"https:\/\/visionarymarketing.com\/en\/2011\/06\/15\/the-workspace-of-the-future\/","name":"The workspace of the future will be all about conversations","isPartOf":{"@id":"https:\/\/visionarymarketing.com\/en\/#website"},"primaryImageOfPage":{"@id":"https:\/\/visionarymarketing.com\/en\/2011\/06\/15\/the-workspace-of-the-future\/#primaryimage"},"image":{"@id":"https:\/\/visionarymarketing.com\/en\/2011\/06\/15\/the-workspace-of-the-future\/#primaryimage"},"thumbnailUrl":"https:\/\/visionarymarketing.com\/wp-content\/uploads\/2011\/06\/46682365695-d2f7994787-c.jpg","datePublished":"2011-06-15T09:07:00+00:00","dateModified":"2020-10-27T18:30:40+00:00","author":{"@id":"https:\/\/visionarymarketing.com\/en\/#\/schema\/person\/3754fee1e558f47b8deb46f53c37423e"},"description":"The Workspace of the future, an industry analyst perspectiveIn his introduction, Michael Burrell described the main trends ...","breadcrumb":{"@id":"https:\/\/visionarymarketing.com\/en\/2011\/06\/15\/the-workspace-of-the-future\/#breadcrumb"},"inLanguage":"en-US","potentialAction":[{"@type":"ReadAction","target":["https:\/\/visionarymarketing.com\/en\/2011\/06\/15\/the-workspace-of-the-future\/"]}]},{"@type":"ImageObject","inLanguage":"en-US","@id":"https:\/\/visionarymarketing.com\/en\/2011\/06\/15\/the-workspace-of-the-future\/#primaryimage","url":"https:\/\/visionarymarketing.com\/wp-content\/uploads\/2011\/06\/46682365695-d2f7994787-c.jpg","contentUrl":"https:\/\/visionarymarketing.com\/wp-content\/uploads\/2011\/06\/46682365695-d2f7994787-c.jpg","width":520,"height":340},{"@type":"BreadcrumbList","@id":"https:\/\/visionarymarketing.com\/en\/2011\/06\/15\/the-workspace-of-the-future\/#breadcrumb","itemListElement":[{"@type":"ListItem","position":1,"name":"Home","item":"https:\/\/visionarymarketing.com\/en\/"},{"@type":"ListItem","position":2,"name":"The workspace of the future will be all about conversations"}]},{"@type":"WebSite","@id":"https:\/\/visionarymarketing.com\/en\/#website","url":"https:\/\/visionarymarketing.com\/en\/","name":"Marketing and Innovation","description":"Independent News Website, Since 1996","potentialAction":[{"@type":"SearchAction","target":{"@type":"EntryPoint","urlTemplate":"https:\/\/visionarymarketing.com\/en\/?s={search_term_string}"},"query-input":{"@type":"PropertyValueSpecification","valueRequired":true,"valueName":"search_term_string"}}],"inLanguage":"en-US"},{"@type":"Person","@id":"https:\/\/visionarymarketing.com\/en\/#\/schema\/person\/3754fee1e558f47b8deb46f53c37423e","name":"Yann Gourvennec","image":{"@type":"ImageObject","inLanguage":"en-US","@id":"https:\/\/secure.gravatar.com\/avatar\/5972001801e8de5692a3e31224e85769f50a55fb8b679749f9c8d1868cceff14?s=96&d=initials&r=g&initials=yg","url":"https:\/\/secure.gravatar.com\/avatar\/5972001801e8de5692a3e31224e85769f50a55fb8b679749f9c8d1868cceff14?s=96&d=initials&r=g&initials=yg","contentUrl":"https:\/\/secure.gravatar.com\/avatar\/5972001801e8de5692a3e31224e85769f50a55fb8b679749f9c8d1868cceff14?s=96&d=initials&r=g&initials=yg","caption":"Yann Gourvennec"},"description":"Yann Gourvennec created visionarymarketing.com in 1996. He is a speaker and author of many books. In 2014 he went from intrapreneur to entrepreneur, when he created his digital marketing agency. Yann Gourvennec a cr\u00e9\u00e9 visionarymarketing.com en 1996. Il est conf\u00e9rencier et auteur de plusieurs livres. En 2014, il est pass\u00e9 d'intrapreneur \u00e0 entrepreneur en cr\u00e9ant son agence de marketing num\u00e9rique.","sameAs":["https:\/\/visionarymarketing.com","http:\/\/facebook.com\/ygourven","http:\/\/linkedin.com\/in\/ygourven","https:\/\/x.com\/ygourven","https:\/\/www.youtube.com\/c\/visionarymarketingagency"],"url":"https:\/\/visionarymarketing.com\/en\/author\/yann-gourvennec\/"}]}},"_links":{"self":[{"href":"https:\/\/visionarymarketing.com\/en\/wp-json\/wp\/v2\/posts\/3584","targetHints":{"allow":["GET"]}}],"collection":[{"href":"https:\/\/visionarymarketing.com\/en\/wp-json\/wp\/v2\/posts"}],"about":[{"href":"https:\/\/visionarymarketing.com\/en\/wp-json\/wp\/v2\/types\/post"}],"author":[{"embeddable":true,"href":"https:\/\/visionarymarketing.com\/en\/wp-json\/wp\/v2\/users\/2"}],"replies":[{"embeddable":true,"href":"https:\/\/visionarymarketing.com\/en\/wp-json\/wp\/v2\/comments?post=3584"}],"version-history":[{"count":0,"href":"https:\/\/visionarymarketing.com\/en\/wp-json\/wp\/v2\/posts\/3584\/revisions"}],"wp:featuredmedia":[{"embeddable":true,"href":"https:\/\/visionarymarketing.com\/en\/wp-json\/wp\/v2\/media\/58366"}],"wp:attachment":[{"href":"https:\/\/visionarymarketing.com\/en\/wp-json\/wp\/v2\/media?parent=3584"}],"wp:term":[{"taxonomy":"category","embeddable":true,"href":"https:\/\/visionarymarketing.com\/en\/wp-json\/wp\/v2\/categories?post=3584"},{"taxonomy":"post_tag","embeddable":true,"href":"https:\/\/visionarymarketing.com\/en\/wp-json\/wp\/v2\/tags?post=3584"}],"curies":[{"name":"wp","href":"https:\/\/api.w.org\/{rel}","templated":true}]}}