{"id":1420,"date":"2010-10-06T06:46:57","date_gmt":"2010-10-06T05:46:57","guid":{"rendered":"http:\/\/visionarymarketing.wordpress.com\/?p=1420"},"modified":"2022-12-26T19:38:04","modified_gmt":"2022-12-26T18:38:04","slug":"informa-analyst-describes-pacified-m2m-market","status":"publish","type":"post","link":"https:\/\/visionarymarketing.com\/en\/2010\/10\/06\/informa-analyst-describes-pacified-m2m-market\/","title":{"rendered":"Telecom: Informa analyst describes pacified M2M market"},"content":{"rendered":"<p>Jamie Moss, a principal analyst at Informa telecoms and media, and columnist at telecoms.com has this interesting story about the m2m market and the positioning of carriers within this market.<\/p>\n<h2>Informa analyst describes pacified M2M market<\/h2>\n<figure id=\"attachment_58576\" aria-describedby=\"caption-attachment-58576\" style=\"width: 524px\" class=\"wp-caption aligncenter\"><img decoding=\"async\" class=\"wp-image-58576 size-full\" src=\"https:\/\/visionarymarketing.com\/wp-content\/uploads\/2010\/10\/jumpstory-download20201102-201409.jpg\" alt=\"Informa analyst describes pacified M2M market\" width=\"524\" height=\"340\" srcset=\"https:\/\/visionarymarketing.com\/wp-content\/uploads\/2010\/10\/jumpstory-download20201102-201409.jpg 524w, https:\/\/visionarymarketing.com\/wp-content\/uploads\/2010\/10\/jumpstory-download20201102-201409-462x300.jpg 462w\" sizes=\"(max-width: 524px) 100vw, 524px\" \/><figcaption id=\"caption-attachment-58576\" class=\"wp-caption-text\">Informa analyst describes pacified M2M market<\/figcaption><\/figure>\n<p>Moss&#8217;s account follows Informa&#8217;s &#8220;<a href=\"https:\/\/tmt.knect365.com\/5g-world-series\/\">embedded connectivity event<\/a>&#8221; which took place in London in September 2010 and describes what was said during a panel including representatives from three main European carriers, amongst which Orange Business Services.<!--more--><\/p>\n<p>Jamie Moss&#8217;s account is a good description of the m2m market as of today, in which carriers are happy to serve the market with it underlying infrastructure, as well as get themselves organised with value-added resellers and service providers, without crashing head-on with any of those; on top of that, Moss adds, carriers are also allowing themselves to deliver services to particular verticals like fleet management services (click here for a link to a press release relative to Orange Business Services&#8217; own fleet management service solution or a link to the <em>Fleet Advanced <\/em>solution (in French only)). One of the main characteristics of this market is basically that carriers are not positioning themselves on end to end services in that area, therefore allowing for maximum cooperation with all players in the field. Moss&#8217;s point is that there is enough money for all the actors in the chain without having to compete unduly on any other niche market. Here is Jamie Moss&#8217;s account on telecoms.com, which is interesting both from a telecom and a pure marketing point of view, because it shows how cooperation can be implemented harmoniously in a pacified high tech market:<\/p>\n<p>M2M: a partnership-driven market with enough potential for all participants<\/p>\n<p>Informa&#8217;s Embedded Connectivity event this September was spearheaded by an operator panel of unprecedented influence and expertise: Eric Brenneis, the Global Head of M2M at Vodafone; Emmanuel Routier, the Director of the International M2M Centre at Orange Group; and Angel Garcia Barrio, the Head of M2M for Telefonica O2. T-Mobile&#8217;s VP of Data Solutions and M2M, Mathias Elsner, was also scheduled to be present but was unfortunately unable to be there on the day.<\/p>\n<p><strong>The Carrier Role<\/strong><\/p>\n<p><a href=\"https:\/\/web.archive.org\/web\/20221126090347\/https:\/\/telecoms.com\/opinion\/m2m-a-partnership-driven-market-with-enough-potential-for-all-participants\/\">Read on at Telecoms.com<\/a><\/p>\n<p>&nbsp;<\/p>\n","protected":false},"excerpt":{"rendered":"<p>Jamie Moss, a principal analyst at Informa telecoms and media, and columnist at telecoms.com has this interesting story about the m2m market and the positioning of carriers within this market. Informa analyst describes pacified M2M market Moss&#8217;s account follows Informa&#8217;s &#8220;embedded connectivity event&#8221; which took place in London in September 2010 and describes what was &hellip;<\/p>\n","protected":false},"author":2,"featured_media":58576,"comment_status":"open","ping_status":"open","sticky":false,"template":"","format":"standard","meta":{"footnotes":""},"categories":[4079],"tags":[4409,4506,4618,4957],"class_list":["post-1420","post","type-post","status-publish","format-standard","has-post-thumbnail","hentry","category-digital-technology","tag-fleet-management","tag-informa","tag-m2m","tag-telecoms"],"yoast_head":"<!-- This site is optimized with the Yoast SEO plugin v27.5 - https:\/\/yoast.com\/product\/yoast-seo-wordpress\/ -->\n<title>Telecom: Informa analyst describes pacified M2M market<\/title>\n<meta name=\"description\" content=\"Jamie Moss, a principal analyst at Informa telecoms and media, and columnist at telecoms.com has this interesting story about the m2m market and the\" \/>\n<meta name=\"robots\" content=\"index, follow, max-snippet:-1, max-image-preview:large, max-video-preview:-1\" \/>\n<link rel=\"canonical\" href=\"https:\/\/visionarymarketing.com\/en\/2010\/10\/06\/informa-analyst-describes-pacified-m2m-market\/\" \/>\n<meta property=\"og:locale\" content=\"en_US\" \/>\n<meta property=\"og:type\" content=\"article\" \/>\n<meta property=\"og:title\" content=\"Telecom: Informa analyst describes pacified M2M market\" \/>\n<meta property=\"og:description\" content=\"Jamie Moss, a principal analyst at Informa telecoms and media, and columnist at telecoms.com has this interesting story about the m2m market and the\" \/>\n<meta property=\"og:url\" content=\"https:\/\/visionarymarketing.com\/en\/2010\/10\/06\/informa-analyst-describes-pacified-m2m-market\/\" \/>\n<meta property=\"og:site_name\" content=\"Marketing and Innovation\" \/>\n<meta property=\"article:publisher\" content=\"https:\/\/www.facebook.com\/vismktg\" \/>\n<meta property=\"article:author\" content=\"http:\/\/facebook.com\/ygourven\" \/>\n<meta property=\"article:published_time\" content=\"2010-10-06T05:46:57+00:00\" \/>\n<meta property=\"article:modified_time\" content=\"2022-12-26T18:38:04+00:00\" \/>\n<meta property=\"og:image\" content=\"https:\/\/visionarymarketing.com\/wp-content\/uploads\/2010\/10\/jumpstory-download20201102-201409.jpg\" \/>\n\t<meta property=\"og:image:width\" content=\"524\" \/>\n\t<meta property=\"og:image:height\" content=\"340\" \/>\n\t<meta property=\"og:image:type\" content=\"image\/jpeg\" \/>\n<meta name=\"author\" content=\"Yann Gourvennec\" \/>\n<meta name=\"twitter:card\" content=\"summary_large_image\" \/>\n<meta name=\"twitter:creator\" content=\"@ygourven\" \/>\n<meta name=\"twitter:site\" content=\"@ygourven\" \/>\n<meta name=\"twitter:label1\" content=\"Written by\" \/>\n\t<meta name=\"twitter:data1\" content=\"Yann Gourvennec\" \/>\n\t<meta name=\"twitter:label2\" content=\"Est. reading time\" \/>\n\t<meta name=\"twitter:data2\" content=\"2 minutes\" \/>\n<script type=\"application\/ld+json\" class=\"yoast-schema-graph\">{\"@context\":\"https:\\\/\\\/schema.org\",\"@graph\":[{\"@type\":\"NewsArticle\",\"@id\":\"https:\\\/\\\/visionarymarketing.com\\\/en\\\/2010\\\/10\\\/06\\\/informa-analyst-describes-pacified-m2m-market\\\/#article\",\"isPartOf\":{\"@id\":\"https:\\\/\\\/visionarymarketing.com\\\/en\\\/2010\\\/10\\\/06\\\/informa-analyst-describes-pacified-m2m-market\\\/\"},\"author\":{\"name\":\"Yann Gourvennec\",\"@id\":\"https:\\\/\\\/visionarymarketing.com\\\/en\\\/#\\\/schema\\\/person\\\/3754fee1e558f47b8deb46f53c37423e\"},\"headline\":\"Telecom: Informa analyst describes pacified M2M market\",\"datePublished\":\"2010-10-06T05:46:57+00:00\",\"dateModified\":\"2022-12-26T18:38:04+00:00\",\"mainEntityOfPage\":{\"@id\":\"https:\\\/\\\/visionarymarketing.com\\\/en\\\/2010\\\/10\\\/06\\\/informa-analyst-describes-pacified-m2m-market\\\/\"},\"wordCount\":395,\"commentCount\":0,\"image\":{\"@id\":\"https:\\\/\\\/visionarymarketing.com\\\/en\\\/2010\\\/10\\\/06\\\/informa-analyst-describes-pacified-m2m-market\\\/#primaryimage\"},\"thumbnailUrl\":\"https:\\\/\\\/visionarymarketing.com\\\/wp-content\\\/uploads\\\/2010\\\/10\\\/jumpstory-download20201102-201409.jpg\",\"keywords\":[\"fleet management\",\"informa\",\"m2m\",\"telecoms\"],\"articleSection\":[\"Digital technology\"],\"inLanguage\":\"en-US\",\"potentialAction\":[{\"@type\":\"CommentAction\",\"name\":\"Comment\",\"target\":[\"https:\\\/\\\/visionarymarketing.com\\\/en\\\/2010\\\/10\\\/06\\\/informa-analyst-describes-pacified-m2m-market\\\/#respond\"]}]},{\"@type\":\"WebPage\",\"@id\":\"https:\\\/\\\/visionarymarketing.com\\\/en\\\/2010\\\/10\\\/06\\\/informa-analyst-describes-pacified-m2m-market\\\/\",\"url\":\"https:\\\/\\\/visionarymarketing.com\\\/en\\\/2010\\\/10\\\/06\\\/informa-analyst-describes-pacified-m2m-market\\\/\",\"name\":\"Telecom: Informa analyst describes pacified M2M market\",\"isPartOf\":{\"@id\":\"https:\\\/\\\/visionarymarketing.com\\\/en\\\/#website\"},\"primaryImageOfPage\":{\"@id\":\"https:\\\/\\\/visionarymarketing.com\\\/en\\\/2010\\\/10\\\/06\\\/informa-analyst-describes-pacified-m2m-market\\\/#primaryimage\"},\"image\":{\"@id\":\"https:\\\/\\\/visionarymarketing.com\\\/en\\\/2010\\\/10\\\/06\\\/informa-analyst-describes-pacified-m2m-market\\\/#primaryimage\"},\"thumbnailUrl\":\"https:\\\/\\\/visionarymarketing.com\\\/wp-content\\\/uploads\\\/2010\\\/10\\\/jumpstory-download20201102-201409.jpg\",\"datePublished\":\"2010-10-06T05:46:57+00:00\",\"dateModified\":\"2022-12-26T18:38:04+00:00\",\"author\":{\"@id\":\"https:\\\/\\\/visionarymarketing.com\\\/en\\\/#\\\/schema\\\/person\\\/3754fee1e558f47b8deb46f53c37423e\"},\"description\":\"Jamie Moss, a principal analyst at Informa telecoms and media, and columnist at telecoms.com has this interesting story about the m2m market and the\",\"breadcrumb\":{\"@id\":\"https:\\\/\\\/visionarymarketing.com\\\/en\\\/2010\\\/10\\\/06\\\/informa-analyst-describes-pacified-m2m-market\\\/#breadcrumb\"},\"inLanguage\":\"en-US\",\"potentialAction\":[{\"@type\":\"ReadAction\",\"target\":[\"https:\\\/\\\/visionarymarketing.com\\\/en\\\/2010\\\/10\\\/06\\\/informa-analyst-describes-pacified-m2m-market\\\/\"]}]},{\"@type\":\"ImageObject\",\"inLanguage\":\"en-US\",\"@id\":\"https:\\\/\\\/visionarymarketing.com\\\/en\\\/2010\\\/10\\\/06\\\/informa-analyst-describes-pacified-m2m-market\\\/#primaryimage\",\"url\":\"https:\\\/\\\/visionarymarketing.com\\\/wp-content\\\/uploads\\\/2010\\\/10\\\/jumpstory-download20201102-201409.jpg\",\"contentUrl\":\"https:\\\/\\\/visionarymarketing.com\\\/wp-content\\\/uploads\\\/2010\\\/10\\\/jumpstory-download20201102-201409.jpg\",\"width\":524,\"height\":340},{\"@type\":\"BreadcrumbList\",\"@id\":\"https:\\\/\\\/visionarymarketing.com\\\/en\\\/2010\\\/10\\\/06\\\/informa-analyst-describes-pacified-m2m-market\\\/#breadcrumb\",\"itemListElement\":[{\"@type\":\"ListItem\",\"position\":1,\"name\":\"Home\",\"item\":\"https:\\\/\\\/visionarymarketing.com\\\/en\\\/\"},{\"@type\":\"ListItem\",\"position\":2,\"name\":\"Telecom: Informa analyst describes pacified M2M market\"}]},{\"@type\":\"WebSite\",\"@id\":\"https:\\\/\\\/visionarymarketing.com\\\/en\\\/#website\",\"url\":\"https:\\\/\\\/visionarymarketing.com\\\/en\\\/\",\"name\":\"Marketing and Innovation\",\"description\":\"Independent News Website, Since 1996\",\"potentialAction\":[{\"@type\":\"SearchAction\",\"target\":{\"@type\":\"EntryPoint\",\"urlTemplate\":\"https:\\\/\\\/visionarymarketing.com\\\/en\\\/?s={search_term_string}\"},\"query-input\":{\"@type\":\"PropertyValueSpecification\",\"valueRequired\":true,\"valueName\":\"search_term_string\"}}],\"inLanguage\":\"en-US\"},{\"@type\":\"Person\",\"@id\":\"https:\\\/\\\/visionarymarketing.com\\\/en\\\/#\\\/schema\\\/person\\\/3754fee1e558f47b8deb46f53c37423e\",\"name\":\"Yann Gourvennec\",\"image\":{\"@type\":\"ImageObject\",\"inLanguage\":\"en-US\",\"@id\":\"https:\\\/\\\/secure.gravatar.com\\\/avatar\\\/5972001801e8de5692a3e31224e85769f50a55fb8b679749f9c8d1868cceff14?s=96&d=initials&r=g&initials=yg\",\"url\":\"https:\\\/\\\/secure.gravatar.com\\\/avatar\\\/5972001801e8de5692a3e31224e85769f50a55fb8b679749f9c8d1868cceff14?s=96&d=initials&r=g&initials=yg\",\"contentUrl\":\"https:\\\/\\\/secure.gravatar.com\\\/avatar\\\/5972001801e8de5692a3e31224e85769f50a55fb8b679749f9c8d1868cceff14?s=96&d=initials&r=g&initials=yg\",\"caption\":\"Yann Gourvennec\"},\"description\":\"Yann Gourvennec created visionarymarketing.com in 1996. He is a speaker and author of many books. In 2014 he went from intrapreneur to entrepreneur, when he created his digital marketing agency. Yann Gourvennec a cr\u00e9\u00e9 visionarymarketing.com en 1996. Il est conf\u00e9rencier et auteur de plusieurs livres. En 2014, il est pass\u00e9 d'intrapreneur \u00e0 entrepreneur en cr\u00e9ant son agence de marketing num\u00e9rique.\",\"sameAs\":[\"https:\\\/\\\/visionarymarketing.com\",\"http:\\\/\\\/facebook.com\\\/ygourven\",\"http:\\\/\\\/linkedin.com\\\/in\\\/ygourven\",\"https:\\\/\\\/x.com\\\/ygourven\",\"https:\\\/\\\/www.youtube.com\\\/c\\\/visionarymarketingagency\"],\"url\":\"https:\\\/\\\/visionarymarketing.com\\\/en\\\/author\\\/yann-gourvennec\\\/\"}]}<\/script>\n<!-- \/ Yoast SEO plugin. -->","yoast_head_json":{"title":"Telecom: Informa analyst describes pacified M2M market","description":"Jamie Moss, a principal analyst at Informa telecoms and media, and columnist at telecoms.com has this interesting story about the m2m market and the","robots":{"index":"index","follow":"follow","max-snippet":"max-snippet:-1","max-image-preview":"max-image-preview:large","max-video-preview":"max-video-preview:-1"},"canonical":"https:\/\/visionarymarketing.com\/en\/2010\/10\/06\/informa-analyst-describes-pacified-m2m-market\/","og_locale":"en_US","og_type":"article","og_title":"Telecom: Informa analyst describes pacified M2M market","og_description":"Jamie Moss, a principal analyst at Informa telecoms and media, and columnist at telecoms.com has this interesting story about the m2m market and the","og_url":"https:\/\/visionarymarketing.com\/en\/2010\/10\/06\/informa-analyst-describes-pacified-m2m-market\/","og_site_name":"Marketing and Innovation","article_publisher":"https:\/\/www.facebook.com\/vismktg","article_author":"http:\/\/facebook.com\/ygourven","article_published_time":"2010-10-06T05:46:57+00:00","article_modified_time":"2022-12-26T18:38:04+00:00","og_image":[{"width":524,"height":340,"url":"https:\/\/visionarymarketing.com\/wp-content\/uploads\/2010\/10\/jumpstory-download20201102-201409.jpg","type":"image\/jpeg"}],"author":"Yann Gourvennec","twitter_card":"summary_large_image","twitter_creator":"@ygourven","twitter_site":"@ygourven","twitter_misc":{"Written by":"Yann Gourvennec","Est. reading time":"2 minutes"},"schema":{"@context":"https:\/\/schema.org","@graph":[{"@type":"NewsArticle","@id":"https:\/\/visionarymarketing.com\/en\/2010\/10\/06\/informa-analyst-describes-pacified-m2m-market\/#article","isPartOf":{"@id":"https:\/\/visionarymarketing.com\/en\/2010\/10\/06\/informa-analyst-describes-pacified-m2m-market\/"},"author":{"name":"Yann Gourvennec","@id":"https:\/\/visionarymarketing.com\/en\/#\/schema\/person\/3754fee1e558f47b8deb46f53c37423e"},"headline":"Telecom: Informa analyst describes pacified M2M market","datePublished":"2010-10-06T05:46:57+00:00","dateModified":"2022-12-26T18:38:04+00:00","mainEntityOfPage":{"@id":"https:\/\/visionarymarketing.com\/en\/2010\/10\/06\/informa-analyst-describes-pacified-m2m-market\/"},"wordCount":395,"commentCount":0,"image":{"@id":"https:\/\/visionarymarketing.com\/en\/2010\/10\/06\/informa-analyst-describes-pacified-m2m-market\/#primaryimage"},"thumbnailUrl":"https:\/\/visionarymarketing.com\/wp-content\/uploads\/2010\/10\/jumpstory-download20201102-201409.jpg","keywords":["fleet management","informa","m2m","telecoms"],"articleSection":["Digital technology"],"inLanguage":"en-US","potentialAction":[{"@type":"CommentAction","name":"Comment","target":["https:\/\/visionarymarketing.com\/en\/2010\/10\/06\/informa-analyst-describes-pacified-m2m-market\/#respond"]}]},{"@type":"WebPage","@id":"https:\/\/visionarymarketing.com\/en\/2010\/10\/06\/informa-analyst-describes-pacified-m2m-market\/","url":"https:\/\/visionarymarketing.com\/en\/2010\/10\/06\/informa-analyst-describes-pacified-m2m-market\/","name":"Telecom: Informa analyst describes pacified M2M market","isPartOf":{"@id":"https:\/\/visionarymarketing.com\/en\/#website"},"primaryImageOfPage":{"@id":"https:\/\/visionarymarketing.com\/en\/2010\/10\/06\/informa-analyst-describes-pacified-m2m-market\/#primaryimage"},"image":{"@id":"https:\/\/visionarymarketing.com\/en\/2010\/10\/06\/informa-analyst-describes-pacified-m2m-market\/#primaryimage"},"thumbnailUrl":"https:\/\/visionarymarketing.com\/wp-content\/uploads\/2010\/10\/jumpstory-download20201102-201409.jpg","datePublished":"2010-10-06T05:46:57+00:00","dateModified":"2022-12-26T18:38:04+00:00","author":{"@id":"https:\/\/visionarymarketing.com\/en\/#\/schema\/person\/3754fee1e558f47b8deb46f53c37423e"},"description":"Jamie Moss, a principal analyst at Informa telecoms and media, and columnist at telecoms.com has this interesting story about the m2m market and the","breadcrumb":{"@id":"https:\/\/visionarymarketing.com\/en\/2010\/10\/06\/informa-analyst-describes-pacified-m2m-market\/#breadcrumb"},"inLanguage":"en-US","potentialAction":[{"@type":"ReadAction","target":["https:\/\/visionarymarketing.com\/en\/2010\/10\/06\/informa-analyst-describes-pacified-m2m-market\/"]}]},{"@type":"ImageObject","inLanguage":"en-US","@id":"https:\/\/visionarymarketing.com\/en\/2010\/10\/06\/informa-analyst-describes-pacified-m2m-market\/#primaryimage","url":"https:\/\/visionarymarketing.com\/wp-content\/uploads\/2010\/10\/jumpstory-download20201102-201409.jpg","contentUrl":"https:\/\/visionarymarketing.com\/wp-content\/uploads\/2010\/10\/jumpstory-download20201102-201409.jpg","width":524,"height":340},{"@type":"BreadcrumbList","@id":"https:\/\/visionarymarketing.com\/en\/2010\/10\/06\/informa-analyst-describes-pacified-m2m-market\/#breadcrumb","itemListElement":[{"@type":"ListItem","position":1,"name":"Home","item":"https:\/\/visionarymarketing.com\/en\/"},{"@type":"ListItem","position":2,"name":"Telecom: Informa analyst describes pacified M2M market"}]},{"@type":"WebSite","@id":"https:\/\/visionarymarketing.com\/en\/#website","url":"https:\/\/visionarymarketing.com\/en\/","name":"Marketing and Innovation","description":"Independent News Website, Since 1996","potentialAction":[{"@type":"SearchAction","target":{"@type":"EntryPoint","urlTemplate":"https:\/\/visionarymarketing.com\/en\/?s={search_term_string}"},"query-input":{"@type":"PropertyValueSpecification","valueRequired":true,"valueName":"search_term_string"}}],"inLanguage":"en-US"},{"@type":"Person","@id":"https:\/\/visionarymarketing.com\/en\/#\/schema\/person\/3754fee1e558f47b8deb46f53c37423e","name":"Yann Gourvennec","image":{"@type":"ImageObject","inLanguage":"en-US","@id":"https:\/\/secure.gravatar.com\/avatar\/5972001801e8de5692a3e31224e85769f50a55fb8b679749f9c8d1868cceff14?s=96&d=initials&r=g&initials=yg","url":"https:\/\/secure.gravatar.com\/avatar\/5972001801e8de5692a3e31224e85769f50a55fb8b679749f9c8d1868cceff14?s=96&d=initials&r=g&initials=yg","contentUrl":"https:\/\/secure.gravatar.com\/avatar\/5972001801e8de5692a3e31224e85769f50a55fb8b679749f9c8d1868cceff14?s=96&d=initials&r=g&initials=yg","caption":"Yann Gourvennec"},"description":"Yann Gourvennec created visionarymarketing.com in 1996. He is a speaker and author of many books. In 2014 he went from intrapreneur to entrepreneur, when he created his digital marketing agency. Yann Gourvennec a cr\u00e9\u00e9 visionarymarketing.com en 1996. Il est conf\u00e9rencier et auteur de plusieurs livres. En 2014, il est pass\u00e9 d'intrapreneur \u00e0 entrepreneur en cr\u00e9ant son agence de marketing num\u00e9rique.","sameAs":["https:\/\/visionarymarketing.com","http:\/\/facebook.com\/ygourven","http:\/\/linkedin.com\/in\/ygourven","https:\/\/x.com\/ygourven","https:\/\/www.youtube.com\/c\/visionarymarketingagency"],"url":"https:\/\/visionarymarketing.com\/en\/author\/yann-gourvennec\/"}]}},"_links":{"self":[{"href":"https:\/\/visionarymarketing.com\/en\/wp-json\/wp\/v2\/posts\/1420","targetHints":{"allow":["GET"]}}],"collection":[{"href":"https:\/\/visionarymarketing.com\/en\/wp-json\/wp\/v2\/posts"}],"about":[{"href":"https:\/\/visionarymarketing.com\/en\/wp-json\/wp\/v2\/types\/post"}],"author":[{"embeddable":true,"href":"https:\/\/visionarymarketing.com\/en\/wp-json\/wp\/v2\/users\/2"}],"replies":[{"embeddable":true,"href":"https:\/\/visionarymarketing.com\/en\/wp-json\/wp\/v2\/comments?post=1420"}],"version-history":[{"count":0,"href":"https:\/\/visionarymarketing.com\/en\/wp-json\/wp\/v2\/posts\/1420\/revisions"}],"wp:featuredmedia":[{"embeddable":true,"href":"https:\/\/visionarymarketing.com\/en\/wp-json\/wp\/v2\/media\/58576"}],"wp:attachment":[{"href":"https:\/\/visionarymarketing.com\/en\/wp-json\/wp\/v2\/media?parent=1420"}],"wp:term":[{"taxonomy":"category","embeddable":true,"href":"https:\/\/visionarymarketing.com\/en\/wp-json\/wp\/v2\/categories?post=1420"},{"taxonomy":"post_tag","embeddable":true,"href":"https:\/\/visionarymarketing.com\/en\/wp-json\/wp\/v2\/tags?post=1420"}],"curies":[{"name":"wp","href":"https:\/\/api.w.org\/{rel}","templated":true}]}}