{"id":1320,"date":"2010-06-11T07:00:52","date_gmt":"2010-06-11T06:00:52","guid":{"rendered":"http:\/\/visionarymarketing.wordpress.com\/?p=1320"},"modified":"2020-11-03T19:33:16","modified_gmt":"2020-11-03T18:33:16","slug":"brand-advocacy-and-social-media-media-the-slidecast","status":"publish","type":"post","link":"https:\/\/visionarymarketing.com\/en\/2010\/06\/11\/brand-advocacy-and-social-media-media-the-slidecast\/","title":{"rendered":"Brand Advocacy and Social Media : The Slidecast"},"content":{"rendered":"<p><em>If you haven&#8217;t been able to attend the Ragan Social Media Summit which took place in San Jose or even online, you can still have a feel of what my presentation was. The pitch was about our work at Orange Business Services with regard to Social Media. Here is the slidecast, inclusive of all comments and please note that this is a downloadable presentation and that there is no copyright, this is a creative commons presentation (details are included on slide 2).<\/em><\/p>\n<h2>Brand Advocacy and Social Media<\/h2>\n<p>https:\/\/visionarymarketing.com\/wp-content\/uploads\/2010\/06\/ragan-orange-business-social-media-summit-final-100608175244-phpapp01.pdf<\/p>\n","protected":false},"excerpt":{"rendered":"<p>If you haven&#8217;t been able to attend the Ragan Social Media Summit which took place in San Jose or even online, you can still have a feel of what my presentation was. The pitch was about our work at Orange Business Services with regard to Social Media. Here is the slidecast, inclusive of all comments &hellip;<\/p>\n","protected":false},"author":2,"featured_media":38007,"comment_status":"open","ping_status":"open","sticky":false,"template":"","format":"standard","meta":{"footnotes":""},"categories":[4072],"tags":[4237,4735,4807,4844,4891,4917,5019],"class_list":["post-1320","post","type-post","status-publish","format-standard","has-post-thumbnail","hentry","category-marketing-innovation","tag-cisco","tag-orange-business-services","tag-ragan-social-media-summit","tag-san-jose","tag-social-media","tag-social-web","tag-web-20"],"yoast_head":"<!-- This site is optimized with the Yoast SEO plugin v27.4 - https:\/\/yoast.com\/product\/yoast-seo-wordpress\/ -->\n<title>Brand Advocacy and Social Media : The Slidecast<\/title>\n<meta name=\"description\" content=\"If you haven&#039;t been able to attend the Ragan Social Media Summit which took place in San Jose or even online, you can still have a feel of what my\" \/>\n<meta name=\"robots\" content=\"noindex, follow\" \/>\n<meta property=\"og:locale\" content=\"en_US\" \/>\n<meta property=\"og:type\" content=\"article\" \/>\n<meta property=\"og:title\" content=\"Brand Advocacy and Social Media : The Slidecast\" \/>\n<meta property=\"og:description\" content=\"If you haven&#039;t been able to attend the Ragan Social Media Summit which took place in San Jose or even online, you can still have a feel of what my\" \/>\n<meta property=\"og:url\" content=\"https:\/\/visionarymarketing.com\/en\/2010\/06\/11\/brand-advocacy-and-social-media-media-the-slidecast\/\" \/>\n<meta property=\"og:site_name\" content=\"Marketing and Innovation\" \/>\n<meta property=\"article:publisher\" content=\"https:\/\/www.facebook.com\/vismktg\" \/>\n<meta property=\"article:author\" content=\"http:\/\/facebook.com\/ygourven\" \/>\n<meta property=\"article:published_time\" content=\"2010-06-11T06:00:52+00:00\" \/>\n<meta property=\"article:modified_time\" content=\"2020-11-03T18:33:16+00:00\" \/>\n<meta property=\"og:image\" content=\"https:\/\/visionarymarketing.com\/wp-content\/uploads\/2011\/07\/Orange_timeline_tweet.png\" \/>\n\t<meta property=\"og:image:width\" content=\"450\" \/>\n\t<meta property=\"og:image:height\" content=\"250\" \/>\n\t<meta property=\"og:image:type\" content=\"image\/png\" \/>\n<meta name=\"author\" content=\"Yann Gourvennec\" \/>\n<meta name=\"twitter:card\" content=\"summary_large_image\" \/>\n<meta name=\"twitter:creator\" content=\"@ygourven\" \/>\n<meta name=\"twitter:site\" content=\"@ygourven\" \/>\n<meta name=\"twitter:label1\" content=\"Written by\" \/>\n\t<meta name=\"twitter:data1\" content=\"Yann Gourvennec\" \/>\n<script type=\"application\/ld+json\" class=\"yoast-schema-graph\">{\"@context\":\"https:\\\/\\\/schema.org\",\"@graph\":[{\"@type\":\"NewsArticle\",\"@id\":\"https:\\\/\\\/visionarymarketing.com\\\/en\\\/2010\\\/06\\\/11\\\/brand-advocacy-and-social-media-media-the-slidecast\\\/#article\",\"isPartOf\":{\"@id\":\"https:\\\/\\\/visionarymarketing.com\\\/en\\\/2010\\\/06\\\/11\\\/brand-advocacy-and-social-media-media-the-slidecast\\\/\"},\"author\":{\"name\":\"Yann Gourvennec\",\"@id\":\"https:\\\/\\\/visionarymarketing.com\\\/en\\\/#\\\/schema\\\/person\\\/3754fee1e558f47b8deb46f53c37423e\"},\"headline\":\"Brand Advocacy and Social Media : The Slidecast\",\"datePublished\":\"2010-06-11T06:00:52+00:00\",\"dateModified\":\"2020-11-03T18:33:16+00:00\",\"mainEntityOfPage\":{\"@id\":\"https:\\\/\\\/visionarymarketing.com\\\/en\\\/2010\\\/06\\\/11\\\/brand-advocacy-and-social-media-media-the-slidecast\\\/\"},\"wordCount\":102,\"commentCount\":0,\"image\":{\"@id\":\"https:\\\/\\\/visionarymarketing.com\\\/en\\\/2010\\\/06\\\/11\\\/brand-advocacy-and-social-media-media-the-slidecast\\\/#primaryimage\"},\"thumbnailUrl\":\"https:\\\/\\\/visionarymarketing.com\\\/wp-content\\\/uploads\\\/2011\\\/07\\\/Orange_timeline_tweet.png\",\"keywords\":[\"Cisco\",\"Orange Business Services\",\"ragan social media summit\",\"San Jose\",\"social media\",\"social web\",\"web 2.0\"],\"articleSection\":[\"Marketing &amp; Innovation\"],\"inLanguage\":\"en-US\",\"potentialAction\":[{\"@type\":\"CommentAction\",\"name\":\"Comment\",\"target\":[\"https:\\\/\\\/visionarymarketing.com\\\/en\\\/2010\\\/06\\\/11\\\/brand-advocacy-and-social-media-media-the-slidecast\\\/#respond\"]}]},{\"@type\":\"WebPage\",\"@id\":\"https:\\\/\\\/visionarymarketing.com\\\/en\\\/2010\\\/06\\\/11\\\/brand-advocacy-and-social-media-media-the-slidecast\\\/\",\"url\":\"https:\\\/\\\/visionarymarketing.com\\\/en\\\/2010\\\/06\\\/11\\\/brand-advocacy-and-social-media-media-the-slidecast\\\/\",\"name\":\"Brand Advocacy and Social Media : The Slidecast\",\"isPartOf\":{\"@id\":\"https:\\\/\\\/visionarymarketing.com\\\/en\\\/#website\"},\"primaryImageOfPage\":{\"@id\":\"https:\\\/\\\/visionarymarketing.com\\\/en\\\/2010\\\/06\\\/11\\\/brand-advocacy-and-social-media-media-the-slidecast\\\/#primaryimage\"},\"image\":{\"@id\":\"https:\\\/\\\/visionarymarketing.com\\\/en\\\/2010\\\/06\\\/11\\\/brand-advocacy-and-social-media-media-the-slidecast\\\/#primaryimage\"},\"thumbnailUrl\":\"https:\\\/\\\/visionarymarketing.com\\\/wp-content\\\/uploads\\\/2011\\\/07\\\/Orange_timeline_tweet.png\",\"datePublished\":\"2010-06-11T06:00:52+00:00\",\"dateModified\":\"2020-11-03T18:33:16+00:00\",\"author\":{\"@id\":\"https:\\\/\\\/visionarymarketing.com\\\/en\\\/#\\\/schema\\\/person\\\/3754fee1e558f47b8deb46f53c37423e\"},\"description\":\"If you haven't been able to attend the Ragan Social Media Summit which took place in San Jose or even online, you can still have a feel of what my\",\"breadcrumb\":{\"@id\":\"https:\\\/\\\/visionarymarketing.com\\\/en\\\/2010\\\/06\\\/11\\\/brand-advocacy-and-social-media-media-the-slidecast\\\/#breadcrumb\"},\"inLanguage\":\"en-US\",\"potentialAction\":[{\"@type\":\"ReadAction\",\"target\":[\"https:\\\/\\\/visionarymarketing.com\\\/en\\\/2010\\\/06\\\/11\\\/brand-advocacy-and-social-media-media-the-slidecast\\\/\"]}]},{\"@type\":\"ImageObject\",\"inLanguage\":\"en-US\",\"@id\":\"https:\\\/\\\/visionarymarketing.com\\\/en\\\/2010\\\/06\\\/11\\\/brand-advocacy-and-social-media-media-the-slidecast\\\/#primaryimage\",\"url\":\"https:\\\/\\\/visionarymarketing.com\\\/wp-content\\\/uploads\\\/2011\\\/07\\\/Orange_timeline_tweet.png\",\"contentUrl\":\"https:\\\/\\\/visionarymarketing.com\\\/wp-content\\\/uploads\\\/2011\\\/07\\\/Orange_timeline_tweet.png\",\"width\":450,\"height\":250},{\"@type\":\"BreadcrumbList\",\"@id\":\"https:\\\/\\\/visionarymarketing.com\\\/en\\\/2010\\\/06\\\/11\\\/brand-advocacy-and-social-media-media-the-slidecast\\\/#breadcrumb\",\"itemListElement\":[{\"@type\":\"ListItem\",\"position\":1,\"name\":\"Home\",\"item\":\"https:\\\/\\\/visionarymarketing.com\\\/en\\\/\"},{\"@type\":\"ListItem\",\"position\":2,\"name\":\"Brand Advocacy and Social Media : The Slidecast\"}]},{\"@type\":\"WebSite\",\"@id\":\"https:\\\/\\\/visionarymarketing.com\\\/en\\\/#website\",\"url\":\"https:\\\/\\\/visionarymarketing.com\\\/en\\\/\",\"name\":\"Marketing and Innovation\",\"description\":\"Independent News Website, Since 1996\",\"potentialAction\":[{\"@type\":\"SearchAction\",\"target\":{\"@type\":\"EntryPoint\",\"urlTemplate\":\"https:\\\/\\\/visionarymarketing.com\\\/en\\\/?s={search_term_string}\"},\"query-input\":{\"@type\":\"PropertyValueSpecification\",\"valueRequired\":true,\"valueName\":\"search_term_string\"}}],\"inLanguage\":\"en-US\"},{\"@type\":\"Person\",\"@id\":\"https:\\\/\\\/visionarymarketing.com\\\/en\\\/#\\\/schema\\\/person\\\/3754fee1e558f47b8deb46f53c37423e\",\"name\":\"Yann Gourvennec\",\"image\":{\"@type\":\"ImageObject\",\"inLanguage\":\"en-US\",\"@id\":\"https:\\\/\\\/secure.gravatar.com\\\/avatar\\\/5972001801e8de5692a3e31224e85769f50a55fb8b679749f9c8d1868cceff14?s=96&d=initials&r=g&initials=yg\",\"url\":\"https:\\\/\\\/secure.gravatar.com\\\/avatar\\\/5972001801e8de5692a3e31224e85769f50a55fb8b679749f9c8d1868cceff14?s=96&d=initials&r=g&initials=yg\",\"contentUrl\":\"https:\\\/\\\/secure.gravatar.com\\\/avatar\\\/5972001801e8de5692a3e31224e85769f50a55fb8b679749f9c8d1868cceff14?s=96&d=initials&r=g&initials=yg\",\"caption\":\"Yann Gourvennec\"},\"description\":\"Yann Gourvennec created visionarymarketing.com in 1996. He is a speaker and author of many books. In 2014 he went from intrapreneur to entrepreneur, when he created his digital marketing agency. Yann Gourvennec a cr\u00e9\u00e9 visionarymarketing.com en 1996. Il est conf\u00e9rencier et auteur de plusieurs livres. En 2014, il est pass\u00e9 d'intrapreneur \u00e0 entrepreneur en cr\u00e9ant son agence de marketing num\u00e9rique.\",\"sameAs\":[\"https:\\\/\\\/visionarymarketing.com\",\"http:\\\/\\\/facebook.com\\\/ygourven\",\"http:\\\/\\\/linkedin.com\\\/in\\\/ygourven\",\"https:\\\/\\\/x.com\\\/ygourven\",\"https:\\\/\\\/www.youtube.com\\\/c\\\/visionarymarketingagency\"],\"url\":\"https:\\\/\\\/visionarymarketing.com\\\/en\\\/author\\\/yann-gourvennec\\\/\"}]}<\/script>\n<!-- \/ Yoast SEO plugin. -->","yoast_head_json":{"title":"Brand Advocacy and Social Media : The Slidecast","description":"If you haven't been able to attend the Ragan Social Media Summit which took place in San Jose or even online, you can still have a feel of what my","robots":{"index":"noindex","follow":"follow"},"og_locale":"en_US","og_type":"article","og_title":"Brand Advocacy and Social Media : The Slidecast","og_description":"If you haven't been able to attend the Ragan Social Media Summit which took place in San Jose or even online, you can still have a feel of what my","og_url":"https:\/\/visionarymarketing.com\/en\/2010\/06\/11\/brand-advocacy-and-social-media-media-the-slidecast\/","og_site_name":"Marketing and Innovation","article_publisher":"https:\/\/www.facebook.com\/vismktg","article_author":"http:\/\/facebook.com\/ygourven","article_published_time":"2010-06-11T06:00:52+00:00","article_modified_time":"2020-11-03T18:33:16+00:00","og_image":[{"width":450,"height":250,"url":"https:\/\/visionarymarketing.com\/wp-content\/uploads\/2011\/07\/Orange_timeline_tweet.png","type":"image\/png"}],"author":"Yann Gourvennec","twitter_card":"summary_large_image","twitter_creator":"@ygourven","twitter_site":"@ygourven","twitter_misc":{"Written by":"Yann Gourvennec"},"schema":{"@context":"https:\/\/schema.org","@graph":[{"@type":"NewsArticle","@id":"https:\/\/visionarymarketing.com\/en\/2010\/06\/11\/brand-advocacy-and-social-media-media-the-slidecast\/#article","isPartOf":{"@id":"https:\/\/visionarymarketing.com\/en\/2010\/06\/11\/brand-advocacy-and-social-media-media-the-slidecast\/"},"author":{"name":"Yann Gourvennec","@id":"https:\/\/visionarymarketing.com\/en\/#\/schema\/person\/3754fee1e558f47b8deb46f53c37423e"},"headline":"Brand Advocacy and Social Media : The Slidecast","datePublished":"2010-06-11T06:00:52+00:00","dateModified":"2020-11-03T18:33:16+00:00","mainEntityOfPage":{"@id":"https:\/\/visionarymarketing.com\/en\/2010\/06\/11\/brand-advocacy-and-social-media-media-the-slidecast\/"},"wordCount":102,"commentCount":0,"image":{"@id":"https:\/\/visionarymarketing.com\/en\/2010\/06\/11\/brand-advocacy-and-social-media-media-the-slidecast\/#primaryimage"},"thumbnailUrl":"https:\/\/visionarymarketing.com\/wp-content\/uploads\/2011\/07\/Orange_timeline_tweet.png","keywords":["Cisco","Orange Business Services","ragan social media summit","San Jose","social media","social web","web 2.0"],"articleSection":["Marketing &amp; Innovation"],"inLanguage":"en-US","potentialAction":[{"@type":"CommentAction","name":"Comment","target":["https:\/\/visionarymarketing.com\/en\/2010\/06\/11\/brand-advocacy-and-social-media-media-the-slidecast\/#respond"]}]},{"@type":"WebPage","@id":"https:\/\/visionarymarketing.com\/en\/2010\/06\/11\/brand-advocacy-and-social-media-media-the-slidecast\/","url":"https:\/\/visionarymarketing.com\/en\/2010\/06\/11\/brand-advocacy-and-social-media-media-the-slidecast\/","name":"Brand Advocacy and Social Media : The Slidecast","isPartOf":{"@id":"https:\/\/visionarymarketing.com\/en\/#website"},"primaryImageOfPage":{"@id":"https:\/\/visionarymarketing.com\/en\/2010\/06\/11\/brand-advocacy-and-social-media-media-the-slidecast\/#primaryimage"},"image":{"@id":"https:\/\/visionarymarketing.com\/en\/2010\/06\/11\/brand-advocacy-and-social-media-media-the-slidecast\/#primaryimage"},"thumbnailUrl":"https:\/\/visionarymarketing.com\/wp-content\/uploads\/2011\/07\/Orange_timeline_tweet.png","datePublished":"2010-06-11T06:00:52+00:00","dateModified":"2020-11-03T18:33:16+00:00","author":{"@id":"https:\/\/visionarymarketing.com\/en\/#\/schema\/person\/3754fee1e558f47b8deb46f53c37423e"},"description":"If you haven't been able to attend the Ragan Social Media Summit which took place in San Jose or even online, you can still have a feel of what my","breadcrumb":{"@id":"https:\/\/visionarymarketing.com\/en\/2010\/06\/11\/brand-advocacy-and-social-media-media-the-slidecast\/#breadcrumb"},"inLanguage":"en-US","potentialAction":[{"@type":"ReadAction","target":["https:\/\/visionarymarketing.com\/en\/2010\/06\/11\/brand-advocacy-and-social-media-media-the-slidecast\/"]}]},{"@type":"ImageObject","inLanguage":"en-US","@id":"https:\/\/visionarymarketing.com\/en\/2010\/06\/11\/brand-advocacy-and-social-media-media-the-slidecast\/#primaryimage","url":"https:\/\/visionarymarketing.com\/wp-content\/uploads\/2011\/07\/Orange_timeline_tweet.png","contentUrl":"https:\/\/visionarymarketing.com\/wp-content\/uploads\/2011\/07\/Orange_timeline_tweet.png","width":450,"height":250},{"@type":"BreadcrumbList","@id":"https:\/\/visionarymarketing.com\/en\/2010\/06\/11\/brand-advocacy-and-social-media-media-the-slidecast\/#breadcrumb","itemListElement":[{"@type":"ListItem","position":1,"name":"Home","item":"https:\/\/visionarymarketing.com\/en\/"},{"@type":"ListItem","position":2,"name":"Brand Advocacy and Social Media : The Slidecast"}]},{"@type":"WebSite","@id":"https:\/\/visionarymarketing.com\/en\/#website","url":"https:\/\/visionarymarketing.com\/en\/","name":"Marketing and Innovation","description":"Independent News Website, Since 1996","potentialAction":[{"@type":"SearchAction","target":{"@type":"EntryPoint","urlTemplate":"https:\/\/visionarymarketing.com\/en\/?s={search_term_string}"},"query-input":{"@type":"PropertyValueSpecification","valueRequired":true,"valueName":"search_term_string"}}],"inLanguage":"en-US"},{"@type":"Person","@id":"https:\/\/visionarymarketing.com\/en\/#\/schema\/person\/3754fee1e558f47b8deb46f53c37423e","name":"Yann Gourvennec","image":{"@type":"ImageObject","inLanguage":"en-US","@id":"https:\/\/secure.gravatar.com\/avatar\/5972001801e8de5692a3e31224e85769f50a55fb8b679749f9c8d1868cceff14?s=96&d=initials&r=g&initials=yg","url":"https:\/\/secure.gravatar.com\/avatar\/5972001801e8de5692a3e31224e85769f50a55fb8b679749f9c8d1868cceff14?s=96&d=initials&r=g&initials=yg","contentUrl":"https:\/\/secure.gravatar.com\/avatar\/5972001801e8de5692a3e31224e85769f50a55fb8b679749f9c8d1868cceff14?s=96&d=initials&r=g&initials=yg","caption":"Yann Gourvennec"},"description":"Yann Gourvennec created visionarymarketing.com in 1996. He is a speaker and author of many books. In 2014 he went from intrapreneur to entrepreneur, when he created his digital marketing agency. Yann Gourvennec a cr\u00e9\u00e9 visionarymarketing.com en 1996. Il est conf\u00e9rencier et auteur de plusieurs livres. En 2014, il est pass\u00e9 d'intrapreneur \u00e0 entrepreneur en cr\u00e9ant son agence de marketing num\u00e9rique.","sameAs":["https:\/\/visionarymarketing.com","http:\/\/facebook.com\/ygourven","http:\/\/linkedin.com\/in\/ygourven","https:\/\/x.com\/ygourven","https:\/\/www.youtube.com\/c\/visionarymarketingagency"],"url":"https:\/\/visionarymarketing.com\/en\/author\/yann-gourvennec\/"}]}},"_links":{"self":[{"href":"https:\/\/visionarymarketing.com\/en\/wp-json\/wp\/v2\/posts\/1320","targetHints":{"allow":["GET"]}}],"collection":[{"href":"https:\/\/visionarymarketing.com\/en\/wp-json\/wp\/v2\/posts"}],"about":[{"href":"https:\/\/visionarymarketing.com\/en\/wp-json\/wp\/v2\/types\/post"}],"author":[{"embeddable":true,"href":"https:\/\/visionarymarketing.com\/en\/wp-json\/wp\/v2\/users\/2"}],"replies":[{"embeddable":true,"href":"https:\/\/visionarymarketing.com\/en\/wp-json\/wp\/v2\/comments?post=1320"}],"version-history":[{"count":0,"href":"https:\/\/visionarymarketing.com\/en\/wp-json\/wp\/v2\/posts\/1320\/revisions"}],"wp:featuredmedia":[{"embeddable":true,"href":"https:\/\/visionarymarketing.com\/en\/wp-json\/wp\/v2\/media\/38007"}],"wp:attachment":[{"href":"https:\/\/visionarymarketing.com\/en\/wp-json\/wp\/v2\/media?parent=1320"}],"wp:term":[{"taxonomy":"category","embeddable":true,"href":"https:\/\/visionarymarketing.com\/en\/wp-json\/wp\/v2\/categories?post=1320"},{"taxonomy":"post_tag","embeddable":true,"href":"https:\/\/visionarymarketing.com\/en\/wp-json\/wp\/v2\/tags?post=1320"}],"curies":[{"name":"wp","href":"https:\/\/api.w.org\/{rel}","templated":true}]}}